{"id":89304,"date":"2021-04-03T14:42:18","date_gmt":"2021-04-03T12:42:18","guid":{"rendered":"https:\/\/www.freiburg-schwarzwald.de\/blog\/?p=89304"},"modified":"2021-04-03T14:45:49","modified_gmt":"2021-04-03T12:45:49","slug":"ostern-raetschen-statt-glocken","status":"publish","type":"post","link":"https:\/\/www.freiburg-schwarzwald.de\/blog\/ostern-raetschen-statt-glocken\/","title":{"rendered":"Ostern &#8211; R\u00e4tschen statt Glocken"},"content":{"rendered":"<p>In der <a href=\"https:\/\/www.freiburg-schwarzwald.de\/blog\/religion\/kirchen\/ostern\/\">Karwoche<\/a> verstummen die Kirchenglocken, stattdessen rufen Jugendliche mit ihren lauten <a href=\"https:\/\/www.freiburg-schwarzwald.de\/blog\/osterfeuer-mit-raetschen-ebnet\/\">R\u00e4tschen<\/a> die Gl\u00e4ubigen zu Gebet und Gottesdienst. Dieser uralte <a href=\"https:\/\/www.freiburg-schwarzwald.de\/blog\/regio\/heimat\/brauchtum\/\">Brauch<\/a> ist in der <a href=\"https:\/\/www.freiburg-schwarzwald.de\/blog\/religion\/katholisch\/\">katholischen<\/a> Gemeinde St. Hilarius in <a href=\"https:\/\/www.freiburg-schwarzwald.de\/blog\/regio\/freiburg\/ebnet\/\">Freiburg-Ebnet<\/a> noch lebendig. In diesem Jahr besonders anstrengend, <!--more-->denn die 12 &#8222;R\u00e4tschenbuben&#8220; m\u00fcssen das schwei\u00dftreibende Drehen der alten h\u00f6lzernen R\u00e4tschen mit <a href=\"https:\/\/www.freiburg-schwarzwald.de\/blog\/business\/gesund\/corona-virus\/\">Corona<\/a>&#8211;<a href=\"https:\/\/www.freiburg-schwarzwald.de\/blog\/business\/gesund\/corona-virus\/maske\/\">Masken<\/a> betreiben: Am Karfreitag um 7 Uhr, 12 Uhr und 18 Uhr.<\/p>\n<div id=\"attachment_89305\" style=\"width: 649px\" class=\"wp-caption alignnone\"><a href=\"https:\/\/www.freiburg-schwarzwald.de\/blog\/wp-content\/uploads\/2021\/04\/raetschen1ebnet-pan210403.jpg\"><img loading=\"lazy\" decoding=\"async\" aria-describedby=\"caption-attachment-89305\" class=\"size-full wp-image-89305\" src=\"https:\/\/www.freiburg-schwarzwald.de\/blog\/wp-content\/uploads\/2021\/04\/raetschen1ebnet-pan210403.jpg\" alt=\"\" width=\"639\" height=\"351\" srcset=\"https:\/\/www.freiburg-schwarzwald.de\/blog\/wp-content\/uploads\/2021\/04\/raetschen1ebnet-pan210403.jpg 639w, https:\/\/www.freiburg-schwarzwald.de\/blog\/wp-content\/uploads\/2021\/04\/raetschen1ebnet-pan210403-180x99.jpg 180w\" sizes=\"auto, (max-width: 639px) 100vw, 639px\" \/><\/a><p id=\"caption-attachment-89305\" class=\"wp-caption-text\">R\u00e4tschen am Karsamstag um 12 Uhr 3.4.2021 auf der Friedhofsmauer St. Hilarius in Freiburg-Ebnet<\/p><\/div>\n<p>Am Samstagabend um 21 Uhr rufen sie dann mit dem \u201eGro\u00dfe R\u00e4tschen\u201c von den Friedhofsmauern zur <a href=\"https:\/\/www.freiburg-schwarzwald.de\/blog\/raetschen-am-karfreitag-ebnet\/\">Auferstehungsfeier<\/a>: Dem gro\u00dfen <a href=\"https:\/\/www.freiburg-schwarzwald.de\/blog\/religion\/kirchen\/raetschen\/\">L\u00e4rm<\/a> folgt Stille beim Knistern des <a href=\"https:\/\/www.freiburg-schwarzwald.de\/blog\/osterfeuer-mit-raetschen-ebnet\/\">Osterfeuers<\/a>, an dem dann die Osterkerze &#8222;Lumen Christi&#8220; entz\u00fcndet wird.<br \/>\nKontakt: Tim Hagenberger, tim-hagi \u00e4t gmx.de<br \/>\n3.4.2021<\/p>\n<p><a href=\"https:\/\/www.freiburg-schwarzwald.de\/blog\/wp-content\/uploads\/2021\/04\/raetschen1ebnet210403.jpg\"><img loading=\"lazy\" decoding=\"async\" class=\"alignnone size-thumbnail wp-image-89306\" src=\"https:\/\/www.freiburg-schwarzwald.de\/blog\/wp-content\/uploads\/2021\/04\/raetschen1ebnet210403-180x135.jpg\" alt=\"\" width=\"180\" height=\"135\" srcset=\"https:\/\/www.freiburg-schwarzwald.de\/blog\/wp-content\/uploads\/2021\/04\/raetschen1ebnet210403-180x135.jpg 180w, https:\/\/www.freiburg-schwarzwald.de\/blog\/wp-content\/uploads\/2021\/04\/raetschen1ebnet210403-640x480.jpg 640w, https:\/\/www.freiburg-schwarzwald.de\/blog\/wp-content\/uploads\/2021\/04\/raetschen1ebnet210403-768x576.jpg 768w, https:\/\/www.freiburg-schwarzwald.de\/blog\/wp-content\/uploads\/2021\/04\/raetschen1ebnet210403.jpg 900w\" sizes=\"auto, (max-width: 180px) 100vw, 180px\" \/><\/a>\u00a0 \u00a0 \u00a0 \u00a0 \u00a0 <a href=\"https:\/\/www.freiburg-schwarzwald.de\/blog\/wp-content\/uploads\/2021\/04\/raetschen2ebnet210403.jpg\"><img loading=\"lazy\" decoding=\"async\" class=\"alignnone size-thumbnail wp-image-89307\" src=\"https:\/\/www.freiburg-schwarzwald.de\/blog\/wp-content\/uploads\/2021\/04\/raetschen2ebnet210403-180x135.jpg\" alt=\"\" width=\"180\" height=\"135\" srcset=\"https:\/\/www.freiburg-schwarzwald.de\/blog\/wp-content\/uploads\/2021\/04\/raetschen2ebnet210403-180x135.jpg 180w, https:\/\/www.freiburg-schwarzwald.de\/blog\/wp-content\/uploads\/2021\/04\/raetschen2ebnet210403-640x479.jpg 640w, https:\/\/www.freiburg-schwarzwald.de\/blog\/wp-content\/uploads\/2021\/04\/raetschen2ebnet210403-768x575.jpg 768w, https:\/\/www.freiburg-schwarzwald.de\/blog\/wp-content\/uploads\/2021\/04\/raetschen2ebnet210403.jpg 801w\" sizes=\"auto, (max-width: 180px) 100vw, 180px\" \/><\/a><br \/>\n(1) 3.4.2021: R\u00e4tschen auf der Friedhofsmauer um 12 Uhr<\/p>\n<p><a href=\"https:\/\/www.freiburg-schwarzwald.de\/blog\/wp-content\/uploads\/2021\/04\/raetschen3ebnet210403.jpg\"><img loading=\"lazy\" decoding=\"async\" class=\"alignnone size-thumbnail wp-image-89308\" src=\"https:\/\/www.freiburg-schwarzwald.de\/blog\/wp-content\/uploads\/2021\/04\/raetschen3ebnet210403-180x141.jpg\" alt=\"\" width=\"180\" height=\"141\" srcset=\"https:\/\/www.freiburg-schwarzwald.de\/blog\/wp-content\/uploads\/2021\/04\/raetschen3ebnet210403-180x141.jpg 180w, https:\/\/www.freiburg-schwarzwald.de\/blog\/wp-content\/uploads\/2021\/04\/raetschen3ebnet210403-640x501.jpg 640w, https:\/\/www.freiburg-schwarzwald.de\/blog\/wp-content\/uploads\/2021\/04\/raetschen3ebnet210403.jpg 700w\" sizes=\"auto, (max-width: 180px) 100vw, 180px\" \/><\/a>\u00a0 \u00a0 \u00a0 \u00a0 \u00a0 <a href=\"https:\/\/www.freiburg-schwarzwald.de\/blog\/wp-content\/uploads\/2021\/04\/raetschen4ebnet210403.jpg\"><img loading=\"lazy\" decoding=\"async\" class=\"alignnone size-thumbnail wp-image-89309\" src=\"https:\/\/www.freiburg-schwarzwald.de\/blog\/wp-content\/uploads\/2021\/04\/raetschen4ebnet210403-180x135.jpg\" alt=\"\" width=\"180\" height=\"135\" srcset=\"https:\/\/www.freiburg-schwarzwald.de\/blog\/wp-content\/uploads\/2021\/04\/raetschen4ebnet210403-180x135.jpg 180w, https:\/\/www.freiburg-schwarzwald.de\/blog\/wp-content\/uploads\/2021\/04\/raetschen4ebnet210403-640x479.jpg 640w, https:\/\/www.freiburg-schwarzwald.de\/blog\/wp-content\/uploads\/2021\/04\/raetschen4ebnet210403-768x575.jpg 768w, https:\/\/www.freiburg-schwarzwald.de\/blog\/wp-content\/uploads\/2021\/04\/raetschen4ebnet210403.jpg 801w\" sizes=\"auto, (max-width: 180px) 100vw, 180px\" \/><\/a><br \/>\n(3)<br \/>\n<a href=\"https:\/\/www.freiburg-schwarzwald.de\/blog\/wp-content\/uploads\/2021\/04\/raetschen5ebnet210403.jpg\"><img loading=\"lazy\" decoding=\"async\" class=\"alignnone size-thumbnail wp-image-89310\" src=\"https:\/\/www.freiburg-schwarzwald.de\/blog\/wp-content\/uploads\/2021\/04\/raetschen5ebnet210403-180x142.jpg\" alt=\"\" width=\"180\" height=\"142\" srcset=\"https:\/\/www.freiburg-schwarzwald.de\/blog\/wp-content\/uploads\/2021\/04\/raetschen5ebnet210403-180x142.jpg 180w, https:\/\/www.freiburg-schwarzwald.de\/blog\/wp-content\/uploads\/2021\/04\/raetschen5ebnet210403-640x504.jpg 640w, https:\/\/www.freiburg-schwarzwald.de\/blog\/wp-content\/uploads\/2021\/04\/raetschen5ebnet210403.jpg 700w\" sizes=\"auto, (max-width: 180px) 100vw, 180px\" \/><\/a>\u00a0 \u00a0 \u00a0 \u00a0 \u00a0 <a href=\"https:\/\/www.freiburg-schwarzwald.de\/blog\/wp-content\/uploads\/2021\/04\/raetschen6ebnet210403.jpg\"><img loading=\"lazy\" decoding=\"async\" class=\"alignnone size-thumbnail wp-image-89311\" src=\"https:\/\/www.freiburg-schwarzwald.de\/blog\/wp-content\/uploads\/2021\/04\/raetschen6ebnet210403-180x159.jpg\" alt=\"\" width=\"180\" height=\"159\" srcset=\"https:\/\/www.freiburg-schwarzwald.de\/blog\/wp-content\/uploads\/2021\/04\/raetschen6ebnet210403-180x159.jpg 180w, https:\/\/www.freiburg-schwarzwald.de\/blog\/wp-content\/uploads\/2021\/04\/raetschen6ebnet210403-640x567.jpg 640w, https:\/\/www.freiburg-schwarzwald.de\/blog\/wp-content\/uploads\/2021\/04\/raetschen6ebnet210403.jpg 700w\" sizes=\"auto, (max-width: 180px) 100vw, 180px\" \/><\/a><br \/>\n(5) R\u00e4tschen-Trio ganz oben<\/p>\n<p><a href=\"https:\/\/www.freiburg-schwarzwald.de\/blog\/wp-content\/uploads\/2021\/04\/raetschen7ebnet210403.jpg\"><img loading=\"lazy\" decoding=\"async\" class=\"alignnone size-thumbnail wp-image-89312\" src=\"https:\/\/www.freiburg-schwarzwald.de\/blog\/wp-content\/uploads\/2021\/04\/raetschen7ebnet210403-180x135.jpg\" alt=\"\" width=\"180\" height=\"135\" srcset=\"https:\/\/www.freiburg-schwarzwald.de\/blog\/wp-content\/uploads\/2021\/04\/raetschen7ebnet210403-180x135.jpg 180w, https:\/\/www.freiburg-schwarzwald.de\/blog\/wp-content\/uploads\/2021\/04\/raetschen7ebnet210403-640x480.jpg 640w, https:\/\/www.freiburg-schwarzwald.de\/blog\/wp-content\/uploads\/2021\/04\/raetschen7ebnet210403-768x576.jpg 768w, https:\/\/www.freiburg-schwarzwald.de\/blog\/wp-content\/uploads\/2021\/04\/raetschen7ebnet210403.jpg 1009w\" sizes=\"auto, (max-width: 180px) 100vw, 180px\" \/><\/a><br \/>\n(7) Alle 12 zusammen 3.4.2021: <a href=\"https:\/\/www.freiburg-schwarzwald.de\/blog\/religion\/kirchen\/raetschen\/\">Sehr laut<\/a><\/p>\n<div id=\"attachment_89313\" style=\"width: 648px\" class=\"wp-caption alignnone\"><a href=\"https:\/\/www.freiburg-schwarzwald.de\/blog\/wp-content\/uploads\/2021\/04\/raetschen2ebnet-pan210403.jpg\"><img loading=\"lazy\" decoding=\"async\" aria-describedby=\"caption-attachment-89313\" class=\"size-full wp-image-89313\" src=\"https:\/\/www.freiburg-schwarzwald.de\/blog\/wp-content\/uploads\/2021\/04\/raetschen2ebnet-pan210403.jpg\" alt=\"\" width=\"638\" height=\"340\" srcset=\"https:\/\/www.freiburg-schwarzwald.de\/blog\/wp-content\/uploads\/2021\/04\/raetschen2ebnet-pan210403.jpg 638w, https:\/\/www.freiburg-schwarzwald.de\/blog\/wp-content\/uploads\/2021\/04\/raetschen2ebnet-pan210403-180x96.jpg 180w\" sizes=\"auto, (max-width: 638px) 100vw, 638px\" \/><\/a><p id=\"caption-attachment-89313\" class=\"wp-caption-text\">christjuk R\u00e4tschen in der Karwoche am 3.4.2021 in St.Hilarius Freiburg-Ebnet<\/p><\/div>\n","protected":false},"excerpt":{"rendered":"<p>In der Karwoche verstummen die Kirchenglocken, stattdessen rufen Jugendliche mit ihren lauten R\u00e4tschen die Gl\u00e4ubigen zu Gebet und Gottesdienst. Dieser uralte Brauch ist in der katholischen Gemeinde St. Hilarius in Freiburg-Ebnet noch lebendig. In diesem Jahr besonders anstrengend,<\/p>\n","protected":false},"author":2,"featured_media":0,"comment_status":"open","ping_status":"closed","sticky":false,"template":"","format":"standard","meta":{"footnotes":""},"categories":[18,49,400,180,261,61,89,13,157,11],"tags":[511,521,724,568,503,518],"class_list":["post-89304","post","type-post","status-publish","format-standard","hentry","category-bildung","category-freiburg","category-freiwillig","category-hochschwarzwald","category-katholisch","category-kinder","category-kirchen","category-kultur","category-oeffentlicher-raum","category-regio","tag-brauchtum","tag-family","tag-heimat","tag-jugend-2","tag-church","tag-music"],"_links":{"self":[{"href":"https:\/\/www.freiburg-schwarzwald.de\/blog\/wp-json\/wp\/v2\/posts\/89304","targetHints":{"allow":["GET"]}}],"collection":[{"href":"https:\/\/www.freiburg-schwarzwald.de\/blog\/wp-json\/wp\/v2\/posts"}],"about":[{"href":"https:\/\/www.freiburg-schwarzwald.de\/blog\/wp-json\/wp\/v2\/types\/post"}],"author":[{"embeddable":true,"href":"https:\/\/www.freiburg-schwarzwald.de\/blog\/wp-json\/wp\/v2\/users\/2"}],"replies":[{"embeddable":true,"href":"https:\/\/www.freiburg-schwarzwald.de\/blog\/wp-json\/wp\/v2\/comments?post=89304"}],"version-history":[{"count":3,"href":"https:\/\/www.freiburg-schwarzwald.de\/blog\/wp-json\/wp\/v2\/posts\/89304\/revisions"}],"predecessor-version":[{"id":89316,"href":"https:\/\/www.freiburg-schwarzwald.de\/blog\/wp-json\/wp\/v2\/posts\/89304\/revisions\/89316"}],"wp:attachment":[{"href":"https:\/\/www.freiburg-schwarzwald.de\/blog\/wp-json\/wp\/v2\/media?parent=89304"}],"wp:term":[{"taxonomy":"category","embeddable":true,"href":"https:\/\/www.freiburg-schwarzwald.de\/blog\/wp-json\/wp\/v2\/categories?post=89304"},{"taxonomy":"post_tag","embeddable":true,"href":"https:\/\/www.freiburg-schwarzwald.de\/blog\/wp-json\/wp\/v2\/tags?post=89304"}],"curies":[{"name":"wp","href":"https:\/\/api.w.org\/{rel}","templated":true}]}}