{"id":89232,"date":"2021-03-31T08:28:58","date_gmt":"2021-03-31T06:28:58","guid":{"rendered":"https:\/\/www.freiburg-schwarzwald.de\/blog\/?p=89232"},"modified":"2021-03-31T09:22:22","modified_gmt":"2021-03-31T07:22:22","slug":"buerger-wird-fuer-dumm-verkauft","status":"publish","type":"post","link":"https:\/\/www.freiburg-schwarzwald.de\/blog\/buerger-wird-fuer-dumm-verkauft\/","title":{"rendered":"B\u00fcrger wird f\u00fcr dumm verkauft"},"content":{"rendered":"<p>Warum wird vom <a href=\"https:\/\/www.freiburg-schwarzwald.de\/blog\/engagement\/buerger\/\">B\u00fcrger<\/a> das Tragen von <a href=\"https:\/\/www.freiburg-schwarzwald.de\/blog\/business\/gesund\/corona-virus\/maske\/\">FFP2-Masken<\/a> verlangt, w\u00e4hrend die Polizei weiterhin die einfachen Stoffmasken verwenden kann &#8211; verh\u00e4lt sich das <a href=\"https:\/\/www.freiburg-schwarzwald.de\/blog\/business\/gesund\/virus\/\">Virus<\/a> mal so und mal so? Warum kippt die <a href=\"https:\/\/www.freiburg-schwarzwald.de\/blog\/global\/deutschland\/merkel-deutschland\/\">Kanzlerin<\/a> <a href=\"https:\/\/www.freiburg-schwarzwald.de\/blog\/heuchelei-abbitte-ohne-reue\/\">Ruhetage \u00fcber Ostern<\/a>, die tags zuvor &#8222;unumg\u00e4nglich&#8220; zur Bek\u00e4mpfung der &#8222;noch gef\u00e4hrlicheren <a href=\"https:\/\/www.freiburg-schwarzwald.de\/blog\/business\/gesund\/corona-virus\/\">Corona-Mutanten<\/a>&#8220; waren? <!--more-->Nach \u00fcber einem Jahr wirrer <a href=\"https:\/\/www.freiburg-schwarzwald.de\/blog\/business\/gesund\/corona-virus\/corona-grundrechte\/\">Coronapolitik<\/a> versetzen auch diese zwei j\u00fcngsten Beispiele die <a href=\"https:\/\/www.freiburg-schwarzwald.de\/blog\/global\/deutschland\/gesellschaft\/\">Bev\u00f6lkerung<\/a> in Erstaunen und Ratlosigkeit &#8211; sie f\u00fchlt sich schlicht f\u00fcr <a href=\"https:\/\/www.freiburg-schwarzwald.de\/blog\/engagement\/zukunft\/dummheit\/\">dumm<\/a> verkauft.<br \/>\n.<br \/>\nBeispiel (1) Die <a href=\"https:\/\/www.freiburg-schwarzwald.de\/blog\/selbsthilfe\/soziales\/justiz\/polizei\/\">Polizei<\/a> in NRW verwendet weiter Stoffmasken, obwohl seit fast 6 Monaten FFP2-Masken f\u00fcr die B\u00fcrger obligatorisch sind. Dazu WDR aktuell auf Twitter:<br \/>\n<em>WDR aktuell &#8211; @WDRaktuell<\/em><br \/>\n<em>Seit Januar sind medizinische Masken in vielen Bereichen vorgeschrieben. F\u00fcr die Polizei gibt es dagegen weiterhin Stoffmasken. Begr\u00fcndung: &#8222;Man kann freier drunter atmen&#8220; und sie seien &#8222;f\u00fcr die Haut einfach besser&#8220;.<\/em><br \/>\n<em>Masken-Auftrag f\u00fcr die Polizei: Hautschonend und brillenfreundlich <\/em><br \/>\n<em>wdr.de<\/em><br \/>\n<em>4:55 nachm. \u00b7 26. M\u00e4rz 2021\u00b7Twitter Web App<\/em><\/p>\n<p>Beispiel (2): Ein versch\u00e4rfter Oster-Lockdown vom 1. bis 5. April wurde beschlossen, um &#8222;den neuen gef\u00e4hrlichen Mutanten&#8220; Herr zu werden, &#8222;viele Todesf\u00e4lle&#8220; zu vermeiden und &#8222;das Virus zu besiegen&#8220;.<br \/>\nWenn diese von der Versammlung der 12 L\u00e4nderchefs mitsamt Angela Merkel (im bayerischen Volksmund als <a href=\"https:\/\/www.freiburg-schwarzwald.de\/blog\/vereine\/partei\/cdu\/werteunion\/\">&#8222;Seuchenparlament&#8220;<\/a> bezeichnet) genannten Gr\u00fcnde berechtigt sind, dann h\u00e4tte die Bundeskanzlerin auf die Umsetzung der beschlossenen Osterruhe beharren m\u00fcssen &#8211; um Leben zu retten.<br \/>\nDie pl\u00f6tzliche Absage der Osterruhe mit der geheuchelten Theatralik &#8222;bitte um Verzeihung&#8220; jedoch zeigt, da\u00df die Begr\u00fcndungen allesamt nicht zutrafen: <em><strong>&#8222;Es war vieles Schwindel&#8220;<\/strong><\/em>, wie <a href=\"https:\/\/www.freiburg-schwarzwald.de\/blog\/heuchelei-abbitte-ohne-reue\/\">Peter Hahne<\/a> deutlich anmahnte.<br \/>\n.<br \/>\nBeispiele (1) + (2):Die Bev\u00f6lkerung f\u00fchlt sich <a href=\"https:\/\/www.freiburg-schwarzwald.de\/blog\/bildung\/verbloedung\/\">f\u00fcr dumm verkauft<\/a>, wenn wegen irgend welchen juristischen bzw. organisatorischen Spitzfindigkeiten Virus und Pandemie ganz pl\u00f6tzlich doch ungef\u00e4hrlich sein sollen. Entweder das Covid19-Virus ist in seiner pandemischen Verbreitung tats\u00e4chlich lebensgef\u00e4hrlich, oder aber die Coronapolitik der <a href=\"https:\/\/www.freiburg-schwarzwald.de\/blog\/engagement\/zukunft\/demokratie\/groko\/\">GroKo<\/a> ist Schwindel.<br \/>\n.<br \/>\nDiese beiden Beispiele weisen auf ein viel grundlegenderes Problem hin: Die B\u00fcrger einer <a href=\"https:\/\/www.freiburg-schwarzwald.de\/blog\/volksvertreter-und-demokratie\/\">Demokratie<\/a> f\u00fchlen sich als der Souver\u00e4n und handeln als m\u00fcndige B\u00fcrger. B\u00fcrger in <a href=\"https:\/\/www.freiburg-schwarzwald.de\/blog\/engagement\/zukunft\/demokratie\/totalitarismus\/\">totalit\u00e4ren Staaten<\/a> werden von ihren Herrschern &#8222;f\u00fcr dumm verkauft&#8220;, das hei\u00dft es wird \u00fcber ihre K\u00f6pfe hinweg diktatorisch gehandelt: Beide o.a. Beispiele geh\u00f6ren eindeutig zum Totalitarismus: Warum gelten Polizei und einfache B\u00fcrger als zweierlei Individuen mit zweierlei Maskentrage-Rechten? Warum kann nach freiem Gusto entschieden werden, welcher <a href=\"https:\/\/www.freiburg-schwarzwald.de\/blog\/business\/gesund\/corona-virus\/lockdown-endlos\/\">Lockdown<\/a> zu welchem Osterfest dem B\u00fcrger die Freiheitsrechte entziehen soll? Boris Reitschuster macht sich dar\u00fcber im u.a. Beitrag Gedanken.<br \/>\n31.3.2021<br \/>\n.<\/p>\n<p><strong>Totalit\u00e4res Denken und Handeln macht sich breit<\/strong><br \/>\nDabei m\u00fcssen wir uns bewusst werden, wie zerbrechlich, wie leicht zerst\u00f6rbar die Errungenschaften sind, die uns in den letzten Jahrzehnten das Leben so bequem gemacht haben: Wohlstand, Freiheit, Demokratie. Sie sind im eben kein Naturgesetz in der Geschichte der Menschheit: sie sind die absolute Ausnahme. Nur wer sie zu sch\u00e4tzen wei\u00df, wird sie bewahren k\u00f6nnen. Muss man sie wirklich verlieren oder einmal unter ihrem Fehlen gelitten haben, um sie sch\u00e4tzen zu lernen? Ich glaube, das ist die eigentliche, die gro\u00dfe existenzielle Frage unserer Zeit. Die sich daran anschlie\u00dfende ist: Wie weitgehend muss der Verlust sein, bevor man zur Besinnung kommt?<br \/>\nViele meiner russischen, ukrainischen und j\u00fcdischen Freunde, die den Zerfall der Sowjetunion miterlebten, sp\u00fcren, dass heute kolossale Umw\u00e4lzungen in der Luft liegen, die an damals erinnern. Es ist inst\u00e4ndig zu hoffen dass sie ebenso Unrecht haben wie ich. Und das ist auch gut m\u00f6glich. Dennoch sind wir schlecht beraten, wenn wir uns nicht zumindest die Gefahr bewusst machen.<\/p>\n<p>Die Geschwindigkeit, und die Energie, mit der derzeit gro\u00dfe Teile von Politik und Medien das Fundament unserer Demokratie und der gesellschaftlichen Ordnung, wie wir sie kennen, untergraben, d\u00fcrfte in der j\u00fcngeren Geschichte demokratischer Staaten einzigartig sein. Die Corona-Krise ist nur der Ausl\u00f6ser, aber nicht die tiefergehende Ursache. Diese zu analysieren, w\u00e4re ein eigenes Wochenbriefing wert, ja ein eigenes Buch. Doch darum geht es mir heute nicht. Ich m\u00f6chte an Sie appellieren, sich der Gefahr bewusst zu sein, und alles, was Sie k\u00f6nnen, zu tun, um sich ihr zu widersetzen. Auch, wenn Sie nur geringe M\u00f6glichkeiten haben. Ganz entscheidend ist dabei, dass sich die Demokraten quer durch die Lager die Gefahr bewusst machen und, statt sich gegenseitig zu bek\u00e4mpfen, gemeinsam die Gegner unserer freiheitlichen Demokratie als die eigentliche Bedrohung erkennen.<em><strong> Jeder aufrechte Linke, Liberale, B\u00fcrgerliche und Konservative muss sich gegen das totalit\u00e4re Denken ohne Graustufen, das sich breitgemacht hat, wehren.<\/strong><\/em> Gegen all die Intoleranz und den Hass die unter dem Deckmantel des Kampfes gegen Intoleranz und Hass wuchern.<\/p>\n<p>Entschuldigen Sie bitte, dass ich Sie mit einem solch dramatischen Appell behellige \u2013 aber ich habe wirklich Angst um das Land, die freiheitlich-demokratische Grundordnung und die offene Gesellschaft, die f\u00fcr mich geistige Heimat sind. Und die ich erst im Ausland, wo sie mir so bitter fehlten, so richtig zu sch\u00e4tzen gelernt habe.<br \/>\n&#8230; Alls vom 30.3.2021 im WochenBriefing von Boris Reitschuster bitte lesen auf<br \/>\n<a href=\"https:\/\/www.reitschuster.de\">https:\/\/www.reitschuster.de<\/a><\/p>\n","protected":false},"excerpt":{"rendered":"<p>Warum wird vom B\u00fcrger das Tragen von FFP2-Masken verlangt, w\u00e4hrend die Polizei weiterhin die einfachen Stoffmasken verwenden kann &#8211; verh\u00e4lt sich das Virus mal so und mal so? Warum kippt die Kanzlerin Ruhetage \u00fcber Ostern, die tags zuvor &#8222;unumg\u00e4nglich&#8220; zur &hellip; <a href=\"https:\/\/www.freiburg-schwarzwald.de\/blog\/buerger-wird-fuer-dumm-verkauft\/\">Weiterlesen <span class=\"meta-nav\">&rarr;<\/span><\/a><\/p>\n","protected":false},"author":2,"featured_media":0,"comment_status":"open","ping_status":"closed","sticky":false,"template":"","format":"standard","meta":{"footnotes":""},"categories":[433,36,158,157,171,172],"tags":[633,749,682],"class_list":["post-89232","post","type-post","status-publish","format-standard","hentry","category-arzt","category-engagement","category-gesund","category-oeffentlicher-raum","category-verbraucher","category-zukunft","tag-demokratie","tag-diskussionskultur","tag-freiheit"],"_links":{"self":[{"href":"https:\/\/www.freiburg-schwarzwald.de\/blog\/wp-json\/wp\/v2\/posts\/89232","targetHints":{"allow":["GET"]}}],"collection":[{"href":"https:\/\/www.freiburg-schwarzwald.de\/blog\/wp-json\/wp\/v2\/posts"}],"about":[{"href":"https:\/\/www.freiburg-schwarzwald.de\/blog\/wp-json\/wp\/v2\/types\/post"}],"author":[{"embeddable":true,"href":"https:\/\/www.freiburg-schwarzwald.de\/blog\/wp-json\/wp\/v2\/users\/2"}],"replies":[{"embeddable":true,"href":"https:\/\/www.freiburg-schwarzwald.de\/blog\/wp-json\/wp\/v2\/comments?post=89232"}],"version-history":[{"count":3,"href":"https:\/\/www.freiburg-schwarzwald.de\/blog\/wp-json\/wp\/v2\/posts\/89232\/revisions"}],"predecessor-version":[{"id":89235,"href":"https:\/\/www.freiburg-schwarzwald.de\/blog\/wp-json\/wp\/v2\/posts\/89232\/revisions\/89235"}],"wp:attachment":[{"href":"https:\/\/www.freiburg-schwarzwald.de\/blog\/wp-json\/wp\/v2\/media?parent=89232"}],"wp:term":[{"taxonomy":"category","embeddable":true,"href":"https:\/\/www.freiburg-schwarzwald.de\/blog\/wp-json\/wp\/v2\/categories?post=89232"},{"taxonomy":"post_tag","embeddable":true,"href":"https:\/\/www.freiburg-schwarzwald.de\/blog\/wp-json\/wp\/v2\/tags?post=89232"}],"curies":[{"name":"wp","href":"https:\/\/api.w.org\/{rel}","templated":true}]}}