{"id":8917,"date":"2012-08-09T21:28:06","date_gmt":"2012-08-09T19:28:06","guid":{"rendered":"https:\/\/www.freiburg-schwarzwald.de\/blog\/?p=8917"},"modified":"2017-03-09T17:03:56","modified_gmt":"2017-03-09T16:03:56","slug":"bz-stadtredaktion-arbeitet-am-10-8-ab-7-uhr-im-strandbad","status":"publish","type":"post","link":"https:\/\/www.freiburg-schwarzwald.de\/blog\/bz-stadtredaktion-arbeitet-am-10-8-ab-7-uhr-im-strandbad\/","title":{"rendered":"BZ-Stadtredaktion arbeitet am 10.8. ab 7 Uhr im Strandbad"},"content":{"rendered":"<p>Reporter der <a title=\"Zeitung\" href=\"https:\/\/www.freiburg-schwarzwald.de\/blog\/kultur\/medien\/zeitung\/\">Badischen Zeitung<\/a>\u00a0sind am Freitag 10.8. ab 7 Uhr im <a title=\"Strandbad\" href=\"https:\/\/www.freiburg-schwarzwald.de\/blog\/sport\/baeder\/strandbad\/\">Strandbad<\/a>, um dort zweieinhalb Seiten des Freiburger Lokalteils der BZ-Samstagsausgabe zu erstellen: Allmorgendliche Fr\u00fchschwimmer, Technik der unterirdischen Wasseraufbereitung, Arbeitsplatz Strandbad der Regio B\u00e4der GmbH, am Nachmittag \u00a0Tischtennisrundlauf mit\u00a0Ringerlegende Adolf Seger, Beachvolleyballspiel der Stadtredaktion\u00a0gegen\u00a0die Online-Redaktion. BZ-Infostand zum Zeitungmachen Print und Web\u00a0f\u00fcr\u00a0interessierte Badeg\u00e4ste.\u00a0<!--more--><\/p>\n<p>Super BZ-Aktion im Strandbad am 10. August 2012: Infostand am Eingang, Schwimm-Kompetition Joachim R\u00f6derer gegen Freiburgs 20j\u00e4hriges Schwimmtalent Eric Hasler, Beachvolleyballspiel der BZ-Stadt-Redaktion (Simone H\u00f6hl, Joachim R\u00f6derer, Frank Zimmermann,\u00a0Ivan Shalaginov (Praktikant\u00a0aus Moskau)) gegen BZ-Online-Redaktion (Florian Kech, Eric Hasler, Jana Martens), Tischtennisrunde mit Ringerlegende Adolf Seger, zahlreiche Berichte zum Strandbad auf <a href=\"https:\/\/www.badische-zeitung.de\">www.badische-zeitung.de<\/a> .<br \/>\n<a href=\"https:\/\/www.badische-zeitung.de\/freiburg\/hier-pumpt-das-herz-des-freiburger-strandbads\">https:\/\/www.badische-zeitung.de\/freiburg\/hier-pumpt-das-herz-des-freiburger-strandbads<\/a><\/p>\n<div id='gallery-1' class='gallery galleryid-8917 gallery-columns-3 gallery-size-thumbnail'><dl class='gallery-item'>\n\t\t\t<dt class='gallery-icon portrait'>\n\t\t\t\t<a href='https:\/\/www.freiburg-schwarzwald.de\/blog\/bz-stadtredaktion-arbeitet-am-10-8-ab-7-uhr-im-strandbad\/bz2-standbad-fotografen120810\/'><img loading=\"lazy\" decoding=\"async\" width=\"141\" height=\"180\" src=\"https:\/\/www.freiburg-schwarzwald.de\/blog\/wp-content\/uploads\/2012\/08\/bz2-standbad-fotografen120810-141x180.jpg\" class=\"attachment-thumbnail size-thumbnail\" alt=\"\" aria-describedby=\"gallery-1-8948\" srcset=\"https:\/\/www.freiburg-schwarzwald.de\/blog\/wp-content\/uploads\/2012\/08\/bz2-standbad-fotografen120810-141x180.jpg 141w, https:\/\/www.freiburg-schwarzwald.de\/blog\/wp-content\/uploads\/2012\/08\/bz2-standbad-fotografen120810.jpg 502w\" sizes=\"auto, (max-width: 141px) 100vw, 141px\" \/><\/a>\n\t\t\t<\/dt>\n\t\t\t\t<dd class='wp-caption-text gallery-caption' id='gallery-1-8948'>\n\t\t\t\tBZ im Strandbad 10.8.2012 &#8211; Die beiden Fotografen Ingo Schneider und Thomas Kunz\n\t\t\t\t<\/dd><\/dl><dl class='gallery-item'>\n\t\t\t<dt class='gallery-icon landscape'>\n\t\t\t\t<a href='https:\/\/www.freiburg-schwarzwald.de\/blog\/bz-stadtredaktion-arbeitet-am-10-8-ab-7-uhr-im-strandbad\/bz5-standbad120810\/'><img loading=\"lazy\" decoding=\"async\" width=\"180\" height=\"135\" src=\"https:\/\/www.freiburg-schwarzwald.de\/blog\/wp-content\/uploads\/2012\/08\/bz5-standbad120810-180x135.jpg\" class=\"attachment-thumbnail size-thumbnail\" alt=\"\" aria-describedby=\"gallery-1-8950\" srcset=\"https:\/\/www.freiburg-schwarzwald.de\/blog\/wp-content\/uploads\/2012\/08\/bz5-standbad120810-180x135.jpg 180w, https:\/\/www.freiburg-schwarzwald.de\/blog\/wp-content\/uploads\/2012\/08\/bz5-standbad120810.jpg 640w\" sizes=\"auto, (max-width: 180px) 100vw, 180px\" \/><\/a>\n\t\t\t<\/dt>\n\t\t\t\t<dd class='wp-caption-text gallery-caption' id='gallery-1-8950'>\n\t\t\t\tBZ im Strandbad 10.8.2012 &#8211; BZ-Redakteur Joachim R\u00f6derer schwimmt weltrekordverd\u00e4chtig &#8211; Florian Kech kommt mit dem Video kaum nach\n\t\t\t\t<\/dd><\/dl><dl class='gallery-item'>\n\t\t\t<dt class='gallery-icon landscape'>\n\t\t\t\t<a href='https:\/\/www.freiburg-schwarzwald.de\/blog\/bz-stadtredaktion-arbeitet-am-10-8-ab-7-uhr-im-strandbad\/bz7-standbad120810\/'><img loading=\"lazy\" decoding=\"async\" width=\"180\" height=\"135\" src=\"https:\/\/www.freiburg-schwarzwald.de\/blog\/wp-content\/uploads\/2012\/08\/bz7-standbad120810-180x135.jpg\" class=\"attachment-thumbnail size-thumbnail\" alt=\"\" aria-describedby=\"gallery-1-8952\" srcset=\"https:\/\/www.freiburg-schwarzwald.de\/blog\/wp-content\/uploads\/2012\/08\/bz7-standbad120810-180x135.jpg 180w, https:\/\/www.freiburg-schwarzwald.de\/blog\/wp-content\/uploads\/2012\/08\/bz7-standbad120810.jpg 640w\" sizes=\"auto, (max-width: 180px) 100vw, 180px\" \/><\/a>\n\t\t\t<\/dt>\n\t\t\t\t<dd class='wp-caption-text gallery-caption' id='gallery-1-8952'>\n\t\t\t\tBZ im Strandbad 10.8.2012 &#8211; Gewaltiges Medieninteresse &#8211; Interview der Sieger\n\t\t\t\t<\/dd><\/dl><br style=\"clear: both\" \/><dl class='gallery-item'>\n\t\t\t<dt class='gallery-icon landscape'>\n\t\t\t\t<a href='https:\/\/www.freiburg-schwarzwald.de\/blog\/bz-stadtredaktion-arbeitet-am-10-8-ab-7-uhr-im-strandbad\/bz8-standbad-sieger120810\/'><img loading=\"lazy\" decoding=\"async\" width=\"180\" height=\"138\" src=\"https:\/\/www.freiburg-schwarzwald.de\/blog\/wp-content\/uploads\/2012\/08\/bz8-standbad-sieger120810-180x138.jpg\" class=\"attachment-thumbnail size-thumbnail\" alt=\"\" aria-describedby=\"gallery-1-8953\" srcset=\"https:\/\/www.freiburg-schwarzwald.de\/blog\/wp-content\/uploads\/2012\/08\/bz8-standbad-sieger120810-180x138.jpg 180w, https:\/\/www.freiburg-schwarzwald.de\/blog\/wp-content\/uploads\/2012\/08\/bz8-standbad-sieger120810.jpg 640w\" sizes=\"auto, (max-width: 180px) 100vw, 180px\" \/><\/a>\n\t\t\t<\/dt>\n\t\t\t\t<dd class='wp-caption-text gallery-caption' id='gallery-1-8953'>\n\t\t\t\tBZ im Strandbad 10.8.2012 &#8211; so sehen Sieger aus \n\t\t\t\t<\/dd><\/dl><dl class='gallery-item'>\n\t\t\t<dt class='gallery-icon landscape'>\n\t\t\t\t<a href='https:\/\/www.freiburg-schwarzwald.de\/blog\/bz-stadtredaktion-arbeitet-am-10-8-ab-7-uhr-im-strandbad\/bz9-standbad-sieger120810\/'><img loading=\"lazy\" decoding=\"async\" width=\"180\" height=\"135\" src=\"https:\/\/www.freiburg-schwarzwald.de\/blog\/wp-content\/uploads\/2012\/08\/bz9-standbad-sieger120810-180x135.jpg\" class=\"attachment-thumbnail size-thumbnail\" alt=\"\" aria-describedby=\"gallery-1-8954\" srcset=\"https:\/\/www.freiburg-schwarzwald.de\/blog\/wp-content\/uploads\/2012\/08\/bz9-standbad-sieger120810-180x135.jpg 180w, https:\/\/www.freiburg-schwarzwald.de\/blog\/wp-content\/uploads\/2012\/08\/bz9-standbad-sieger120810.jpg 640w\" sizes=\"auto, (max-width: 180px) 100vw, 180px\" \/><\/a>\n\t\t\t<\/dt>\n\t\t\t\t<dd class='wp-caption-text gallery-caption' id='gallery-1-8954'>\n\t\t\t\tBZ im Strandbad 10.8.2012 &#8211; Interview der Schwimmtalente Joachim R\u00f6derer und Eric Hasler\n\t\t\t\t<\/dd><\/dl><dl class='gallery-item'>\n\t\t\t<dt class='gallery-icon landscape'>\n\t\t\t\t<a href='https:\/\/www.freiburg-schwarzwald.de\/blog\/bz-stadtredaktion-arbeitet-am-10-8-ab-7-uhr-im-strandbad\/bz10-standbad-beach120810\/'><img loading=\"lazy\" decoding=\"async\" width=\"180\" height=\"143\" src=\"https:\/\/www.freiburg-schwarzwald.de\/blog\/wp-content\/uploads\/2012\/08\/bz10-standbad-beach120810-180x143.jpg\" class=\"attachment-thumbnail size-thumbnail\" alt=\"\" aria-describedby=\"gallery-1-8955\" srcset=\"https:\/\/www.freiburg-schwarzwald.de\/blog\/wp-content\/uploads\/2012\/08\/bz10-standbad-beach120810-180x143.jpg 180w, https:\/\/www.freiburg-schwarzwald.de\/blog\/wp-content\/uploads\/2012\/08\/bz10-standbad-beach120810.jpg 640w\" sizes=\"auto, (max-width: 180px) 100vw, 180px\" \/><\/a>\n\t\t\t<\/dt>\n\t\t\t\t<dd class='wp-caption-text gallery-caption' id='gallery-1-8955'>\n\t\t\t\tBZ im Strandbad 10.8.2012 &#8211; Beachvolley BZ-Stadtredaktion\n\t\t\t\t<\/dd><\/dl><br style=\"clear: both\" \/><dl class='gallery-item'>\n\t\t\t<dt class='gallery-icon landscape'>\n\t\t\t\t<a href='https:\/\/www.freiburg-schwarzwald.de\/blog\/bz-stadtredaktion-arbeitet-am-10-8-ab-7-uhr-im-strandbad\/bz11-standbad-beach120810\/'><img loading=\"lazy\" decoding=\"async\" width=\"180\" height=\"143\" src=\"https:\/\/www.freiburg-schwarzwald.de\/blog\/wp-content\/uploads\/2012\/08\/bz11-standbad-beach120810-180x143.jpg\" class=\"attachment-thumbnail size-thumbnail\" alt=\"\" aria-describedby=\"gallery-1-8956\" srcset=\"https:\/\/www.freiburg-schwarzwald.de\/blog\/wp-content\/uploads\/2012\/08\/bz11-standbad-beach120810-180x143.jpg 180w, https:\/\/www.freiburg-schwarzwald.de\/blog\/wp-content\/uploads\/2012\/08\/bz11-standbad-beach120810.jpg 639w\" sizes=\"auto, (max-width: 180px) 100vw, 180px\" \/><\/a>\n\t\t\t<\/dt>\n\t\t\t\t<dd class='wp-caption-text gallery-caption' id='gallery-1-8956'>\n\t\t\t\tBZ im Strandbad 10.8.2012 &#8211; Beachvolley BZ-Online-Redaktion\n\t\t\t\t<\/dd><\/dl><dl class='gallery-item'>\n\t\t\t<dt class='gallery-icon landscape'>\n\t\t\t\t<a href='https:\/\/www.freiburg-schwarzwald.de\/blog\/bz-stadtredaktion-arbeitet-am-10-8-ab-7-uhr-im-strandbad\/bz12-standbad-beach120810\/'><img loading=\"lazy\" decoding=\"async\" width=\"180\" height=\"140\" src=\"https:\/\/www.freiburg-schwarzwald.de\/blog\/wp-content\/uploads\/2012\/08\/bz12-standbad-beach120810-180x140.jpg\" class=\"attachment-thumbnail size-thumbnail\" alt=\"\" aria-describedby=\"gallery-1-8957\" srcset=\"https:\/\/www.freiburg-schwarzwald.de\/blog\/wp-content\/uploads\/2012\/08\/bz12-standbad-beach120810-180x140.jpg 180w, https:\/\/www.freiburg-schwarzwald.de\/blog\/wp-content\/uploads\/2012\/08\/bz12-standbad-beach120810.jpg 636w\" sizes=\"auto, (max-width: 180px) 100vw, 180px\" \/><\/a>\n\t\t\t<\/dt>\n\t\t\t\t<dd class='wp-caption-text gallery-caption' id='gallery-1-8957'>\n\t\t\t\tBZ im Strandbad 10.8.2012 &#8211; Beachvolley Stadt-Redaktion gegen Online-Redaktion (rechts)\n\t\t\t\t<\/dd><\/dl><dl class='gallery-item'>\n\t\t\t<dt class='gallery-icon landscape'>\n\t\t\t\t<a href='https:\/\/www.freiburg-schwarzwald.de\/blog\/bz-stadtredaktion-arbeitet-am-10-8-ab-7-uhr-im-strandbad\/bz1-standbad120810\/'><img loading=\"lazy\" decoding=\"async\" width=\"180\" height=\"144\" src=\"https:\/\/www.freiburg-schwarzwald.de\/blog\/wp-content\/uploads\/2012\/08\/bz1-standbad120810-180x144.jpg\" class=\"attachment-thumbnail size-thumbnail\" alt=\"\" aria-describedby=\"gallery-1-8946\" srcset=\"https:\/\/www.freiburg-schwarzwald.de\/blog\/wp-content\/uploads\/2012\/08\/bz1-standbad120810-180x144.jpg 180w, https:\/\/www.freiburg-schwarzwald.de\/blog\/wp-content\/uploads\/2012\/08\/bz1-standbad120810.jpg 639w\" sizes=\"auto, (max-width: 180px) 100vw, 180px\" \/><\/a>\n\t\t\t<\/dt>\n\t\t\t\t<dd class='wp-caption-text gallery-caption' id='gallery-1-8946'>\n\t\t\t\tBZ im Strandbad 10.8.2012 &#8211; morgens\n\t\t\t\t<\/dd><\/dl><br style=\"clear: both\" \/><dl class='gallery-item'>\n\t\t\t<dt class='gallery-icon landscape'>\n\t\t\t\t<a href='https:\/\/www.freiburg-schwarzwald.de\/blog\/bz-stadtredaktion-arbeitet-am-10-8-ab-7-uhr-im-strandbad\/bz2-standbad120810\/'><img loading=\"lazy\" decoding=\"async\" width=\"180\" height=\"135\" src=\"https:\/\/www.freiburg-schwarzwald.de\/blog\/wp-content\/uploads\/2012\/08\/bz2-standbad120810-180x135.jpg\" class=\"attachment-thumbnail size-thumbnail\" alt=\"\" aria-describedby=\"gallery-1-8947\" srcset=\"https:\/\/www.freiburg-schwarzwald.de\/blog\/wp-content\/uploads\/2012\/08\/bz2-standbad120810-180x135.jpg 180w, https:\/\/www.freiburg-schwarzwald.de\/blog\/wp-content\/uploads\/2012\/08\/bz2-standbad120810.jpg 640w\" sizes=\"auto, (max-width: 180px) 100vw, 180px\" \/><\/a>\n\t\t\t<\/dt>\n\t\t\t\t<dd class='wp-caption-text gallery-caption' id='gallery-1-8947'>\n\t\t\t\tBZ im Strandbad 10.8.2012 &#8211; Andrang an BZ-Stand und Elektroauto\n\t\t\t\t<\/dd><\/dl>\n\t\t\t<br style='clear: both' \/>\n\t\t<\/div>\n\n<p>&nbsp;<\/p>\n","protected":false},"excerpt":{"rendered":"<p>Reporter der Badischen Zeitung\u00a0sind am Freitag 10.8. ab 7 Uhr im Strandbad, um dort zweieinhalb Seiten des Freiburger Lokalteils der BZ-Samstagsausgabe zu erstellen: Allmorgendliche Fr\u00fchschwimmer, Technik der unterirdischen Wasseraufbereitung, Arbeitsplatz Strandbad der Regio B\u00e4der GmbH, am Nachmittag \u00a0Tischtennisrundlauf mit\u00a0Ringerlegende Adolf &hellip; <a href=\"https:\/\/www.freiburg-schwarzwald.de\/blog\/bz-stadtredaktion-arbeitet-am-10-8-ab-7-uhr-im-strandbad\/\">Weiterlesen <span class=\"meta-nav\">&rarr;<\/span><\/a><\/p>\n","protected":false},"author":4,"featured_media":0,"comment_status":"closed","ping_status":"closed","sticky":false,"template":"","format":"standard","meta":{"footnotes":""},"categories":[343,80],"tags":[369],"class_list":["post-8917","post","type-post","status-publish","format-standard","hentry","category-baeder","category-medien","tag-strandbad"],"_links":{"self":[{"href":"https:\/\/www.freiburg-schwarzwald.de\/blog\/wp-json\/wp\/v2\/posts\/8917","targetHints":{"allow":["GET"]}}],"collection":[{"href":"https:\/\/www.freiburg-schwarzwald.de\/blog\/wp-json\/wp\/v2\/posts"}],"about":[{"href":"https:\/\/www.freiburg-schwarzwald.de\/blog\/wp-json\/wp\/v2\/types\/post"}],"author":[{"embeddable":true,"href":"https:\/\/www.freiburg-schwarzwald.de\/blog\/wp-json\/wp\/v2\/users\/4"}],"replies":[{"embeddable":true,"href":"https:\/\/www.freiburg-schwarzwald.de\/blog\/wp-json\/wp\/v2\/comments?post=8917"}],"version-history":[{"count":0,"href":"https:\/\/www.freiburg-schwarzwald.de\/blog\/wp-json\/wp\/v2\/posts\/8917\/revisions"}],"wp:attachment":[{"href":"https:\/\/www.freiburg-schwarzwald.de\/blog\/wp-json\/wp\/v2\/media?parent=8917"}],"wp:term":[{"taxonomy":"category","embeddable":true,"href":"https:\/\/www.freiburg-schwarzwald.de\/blog\/wp-json\/wp\/v2\/categories?post=8917"},{"taxonomy":"post_tag","embeddable":true,"href":"https:\/\/www.freiburg-schwarzwald.de\/blog\/wp-json\/wp\/v2\/tags?post=8917"}],"curies":[{"name":"wp","href":"https:\/\/api.w.org\/{rel}","templated":true}]}}