{"id":89061,"date":"2021-03-23T16:15:52","date_gmt":"2021-03-23T15:15:52","guid":{"rendered":"https:\/\/www.freiburg-schwarzwald.de\/blog\/?p=89061"},"modified":"2021-03-23T16:16:40","modified_gmt":"2021-03-23T15:16:40","slug":"ein-jahr-corona-aktuelle-zahlen","status":"publish","type":"post","link":"https:\/\/www.freiburg-schwarzwald.de\/blog\/ein-jahr-corona-aktuelle-zahlen\/","title":{"rendered":"Ein Jahr Corona: aktuelle Zahlen"},"content":{"rendered":"<p>Seit \u00fcber einem Jahr befindet sich <a href=\"https:\/\/www.freiburg-schwarzwald.de\/blog\/global\/deutschland\/deutschland2020\/\">Deutschland<\/a> im <a href=\"https:\/\/www.freiburg-schwarzwald.de\/blog\/business\/gesund\/corona-virus\/\">Corona<\/a>-Ausnahmezustand. 73.445 Menschen sind seitdem an oder mit <a href=\"https:\/\/www.freiburg-schwarzwald.de\/blog\/business\/gesund\/corona-virus\/corona-tod\/\">Corona<\/a> verstorben. 11,14 Prozent davon bzw. 5679 Menschen sind unter 70 Jahre alt und 88,86 Prozent bzw. 65.264 Menschen sind <a href=\"https:\/\/www.freiburg-schwarzwald.de\/blog\/selbsthilfe\/senioren\/alte\/\">70 Jahre oder \u00e4lter<\/a>. Alle diese Zahlen geben keine Berechtigung daf\u00fcr her, <!--more-->im Zusammenhang mit Corona von einer Seuche bzw. <a href=\"https:\/\/www.freiburg-schwarzwald.de\/blog\/business\/gesund\/corona-virus\/corona-grundrechte\/\">Pandemie<\/a> zu sprechen.<br \/>\n.<br \/>\n<em><strong>Der Begriff der Pandemie ist hier irref\u00fchrend, b\u00f6swillig und macht Angst.<\/strong><\/em> Das folgende Video unterstreicht dies: <a href=\"https:\/\/twitter.com\/abirballan\/status\/1373207960420253697\">https:\/\/twitter.com\/abirballan\/status\/1373207960420253697<\/a><br \/>\noder <a href=\"https:\/\/twitter.com\/i\/status\/1373207960420253697\">https:\/\/twitter.com\/i\/status\/1373207960420253697<\/a><br \/>\nVon ca 960.000 Menschen, die allj\u00e4hrlich in Deutschland sterben, sind ca 40.000 bzw. 4,16% an oder mit Corona gestorben, fast 90% \u00fcber 70 Jahre alt. Untersuchungen (Hamburg, Schweden, USA, GBR) lassen vermuten, da\u00df das &#8222;an&#8220; nur ein Bruchteil des &#8222;mit&#8220; ausmacht. Die obigen 4,16% werden also eher 1% ausmachen.<br \/>\n.<br \/>\nNach Altersgruppen geordnet sind In Deutschland an oder mit Corona gestorben (Stand 16.3.2021):<br \/>\n10 Kinder und Jugendliche unter 20 Jahre<\/p>\n<p>50 Menschen im Alter von 20 bis 29<br \/>\n60 Menschen unter 30 Jahre<\/p>\n<p>133 Menschen zwischen 30 und 39<br \/>\n193 Menschen unter 40 Jahre.<\/p>\n<p>398 Menschen zwischen 40 und 59<br \/>\n591 Menschen unter 50 Jahre<\/p>\n<p>1.911 Menschen im Alter von 50 bis 59<br \/>\n2.502 Menschen unter 60 Jahren<br \/>\n5679 Menschen im Alter von 60 bis 69<br \/>\n8181 Menschen unter 70 Jahren<br \/>\n65.264 Menschen, die \u00e4lter sind als siebzig Jahre<br \/>\n73.445 Menschen in Deutschland sind an oder mit Corona gestorben<br \/>\n<a href=\"https:\/\/de.statista.com\/statistik\/daten\/studie\/1104173\/umfrage\/todesfaelle-aufgrund-des-coronavirus-in-deutschland-nach-geschlecht\/\">https:\/\/de.statista.com\/statistik\/daten\/studie\/1104173\/umfrage\/todesfaelle-aufgrund-des-coronavirus-in-deutschland-nach-geschlecht\/<\/a><br \/>\n.<br \/>\nDiese Zahlen in der grafischen Veranschaulichung:<br \/>\n<a href=\"https:\/\/twitter.com\/abirballan\/status\/1373207960420253697\">https:\/\/twitter.com\/abirballan\/status\/1373207960420253697<\/a><br \/>\noder <a href=\"https:\/\/twitter.com\/i\/status\/1373207960420253697\">https:\/\/twitter.com\/i\/status\/1373207960420253697<\/a><br \/>\n.<br \/>\nIrgendwann m\u00fcssen und werden wir aufh\u00f6ren mit <a href=\"https:\/\/www.freiburg-schwarzwald.de\/blog\/business\/gesund\/corona-virus\/corona-angst\/\">Angstmache<\/a> und <a href=\"https:\/\/www.freiburg-schwarzwald.de\/blog\/business\/gesund\/corona-virus\/lockdown-endlos\/\">Lockdown<\/a>. Warum nicht sofort?<br \/>\n23.3.2021<br \/>\n.<\/p>\n<p><strong>Ein Jahr Corona \u2013 Die aktuellen Zahlen<\/strong><br \/>\nDas sind die Zahlen der gemeldeten Corona-Infektionen in Deutschland (Stand: 22. M\u00e4rz 2021):<br \/>\n<a href=\"https:\/\/de.statista.com\/statistik\/daten\/studie\/1103904\/umfrage\/corona-infektionen-covid-19-in-deutschland-nach-altersgruppe\/\">https:\/\/de.statista.com\/statistik\/daten\/studie\/1103904\/umfrage\/corona-infektionen-covid-19-in-deutschland-nach-altersgruppe\/<\/a><br \/>\n208.915 Infektionen wurden bei Kindern und Jugendlichen unter 15 Jahren gemeldet. Das bedeutet: Unter 0,005% aller an Corona erkrankten Kinder und Jugendliche, sind daran gestorben.<br \/>\nEin Kind von 20.890 infizierten Kindern stirbt in Deutschland.<br \/>\nBei den unter 35-j\u00e4hrigen Menschen stirbt eine Person von ungef\u00e4hr 5000 Corona-Infizierten.<br \/>\n.<br \/>\nDas sind die Zahlen der deutschen Bev\u00f6lkerung (Stand: 31. Dezember 2019):<br \/>\n\u00dcber 16 Millionen Kinder und Jugendliche leben in Deutschland. Davon sind 10 Menschen an Corona gestorben, also 0,00006%.<br \/>\nKnapp 20 Millionen Menschen im Alter von 20 bis 39 leben in Deutschland. Davon sind 183 Menschen an Corona gestorben, also 0,0009%.<br \/>\n.<br \/>\nVon allen Deutschen unter 40 stirbt eine Person pro 186.528 Einwohnerinnen und Einwohner an oder mit Corona.<br \/>\nF\u00fcr alte Menschen in Deutschland liegt die Zahl jener, die an oder mit Corona gestorben sind, deutlich h\u00f6her, n\u00e4mlich bei 0,09%, also eine Person auf 1.131. Dies liegt an der deutlich h\u00f6heren Sterberate bei den Menschen \u00fcber 60 Jahren.<br \/>\n.<br \/>\nJede 335. Person in Deutschland \u00fcber 60 Jahren stirbt an oder mit Corona.<br \/>\nVon 203.415 Kindern und Jugendlichen, die in Deutschland an Corona erkrankt sind, sind \u00fcber 203.400 Kinder wieder genesen.<br \/>\n.<br \/>\nVon 957.421 Menschen unter 35 Jahren, die in Deutschland an Corona erkrankt sind, sind \u00fcber 957.000 Menschen wieder genesen.<br \/>\nEs leben \u00fcber 2,5 Millionen Menschen in Deutschland, die mit Corona infiziert waren, dies gemeldet haben und die nicht gestorben sind.<br \/>\n&#8230; Alles vom 22.3.2021 von Gerd Buurmann bitte lesen auf<br \/>\n<a href=\"https:\/\/tapferimnirgendwo.com\/2021\/03\/22\/ein-jahr-corona-die-aktuellen-zahlen\/\">https:\/\/tapferimnirgendwo.com\/2021\/03\/22\/ein-jahr-corona-die-aktuellen-zahlen\/<\/a><br \/>\noder<br \/>\n<a href=\"https:\/\/www.achgut.com\/artikel\/ein_jahr_corona_die_aktuellenzahlen\/P10\">https:\/\/www.achgut.com\/artikel\/ein_jahr_corona_die_aktuellenzahlen\/P10<\/a><br \/>\n.<br \/>\nEinige Kommentare:<br \/>\n<strong>209 000 Kinder und Jugendliche mit Corona infiziert.<\/strong><br \/>\nDie Wirklichkeit ist, da\u00df 80-85 % der Infizierten von der Infektion gar nichts mitbekommt, bzw nur Symptome wie bei einer Erk\u00e4ltung hat. Und, logischerweise, diese Infektion nicht melden. Was ich nicht wei\u00df, macht mich nicht hei\u00df. Daraus ergibt sich, da\u00df in Wirklichkeit rund 1,4 Mio dieser Altersgruppe eine Infektion hatte. Und von dieser Gruppe sind eben 15 an Covid gestorben. In Hamburg wurde wieder obduziert, \u00fcber 200 Covid-Leichen, nur 1 % war ohne Vorerkrankung.<br \/>\n22.3.2021, M.M.<\/p>\n<p><strong>&#8230; 0,9 Promille der deutschen Bev\u00f6lkerung \u201ean und mit Corona\u201c verstorben<\/strong><br \/>\nF\u00fcr das Jahr 2020 hat das RKI knapp 40.500 \u201eCOVID-19 Todesf\u00e4lle\u201c gez\u00e4hlt, das sind weniger als 0,5 Promille der Bev\u00f6lkerung Deutschlands. Nat\u00fcrlich erh\u00f6hen sich die Sterbezahlen mit fortlaufender Zeit, auch wenn die jetzige \u201eCorona-Saison\u201c 20\/21 wahrscheinlich im Mai 2021 in Europa auslaufen wird. Bis zum 22.03 2021 sind seit Anfang 2020 knapp 0,9 Promille der deutschen Bev\u00f6lkerung \u201ean und mit Corona\u201c verstorben. Weltweite \u201eSpitzenreiter\u201c sind Tschechien, Belgien und UK mit 2,3, respektive 1,95 und 1,85 Promille \u201eCOVID-19 Todesf\u00e4llen\u201c (- laut Destatis).<br \/>\n22.3.2021, V.V.<br \/>\n.<br \/>\n<strong>970 000 Todesf\u00e4lle\/Jahr in Deutschland<\/strong><br \/>\nSehr geehrter Herr Buurmann, wunderbarer Zahlensalat, der aus meiner Sicht jedoch v\u00f6llig nichtssagend ist, denn eine Zahl fehlt, die der gesamt Verstorbenen im beobachteten Zeitraum. Und wenn diese Gesamtzahl in etwa dem entspricht, die halt normal jedes Jahr im Lande versterben, dann ist es f\u00fcr mich pers\u00f6nlich v\u00f6llig \u201cwurscht\u201d, denn wenn die Lebensuhr abgelaufen ist, macht es keinen Unterschied, ob irgend ein Medicus nach, mit oder vermutlichem Testergebnis von irgendwann als Todesursache \u201cCorona\u201d bedingt\u201d auf den \u201cSchein\u201d schreibt. Au\u00dfer vielleicht f\u00fcr sein Konto, das des Bestatter oder vielleicht noch sonst Beg\u00fcnstigtem, der nach \u00c4nderung durch staatliche Regulierer der entsprechenden Geb\u00fchrenordnungen f\u00fcr die Bescheinigung von \u201cCorona\u201d einen erh\u00f6hten Satz in Rechnung stellen darf.<br \/>\nMeines Wissens sterben jedes Jahr ca. 970 000 Menschen in Deutschland, Tendenz aufgrund der Demografie von Jahr zu Jahr leicht steigend. Wenn also da kein gravierender \u201cZuschlag\u201d festzustellen ist, haben wir aus meiner Sicht kein gesellschaftliches Problem mit einer \u201cPandemie\u201d, sondern wir haben ein Problem mit der \u201cPolitik\u201d, die mit einer k\u00fcnstlich herbei fabulierten Test-Plandemie ihre andauernd fortgef\u00fchrten Konzepte der Zwangsma\u00dfnahmen und Aberkennung diverser Grundrechte begr\u00fcndet, bis hin zur Ausrufung des Gesundheitsnotstandes, um die sog. \u201cImpferei\u201d mit den nicht regul\u00e4r zugelassenen Gen basierten Stoffen weiter f\u00fchren zu k\u00f6nnen, die ansonsten auf vor \u201cLos\u201d zur\u00fcckzustellen w\u00e4ren. Anf\u00fcgen m\u00f6chte ich vielleicht noch f\u00fcr die, die es immer noch nicht wissen sollten, da\u00df diese medizinischen Werkzeuge vom Biontech-Chef mit der Idee zur gezielten Behandlung von \u201cKrebs\u201d entwickelt wurden, wobei bei Kranken eine v\u00f6llig andere Risiko-Nutzen-Abw\u00e4gung zu treffen ist, als bei der Umwidmung zum \u201cImpfstoff\u201d, mit dem man sodann die Masse von Gesunden \u201cbehandeln\u201d will. Wer das hinnimmt, dem w\u00fcnsche ich pers\u00f6nlich alles erdenklich Gute. Ich werde sicher nicht dazu geh\u00f6ren.<br \/>\n22.3.2021,W.R.<br \/>\n.<br \/>\n<strong>Sterbef\u00e4lle<\/strong><br \/>\n2018 sind im JANUAR ohne wenn und aber 279 Kinder zw. 0-15 Jahren gestorben;<br \/>\n326 Erw. zw. 15-30 J., 260 zw. 30-35; 380 zw. 35-40; 491 zw. 40-45; 867 zw. 45-50; 1.951 zw. 50-55; 3.187 zw. 55-60; 4.450 zw. 60-65; 5.840 zw. 65-70; 6.663 zw. 70-75; 11.041 zw. 75-80; 16.652 zw. 80-85; 15.655 zw. 85-90; 12.321 zw. 90-95; 4974 ab 95+;<\/p>\n<p>Zwischen 50 und 60 sind im Januar ohne Corona 7.637 Menschen gestorben.<br \/>\nIn Summe starben 2018 im JANUAR 80.363 Menschen ohne Corona.<\/p>\n<p>Jedes Jahr sterben mehr als 11.000 bei Haushaltsunf\u00e4llen und 40.000 Menschen an Krankenhauskeimen. Damit sterben bereits 51.000 Menschen jedes Jahr eines unnat\u00fcrlichen Todes.<br \/>\n22.3.2021, Lug<br \/>\n.<br \/>\n<strong>Tapfer im Nirgendwo &#8211; naja, &#8230;.<\/strong><br \/>\nWer sich ernsthaft f\u00fcr das Coronageschehen interessiert, der lese die Ver\u00f6ffentlichungen von Prof P\u00fcschel, ehemals Gerichtsmedizin Hamburg. Dort finden sich belastbare und aussagekr\u00e4ftige Angaben. Und siehe da &#8211; \u201ckein Grund zur Unruhe\u201d. Danke f\u00fcr Ihre Integrit\u00e4t, Herr Prof P\u00fcschel.<br \/>\n22.3.2021, E.D.<br \/>\n.<br \/>\n<strong>1, 2, 3, der gr\u00f6\u00dfte Wahnsinn der Geschichte<\/strong><br \/>\nkurz und knapp in Zahlen vorgef\u00fchrt, merci, Herr Buurmann. Dieser Irrsinn ist der Bastard aus der V\u00f6gelei von Politik und Fernsehen.<br \/>\n22.3.2021, W.C.<br \/>\n.<br \/>\n<strong>Es ist so absurd und wie soll man das Handeln unserer Politiker ohne<\/strong> Verschw\u00f6rungstheorien noch erkl\u00e4ren? Es bleibt, kaum weniger \u00fcberzeugend, nur die M\u00f6glichkeit, vollkommener Unf\u00e4higkeit. Sind die alle debil; parnoid schizophren? Oder sind es unvorstellbare Feiglinge, die eine H\u00f6llenangst haben, den Fehler ihrer gesamten Lageeinsch\u00e4tzung und Strategie einzu gestehen? Ich bin ratlos. Warum schert keiner aus? Ein Leser hat ja bereits darauf hingewiesen:<br \/>\nDie Prozentzahlen sind noch um das 5-10fache niedriger, da es bei Schwererkrankten und Toten keine Dunkelziffer gibt, bei den Infizierten sehr wohl. Wir haben eingedenk der Dunkelziffer inzwischen wahrscheinlich zwischen 10 und 20 Millionen Infizierte in Deutschland. Zu denen m\u00fcssen die Zahlen der Toten und Schwererkrankten in Bezug gesetzt werden.<br \/>\nDer \u201cKollateralschaden\u201d eines Nichtlockdown (bei Schutz der vulnerablen Gruppen) w\u00fcrde vielleicht in 50.000 mehr (sehr alten) Coronatoten bestanden haben, daf\u00fcr w\u00e4re alles andere in Ordnung, so wie \u201cfr\u00fcher\u201d, ohne gigantische Verschuldung, ohne Wirtschafts- und Steuereinbruch, ohne ausgefallene Vorsorgeuntersuchungen, Operationen, ohne zus\u00e4tzliche psychische Erkrankungen, ohne Verlust der Jugendzeit, ohne Bildungsverluste, daf\u00fcr aber wahrscheinlich schon die H\u00e4lfte der Bev\u00f6lkerung mit einer Herdenimmunit\u00e4t &#8230; unfassbar &#8230;<br \/>\n22.3.2021, Dr.M.K.,<\/p>\n<p><strong>Hier eins sehr anschauliches kleines Video:<\/strong><br \/>\n<a href=\"https:\/\/twitter.com\/i\/status\/1373207960420253697\">https:\/\/twitter.com\/i\/status\/1373207960420253697<\/a><br \/>\n<a href=\"https:\/\/twitter.com\/abirballan\/status\/1373207960420253697\">https:\/\/twitter.com\/abirballan\/status\/1373207960420253697<\/a><br \/>\n22.3.2021,J.v.P.<\/p>\n<p><strong>Und die obigen Zahlen bzw. Relationen entsch\u00e4rfen sich noch weiter,<\/strong><br \/>\nw\u00fcrde man nicht die aus politisch-taktischen Erw\u00e4gungen uns\u00e4gliche Klassifizierung \u201can oder mit\u201d heranziehen. Der Professor aus Hamburg, welcher in diesem Zusammenhang den frevelhaften Anlauf unternommen hatte, Autopsien durchzuf\u00fchren, um die Zahlen der \u201can\u201d Covid verstorbenen zu ermitteln, erf\u00e4hrt seither die entsprechende politisch-mediale \u00c4chtung. Es w\u00e4re ja noch sch\u00f6ner, w\u00fcrde man die Deutungshoheit des RKI torpedieren wollen. &#8230;<br \/>\n22.3.2021, R.O., AO<br \/>\n.<br \/>\n<strong>Es ging von Anfang nicht um Gesundheit.<\/strong><br \/>\nWeder hier, noch in anderen L\u00e4ndern der Welt. Weder in Russland, Neuseeland, S\u00fcdafrika, Portugal oder Israel. Unsere Regierung hat sehr fr\u00fch verk\u00fcndet: Es gibt jetzt eine \u2018neue Normalit\u00e4t\u2019 &#8211; ein Zur\u00fcck zur alten Normalit\u00e4t wurde ausgeschlossen. Dann verk\u00fcndete einer der reichsten Menschen der Welt &#8211; und dies ohne kritische R\u00fcckfrage des ihn befragenden Redakteurs des deutschen Fernsehens: \u201cWir (!) werden schlie\u00dflich sieben Milliarden Menschen impfen\u201d. Jetzt frage ich mich: Was bitte ist so gef\u00e4hrlich, dass alle Menschen geimpft werden m\u00fcssen? Wurden diese Impfstoffe je von unabh\u00e4ngigen Instituten untersucht? &#8230;<br \/>\n23.3.2021, S.G.<br \/>\n.<br \/>\n<strong>Jugendfu\u00dfball ist auf unbestimmte Zeit abgesagt<\/strong><br \/>\nwegen der Gef\u00e4hrdung der Gesundheit der Kinder. Dabei ist die gew\u00f6hnliche Sterberate bei Jugendlichen schon um ein Vielfaches h\u00f6her. Aber der Pr\u00e4sident vom Hessischen Fussballverband ist ein Landrat der SPD. Noch Fragen?<br \/>\n22.3.2021, L.H.<br \/>\n.<br \/>\n<strong>&#8230;. nur die gemeldeten Infektionen<\/strong><br \/>\nKleiner Einwand: Sie schreiben:\u2014\u2014\u201c208.915 Infektionen wurden bei Kindern und Jugendlichen unter 15 Jahren gemeldet. Das bedeutet: Unter 0,005% aller an Corona erkrankten Kinder und Jugendliche, sind daran gestorben. Ein Kind von 20.890 infizierten Kindern stirbt in Deutschland.\u201d\u2014\u2014<br \/>\nDie 208.915 ist doch eine \u201cgemeldete\u201d Zahl!! Damit ist doch nicht das wahre Infektionsgeschehen abgebildet! Die allermeisten \u201cInfektionen\u201d bleiben ohne Symptome und\/oder unentdeckt und\/oder ungetestet und damit nicht registriert.<br \/>\nVorsichtig gesch\u00e4tzt darf man die 208.915 mal 4-5 nehmen, so dass wir nicht um die 200.000 \u201cangesteckte\u201d Kinder\/Jugendliche haben, sondern mindestens 1.000.000 !! Also nicht 0,005% aller an Corona erkrankter Kinder\/Jugendlicher, sind daran gestorben, sondern maximal 0,001%, also 5 mal weniger! Ein kleiner gro\u00dfer Unterschied!<br \/>\nDas hei\u00dft, ein totes Kind\/Jugendlicher kommt nicht auf 20.890 Infizierte, sondern mindestens auf 100.000! W\u00e4re das richtig (ein totes Kind pro 20.890 Infizierte), dann w\u00e4re das richtig schlimm! Dann g\u00e4be es viel mehr tote Kinder in Deutschland, und nicht \u201cnur\u201d 10 !<br \/>\n22.3.2021,B.M.<br \/>\n.<br \/>\n<strong>Um das nochmal in eine bekannte Relation zu setzen:<\/strong><br \/>\n73.445 Tote in einem Jahr, das hei\u00dft, es sind durchschnittlich 201 Menschen t\u00e4glich mit oder an Corona gestorben. Statistisch sterben in Deutschland jeden Tag 2.500 Menschen eines nat\u00fcrlichen Todes, davon waren also 7% von Corona betroffen. Das also soll eine Pandemie sein! Mors certa, hora incerta.<br \/>\n22.3.2021, M.P.<br \/>\nEnde Kommentare<\/p>\n","protected":false},"excerpt":{"rendered":"<p>Seit \u00fcber einem Jahr befindet sich Deutschland im Corona-Ausnahmezustand. 73.445 Menschen sind seitdem an oder mit Corona verstorben. 11,14 Prozent davon bzw. 5679 Menschen sind unter 70 Jahre alt und 88,86 Prozent bzw. 65.264 Menschen sind 70 Jahre oder \u00e4lter. &hellip; <a href=\"https:\/\/www.freiburg-schwarzwald.de\/blog\/ein-jahr-corona-aktuelle-zahlen\/\">Weiterlesen <span class=\"meta-nav\">&rarr;<\/span><\/a><\/p>\n","protected":false},"author":2,"featured_media":0,"comment_status":"open","ping_status":"closed","sticky":false,"template":"","format":"standard","meta":{"footnotes":""},"categories":[433,52,58,158,61,63,80,64,102,172],"tags":[709,740,700,682,47,644,745],"class_list":["post-89061","post","type-post","status-publish","format-standard","hentry","category-arzt","category-einewelt","category-familie","category-gesund","category-kinder","category-krise","category-medien","category-psyche","category-senioren","category-zukunft","tag-angst","tag-arzt","tag-corona","tag-freiheit","tag-klinik","tag-krankheit","tag-wirtschaft"],"_links":{"self":[{"href":"https:\/\/www.freiburg-schwarzwald.de\/blog\/wp-json\/wp\/v2\/posts\/89061","targetHints":{"allow":["GET"]}}],"collection":[{"href":"https:\/\/www.freiburg-schwarzwald.de\/blog\/wp-json\/wp\/v2\/posts"}],"about":[{"href":"https:\/\/www.freiburg-schwarzwald.de\/blog\/wp-json\/wp\/v2\/types\/post"}],"author":[{"embeddable":true,"href":"https:\/\/www.freiburg-schwarzwald.de\/blog\/wp-json\/wp\/v2\/users\/2"}],"replies":[{"embeddable":true,"href":"https:\/\/www.freiburg-schwarzwald.de\/blog\/wp-json\/wp\/v2\/comments?post=89061"}],"version-history":[{"count":2,"href":"https:\/\/www.freiburg-schwarzwald.de\/blog\/wp-json\/wp\/v2\/posts\/89061\/revisions"}],"predecessor-version":[{"id":89063,"href":"https:\/\/www.freiburg-schwarzwald.de\/blog\/wp-json\/wp\/v2\/posts\/89061\/revisions\/89063"}],"wp:attachment":[{"href":"https:\/\/www.freiburg-schwarzwald.de\/blog\/wp-json\/wp\/v2\/media?parent=89061"}],"wp:term":[{"taxonomy":"category","embeddable":true,"href":"https:\/\/www.freiburg-schwarzwald.de\/blog\/wp-json\/wp\/v2\/categories?post=89061"},{"taxonomy":"post_tag","embeddable":true,"href":"https:\/\/www.freiburg-schwarzwald.de\/blog\/wp-json\/wp\/v2\/tags?post=89061"}],"curies":[{"name":"wp","href":"https:\/\/api.w.org\/{rel}","templated":true}]}}