{"id":88993,"date":"2021-03-21T14:26:09","date_gmt":"2021-03-21T13:26:09","guid":{"rendered":"https:\/\/www.freiburg-schwarzwald.de\/blog\/?p=88993"},"modified":"2021-03-26T07:51:25","modified_gmt":"2021-03-26T06:51:25","slug":"medien-contra-corona-demos","status":"publish","type":"post","link":"https:\/\/www.freiburg-schwarzwald.de\/blog\/medien-contra-corona-demos\/","title":{"rendered":"Medien contra Corona-Demos"},"content":{"rendered":"<p>Am 20.3.2021 kamen in Kassel \u00fcber 20.000 Menschen zu <a href=\"https:\/\/www.freiburg-schwarzwald.de\/blog\/business\/gesund\/corona-virus\/corona-demo\/\">Corona-Protesten<\/a> zusammen. <a href=\"http:\/\/demonstrationsr\">Friedlich<\/a>,\u00a0wie ein Volksfest, deeskalierende <a href=\"https:\/\/www.freiburg-schwarzwald.de\/blog\/selbsthilfe\/soziales\/justiz\/polizei\/polizeibeamte\/\">Polizei<\/a>, keine Verletzte (s.u.). Entgegen dieser von Hunderten von Videos und Teilnehmerberichten bewiesenen Realit\u00e4t<br \/>\n<a href=\"https:\/\/www.youtube.com\/watch?v=dBAB3c61Ok4\">https:\/\/www.youtube.com\/watch?v=dBAB3c61Ok4<\/a> <!--more-->.<br \/>\nverbreiten die <a href=\"https:\/\/www.freiburg-schwarzwald.de\/blog\/kultur\/medien\/mainstream\/\">Medien<\/a> &#8211; Bild, SZ, Welt, Spiegel, Faz, taz, Focus, Zeit, Regionalzeitungen, ARD, ZDF, DLF &#8211; ein Bild von Krawallen und Gewalt. Wenn die BILD-Zeitung die \u00fcber 20.000 Demonstranten als generell &#8222;Randale-Mob&#8220; bezeichnet, dann ist das <a href=\"https:\/\/www.freiburg-schwarzwald.de\/blog\/kultur\/medien\/luegenpresse\/\">L\u00fcge<\/a> und <a href=\"https:\/\/www.freiburg-schwarzwald.de\/blog\/kultur\/medien\/manipulation\/\">Manipulation<\/a>.<br \/>\n.<br \/>\nDoch die grunds\u00e4tzliche Frage greift weiter: Warum sind die <a href=\"https:\/\/www.freiburg-schwarzwald.de\/blog\/medien-einseitige-vierte-gewalt\/\">Medien als 4. Macht<\/a> in unserem demokratischen <a href=\"https:\/\/www.freiburg-schwarzwald.de\/blog\/selbsthilfe\/soziales\/justiz\/rechtsstaat\/\">Rechtsstaat<\/a> seit 2015 (?) mehr und mehr dazu \u00fcbergegangen, \u00fcber jegliche Opposition an der Regierungsarbeit falsch zu berichten?<br \/>\nWarum die Desinformation der Gesellschaft, da\u00df oppositionelle Kritiker generell gewaltt\u00e4tig und staatszersetzend seien?<br \/>\nDie vielen B\u00fcrger, die am Samstagabend die TV-Nachrichten im Heute-ZDF oder bei der ARD gesehen und am Sonntag die Zeitung gelesen haben, sind der Meinung, in Kassel seien \u00fcber 20.000 Krawallmacher und Randalierer unterwegs gewesen, um unsere freiheitlich-demokratische Grundordnung zu zerst\u00f6ren. Dient das dem <a href=\"https:\/\/www.freiburg-schwarzwald.de\/blog\/global\/deutschland\/consent-of-the-governed\/\">Consent of the Governded<\/a>? Was bezwecken die Mainstream-Medien mit der Verbreitung einer solchen Unwahrheit?<br \/>\nWarum melden die deutschen Medien nicht voller Stolz, da\u00df unsere <a href=\"https:\/\/www.freiburg-schwarzwald.de\/blog\/demokratie-gewaltenteilung\/\">Demokratie<\/a> doch gut funktioniert, wenn in Kassel 20.000 B\u00fcrger breit sind, auf die Stra\u00dfe zu gehen und f\u00fcr ihre Meinung zu demonstrieren? Opposition geh\u00f6rt doch zum Wesen der Demokratie. <a href=\"https:\/\/www.freiburg-schwarzwald.de\/blog\/demokratie-braucht-opposition\/\">Ohne Opposition<\/a> wird aus dem demokratischen irgendwann mal ein <a href=\"https:\/\/www.freiburg-schwarzwald.de\/blog\/engagement\/zukunft\/demokratie\/totalitarismus\/\">totalit\u00e4rer Staat<\/a>. <em><strong>Wem ist gedient, wenn es keine Opposition mehr gibt bzw. wenn diese schweigt und zur <a href=\"https:\/\/www.freiburg-schwarzwald.de\/blog\/global\/deutschland\/schweigen\/\">schweigenden Mehrheit<\/a> wird?<br \/>\n<\/strong><\/em>\u00a0.<br \/>\nFungieren die Medien nun nicht mehr als Kontrolleure der Regierung, sondern als deren Propagandisten? Oder haben die vierte und die erste Macht im Rechtsstaat gar die Seiten gewechselt &#8211; Medien als Antreiber, also als dominierende Macht in einem polit-medialen Komplex?<br \/>\n.<br \/>\nNimmt man in Frankreich an einer Demonstration teil, dann wird man zun\u00e4chst als Demokrat wahrgenommen &#8211; sei es als Landwirte (&#8222;paysons en route&#8220;), als finanziell verzweifelte Familienv\u00e4ter (<a href=\"https:\/\/www.freiburg-schwarzwald.de\/blog\/global\/eu\/gelbwesten\/\">Gilets jaunes<\/a>, Gelbwesten), also verarmte Studenten,&#8230; Weder von der Gesellschaft noch den Medien gibt es ein Vorverurteilung im Sinne von &#8222;Demonstrant = Staatsverr\u00e4ter&#8220;. Was nat\u00fcrlich eine Parteinahme f\u00fcr die eine oder die andere Seite nicht ausschlie\u00dft. Anders in D: Hier gilt der Gehorsam des <a href=\"https:\/\/www.freiburg-schwarzwald.de\/blog\/global\/deutschland\/gesellschaft\/untertan\/\">Untertan<\/a>, welcher sich der jeweiligen Exekutive aufgrund deren alternativloser Politik kritiklos andient und darin von den Medien unterst\u00fctzt werden mu\u00df.<br \/>\n.<br \/>\nWenn B\u00fcrger &#8211; wie zuletzt in Kassel 20.3.2021, <a href=\"https:\/\/www.freiburg-schwarzwald.de\/blog\/leipzig-7-11-20-friedliche-demo\/\">Leipzig 7.11.2020<\/a>, <a href=\"https:\/\/www.freiburg-schwarzwald.de\/blog\/engagement\/zukunft\/demokratie\/berlin-demo29-8-2020\/\">Berlin 29.8.2020<\/a> &#8211; nicht mehr friedlich <a href=\"https:\/\/www.freiburg-schwarzwald.de\/blog\/demonstrationsrecht-ade\/\">demonstrieren<\/a> d\u00fcrfen, k\u00f6nnen oder wollen, dann hat die freiheitlich demokratische Grundordnung ausgedient. Dann sind wir endlich in der <a href=\"https:\/\/www.freiburg-schwarzwald.de\/blog\/engagement\/zukunft\/demokratie\/post-demokratie\/\">Post-Demokratie<\/a> angelangt, in der alle einer Meinung sind.<br \/>\n21.3.2021<br \/>\n.<br \/>\n<strong>Polizeipr\u00e4sidium Nordhessen &#8211; Kassel<\/strong><br \/>\n<strong>POL-KS: Vorl\u00e4ufige Bilanz zu den heutigen Versammlungslagen in Kassel<\/strong><br \/>\nEtwa 20.000 Personen hielten sich am heutigen Samstag im Kontext der Versammlungslagen im gesamten Stadtgebiet auf &#8230;<br \/>\nNach derzeitigem Kenntnisstand sind der Polizei bei allen Beteiligten heute bislang keine ernsthaften Verletzungen bekannt geworden.<br \/>\n&#8230; Alles vom 20.3.2021 bitte lesen auf<br \/>\n<a href=\"https:\/\/www.presseportal.de\/blaulicht\/pm\/44143\/4869133\">https:\/\/www.presseportal.de\/blaulicht\/pm\/44143\/4869133<\/a><\/p>\n<p>.<\/p>\n<p><strong>Nena auf Instagram: &#8222;Dank Kassel&#8220;<\/strong><br \/>\n\u201eDanke Kassel\u201c: Mit diesen Worten ist ein Video auf dem Instagram-Kanal von Pop-S\u00e4ngerin Nena, 60, \u00fcberschrieben, das offensichtlich auf die umstrittene Demonstration gegen Corona-Auflagen am vergangenen Samstag abzielt.<br \/>\n<a href=\"https:\/\/www.instagram.com\/nena_official\/\">https:\/\/www.instagram.com\/nena_official\/<\/a><br \/>\nDer Clip zeigt im Zeitraffer eine demonstrierende Menge und ist mit einem wei\u00dfen Herz und dem Datum der Demonstration, \u201e20.03.2021\u201c, versehen.<br \/>\n&#8230; Alles vom 24.3.2021 bitte lesen auf <a href=\"https:\/\/www.welt.de\/vermischtes\/article229028483\/Nena-auf-Instagram-nach-Anti-Corona-Demo-Danke-Kassel.html?wtrid=socialmedia.socialflow....socialflow_twitter\">https:\/\/www.welt.de\/vermischtes\/article229028483\/Nena-auf-Instagram-nach-Anti-Corona-Demo-Danke-Kassel.html?wtrid=socialmedia.socialflow&#8230;.socialflow_twitter<\/a><\/p>\n<p>&nbsp;<\/p>\n<p>.<br \/>\n<strong>Der Kessel von Kassel \u2013 wie es auf der Demo wirklich war<\/strong><br \/>\n<a href=\"https:\/\/www.youtube.com\/watch?v=dBAB3c61Ok4\">https:\/\/www.youtube.com\/watch?v=dBAB3c61Ok4<\/a><br \/>\nSiebeneinhalb Stunden habe ich gestern im Livestream die Kundgebungen in Kassel verfolgt. Ich wurde von Antifa-Gegendemonstranten t\u00e4tlich angegriffen, erlebte brutale Festnahmen, sprach mit sehr interessanten Menschen \u2013 Gegnern und Bef\u00fcrwortern der Corona-Ma\u00dfnahmen.<br \/>\nIch habe das Interessanteste aus dem Livestream und Aufnahmen, die ich bisher noch nicht ver\u00f6ffentlicht habe, f\u00fcr Sie zusammengeschnitten \u2013 und hoffe, Ihnen ein Bild von dem vermitteln zu k\u00f6nnen, was gestern in Kassel geschah. Ohne jeden Anspruch auf Vollst\u00e4ndigkeit und eine \u201eWahrheit\u201c, da ich selbstverst\u00e4ndlich als Einzelner nur einen geringen Teil des Geschehens mit eigenen Augen verfolgen konnte. Sehen Sie sich hier das Video an und auch den Angriff gegen mich. Bislang habe ich dar\u00fcber in den gro\u00dfen Medien bis auf eine Ausnahme im Tagesspiegel nichts gelesen. In vielen war von mehreren \u00dcbergriffen auf Journalisten die Rede \u2013 aber so, dass alles im Vagen bleibt und bei vielen Lesern h\u00e4ngen bleibt, die Gewalt sei ausschlie\u00dflich von den Corona-Demonstranten ausgegangen.<br \/>\nDirektlink zum Video: <a href=\"https:\/\/www.youtube.com\/watch?v=dBAB3c61Ok4\">https:\/\/www.youtube.com\/watch?v=dBAB3c61Ok4<\/a><br \/>\n&#8230; Alles vom 21.3.2021 bitte lesen auf<br \/>\n<a href=\"https:\/\/reitschuster.de\/post\/der-kessel-von-kassel-wie-es-auf-der-demo-wirklich-war\/\">https:\/\/reitschuster.de\/post\/der-kessel-von-kassel-wie-es-auf-der-demo-wirklich-war\/<\/a><br \/>\n.<br \/>\n<a href=\"https:\/\/youtu.be\/CslgGHFNqOU\">https:\/\/youtu.be\/CslgGHFNqOU<\/a><br \/>\n.<br \/>\nEinige Kommentare:<br \/>\n<strong>Passen Sie auf sich auf, Herr Reitschuster!<\/strong><br \/>\nEs ist das gleiche Spiel wie immer, seit Jahren bekannt von den Pegida-Demos. Man erkennt haargenau, dass sich am System Merkel mit den gekauften und kontrollierten Medien und den ausgeschickten n\u00fctzlichen Idioten der Antifa als gelenkter Stiefeltruppe der Oppositionsbek\u00e4mpfung nichts ge\u00e4ndert hat, ganz im Gegenteil. Mein Rat an diese sich am Regime anwanzenden Schleimschreiber: Wenn ihr nicht L\u00fcgenpresse genannt werden wollt, dann h\u00f6rt doch einfach auf zu l\u00fcgen!<br \/>\nIch bef\u00fcrchte, dass dieses Jahr endg\u00fcltig der Bruch mit den letzten Resten des demokratischen Rechtsstaates vollzogen wird. Es wird ein politisch hei\u00dfes Jahr und ich traue mich inzwischen wetten, dass auch die n\u00e4chste Neujahrsansprache wieder Merkel halten wird. Die geht nicht aus dem Kanzlerpalast, die wird einmal herausgetragen werden m\u00fcssen. Und bis dahin wird es f\u00fcr Nicht-Herdentiere noch sehr ungem\u00fctlich werden. Ich bef\u00fcrchte, es ist nur noch eine Frage der Zeit, bis es eskaliert und es auf diesen Demos Schwerverletzte und Tote gibt.<br \/>\nPassen Sie auf sich auf, Herr Reitschuster! Ihr Name wurde von Hetzpostillen wie der S\u00fcddeutschen f\u00fcr ihre linksradikalen Botschaftsempf\u00e4nger als Ziel markiert und die zu Hass und Gewalt aufgepeitschten Stiefeltruppen Merkels kennen keine Grenzen. Ich bef\u00fcrchte, Ihre Sicherheit ist inzwischen in Deutschland mehr gef\u00e4hrdet, als sie in Russland jemals war\u2026<br \/>\n21.3.2021, Frag, RO<br \/>\n.<br \/>\n<strong>&#8230; nichts anderes gewesen als ein Volksfest &#8211; ohne Verletzte<\/strong><br \/>\nIch wei\u00df es nicht aus Sicht der Polizei zu deuten, aber f\u00fcr mich liest es sich, als w\u00e4re das nichts anderes gewesen, als ein Volksfest \u2026. Nach derzeitigem Kenntnisstand sind der Polizei bei allen Beteiligten heute bislang keine ernsthaften Verletzungen bekannt geworden.<br \/>\n<a href=\"https:\/\/www.presseportal.de\/blaulicht\/pm\/44143\/4869133\">https:\/\/www.presseportal.de\/blaulicht\/pm\/44143\/4869133<\/a><br \/>\nAlso nicht mal bei der Polizei, die man mit Flaschen beworfen haben soll, dem Pressemann der MSM, oder den mit Kn\u00fcppeln angegangenen Demonstranten. Erstaunlich \u2026 waren dann wohl Fehlw\u00fcrfe und Streicheleinheiten \u2026<br \/>\n21.3.2021, Dan<\/p>\n<p><strong>&#8230; die Masse der B\u00fcrger ist zu bequem<\/strong><br \/>\nIch frage mich, wie man \u00fcberhaupt dazu kommt, solche Geschichten zu schreiben, nachdem jeder in der Lage ist, sich vom Gegenteil zu \u00fcberzeugen, Dank der vielen freiwilligen Berichterstatter mit ungeschnittenen Livestreams. Ein Grund k\u00f6nnte noch darin liegen, dass leider die Masse zu bequem ist und sich durch fertig zurechtgeschnittenen Kurzbeitr\u00e4gen informiert.<br \/>\nEbenso d\u00fcrfte das der Grund sein, warum die Pandemie-L\u00fcge immer noch funktioniert, die gelieferten Schockzahlen reichen aus, die Leute in der Masse hinterfragen nicht, sondern nehmen es einfach zum Anlass, andere Menschen die Schuld daf\u00fcr zu geben.<br \/>\n21.3.2021, D.D.<br \/>\n.<br \/>\n<strong>Das System h\u00e4tte ohne die Unterst\u00fctzung der MSM geendet<\/strong><br \/>\nF\u00fcr mich ist es eher zweitrangig warum die sogenannten Leitmedien so berichten wie sie es tun, aber dadurch das sie so berichten tragen sie die Hauptschuld daran, das es in diesem Land so weit hat kommen k\u00f6nnen. Das System h\u00e4tte ohne die Unterst\u00fctzung der MSM keine drei Monate ihre menschenverachtenden Ma\u00dfnahmen aufrecht erhalten k\u00f6nnen und die erw\u00fcnschte Spaltung der Gesellschaft w\u00e4re nie so tief geworden wie wir sie jetzt leider erleben. Die vierte Gewalt hat v\u00f6llig versagt und das werde ich ihnen niemals verzeihen k\u00f6nnen!<br \/>\n21.3.2021,F.G.<br \/>\n.<br \/>\n<strong>Die vierte Gewalt ist sp\u00e4testens seit der Finanzkrise 2008<\/strong><br \/>\nvollst\u00e4ndig finanziellen und politischen M\u00e4chten unterworfen. Es ist f\u00fcr mich eher erschreckend, dass es erst 2021 einer signifikanten Masse auff\u00e4llt. Bis es eine Mehrheit merkt, k\u00f6nnte vielleicht noch ein halbes Jahrzehnt dauern. Oder vielleicht nie. Ich mache mir da keine Hoffnungen mehr.<br \/>\n21.3.2021,spa<br \/>\n.<br \/>\n<strong>Respekt, Herr Reitschuster!<\/strong><br \/>\nAber empfinden Sie es nicht mittlerweile auch als absurd, da\u00df Sie in der deutschen \u00d6ffentlichkeit fast Kultstatus erreicht haben, weil Sie genau das tun, was ich (und Sie sicher auch) von allen Journalisten mit etwas Berufsethos erwarten w\u00fcrde? Aber es sind ja auch absurde Zeiten.<br \/>\nMich wundert es tats\u00e4chlich, dass Herr Reitschuster noch nicht so richtig von den MSM angegangen wurde. Ich kann nur hoffen, dass es so bleibt.<br \/>\n21.3.2021, Ge<br \/>\n.<br \/>\n<strong>Lieber Herr Reitschuster, vielen Dank f\u00fcr Ihre Berichte;<\/strong><br \/>\nals ich heute mittag zuerst die DLF-Nachrichten geh\u00f6rt hatte, danach einen RT-Stream mit einem friedlichen Demonstrationszug mit ein paar Regenbogen- und Friedenstauben-Flaggen, ohne jedes SchwarzWei\u00dfRot gesehen habe, war klar, da\u00df die Redaktion beim Hetzsender DLF wieder einmal ins Paralleluniversum abgedriftet sein mu\u00df. Die gewaltsame Unterbrechung Ihres Livestreams durch Schwarzbekappte f\u00e4llt dann sicher unter \u201eRangelei mit Gegendemonstranten\u201c \u2013 so wurde es gemeldet.<br \/>\nLassen Sie sich nicht unterkriegen!<br \/>\n21.3.2021,Ulr<br \/>\n.<br \/>\n<strong>Sie wollen es nicht begreifen. Schreibt die Bild.<\/strong><br \/>\nDass die Corona-Diktatur alternativlos sei ? Ist sie eben nicht. Die Menschen wollen Freiheit statt Angst und Gesundheit statt genetischer Therapeutika, die sie uns in die Arme jagen wollen.<br \/>\nDer gewaltt\u00e4tige Mob vom dem sie schreibt ? Dass m\u00fcssen wohl die \u201eJournalisten\u201c der Mainshitmedien sein, die mal wieder die Wahrheit vergewaltigen.<br \/>\nNichts was wir tun ist alternativlos. Denn selbst nichts zu tun w\u00e4re schon mal eine Alternative.<br \/>\n321.3.2021, H.D.<br \/>\n.<br \/>\n<strong>Ganz ehrlich, ich die gut 2500 km weit entfernt von Kassel wohne ,<\/strong><br \/>\nhabe nichts anderes erwartet von dem Mainstream , was dar\u00fcber berichtet werden wird , genau wie bei den letzten Demos auch. Meine Freundin aus Heidelberg war heute pers\u00f6nlich auch dort und was sie mir in K\u00fcrze berichtet hat, als sie schon im Zug zur\u00fcck nach Heidelberg sass, war das, wo sie war dass es dort ziemlich friedlich abgehen, ich habe auch geh\u00f6rt und gesehen, dass es einige Ausschreitungen gab, aber ich glaube das war wohl der kleinste Teil. Mittlerweile habe ich schon so viele Videos gesehen und da ging es absolut friedlich ab und jetzt k\u00f6nnen Sie sich darum streiten ob es 6000 Demonstranten waren oder \u00fcber 20.000 egal was in Kassel heute abgeben der Mainstream wird das glatte Gegenteil davon berichten egal was wirklich dort geschah<br \/>\n21.3.2021, Petra B.<br \/>\n.<br \/>\n<strong>Es ist erschreckend, wie sich die Wahrheits-Leugner<\/strong><br \/>\ndes \u00d6ffentlich-Rechtlichen Rundfunks der Stilmittel von Hass und Hetze bedienen m\u00fcssen, um ihr politisches Narrativ zu verbreiten. Ich habe allerdings den Eindruck, dass ihre Glaubw\u00fcrdigkeit immer mehr leidet.<br \/>\n21.3.2021, Mer<br \/>\n.<br \/>\n<strong>So viele normale Menschen &#8230;<\/strong><br \/>\nIch bin 53 Jahre auf dieser Planeten unterwegs und hatte noch nie eine Demo besucht, habe nie so den Sinn erkannt. Gestern war es anders! Wir sind nach Kassel gefahren. So viele normale Menschen, ohne Masken, ohne Stress, ohne Randale. Musik, Trillerpfeifen, Trommel, Sang, Tanz und einfach nur freundlich. Wenn ich sch\u00e4tzen darf waren es an die 100.000 (mag sein das ich mir das w\u00fcnsche) aber ich habe selten so viele Menschen zusammen gesehen. Menschen die uns aus Fenster ein Herzen gezeigt, die geklatscht haben. Klar gab es eine ganze Menge corona-j\u00fcnger die dann an der Stra\u00dfenrand mit Maske und Helm (Fahradfahrer die mit eine Maske durch die Gegend fahren, ich habe es nicht glauben k\u00f6nnen) deren gesamtes Weltbild zerst\u00f6rt wurde.<br \/>\nEine wundersch\u00f6ne Veranstaltung die meine Frau und mich Hoffnung gegeben haben. Hoffnung das wir nicht ganz ab vom Pfad laufen.<br \/>\nAuf den R\u00fcckweg noch eine Situation an eine Tankstelle (Total Autohof 34355 Staufenberg) erlebt. Ein junges Paar stand in die Tankstelle und durfte nicht bezahlen, weil die keine Maske getragen haben. Der junger mann hinter eine Plexiglasscheibe habe ich gefragt, ob das sein ernst sei, er sagte ich darf das nicht!! Genau dann gehorcht man nach strich und faden. Ich habe das M\u00e4del gefragt, ob die meine Maske so lange benutzen will, und das hat ihr gefreut, Sie hat bezahlen k\u00f6nnen, der Tankwirt war kaum in der Lage die Situation zu meistern denn sein gesamtes Weltbild wurde gest\u00f6rt, dachte er das er Sie schikanieren konnte, und dann nimmt die eine Maske vom Fremden. Draussen hat Sie mir die Maske wieder gegeben, und sagte Danke. Ich fragte noch, wart ihr auf der Demo, klar sagte Sie, ich sagte voller Stolz, ICH AUCH.<br \/>\nps. wenn ihr Rechtschreibfehler findet, d\u00fcrft ihr die behalten. Ich bin Holl\u00e4nder, Deutsch bleibt schwierig.<br \/>\n21.3.2021, Paul<br \/>\n.<br \/>\n<strong>Und wieder waren wir auf einer anderen Demo,<\/strong><br \/>\ndas ist uns jetzt bereits mehrfach passiert. In Berlin, Dresden, Leipzig, Erfurt und jetzt eben auch in Kassel. Hm? Was machen wir verkehrt? Wir lernen seit August in Berlin total viele interessante, denkende Menschen aus unterschiedlichsten Branchen und mit unterschiedlichsten backgrounds kennen. Das ist absolut bereichernd und w\u00e4re wahrscheinlich ohne die Demos so nie passiert. Erst gestern haben wir wieder unsere \u00fcbernachtungsg\u00e4ste vom 7.11.in Leipzig wiedergesehen in kassel.<br \/>\nEine Betreuungskraft,die mit Menschen mit geistiger Behinderung arbeitet und einer musiktherapeutin, die ebenfalls in einem Wohnheim f\u00fcr Menschen mit geistiger Behinderung arbeitet. Ja, alles rechtsradikaler randalierender Mob. Ich bin fassungslos \u00fcber die Schmierereien der MSM. Aber es hindert uns nicht daran, die n\u00e4chste Demo zu besuchen. Im Gegenteil, wir bringen neue aufgewachte Leute mit.<br \/>\n21.3.2021, Antje<br \/>\n.<br \/>\n<strong>&#8230; was in Deutschland gerade verlorengeht<\/strong><br \/>\nMeine Frau und ich sind ebenfalls von der Vielzahl und der Vielfalt der Menschen beeindruckt, die uns begegnet sind \u2013 alle friedlich, freundlich und \u2013 trotz der folgenreichen Willk\u00fcr-Politik \u2013 sogar fr\u00f6hlich.<br \/>\nEin junger Migrant hat bei einer Spontankundgebung auf dem Friedrichsplatz gesagt, dass die Gesellschaft f\u00fcr ihn ein Mosaik darstellt und in Kassel gerade alle Farben vertreten seien. Sein Auftritt, mit dem er aufgezeigt hat, was in Deutschland gerade verlorengeht, war sehr bewegend. Solche Leute mit Engagement und Emotionen fehlen heute in den Parlamenten!<br \/>\n21.3.2021, J.SCH., RO<br \/>\n.<br \/>\n<strong>Das f\u00fcnfte Rad am Wagen: Journalisten<\/strong><br \/>\nJournalisten \u2013 eine im wahrsten Wortsinne ehrenwerte Gesellschaft, keine Frage, sie gab es wirklich: eine wahrheitsliebende, recherchebeflissene, aufkl\u00e4rungsfreudige Spezies. Und was ist heute von der vierten Gewalt geblieben? Wenn\u2019s hoch kommt: das f\u00fcnfte Rad am Wagen. Der kleine aber feine Rest, der durchaus noch existiert, wenn auch lediglich nur in hom\u00f6opathischer Dosierung, k\u00f6nnte allenfalls nur per Artenschutzverordnung vor dem Dahinsiechen bewahrt werden. Apropos Recherche: Warum sich \u00fcberhaupt die M\u00fche machen, siehe, die Textbausteine sind doch zum Greifen nah. Pah, Jour(a)nalisten \u2013 das ist alles nur noch f\u00fcr den\u2026[Selbstzensur]<br \/>\n21.3.2021. H-B.<\/p>\n<p><strong>Ich war das erste Mal auf einer in freien Medien angek\u00fcndigten Demo<\/strong><br \/>\n(in \u00f6ffentlich wirksamen Medien bekam ich hierzu keine Informationen) gegen die ABSOLUT unverh\u00e4ltnism\u00e4\u00dfigen Ma\u00dfnahmen gegen einen Virus, der zwar in wenigen Einzelf\u00e4llen sehr gro\u00dfen Schaden anrichtet u. Menschen t\u00f6ten kann, der allerdings seit Jahrzehnten bereits existiert. Die wechselnden Informationen dar\u00fcber, ob und wie die Demo in Kassel nun stattzufinden habe, noch am selben Tag der Demo, vermittelte mir den Eindruck, dass die REGIERUNG DER STADT KASSEL alles tat, um das Recht auf Versammlungsfreiheit zu verbieten. Es macht mich fassungslos, dass es seit 1 Jahr sehr engagierte(!) Rechtsanw\u00e4lte braucht, um eine Demonstration anzumelden und durchzuf\u00fchren. An dieser Stelle ein ganz herzliches DANKE an die Veranstalter und Rechtsanw\u00e4lte der DEMOS gegen die Corona Ma\u00dfnahmen. Die Demo selbst konnte ich nat\u00fcrlich nicht g\u00e4nzlich \u00fcberblicken, aber ich habe sie als insgesamt friedlich (!) erlebt. Gewalt ging m. E. von der Antifa aus. So haben Sie z.B. eine Fahrradkette gebildet, um uns demonstrierenden (spazieren gehenden) Menschen an unserem Recht auf Meinungsfreiheit zu hindern. Ich betrachte es in dem Fall als Notwehr, wenn wir uns das Recht auf Fortsetzung unseres Spaziergangs genommen haben! Ich bin froh, dass Veranstalter und die Polizei alles unternommen haben, um dieser Aktion in Kassel einen friedlichen Verlauf zu erm\u00f6glichen!! Au\u00dferdem ein ganz herzliches Danke an Boris Reitschuster, der sich immer um einen sachlichen und wahrheitsgem\u00e4\u00dfen Journalismus bem\u00fcht!!!<br \/>\n21.3.2021, Marion E.<br \/>\n.<br \/>\n<strong>Nein, Herr Reitschuster Sie irren sich nicht!<\/strong><br \/>\nMeine Frau und ich waren ebenfalls auf der Demo (sowohl auf dem Friedrichsplatz als auch auf der Schwanenwiese) und haben es genau so erlebt, wie Sie beschreiben. Von der Darstellung in den gro\u00dfen Leitmedien und dem dort stattfindenden Framing sind wir entsetzt.<br \/>\n21.3.2021,Ron<\/p>\n<p>.<\/p>\n<p><strong>Corona-Proteste Kassel: Parallel-Realit\u00e4ten in den Medien<\/strong><br \/>\n<strong>Deeskalierende Polizei, eskalierende Presse<\/strong><br \/>\nFriedlich und ohne gr\u00f6\u00dfere Zwischenf\u00e4lle, Menschen aus der Mitte der Gesellschaft \u2013 das war mein Eindruck heute nach mehr als siebeneinhalb Stunden auf den Kundgebungen gegen die Corona-Ma\u00dfnahmen in Kassel. Ich habe mehrere Livestreams gemacht (anzusehen hier: https:\/\/reitschuster.de\/post\/corona-demo-in-kassel-nervenkrieg-bis-zur-letzten-minute\/) und schneide parallel ein Video, das in K\u00fcrze erscheint. Umso erstaunter war ich, als ich die Zusammenstellung der Berichte in den gro\u00dfen Medien las, die mir Ekaterina Quehl erstellt hat. Die gleichen Bl\u00e4tter, die regelm\u00e4\u00dfig gewaltt\u00e4tige Mobs in Innenst\u00e4dten als \u201eParty- oder Eventszene\u201c sch\u00f6nschreiben, sprechen nun von einem \u201eRandale-Mob\u201c wie etwa die Bild-Zeitung. Das ist eine bewusste Irref\u00fchrung der Leser. So kann man auch den Tenor in vielen anderen Medien bezeichnen \u2013 die zwar korrekt einzelne Fakten wiedergeben, aber durch deren Gewichtung das Geschehen des Tages, so wie ich es erlebt habe, geradezu pervertiert wird.<br \/>\n&#8230;<br \/>\nAuf gro\u00dfen Demonstrationen wird es leider immer Einzelne geben, die sich daneben verhalten. Wenn man nur lange genug sucht, wird man auch immer unsch\u00f6ne Szenen finden. Diese zu zeigen, ist legitim. Aber sie zum Leitmotiv zu machen, wenn sie nur leise Nebent\u00f6ne waren, ist Manipulation. Etwa, wenn die \u00f6ffentlich-rechtliche \u201eHessenschau\u201c ein Extra macht mit dem Titel: \u201eQuerdenker-Demo \u2013 Gewalt eskaliert\u201c. Viele, viele Tausend friedliche Demonstranten mal eben mit einem Sprach-Trick in der \u00dcberschrift als \u201eRandale-Mob\u201c zu diffamieren, ist unseri\u00f6s.<br \/>\n&#8230; Alles vom 20.3.2021 bitte lesen auf<br \/>\n<a href=\"https:\/\/reitschuster.de\/post\/corona-proteste-kassel-parallel-realitaeten-in-den-medien\/\">https:\/\/reitschuster.de\/post\/corona-proteste-kassel-parallel-realitaeten-in-den-medien\/<\/a><\/p>\n<p>.<\/p>\n<p><strong>Corona-Demos: Gr\u00fcne und Medien als Scharfmacher<\/strong><br \/>\nWeil ein generelles Verbot von \u00f6ffentlichen Kundgebungen selbst in Corona-Zeiten von den Gerichten regelm\u00e4\u00dfig gekippt wird, versuchen die Beh\u00f6rden nun offenbar, ihnen nicht genehme Veranstaltungen auf kaltem Weg mittels \u00fcberzogener und wenig praxisgerechter Auflagen zu verhindern. Medien und Gr\u00fcne fordern derweil Seit\u2018 an Seit\u2018 h\u00e4rteres Vorgehen gegen Demonstranten \u2013 die gleichen Leute also, die \u2013 wenn sie ihren Intentionen entspricht \u2013 jede Gewaltt\u00e4tigkeit kleinschreiben<br \/>\n&#8230;<br \/>\nDenn die aktuelle Praxis, die Zahl von Demonstranten bei Veranstaltungen gegen die Corona-Ma\u00dfnahmen auf l\u00e4cherliche 200, 300 oder 500 Teilnehmer zu begrenzen, l\u00e4uft in der Praxis fast automatisch darauf hinaus, dass die Polizei die Veranstaltung aufl\u00f6sen muss. Die angeblich dem Gesundheitsschutz dienenden H\u00f6chstzahlen laufen n\u00e4mlich dem Interesse eines Veranstalters, sein Anliegen f\u00fcr andere bestm\u00f6glich wahrnehmbar zu vertreten, diametral entgegen.<br \/>\n&#8230;<br \/>\nWeil ein generelles Verbot von \u00f6ffentlichen Kundgebungen selbst in Corona-Zeiten von den Gerichten regelm\u00e4\u00dfig gekippt wird, versuchen die Beh\u00f6rden nun offenbar, ihnen nicht genehme Veranstaltungen auf kaltem Weg mittels \u00fcberzogener und wenig praxisgerechter Auflagen zu verhindern.<br \/>\n&#8230; Alles vom 21.3.2021 von Georg Etscheit bitte lesen auf<br \/>\n<a href=\"https:\/\/www.achgut.com\/artikel\/corona_demos_gruene_und_medien_als_scharfmacher\">https:\/\/www.achgut.com\/artikel\/corona_demos_gruene_und_medien_als_scharfmacher<\/a><br \/>\n.<br \/>\nKommentare:<br \/>\n<strong>FFF und IS vorneweg marschieren lassen<\/strong><br \/>\nVor den Demonstranten sollten einfach ein paar b\u00e4rtige Teenager vorneweg marschieren lassen die IS-Fahnen schwenken und Allahhuakkbar pl\u00e4rren\u2026 Dann ist die Welt f\u00fcr die linksgr\u00fcnen Dumpfbacken und f\u00fcr die L\u00fcgen-, Hetz- und Hasspresse wieder in Ordnung<br \/>\n21.3.2021,W.N., AO<\/p>\n<p><strong>Schlimm, wie sich die Gr\u00fcnen zu einer reaktion\u00e4ren Law-and-Order-Partei<\/strong><br \/>\nentwickelt haben. Als Ur-Gr\u00fcner der ersten Stunde in Hamburg (Bunte Liste wehrt Euch) kann ich mich nur noch frustriert und angewidert von den zu Gr\u00fcnen Khmer mutierten naiven Weltverbesserern abwenden.<br \/>\n21.3.2021, Manfred B\u00fchring, AO<br \/>\n.<br \/>\n<strong>Hier die ersten 10 Ergebnisse auf das Suchwort \u201cQuerdenker\u201d bei Google<\/strong><br \/>\num ca. 9.00 Uhr am Sonntag den 21.03.2021 inklusive ihrer Seitenbeschreibungen ( Meta Texte ) :<br \/>\n01 Der Tagesspiegel \u201d Corona-Demo in Kassel eskaliert. \u201eQuerdenker\u201c gehen auf Polizei los &#8230;.. \u201c<br \/>\n02 WELT \u201d Kritik nach \u201eQuerdenker\u201c Demo in Kassel: \u201eZur\u00fcckweichen des Staates\u201d<br \/>\n03 t-online: \u201e Massive Kritik an Polizei nach eskalierter \u201cQuerdenker\u201d &#8211; Demo.<br \/>\n04 NTV: Trotz Verbots, mit Gewalt: \u201eQuerdenker\u201c \u00fcberrennen Kassels Innenstadt.<br \/>\n05 Neue Z\u00fcricher Zeitung: &lt;&lt;Querdenken&gt;&gt; -Demo: schwere Ausschreitungen in Kassel.<br \/>\n06 BILD: Kassel: \u201eQuerdenken\u201c &#8211; Demo &#8211; Polizei stoppt Randale-Mop.<br \/>\n07 FOCUS: Kassel: Massive Ausschreitungen bei \u201cQuerdenken\u201d -Demo.<br \/>\n08 EXPRESS.de: Querdenken- Demo in Kassel eskaliert: Massive Pr\u00fcgeleien mit der Polizei. 09 RND: 20.000 auf Corona Demo in Kassel. Querdenker liefern sich Auseinandersetzungen mit &#8230;.<br \/>\n10 RTL.de: Corona-Demo in Kassel: Polizei schie\u00dft mit Wasserwerfern auf \u201cQuerdenken\u201c-Mop &#8230;..<br \/>\nMeta Texte sind Seitenbeschreibungen, die nicht direkt im Text lesbar sind. Sie sind quasi eine \u00dcberschrift, die eine Suchmaschine als Inhaltshinweis liest und zum sortieren verwendet. Es handelt sich hier um eine Art Kurzfassung des Inhalts, die im Ergebnislink als Stichwort zu lesen ist. Der interessierte \u00dcberflieger und Kurzleser wird in der Auff\u00fchrung der Ergebnisse 01 &#8211; 10 beim Suchen nach dem Thema \u201c Querdenker \u201d den Eindruck einer chaotischen, gewaltbereiten Querdenkergemeinschaft gewinnen.<br \/>\n21.3.2021, P.K.<br \/>\n.<br \/>\n<strong>Ja, Kassel war eine echte Demonstration,<\/strong><br \/>\nwas es heisst, wenn friedliche Menschen auf die Strasse gehen um ihre l\u00e4ngst nicht mehr zu rechtfertigenden Einschr\u00e4nkungen kund zu tun.<br \/>\nEin durchmischtes Volk in fast jeder Altersklasse, friedlich, immer den Dialog mit der Polizei zu suchen und keine Eskalationen von Seiten der Demonstranten zuzulassen, auch nicht wenn diese von der Antifa kamen. So funktioniert das und hoffentlich macht das Schule in hundertfachem Ausmass.<br \/>\nEs darf nicht mehr ignoriert werden und es handelt sich, zumindest auf Seite der Demonstranten nicht um Spinner. Diese sind wohl jene, welche diese irre Politik machen und noch mittragen. Es wird fr\u00fcher oder sp\u00e4ter dazu kommen, dass sich einige von ihnen f\u00fcr diese Willk\u00fcr vor Gericht zu verantworten haben. Auch vor dem Gericht f\u00fcr Menschenrechte, vor Allem bei Kindern und auch bei alten, die so oder so schon genug M\u00fche haben, genug Luft zu bekommen.<br \/>\nIch bin hoch erfreut, dass es diesmal viel gr\u00f6sser war und noch friedlicher! Man kann sich das auf uncut.ch gerne ansehen und zwar nicht nur von Kassel, auch Paris, London Wien und der Schweiz.<br \/>\n21.3.2021, B.SCH<br \/>\n.<br \/>\n<strong>WHO wirbt mit Corona f\u00fcr WEF und Klima<\/strong><br \/>\nWHO, 21.08.\u201820: \u201cWir werden nicht, wir k\u00f6nnen nicht zu dem zur\u00fcckkehren, wie die Dinge waren. Die COVID-19 Pandemie hat neue Impulse gegeben, die Antworten auf den Klimawandel zu beschleunigen.\u201d &#8211; &#8211; &#8211;<br \/>\nDamit griff die WHO die zuvor vom WEF ausgegebene Marschrichtung auf. Das hei\u00dft, alle die derzeitigen Ma\u00dfnahmen: \u201cGr\u00fcne und Medien als Scharfmacher\u201d, sind lediglich der Aufgalopp zur l\u00e4ngst schon beschlossenen und detailliert ausgearbeiteten \u2018Normalisierung\u2019 der Staaten Nordamerikas und Westeuropas, entsprechend den Anordnungen der CCP und ihres Marketing Direktors, Klaus Schwab vom WEF. &#8211; &#8211; &#8211;<br \/>\nWer keine Angst vor der Wirklichkeit hat und die Sprache der Heimt\u00fccke ertragen kann, gebe in die Adresszeile und klicke sodann auf den ersten Eintrag vom 25.01.\u201821 &gt; WEF: President Xi Jinping calls for global co-operation against Covid-19<br \/>\n21.3.2021, H.U.<br \/>\nEnde Kommentare<\/p>\n<p>.<br \/>\n.<\/p>\n<p><strong>\u201cSuper Stimmung, sehr, sehr sch\u00f6n\u2026\u201d <\/strong><br \/>\n<strong>vergleichen Sie das mit der Medienberichterstattung \u00fcber Kassel<\/strong><br \/>\nZehntausende Menschen haben heute \u00fcberall in Europa gegen die Corona-Einschr\u00e4nkungen demonstriert. 20.000 waren es allein in Kassel.<br \/>\nEinge der Leser dieses Blogs waren dort, und wir hatten immer wieder telefonischen Kontakt. Alle berichteten, nachdem sich die Demo um 12 Uhr in Bewegung gesetzt hatte, von einen lockeren, fast heiteren Atmosph\u00e4re. Sch\u00f6nes Wetter, vergleichsweise wenig Polizei vor Ort, was aber der Stimmung durchaus zutr\u00e4glich war.<br \/>\nDie Stadt Kassel wollte den Aufzug verbieten, ein Gericht hob das Verbot wieder auf. Alltag inzwischen in Deutschland.<br \/>\nEs war eigentlich alles friedlich, bis eine Gruppe junger M\u00e4nner aus der linken Szene \u2013 es gab kleine Gegendemonstrationen \u2013 den Berliner Journalisten Boris Reitschuster entdeckten, ihn bedr\u00e4ngten, ihm sein Smarthphone entrissen und damit Reitschusters Livestream zeitweise unterbrachen. Wohlgemerkt: Der Angriff kam nicht von Querdenkern oder Rechten, sondern eindeutig von linken Wirrk\u00f6pfen, die ein gest\u00f6rtes Verh\u00e4ltnis zu unserer Rechtsordnung haben, in der jeder B\u00fcrger erstmal denken, sagen und auch verbreiten darf, was er oder sie will.<br \/>\n.<br \/>\nDie Rangeleien zwischen Polizei und einigen Krawallmachern, die jetzt \u00fcberall in den gro\u00dfen Medien zu sehen sind, waren in Wirklichkeit eine \u201cv\u00f6llige Randerscheinung\u201d, wie mir eine Teilnehmerin aus Kassel ihre Eindr\u00fccke schilderte. Sie sagte: \u201cWar \u2018ne super Stimmung, war sehr, sehr sch\u00f6n \u2013 viele gute Leute getroffen.\u201d Die wenigen Rangeleien seien ausschlie\u00dflich von linken Antifa-Aktivisten ausgegangen \u2013 \u201cein winziger Teil\u201d, wie es diese Informantin erz\u00e4hlte, die den ganzen Tag vor Ort gewesen ist.<br \/>\n&#8230; Alles vom 21.3.2020 bitte lesen auf<br \/>\n<a href=\"https:\/\/denken-erwuenscht.com\/super-stimmung-sehr-sehr-schoen-vergleichen-sie-das-mit-der-medienberichterstattung-ueber-kassel\/\">https:\/\/denken-erwuenscht.com\/super-stimmung-sehr-sehr-schoen-vergleichen-sie-das-mit-der-medienberichterstattung-ueber-kassel\/<\/a><br \/>\n.<br \/>\nEinige Kommentare:<br \/>\n<strong>Wie tief ist diese Gesellschaft gesunken.<\/strong><br \/>\nEine Linke, die traditionell eher systemkritisch eingestellt war, versammelt sich sch\u00fctzend und verteidigend vor der Regierung und Staatsmacht. Militante Linke greifen die Protestbewegung aktiv an und die \u00fcberwiegend linken Systemmedien verdrehen die Tatsachen durch unausgewogene Berichte. Um mit gutem Gewissen in den Spiegel zu blicken, kann ich nur noch das System mit allen legalen Mitteln torpedieren.<br \/>\n21.3.2021, Que, KO<br \/>\n.<br \/>\n<strong>Wechsel hin zu einer paternalistisch\/repressiven Gesellschaft:<\/strong><br \/>\nDer gr\u00f6\u00dfte Teil der \u201eMedienschaffenden\u201c WILL den politischen Wechsel hin zu einer paternalistisch\/repressiven Gesellschaft, wie er nicht besser im aktuellen Wahlkampfprogramm der Gr\u00fcnen beschrieben ist.<br \/>\nDARUM wird \u00fcber Kassel so berichtet, wie die meisten Medien berichten.<br \/>\nEs l\u00e4uft inzwischen, wie in den USA eine \u201eVerschw\u00f6rung zum Guten\u201c (New York Times berichtete dazu). Dort ging es vordergr\u00fcndig gegen Trump. In Wahrheit gegen das klassische B\u00fcrgertum.<br \/>\nBei uns ist es nicht anders: die Muster der orchestrierten Einflussnahme sind auf allen Ebenen der Gesellschaft sichtbar. Es \u201est\u00f6ren\u201c da nur noch:<br \/>\n\u2013 AfD<br \/>\n\u2013 Werteunion<br \/>\n\u2013 Journalisten wie Sie werter Herr Kelle oder Boris Reitschuster u.a.<br \/>\n\u2013 Freie Denker wie Cora Stephan, Vera Lengsfeld u.a.<br \/>\n\u2013 Medien wie TE, Achgut, JF und weitere Blogs,<br \/>\nDie vorstehend genannten werden systematisch in verschiedensten Formen bewusst attackiert und gezielt diskreditiert. Insgesamt l\u00e4uft ein konzertierter Angriff auf das B\u00fcrgertum in Deutschland. Die Linke in all ihren Erscheinungsformen h\u00e4lt offenbar die Zeit gekommen, dass klassische B\u00fcrgertum Sturmreif zu schiessen. Diese Linke gibt sich als \u201eEngel des Lichts\u201c und ist doch nichts anderes als die \u00dcberbringerin abgrundtiefer gesellschaftlicher Dunkelheit. Sie ist \u2013 ich wei\u00df, es ist hart \u2013 der politisch\/gesellschaftlicher Feind, der keine Gefangenen machen wird. Es wird auch keinerlei Fairness den verbliebenen B\u00fcrgerlichen gegen\u00fcber nach ihren politischen Sieg zu erwarten sein (man schaue in die USA)<br \/>\nDarum lohnt alles Anstrengung.<br \/>\n21.3.2021, Joh<br \/>\n.<br \/>\n<strong>Man muss ihnen nur ordentlich in die Suppe spucken,<\/strong><br \/>\ndie sie gerade einr\u00fchren, dass ihnen diese selber nicht mehr schmeckt.<br \/>\nAuf YouTube kann man verfolgen, wie ein Herr P\u00f6tschke, seines Zeichens Fachinformatiker, t\u00e4glich die Zahlen des RKI auseinander nimmt. Kanal: 4466hp, sehr aufschlussreich, leider noch viel zu wenig wahrgenommen.<br \/>\nZus\u00e4tzlich kann man den Coronaausschuss 44 auf YT verfolgen, wo P\u00f6tschke dem Anwaltsteam seine Vorgehensweise und Erkenntnisse referiert. Es riecht f\u00f6rmlich nach Betrug und Korruption.<br \/>\nAnsonsten kann man traumwandlerisch dem chinesischen System entgegen taumeln, das gerade installiert wird. Stichwort Total\u00fcberwachung und \u201cBonussystem\u201d, zu sehen auf YT bei \u201cDrBlockchain\u201d vom 19.03.2021, Titel: \u201cAb Juni ben\u00f6tigst DU einen EU Konformit\u00e4tsnachweis\u201d. So hei\u00dft der gr\u00fcne digitale \u201cImpfausweis\u201d. Man ist alarmiert und Markus G\u00e4rtner hat auf seinem Kanal \u201cPrivatinvestor Spezial\u201d kreidebleich davon berichtet.<br \/>\nWas die Antifa soll? Nun links war urspr\u00fcnglich mal die Freiheitsbewegung und rechts die reaktion\u00e4re Bourgeoise. Das hat sich wohl gerade umgekehrt. Antifa ist der militante Arm des neomarxistischen Totalitarismus. Anders kann man das nicht sehen. Und die Reaktionen der SPD zu den Kundgebungen in Kassel sprechen B\u00e4nde!<br \/>\n21.3.2021, A.D.<br \/>\n.<br \/>\n<strong>Die Bilder bei ARD und ZDF waren eindeutig.<\/strong><br \/>\nDie Zeitung mit den vier Buchstaben schreibt \u201eSie lernen es einfach nicht\u201c und meint die Coronaleugner\/ Maskenverweigerer. Da uns mittlerweile aber fast allen klar sein d\u00fcrfte, da\u00df<br \/>\n1. die Medien, insbesondere die \u00d6R, NICHT, und zwar in KEINSTER Weise, objektiv oder neutral berichten, die Polizei aber nichts sagen darf, au\u00dfer der offiziellen Stellungnahmen der Pressesprecher, die politisch \u201eabgesegnet\u201c sind,<br \/>\n2. wir uns im \u201eSuperwahljahr\u201c befinden und daher ALLES Wahlkampf ist,<br \/>\n3. es schon seit ewiger Zeit die \u201eagents provocateurs\u201c gibt,<br \/>\n4. Linke, Gr\u00fcne, Sozis UND Union alles, was nicht links-gr\u00fcn und \u201eAntifa\u201c-orientiert ist, versuchen, zu isolieren, in die rechte, braune Schmuddelecke zu stellen,<br \/>\n5. der Verfassungsschutz von der Regierung instrumentalisiert wird, um unliebsame Partei(en ? ) zu diskreditieren, mit allen Mitteln,<br \/>\n6. die Landtagswahlen vom vergangenen Sonntag speziell der CDU mehr als nur wehgetan haben<br \/>\ndarf der nachdenkliche, nicht alles abnickende B\u00fcrger ( die B\u00fcrgerin und das B\u00fcrger ebenfalls ) sich schon ein paar Gedanken \u00fcber die Vorg\u00e4nge in diesem Land, die eingeschlagene Richtung UNSERER \u201eDemokratie\u201c sowie \u00fcber die wirtschaftliche und allgemeine Lage und Zukunft UNSERES Landes machen. Inzwischen haben wir die \u201edritte Welle\u201c, die, wie man liest, Lockdownma\u00dfnahmen bis in den April hinein \u201eerforderlich\u201c macht. &#8222;Noch eine kurze Anstrengung, dann haben wir es Weihnachten \u00fcberstanden\u201c. IN WELCHEM JAHR ?!?!?!<br \/>\n21.3.2021, H.K.<br \/>\nEnde Kommentare<\/p>\n<p>.<\/p>\n<p><strong>\u201cRandale-Mob\u201d: Medien framen Kasseler Demo zum Gewalt-Protest<\/strong><br \/>\nDie gro\u00dfen Medien st\u00fcrzen sich auf die Zusammenst\u00f6\u00dfe zwischen Demonstranten und der Polizei. Doch laut einer Mitteilung der Polizei gab es \u201ckeine ernsthaften Verletzungen\u201d und die allermeisten Teilnehmer waren friedlich.<br \/>\n&#8230; Alles vom 21.3.2021 bitte lesen auf<br \/>\n<a href=\"https:\/\/www.tichyseinblick.de\/daili-es-sentials\/randale-mob-medien-framen-kasseler-demo-zum-gewalt-protest\/\">https:\/\/www.tichyseinblick.de\/daili-es-sentials\/randale-mob-medien-framen-kasseler-demo-zum-gewalt-protest\/<\/a><br \/>\n.<br \/>\n<strong>Die Medien messen sogar mit absoluter Sicherheit mit <a href=\"https:\/\/www.freiburg-schwarzwald.de\/blog\/global\/deutschland\/moral2015\/doppelmoral\/\">zweierlei Ma\u00df<\/a><\/strong><br \/>\nVergangene Woche fand in Alzey eine Demo der Friday For Future-Kinder statt. Marsch durch die Innenstadt, eng beieinander, ohne Masken. In der Regionalzeitung wurde das sehr wohlwollend kommentiert und das Recht der Future-Kinder auf ihre Demo ausdr\u00fccklich betont.<br \/>\nW\u00e4ren das Demonstranten gegen die Corona-Ma\u00dfnahmen gewesen, w\u00e4ren Begriffe wie Coronaleugner, Rechtsradikale, Nazis gefallen. 90% der Medienleute sind links\/gr\u00fcne Aktivisten, die f\u00fcr sich selbst entscheiden, was gut und richtig oder schlecht und falsch ist. Recht und Gesetz spielt dabei keine Rolle mehr\u2026\u2026.<br \/>\n21.3.2021, K.W., TO<\/p>\n<p>&nbsp;<\/p>\n","protected":false},"excerpt":{"rendered":"<p>Am 20.3.2021 kamen in Kassel \u00fcber 20.000 Menschen zu Corona-Protesten zusammen. Friedlich,\u00a0wie ein Volksfest, deeskalierende Polizei, keine Verletzte (s.u.). Entgegen dieser von Hunderten von Videos und Teilnehmerberichten bewiesenen Realit\u00e4t https:\/\/www.youtube.com\/watch?v=dBAB3c61Ok4<\/p>\n","protected":false},"author":2,"featured_media":0,"comment_status":"open","ping_status":"closed","sticky":false,"template":"","format":"standard","meta":{"footnotes":""},"categories":[355,36,158,13,80,157,172],"tags":[281,325,633,686,631],"class_list":["post-88993","post","type-post","status-publish","format-standard","hentry","category-buergerinitiativen","category-engagement","category-gesund","category-kultur","category-medien","category-oeffentlicher-raum","category-zukunft","tag-burgerinitiativen","tag-demo","tag-demokratie","tag-frei","tag-staat"],"_links":{"self":[{"href":"https:\/\/www.freiburg-schwarzwald.de\/blog\/wp-json\/wp\/v2\/posts\/88993","targetHints":{"allow":["GET"]}}],"collection":[{"href":"https:\/\/www.freiburg-schwarzwald.de\/blog\/wp-json\/wp\/v2\/posts"}],"about":[{"href":"https:\/\/www.freiburg-schwarzwald.de\/blog\/wp-json\/wp\/v2\/types\/post"}],"author":[{"embeddable":true,"href":"https:\/\/www.freiburg-schwarzwald.de\/blog\/wp-json\/wp\/v2\/users\/2"}],"replies":[{"embeddable":true,"href":"https:\/\/www.freiburg-schwarzwald.de\/blog\/wp-json\/wp\/v2\/comments?post=88993"}],"version-history":[{"count":5,"href":"https:\/\/www.freiburg-schwarzwald.de\/blog\/wp-json\/wp\/v2\/posts\/88993\/revisions"}],"predecessor-version":[{"id":89129,"href":"https:\/\/www.freiburg-schwarzwald.de\/blog\/wp-json\/wp\/v2\/posts\/88993\/revisions\/89129"}],"wp:attachment":[{"href":"https:\/\/www.freiburg-schwarzwald.de\/blog\/wp-json\/wp\/v2\/media?parent=88993"}],"wp:term":[{"taxonomy":"category","embeddable":true,"href":"https:\/\/www.freiburg-schwarzwald.de\/blog\/wp-json\/wp\/v2\/categories?post=88993"},{"taxonomy":"post_tag","embeddable":true,"href":"https:\/\/www.freiburg-schwarzwald.de\/blog\/wp-json\/wp\/v2\/tags?post=88993"}],"curies":[{"name":"wp","href":"https:\/\/api.w.org\/{rel}","templated":true}]}}