{"id":88895,"date":"2021-03-18T17:01:17","date_gmt":"2021-03-18T16:01:17","guid":{"rendered":"https:\/\/www.freiburg-schwarzwald.de\/blog\/?p=88895"},"modified":"2021-03-18T17:26:13","modified_gmt":"2021-03-18T16:26:13","slug":"intoleranz-religion-ideologie","status":"publish","type":"post","link":"https:\/\/www.freiburg-schwarzwald.de\/blog\/intoleranz-religion-ideologie\/","title":{"rendered":"Intoleranz &#8211; Religion Ideologie"},"content":{"rendered":"<p><a href=\"https:\/\/www.freiburg-schwarzwald.de\/blog\/engagement\/zukunft\/demokratie\/toleranz\/\">Intoleranz<\/a> gegen Personen, die eine <a href=\"https:\/\/www.freiburg-schwarzwald.de\/blog\/kultur\/medien\/meinungsfreiheit\/eigene-meinung\/\">&#8222;abweichende Meinung&#8220;<\/a> vertreten, trifft besonders hart die Mitglieder der eigenen Gruppe aus <a href=\"https:\/\/www.freiburg-schwarzwald.de\/blog\/religion\/religion-privatsache\/\">Religion<\/a>, <a href=\"https:\/\/www.freiburg-schwarzwald.de\/blog\/engagement\/zukunft\/ideologie\/\">Ideologie<\/a>, <a href=\"https:\/\/www.freiburg-schwarzwald.de\/blog\/engagement\/zukunft\/demokratie\/parteienstaat\/\">Partei<\/a>, <a href=\"https:\/\/www.freiburg-schwarzwald.de\/blog\/bildung\/hochschulen\/universitaet\/\">Studium<\/a>, &#8230; Neu: Die andere Meinung will nicht diskutieren, sondern erst gar nicht h\u00f6ren. <a href=\"https:\/\/www.freiburg-schwarzwald.de\/blog\/engagement\/zukunft\/demokratie\/debatte\/\">Meinungsstreit<\/a>, <a href=\"https:\/\/www.freiburg-schwarzwald.de\/blog\/kultur\/medien\/diskussionskultur\/\">Diskussion<\/a> und <a href=\"https:\/\/www.freiburg-schwarzwald.de\/blog\/kultur\/aufklaerung\/kant\/\">Argumentieren<\/a> werden nicht <a href=\"https:\/\/www.freiburg-schwarzwald.de\/blog\/gesellschaft-offen-und-tolerant\/\">toleriert<\/a>.<!--more--><br \/>\nDer Moraltheologe <a href=\"https:\/\/www.freiburg-schwarzwald.de\/blog\/religion\/evangelisch\/luther500\/\">Eugen Drewermann<\/a> mu\u00dfte eine jahrelange Leidenszeit \u00fcber sich ergehen lassen, bis er von der <a href=\"https:\/\/www.freiburg-schwarzwald.de\/blog\/religion\/katholisch\/\">katholischen Kirche<\/a> exkommuniziert wurde. Dem Schweizer Karl K\u00fcng (Weltethos) entzog der Vatikan 1979 erst die universit\u00e4re Lehrbefugnis &#8211; nach zerm\u00fcrbenden Disputen.<br \/>\n.<br \/>\nIn einem sind sich die vielen Str\u00f6mungen des <a href=\"https:\/\/www.freiburg-schwarzwald.de\/blog\/religion\/islam\/saekularer-islam\/\">Islam<\/a> einig: Muslime als Glaubenskritiker werden gnadenlos verfolgt (<a href=\"https:\/\/www.freiburg-schwarzwald.de\/blog\/religion\/islam\/islam-fatwa\/\">Fatwa<\/a>, Mord, Terror). Der Ex-Muslimbruder <a href=\"https:\/\/www.freiburg-schwarzwald.de\/blog\/religion\/islam\/abdel-samad\/\">Hamed Abdel-Samad<\/a> kann in Deutschland nur unter st\u00e4ndigem Polizeischutz weiterleben. Im Islam sozialisierte Frauen wie <a href=\"https:\/\/www.freiburg-schwarzwald.de\/blog\/religion\/islam\/ates\/\">Seyran Ates<\/a>, <a href=\"https:\/\/www.freiburg-schwarzwald.de\/blog\/religion\/islam\/kelek\/\">Nekla Kelek<\/a> und <a href=\"https:\/\/www.freiburg-schwarzwald.de\/blog\/kultur\/kulturrevolution\/\">Ayaan Hirsi Ali<\/a> leben in st\u00e4ndiger Bedrohung vor Muslimen.<br \/>\n.<br \/>\nDie <a href=\"https:\/\/www.freiburg-schwarzwald.de\/blog\/engagement\/zukunft\/demokratie\/links\/\">politische Linke<\/a> zelebriert eine strenge Intoleranz nach dem Muster &#8222;Noch Linkere gegen Linke&#8220;: <a href=\"https:\/\/www.freiburg-schwarzwald.de\/blog\/global\/globalisierung\/sozialismusangst\/\">Sahra Wagenknecht<\/a> wurde aus dem Vorstand der Linken ausgesto\u00dfen, da sie \u00fcber ihre Bewegung &#8222;Aufstehen&#8220; der eigenen Partei Intoleranz und Arroganz vorwarf: \u201eWer nicht f\u00fcr mich ist, ist kein Andersdenkender, sondern ein schlechter Mensch. Das ist ein typisches Herangehen des linksliberalen Milieus.&#8220;<br \/>\n<a href=\"https:\/\/www.freiburg-schwarzwald.de\/blog\/identitaetspolitik-spaltet-unser-d\/\">Wolfgang Thierse<\/a>, grundsolider Links-SPD-ler, warnt seine Genossen, <a href=\"https:\/\/www.freiburg-schwarzwald.de\/blog\/engagement\/zukunft\/demokratie\/identitaetspolitik\/\">Identit\u00e4tspolitik<\/a> d\u00fcrfe nicht zum Grabenkampf werden, der den Gemeinsinn zerst\u00f6re: \u201eDer Zusammenhalt einer Nation ist wichtiger als die Befindlichkeit einzelner gesellschaftlicher Gruppen und Minorit\u00e4ten.&#8220; Worauf ein Shitstorm der Neu-Linken um Esken und K\u00fchnert losbricht bis hin zur Forderung nach einem Austritt von Thierse aus der <a href=\"https:\/\/www.freiburg-schwarzwald.de\/blog\/vereine\/partei\/spd\/\">SPD<\/a>.<br \/>\n.<br \/>\n<a href=\"https:\/\/www.freiburg-schwarzwald.de\/blog\/vereine\/partei\/gruene\/palmer\/\">Boris Palmer<\/a> (Gr\u00fcne) wurde ebenfalls der Parteiaustritt nahegelegt, nachdem er als OB von T\u00fcbingen Probleme von Migration und Corona durch eine pragmatisch realistische Politik erfolgreich l\u00f6st. Grund: Kritik an gr\u00fcner Migrations- und lockdown-basierter Coronapolitik sind nicht tolerabel.<br \/>\n<a href=\"https:\/\/www.freiburg-schwarzwald.de\/blog\/selbsthilfe\/frauen\/gender\/\">Gender Studies<\/a> betrachten die Universit\u00e4t als &#8222;safe space&#8220;: die Bewahrung vor anderen, nicht-linken Meinungen wird den Studierenden durch strenge Intoleranz bzw. Ignorieren garantiert.<br \/>\n.<br \/>\nSogar die <a href=\"https:\/\/www.freiburg-schwarzwald.de\/blog\/kultur\/kulturverlust\/woke\/\">Woke<\/a> als neue linke Glaubenslehre nach der Devise <em>&#8222;sei wach, richte \u00fcber andere und f\u00fchle dich gut dabei&#8220;<\/em> geht erbarmungslos gegen Anti-Woker in den eigenen Reihen vor: No tolerance &#8211; die Opfer agieren gegen die Opfer.<br \/>\nSo viel Intoleranz aus religi\u00f6sen, ideologischen, parteipolitischen und mainstream-gem\u00e4\u00dfen Gr\u00fcnden erschreckt &#8211; in Weg zur\u00fcck die Zeit vor dem &#8222;<a href=\"https:\/\/www.freiburg-schwarzwald.de\/blog\/kultur\/aufklaerung\/kant\/\">sapere aude<\/a>&#8222;, vor der <a href=\"https:\/\/www.freiburg-schwarzwald.de\/blog\/kultur\/aufklaerung\/\">Aufkl\u00e4rung<\/a>?<br \/>\n17.3.2021<br \/>\n.<\/p>\n<p><strong>Schwachsinnssystem Gender Studies<\/strong><br \/>\nDas \u00fcbliche Prinzip, das Individuum v\u00f6llig zu ignorieren und zu negieren und nur die Kollektive zu sehen. Deshalb schmei\u00dfen sie auch so gerne Grundrechte \u00fcber Bord: Weil der Nichterfolg des Einzelnen nicht dessen Problem sein kann, weil er als Individuum nicht existiert und damit gar kein Problem haben kann. Es wird nach Kollektiven und Quoten abgerechnet. &#8230;<br \/>\n<em><strong>Gender Studies als Studium f\u00fcr Lebensversager,<br \/>\num das Lebensversagen zum Beruf zu machen.<\/strong><\/em><br \/>\nAlles vom 18.3.2021 bitte lesen auf<br \/>\n<a href=\"https:\/\/www.danisch.de\/blog\/2021\/03\/18\/schwachsinnssystem-gender-studies\/\">https:\/\/www.danisch.de\/blog\/2021\/03\/18\/schwachsinnssystem-gender-studies\/<\/a><br \/>\n.<br \/>\n.<br \/>\n<strong>Studium Gender Studies: \u201eWir sind alle Opfer hier\u201c<\/strong><br \/>\n<a href=\"https:\/\/www.freiburg-schwarzwald.de\/blog\/identitaetspolitik-spaltet-unser-d\/\">Anna Schneider<\/a> hat ein Semester lang Gender Studies an der Universit\u00e4t Wien studiert und kann der dort gelebten Opfermentalit\u00e4t wenig abgewinnen. Was dabei zu kurz kommt: Reflexion, um die es eigentlich gehen sollte.<br \/>\n&#8230;<br \/>\n&#8222;Studenten als Schneeflocken \u2013 volatil und schutzbed\u00fcrftig. Triggerwarnungen vor Texten, die Traumata ausl\u00f6sen oder an solche erinnern k\u00f6nnten. &#8230; Immer mehr Studenten fordern, vor ihnen unliebsamen Meinungen gesch\u00fctzt zu werden, &#8230; die Bewahrung vor anderen Meinungen. Das verhindert allerdings die wissenschaftliche Auseinandersetzung mit einem Fachgebiet. Eine Universit\u00e4t ist kein safe space und Unwohlsein keine Gefahr, aber das sieht man innerhalb der Gender Studies anders.&#8220;<br \/>\n&#8230; Alles vom 22.11.2019 von Anna Schneider bitte lesen auf<br \/>\n<a href=\"https:\/\/www.addendum.org\/news\/opferstudium\/\">https:\/\/www.addendum.org\/news\/opferstudium\/<\/a><\/p>\n<p>Sahra Wagenknecht wirft Linken \u201eIntoleranz\u201d vor<br \/>\nDie Linken-Politikerin Sahra Wagenknecht ist die \u201eselbstgerechte Attit\u00fcde\u201d vieler Linker leid. Sie wirft dem linken Milieu eine anma\u00dfende Grundhaltung vor.<br \/>\nWeiter sagte die Politikerin, die sich dieses Jahr erneut um ein Bundestagsmandat f\u00fcr ihre Partei bewirbt, \u00fcber die Geisteshaltung vieler Linker: \u201eWer nicht f\u00fcr mich ist, ist kein Andersdenkender, sondern ein schlechter Mensch. Das ist ein typisches Herangehen des linksliberalen Milieus: Wer f\u00fcr eine Begrenzung von Zuwanderung ist, ist ein Rassist. Wer CO2-Steuern kritisiert, ein Klimaleugner. Und wer die Schlie\u00dfung von Schulen, Restaurants und Fitnessstudios nicht f\u00fcr richtig h\u00e4lt, ein \u2018Covidiot\u2019.\u201c<br \/>\n&#8230;<br \/>\n\u201eIm Mittelpunkt unserer Politik m\u00fcssen soziale Themen stehen, nicht Sprachverrenkungen und Lifestyle-Fragen.&#8220;<br \/>\n&#8222;Es mu\u00df erlaubt sein, wenn man feststelle, dass es in Deutschland ein Problem mit dem radikalen Islam gibt. Auch die Feststellung, dass es kaum m\u00f6glich ist, eine Schulklasse zu unterrichten, in der H\u00e4lfte der Kinder kein Deutsch sprechen, mache noch niemanden zum Rassisten.&#8220;<br \/>\n&#8230; Alles vom 1.2.2021 bitte lesen auf<br \/>\nhttps:\/\/www.nordkurier.de\/politik-und-wirtschaft\/sahra-wagenknecht-wirft-linken-intoleranz-vor-0142272802.html<\/p>\n","protected":false},"excerpt":{"rendered":"<p>Intoleranz gegen Personen, die eine &#8222;abweichende Meinung&#8220; vertreten, trifft besonders hart die Mitglieder der eigenen Gruppe aus Religion, Ideologie, Partei, Studium, &#8230; Neu: Die andere Meinung will nicht diskutieren, sondern erst gar nicht h\u00f6ren. Meinungsstreit, Diskussion und Argumentieren werden nicht &hellip; <a href=\"https:\/\/www.freiburg-schwarzwald.de\/blog\/intoleranz-religion-ideologie\/\">Weiterlesen <span class=\"meta-nav\">&rarr;<\/span><\/a><\/p>\n","protected":false},"author":2,"featured_media":0,"comment_status":"open","ping_status":"closed","sticky":false,"template":"","format":"standard","meta":{"footnotes":""},"categories":[18,36,267,162,261,13,80,157,19],"tags":[71,749,682,94,503,690],"class_list":["post-88895","post","type-post","status-publish","format-standard","hentry","category-bildung","category-engagement","category-hochschulen","category-internet","category-katholisch","category-kultur","category-medien","category-oeffentlicher-raum","category-religion","tag-burgerentscheid","tag-diskussionskultur","tag-freiheit","tag-gemeinnuetzig","tag-church","tag-shitstorm"],"_links":{"self":[{"href":"https:\/\/www.freiburg-schwarzwald.de\/blog\/wp-json\/wp\/v2\/posts\/88895","targetHints":{"allow":["GET"]}}],"collection":[{"href":"https:\/\/www.freiburg-schwarzwald.de\/blog\/wp-json\/wp\/v2\/posts"}],"about":[{"href":"https:\/\/www.freiburg-schwarzwald.de\/blog\/wp-json\/wp\/v2\/types\/post"}],"author":[{"embeddable":true,"href":"https:\/\/www.freiburg-schwarzwald.de\/blog\/wp-json\/wp\/v2\/users\/2"}],"replies":[{"embeddable":true,"href":"https:\/\/www.freiburg-schwarzwald.de\/blog\/wp-json\/wp\/v2\/comments?post=88895"}],"version-history":[{"count":4,"href":"https:\/\/www.freiburg-schwarzwald.de\/blog\/wp-json\/wp\/v2\/posts\/88895\/revisions"}],"predecessor-version":[{"id":88899,"href":"https:\/\/www.freiburg-schwarzwald.de\/blog\/wp-json\/wp\/v2\/posts\/88895\/revisions\/88899"}],"wp:attachment":[{"href":"https:\/\/www.freiburg-schwarzwald.de\/blog\/wp-json\/wp\/v2\/media?parent=88895"}],"wp:term":[{"taxonomy":"category","embeddable":true,"href":"https:\/\/www.freiburg-schwarzwald.de\/blog\/wp-json\/wp\/v2\/categories?post=88895"},{"taxonomy":"post_tag","embeddable":true,"href":"https:\/\/www.freiburg-schwarzwald.de\/blog\/wp-json\/wp\/v2\/tags?post=88895"}],"curies":[{"name":"wp","href":"https:\/\/api.w.org\/{rel}","templated":true}]}}