{"id":8887,"date":"2012-08-09T18:23:57","date_gmt":"2012-08-09T16:23:57","guid":{"rendered":"https:\/\/www.freiburg-schwarzwald.de\/blog\/?p=8887"},"modified":"2012-08-09T18:57:08","modified_gmt":"2012-08-09T16:57:08","slug":"fahrradfreundlichste-arbeitgeber-gesucht","status":"publish","type":"post","link":"https:\/\/www.freiburg-schwarzwald.de\/blog\/fahrradfreundlichste-arbeitgeber-gesucht\/","title":{"rendered":"Fahrradfreundlichste Arbeitgeber gesucht"},"content":{"rendered":"<p>Noch bis zum 31. August 2012 k\u00f6nnen sich Unternehmen, Beh\u00f6rden und andere Einrichtungen f\u00fcr den Wettbewerb &#8222;Die fahrradfreundlichsten Arbeitgeber&#8220; anmelden. Zum dritten Mal sucht der Bundesdeutsche\u00a0Arbeitskreis f\u00fcr Umweltbewusstes Management (B.A.U.M.) deutsche Betriebe, welche die <a title=\"Biken\" href=\"https:\/\/www.freiburg-schwarzwald.de\/blog\/sport\/sportlern\/biken\/\">Fahrradnutzung<\/a> ihrer Mitarbeiter\/-innen f\u00f6rdern. Die Bewertungskriterien, die \u00fcber einen Online-Fragebogen ermittelt werden, umfassen sowohl Grunds\u00e4tze und Organisation der\u00a0 Fahrradbef\u00f6rderung wie auch die Infrastruktur f\u00fcr das <a title=\"Radfahren\" href=\"https:\/\/www.freiburg-schwarzwald.de\/blog\/regio\/verkehr\/radfahren\/\">Fahrradfahren<\/a>,\u00a0Motivation der Mitarbeiter zum Radeln und weitere Angebote und\u00a0 Service f\u00fcr Radfahrer.<br \/>\n<a href=\"https:\/\/www.fahrrad-fit.de\/\">https:\/\/www.fahrrad-fit.de\/<\/a><\/p>\n","protected":false},"excerpt":{"rendered":"<p>Noch bis zum 31. August 2012 k\u00f6nnen sich Unternehmen, Beh\u00f6rden und andere Einrichtungen f\u00fcr den Wettbewerb &#8222;Die fahrradfreundlichsten Arbeitgeber&#8220; anmelden. Zum dritten Mal sucht der Bundesdeutsche\u00a0Arbeitskreis f\u00fcr Umweltbewusstes Management (B.A.U.M.) deutsche Betriebe, welche die Fahrradnutzung ihrer Mitarbeiter\/-innen f\u00f6rdern. Die Bewertungskriterien, &hellip; <a href=\"https:\/\/www.freiburg-schwarzwald.de\/blog\/fahrradfreundlichste-arbeitgeber-gesucht\/\">Weiterlesen <span class=\"meta-nav\">&rarr;<\/span><\/a><\/p>\n","protected":false},"author":4,"featured_media":0,"comment_status":"closed","ping_status":"closed","sticky":false,"template":"","format":"standard","meta":{"footnotes":""},"categories":[4,24,118],"tags":[113],"class_list":["post-8887","post","type-post","status-publish","format-standard","hentry","category-branchen","category-industrie","category-verkehr","tag-fahrrad"],"_links":{"self":[{"href":"https:\/\/www.freiburg-schwarzwald.de\/blog\/wp-json\/wp\/v2\/posts\/8887","targetHints":{"allow":["GET"]}}],"collection":[{"href":"https:\/\/www.freiburg-schwarzwald.de\/blog\/wp-json\/wp\/v2\/posts"}],"about":[{"href":"https:\/\/www.freiburg-schwarzwald.de\/blog\/wp-json\/wp\/v2\/types\/post"}],"author":[{"embeddable":true,"href":"https:\/\/www.freiburg-schwarzwald.de\/blog\/wp-json\/wp\/v2\/users\/4"}],"replies":[{"embeddable":true,"href":"https:\/\/www.freiburg-schwarzwald.de\/blog\/wp-json\/wp\/v2\/comments?post=8887"}],"version-history":[{"count":0,"href":"https:\/\/www.freiburg-schwarzwald.de\/blog\/wp-json\/wp\/v2\/posts\/8887\/revisions"}],"wp:attachment":[{"href":"https:\/\/www.freiburg-schwarzwald.de\/blog\/wp-json\/wp\/v2\/media?parent=8887"}],"wp:term":[{"taxonomy":"category","embeddable":true,"href":"https:\/\/www.freiburg-schwarzwald.de\/blog\/wp-json\/wp\/v2\/categories?post=8887"},{"taxonomy":"post_tag","embeddable":true,"href":"https:\/\/www.freiburg-schwarzwald.de\/blog\/wp-json\/wp\/v2\/tags?post=8887"}],"curies":[{"name":"wp","href":"https:\/\/api.w.org\/{rel}","templated":true}]}}