{"id":88648,"date":"2021-03-09T10:12:12","date_gmt":"2021-03-09T09:12:12","guid":{"rendered":"https:\/\/www.freiburg-schwarzwald.de\/blog\/?p=88648"},"modified":"2021-03-09T10:29:45","modified_gmt":"2021-03-09T09:29:45","slug":"weltfrauentag-schweiz-freiheit","status":"publish","type":"post","link":"https:\/\/www.freiburg-schwarzwald.de\/blog\/weltfrauentag-schweiz-freiheit\/","title":{"rendered":"Weltfrauentag: Schweiz Freiheit"},"content":{"rendered":"<p>P\u00fcnktlich zum Internationalen Weltfrauentag als dem &#8222;Tag des Freiheit der Frau&#8220; verbietet auch die <a href=\"https:\/\/www.freiburg-schwarzwald.de\/blog\/global\/schweiz\/\">Schweiz<\/a> per Volksentscheid <a href=\"https:\/\/www.freiburg-schwarzwald.de\/blog\/religion\/islam\/islam-deutschland\/\">muslimischen<\/a> Frauen die <a href=\"https:\/\/www.freiburg-schwarzwald.de\/blog\/religion\/islam\/verschleierung\/\">Verschleierung<\/a> mit <a href=\"https:\/\/www.freiburg-schwarzwald.de\/blog\/vollverschleierungsverbot-nein\/\">Nikab<\/a> oder <a href=\"https:\/\/www.freiburg-schwarzwald.de\/blog\/maedchenverschleierung\/\">Burka<\/a> im <a href=\"https:\/\/www.freiburg-schwarzwald.de\/blog\/kultur\/oeffentlicher-raum\/\">\u00f6ffentlichen Raum<\/a> und folgt damit EU-L\u00e4ndern wie Frankreich, \u00d6sterreich, Belgien, Polen, Bulgarien, D\u00e4nemark, Tschechien, Niederlande. <!--more-->Ein Votum gegen den religi\u00f6s verordneten Unterwerfungszwang der <a href=\"https:\/\/www.freiburg-schwarzwald.de\/blog\/global\/integration\/muslime\/\">Frau<\/a>, ein Votum f\u00fcr die <a href=\"https:\/\/www.freiburg-schwarzwald.de\/blog\/selbsthilfe\/frauen\/frauen-freiheit\/\">Freiheit der Frau<\/a>.<br \/>\n.<br \/>\nDie Schweizer Medien respektieren und begr\u00fc\u00dfen die Volksabstimmung: &#8222;Ein Zeichen gegen den \u00abpolitischen Islam\u00bb&#8220; (NZZ), &#8222;Triumph von Burka-Initiative und Freiheit&#8220; (Weltwoche), &#8222;Ja zum Verh\u00fcllungsverbot&#8220; (Tagesspiegel), &#8222;Schweizer Stimmvolk sagt &#8222;Ja&#8220; (Blick), &#8222;Frauen-Freiheit first&#8220; (Swissinfo).<br \/>\nDie links-dominierten Medien in Deutschland hingegen tun sich schwer mit diesem Wahlresultat der <a href=\"https:\/\/www.freiburg-schwarzwald.de\/blog\/engagement\/zukunft\/demokratie\/direkte-demokratie\/\">direkten Demokratie<\/a>. Im Handelsblatt war gar zu lesen, <em>\u201eein rechtskonservativer Verein in der Schweiz\u201c<\/em> habe gesiegt &#8211; das Schweizer Wahlvolk als der Souver\u00e4n wird vom deutschen Mainstream als &#8218;<em>Verein&#8216;<\/em> ver\u00e4chtlich gemacht.<br \/>\n.<br \/>\nAuch am &#8222;Weltfrauentag\u201c wartet man vergebens auf den <a href=\"https:\/\/www.freiburg-schwarzwald.de\/blog\/selbsthilfe\/frauen\/frauenproteste\/\">Protest von Links<\/a> gegen die <a href=\"https:\/\/www.freiburg-schwarzwald.de\/blog\/religion\/islam\/verschleierung\/\">Stoffgef\u00e4ngnisse<\/a>, mit denen Frauen unterjocht werden. Denn f\u00fcr den modern-linken Feminismus sind Burka und Nikab Vorkehrungen zum Schutz der Frauen, welche ihnen erst ein selbstbestimmtes Leben in Freiheit erm\u00f6glichen w\u00fcrden. Einerseits verteidigen sie ein anachronistisches Instrument der Frauenunterdr\u00fcckung, welches diese in anonyme, dem Mann hinterhertrottende, sklaven\u00e4hnlich gehaltene Wesen verwandelt. Anderseits jedoch sind das sind die gleichen Gazetten, die zum Weltfrauentag die Ungleichbehandlung der eigenen (nicht-muslimischen) Frauen in unseren westlichen Zivilisationen beklagen.<br \/>\n.<br \/>\nDer niederl\u00e4ndische Integrationsforscher Ruud Koopmans (Humboldt-Universit\u00e4t Berlin) hat sich \u00fcber deutsche Reaktionen auf die Schweizer Volksabstimmung zum Vollverschleierungsverbot lustig gemacht. Sein Tweet:<br \/>\n.<br \/>\n<em>Ruud Koopmans, @Ruud_Koop_mans <\/em><br \/>\n<em>Hilfe! Deutschland ist von Nazis engekesselt.<br \/>\nDie Niederlande, Belgien und Frankreich hatten schon ein Burkaverbot,<br \/>\nnun auch die Schweiz. D\u00e4nemark, \u00d6sterreich, Polen und Tschechien<br \/>\nsind so m\u00f6glich noch rechtsextremer.<br \/>\nSchon wieder muss am deutschen Wesen die Welt genesen<\/em><br \/>\n<em>10:21 nachm. \u00b7 7. M\u00e4rz 2021\u00b7Twitter<br \/>\n<\/em>\u00a0.<br \/>\n\u201eAm deutschen Wesen soll die Welt genesen\u201c &#8211; mit dieser altbekannten Parole hat Koopmans die heutige <a href=\"https:\/\/www.freiburg-schwarzwald.de\/blog\/engagement\/arroganz\/\">Arroganz<\/a> unserer hypermoralisierenden links-gr\u00fcnen Eliten in Medien, Hochschulen, NGOs, Kirchen und Politik treffsicher und bissig beschrieben. Wir sind die Guten und umgeben von B\u00f6sen, die heutzutage Nazis hei\u00dfen. Diese Selbst\u00fcbersch\u00e4tzung erinnert an b\u00f6se Zeiten. Kein Wunder, da\u00df Ruud Koopmans &#8211; obwohl international anerkannter Integrationsexperte &#8211; schon seit langem nicht mehr in Talkshows von ARD oder ZDF zu sehen ist.<br \/>\n.<br \/>\nTERRE DES FEMMES nimmt den &#8222;Internationalen Frauentag am 8.3.2021&#8220; zum Anla\u00df, an die Unfreiheit und Unterdr\u00fcckung von Frauen zu erinnern: &#8222;XX Chromosomen sind ein Grund zu feiern. Zumindest heute! TERRE DES FEMMES feiert dieses Jahr sein 40-j\u00e4hriges Bestehen. Was mit Wut \u00fcber Menschenrechtsverletzungen an Frauen 1981 begann, wurde zur mutigen Bewegung, an der heute niemand mehr vorbei kommt. Als gr\u00f6\u00dfte Frauenrechtsorganisation Deutschlands wollen wir Ihnen heute, am 8. M\u00e4rz und anl\u00e4sslich des internationalen Frauentags, unsere neue Jubil\u00e4umskampagne vorstellen: XX #bornequal.&#8220; Lesen Sie dazu mehr unten.<br \/>\n9.3.2021<br \/>\n.<\/p>\n<p><strong>Westschweizer wollen keine Burkas. Sie wissen besser, was Islamisten anrichten k\u00f6nnen<\/strong><br \/>\nDas Erstaunlichste am Ja zum Verh\u00fcllungsverbot sind die Romands. Alle Kantone mit Ausnahme von Genf stimmten der Initiative zu. Sogar die notorischen Linksw\u00e4hler im Jura sagten Ja zum Anliegen aus Kreisen der SVP.<br \/>\nDas zeigt: W\u00e4hrend in der Deutschschweiz immer noch einige glauben, die Herausforderungen des Islamismus betr\u00e4fen nur die anderen, die Schweiz sei eine Insel der Gl\u00fcckseeligen, ist die Diskussion in der Westschweiz bei diesem Thema viel fortgeschrittener.<br \/>\nDas benachbarte Frankreich leidet seit Jahren unter den m\u00f6rderischen Anschl\u00e4gen, die Terroristen im Namen des Propheten ausf\u00fchren. Berichte \u00fcber den islamistischen Terror dominieren im Hexagon seit vielen Jahren die Schlagzeilen. \u00abIn der Westschweiz bekommen die Menschen fast t\u00e4glich mit, was der radikale Islamismus anrichtet\u00bb, erkl\u00e4rte die Waadtl\u00e4nder FDP-Nationalr\u00e4tin Jacqueline de Quattro der Weltwoche vor einigen Wochen.<br \/>\nDeshalb fiel es vielen leichter ein Anliegen zu unterst\u00fctzen, das aus einer Ecke kommt, die viele sonst nicht favorisieren.<br \/>\n&#8230; Alles vom 8.3.2021 bitte lesen auf <a href=\"http:\/\/www.weltwoche.ch\">http:\/\/www.weltwoche.ch<\/a><br \/>\n.<br \/>\n.<br \/>\n<strong>Integrationsforscher Koopmans macht sich \u00fcber deutsche Reaktionen auf Schweizer Burkaverbot lustig<\/strong><br \/>\nIm offizi\u00f6sen Deutschland ist mal wieder das Entsetzen gro\u00df \u00fcber die Entscheidung eines Nachbarlandes, Burka und Nikab zu verbieten. Der niederl\u00e4ndische Integrationsforscher Ruud Koopmans antwortet darauf mit bei\u00dfendem Spott. &#8230;. In einem Tweet schrieb Koopmans, der an der Humboldt-Uni und am WZB in Berlin \u00fcber Integration forscht und mit einer gro\u00dfen Studie \u00fcber religi\u00f6sen Fundamentalismus bekannt wurde: \u201eHilfe, Deutschland ist von Nazis eingekesselt.\u201c<br \/>\n&#8230; Alles vom 8.3.2021 bitte lesen auf<br \/>\n<a href=\"https:\/\/www.tichyseinblick.de\/daili-es-sentials\/koopmans-burkaverbot\/\">https:\/\/www.tichyseinblick.de\/daili-es-sentials\/koopmans-burkaverbot\/<\/a><br \/>\n.<br \/>\nEinige Kommentare:<br \/>\n<strong>In Deutschland wird der fundamentale Islam aus zwei Gr\u00fcnden hofiert:<\/strong><br \/>\n1) Weil sein Gewaltpotential gezielt f\u00fcr einen gesellschaftlichen Umsturz der bestehenden Ordnung instrumentalisiert werden kann<br \/>\n2) Weil Araber sehr viel Geld haben und der Kunde nun einmal K\u00f6nig ist<br \/>\nPunkt 1 wird forciert von den Linksextremisten und Punkt 2 von denen, die nicht nur ihre Produkte, sondern auch ihre Seele verkaufen.<br \/>\n8.3.2021, R.P.<br \/>\n.<br \/>\n<strong>Schon auff\u00e4llig, da\u00df die Liste rechtslastiger \u201eSchurkenstaaten\u201c<\/strong><br \/>\naus Sicht der deutschen Machthabenden immer l\u00e4nger wird und zudem fast deckungsgleich mit der -fr\u00fcherer!- Freunde und Partner ist: so z.B. die USA (jetzt ein bi\u00dfchen weniger\u2026) und Gro\u00dfbritannien, Ungarn und Polen, \u00d6sterreich und D\u00e4nemark und die Schweiz, und, in schlechter alter Tradition, Israel, das aus dem gleichen Grund gegr\u00fcndet wurde, aus dem Maas vorgeblich in die Politik gegangen ist. Hingegen pflegt man gute Beziehungen zum iranischen Mullahregime und der diktatorische Islamist Erdogan kann sich im Umgang mit Deutschland erlauben, was er will \u2013 es bleibt merkw\u00fcrdig ruhig.<br \/>\nSah sich Nazi-Deutschland von lauter westlich-dekadenten Demokratien oder \u201eminderwertigen\u201c slawischen Staaten umgeben, so hat man es heute europa-, ja weltweit mit lauter Staaten zu tun, die sich partout nicht dem Moraldiktat der deutschen Gut- und Bessermenschen unterwerfen wollen.<br \/>\nDie herrschenden Kreise greifen international zu den gleichen Mitteln wie auch im Inland gegen\u00fcber allen, die ihre linksgr\u00fcnen Ideologeme nicht \u00fcbernehmen wollen: ins Unrecht setzen, pausenlos schm\u00e4hen und diffamieren und der deutsche Gutmensch tut das, was ihm zur zweiten Natur geworden ist: sich \u201efremdsch\u00e4men\u201c.<br \/>\nSowohl, was Demokratieabbau und Gleichschaltung im Innern wie arrogante \u00dcberheblichkeit nach au\u00dfen anbelangt, merken diese Kreise \u00fcberhaupt nicht, wie sie sich immer mehr den Aspekten der deutschen Vergangenheit ann\u00e4hern, die sie eigentlich zu bek\u00e4mpfen vorgeben.<br \/>\n8.3.2021, Ima<br \/>\n.<br \/>\n<strong>Beim Schweizer Burka-Verbot geht es um Symbolpolitik<\/strong><br \/>\nDenn die Sache selbst ist zu vernachl\u00e4ssigen. Bei meinen gelegentlichen Aufenthalten bei unsern s\u00fcdlichen Nachbarn habe ich tats\u00e4chlich schon Burka-Tr\u00e4gerinnen gesehen. Aber diese waren oft von Bodyguards begleitet, und irgendein Aufseher oder vielleicht auch der \u201eBesitzer\u201c der Frau, in einer Kleidung, wie man sich als vorurteilsbeladener Europ\u00e4er einen Scheich halt so vorstellt, ging in unmittelbarer N\u00e4he. Da\u00df es sich bei der Frau um die Ehefrau des t\u00fcrkischen Gem\u00fcseh\u00e4ndlers oder des libanesischen Gebrauchtwarenh\u00e4ndlers im Quartier gehandelt haben k\u00f6nnte, ist da eher unwahrscheinlich. Ganz offensichtlich waren das Touristen aus Arabien oder dem Vorderen Orient. Und niemand macht sich wegen ein paar Touristen Sorgen. Im Gegenteil, sie sind doch ein romantischer Farbtupfer aus Tausendundeinernacht, wenn sie sich in der Privatyacht \u00fcber den Vierwaldst\u00e4ttersee fahren lassen, schwarz verh\u00fcllt, die Palmen am Seeufer im Hintergrund, w\u00e4hrend auf den Gipfeln der wei\u00dfe Schnee in der Fr\u00fchlingssonne langsam dahinschmilzt.<br \/>\nAber genau darum geht es nicht. In Wahrheit haben die Schweizer B\u00fcrger \u00fcber die Frage abgestimmt: \u201eWillst du unsere Traditionen bewahren und die uns von den Vorfahren \u00fcberlieferte Kultur erhalten und behutsam fortentwickeln? Bist du dagegen, da\u00df der Islam unsere Sitten und Gebr\u00e4uche entstellt und in unserem Land islamische Wertvorstellungen Einzug halten?\u201c Und dazu hat ein wenig mehr als die H\u00e4lfte der Schweizer ja gesagt. Wie gesagt: Symbolpolitik. Das ist hier wertneutral gemeint, keineswegs pejorativ. Denn Symbole pr\u00e4gen unser Leben. Man denke nur an die Corona-Masken. Diese sind l\u00e4ngst kein blo\u00dfer Schutz vor Ansteckung mehr.<br \/>\n8.3.2021, E.B.H.<br \/>\n.<br \/>\n<strong>&#8230; das Bed\u00fcrfnis, endlich von Allen geliebt zu werden<\/strong><br \/>\nSehr verst\u00e4ndliche Reaktion auf ein im Kern und seinen Konsequenzen existentiell t\u00f6dliches und hierzulande leider unheilbares Verhalten. Im Land der Dichter und Denker herrschen nicht nur ein strenges Ratioverbot, sondern vor allem gewisse Beduerfnisse mit neurotischen Ausma\u00dfen. \u201eNormales\u201c, von der aristotelischen Mitte gepr\u00e4gtes Verhalten war und ist hierzulande immer sehr schwer zu vermitteln.<br \/>\nUnd das Bed\u00fcrfnis, endlich von Allen geliebt, vom Boesen erl\u00f6st zu werden, wiedergutzumachen und sich dabei \u201ebesser\u201c als alle anderen zu fuehlen, um vor allem die diversen Komplexe zu kompensieren, ist groesser denn je.<br \/>\nWaren es in frueheren Zeiten Geist, Wissenschaft und Forschung, Technik und Leistung, hat man nun im Gefolge der Frankfurter Schule und des Feminismus die \u201eToxizit\u00e4t\u201c von Aufkl\u00e4rung und Ratio erkannt.<br \/>\nDas sind emotional wegen ihrer Folgen problematische Phaenomene. Zugleich sp\u00fcrte man etwas, da\u00df auch im Privaten bekannt ist, dass naemlich die emotional begruendete Beliebtheit eher selten auf einem kritisch\/unabhaengigen Geist und Wissen beruht, sondern auf Unzul\u00e4nglichkeiten in diesen Bereichen, gepaart mit guter Gesinnung. Allerdings ist die Grenze zwischen internationaler Bewunderung wegen vorbildlich edler und altruistischer Gesinnung und der Aufgabe \u201eeigener\u201c Interessen und die zutreffende Einsch\u00e4tzung hinter vorgehaltener Hand als dumm und\/oder (wieder einmal) wahnsinnig sehr flie\u00dfend.<br \/>\nDas ficht den gemeinen Deutschen bei seiner nahezu fanatischen Selbstopferung nicht an, er fuehlt sich endlich auf der Seite der Gerechten, deren (vermeintlich und zugeschrieben) traurige Lage er nur zu gut kennt.<br \/>\nMit so jemandem, ohne Eigenes, kann man als Merkel und Soros transformatorisch \u201egut arbeiten\u201c. Und je mehr Nationen den anderen Weg gehen, desto besessener wird der Deutsche \u201eseinen\u201c Weg gehen, gleich wo und wie der endet. Da kommen Mentalit\u00e4t, Kultur (Idealismus\/Romantik) und die psychischen Folgen des Dritten Reiches idealtypisch zusammen. Es brauchte nur noch dee passenden Fuehrerin und der medialen Triggerung.<br \/>\n8.3.2021, R.E.<br \/>\n.<br \/>\n<strong>Die Schweizer B\u00fcrger haben meist ein sehr gutes Gesp\u00fcr<\/strong><br \/>\nDie Schweizer Volksabstimmung \u00fcber das Vollverschleierungsverbot ist ein symbolisches Zeichen daf\u00fcr, dass sich die Schweiz nicht islamisieren l\u00e4sst, ohne Gegenreaktionen zu zeigen. Die Schweizer B\u00fcrger haben meist ein sehr gutes Gesp\u00fcr und treffen in der Regel vern\u00fcnftigere Entscheidungen als sie in repr\u00e4sentativen Demokratien \u00fcblich sind. Sie ben\u00f6tigen sicher keine hochn\u00e4sigen Belehrungen von \u00f6stlich des Rheins, wo gerade das Staatswesen in Scherben liegt.<br \/>\n8.3.2021, R.K.<\/p>\n<p><strong>\u201eSchon wieder muss am deutschen Wesen die Welt genesen.\u201c<\/strong><br \/>\nund das nicht nur beim Burkaverbot, auch beim Thema Feinstaub, Klima und Weltmeere retten. Eine extrem laute Minderheitbestimmt das deutsche Wesen und worna die Welt zu genesen hat.<br \/>\n8.3.2021, Hum<\/p>\n<p><strong>Danke! Da kann man nur danke zu Ruud Koopmans sagen<\/strong><br \/>\nund hoffen, dass es besonders auch in unseren Nachbarl\u00e4ndern bitte noch viele, viele, solch \u201eRuud Koopmans\u201c mehr gibt die uns Deutschen genau so den Spiegel vorhalten.<br \/>\n8.3.2021, M.H.<\/p>\n<p><strong>\u201eMoralische Emp\u00f6rung ist die Standardstrategie der Idioten<\/strong><br \/>\nMcLuhan-Zitat, wonach moralische Emp\u00f6rung eine Methode ist, dem Idioten W\u00fcrde zu verleihen mit anderen Worten \u201eMoralische Emp\u00f6rung ist die Standardstrategie der Idioten, um sich W\u00fcrde zu verleihen!\u201c Marshall McLuhan <a href=\"https:\/\/www.marshallmcluhan.com\">https:\/\/www.marshallmcluhan.com<\/a><br \/>\nHerbert Marshall McLuhan, CC war ein kanadischer Philosoph, Geisteswissenschaftler, Professor f\u00fcr englische Literatur, Literaturkritiker, Rhetoriker und Kommunikationstheoretiker. McLuhans Werk gilt als ein Grundstein der Medientheorie.Seine zentrale These lautet Das Medium ist die Botschaft. Au\u00dferdem formulierte er den Begriff \u201eGlobales Dorf\u201c. McLuhan pr\u00e4gte die Diskussion \u00fcber Medien von den sp\u00e4ten 1960er Jahren bis zu seinem Tod.<br \/>\n8.3.2021, D.H.<br \/>\n.<br \/>\n<strong>Wir sind halt Alltagsrassisten<\/strong><br \/>\nIst das nun am\u00fcsant oder deprimierend? Eher Letzteres. Ja, \u201ewir Deutschen\u201c sind derzeit Vorreiter und Mustersch\u00fcler bei allem und jedem. (Teile des offiziellen Deutschlands.) \u201eWir\u201c w\u00fcrden ja auch allen Staaten gern vorschreiben, wie viel Einwanderung f\u00fcr sie unerl\u00e4sslich und bereichernd ist, zumal wenn die Staaten EU-Gelder beziehen. Und dass Gendern n\u00f6tig ist. Weil \u201ewir\u201c das eben genau wissen.<br \/>\nMan muss das nicht verstehen: Wer hierzulande zu seinem Gegen\u00fcber wohl gesinnt \u201eSie sprechen aber gut Deutsch\u201c oder \u201eWo kommen Sie denn eigentlich her?\u201c sagt, ist nach neuester Lesart aller Antifaschisten dieser Welt ein intoleranter (Alltags-)Rassist, der die Pers\u00f6nlichkeit seines Gegen\u00fcbers missachtet. Wer aber in einem westlichen Land als Migrantin stark verschleiert in die \u00d6ffentlichkeit geht und damit f\u00fcr andere Menschen kaum erkennbar ist, wom\u00f6glich auch keine \u00fcberragenden Deutschkenntnisse vorweist, hat ein astreines Verh\u00e4ltnis zu seinem Umfeld und missachtet die Erwartungen und Gewohnheiten seines Gegen\u00fcbers auf gar keinen Fall. In Deutschland ist Toleranz inzwischen eine enge Einbahnstra\u00dfe geworden.<br \/>\n8.3.2021, HP<br \/>\n.<br \/>\n<strong>Niemand, der Burka und Nikab tragen will, ist gezwungen,<\/strong><br \/>\nin einer der europ\u00e4ischen Kulturen zu leben (und umfangreiche Sozialhilfe zu kassieren!!). Wer den europ\u00e4ischen V\u00f6lkern die Verbundenheit mit ihrer Kultur abspricht, gleichzeitig aber die Lebensweise der au\u00dfereurop\u00e4ischen Kulturen als unantastbar postuliert, begeht ein soziales Verbrechen! Jede Kultur soll nach ihrem freien Willen leben k\u00f6nnen, ein Staat hat sich da heraus zu halten. Als Migrant sich \u00fcberall die Rosinen heraus picken zu d\u00fcrfen \u2013 w\u00e4hrend das Aufnahmeland zahlen und leisten darf (UN- und EU-Migrationspakt) ohne Gegenleistungen erwarten zu d\u00fcrfen \u2013 das ist sch\u00e4big. Mag sein, dass man in anderen L\u00e4ndern unter Demokratie etwas anderes versteht, aber Deutschland\/Europa wurde nicht von Muslimen geschaffen, nicht von einer arabisch-t\u00fcrkischen Kultur, sondern kann selbstbestimmt weiterhin so leben, wie es seinem Geschmack und Empfinden entspricht. Es gibt viele muslimische L\u00e4nder auf Erden, dorthin k\u00f6nnen Menschen auswandern, die es f\u00fcr \u00e4u\u00dferst wichtig halten, ihre eigene Religion \u00fcber alles andere zu stellen.<br \/>\n8.3.2021, Dag<br \/>\n.<br \/>\n<strong>\u201eHilfe, Deutschland ist von Nazis eingekesselt.\u201c<\/strong><br \/>\nWie sch\u00f6n, dann kann man selber keiner mehr sein! Bitte ihr deutsche Gr\u00fcne, Gutmenschen oder wie ihr immer euch nennt wollt: h\u00f6rt endlich auf zu schlafen, vielleicht auch zu tr\u00e4umen und wacht auf! Herr Koopmans \u2013 im Gegensatz zu den o.Genannten \u2013 wei\u00df, wovon er spricht: auch wenn ihr es nicht h\u00f6ren wollt!<br \/>\n8.3.2021, Tro<br \/>\nEnde der Kommentare<br \/>\n.<br \/>\n.<\/p>\n<p><strong>TERRE DES FEMMES feiert dieses Jahr sein 40-j\u00e4hriges Bestehen<br \/>\n<\/strong>Was mit Wut \u00fcber Menschenrechtsverletzungen an Frauen 1981 begann, wurde zur mutigen Bewegung, an der heute niemand mehr vorbei kommt. Als gr\u00f6\u00dfte Frauenrechtsorganisation Deutschlands wollen wir Ihnen heute, am 8. M\u00e4rz und anl\u00e4sslich des internationalen Frauentags, unsere neue Jubil\u00e4umskampagne vorstellen: XX #bornequal.<\/p>\n<p>#bornequal bringt unsere Arbeit auf den Punkt. Sie macht mit einer schlichten Botschaft auf uns\u00e4gliche Wahrheiten aufmerksam: Denn es ist absurd, dass ein X Chromosom ein selbstbestimmtes und gewaltfreies Leben von M\u00e4dchen und Frauen verhindert.<\/p>\n<p>Solange es Menschenrechtsverletzungen gibt, die aufgrund des weiblichen Geschlechts Frauen widerfahren, machen wir mit unserer Arbeit weiter. Wir sind gekommen, um zu bleiben.<br \/>\nWir bedanken uns f\u00fcr Ihre Unterst\u00fctzung und w\u00fcnschen viel Spa\u00df beim Lesen!<br \/>\nIhr TERRE DES FEMMES-Team, https:\/\/www.frauenrechte.de\/<br \/>\n.<br \/>\nMitgr\u00fcnderin Ingrid Staehle und Bundesgesch\u00e4ftsf\u00fchrerin Christa Stolle \u00fcber die Entstehung und die Arbeit von TERRE DES FEMMES<br \/>\n1981 wurde TERRE DES FEMMES gegr\u00fcndet.<br \/>\nVieles haben wir erreicht, aber vieles bleibt noch zu tun, denn das gro\u00dfe Ziel, dass alle M\u00e4dchen und Frauen gleichberechtigt, selbstbestimmt und frei ihr Leben f\u00fchren k\u00f6nnen, ist noch nicht erreicht \u2013 auch nach 40 Jahren nicht.<br \/>\nMilliarden Frauen weltweit sp\u00fcren es jeden Tag, dass sie mit zwei X-Chromosomen auf die Welt gekommen sind: Vergewaltigungen, Genitalverst\u00fcmmelungen, Zwangsverheiratungen, Schl\u00e4ge, Hassworte geh\u00f6ren zu ihrer Lebensrealit\u00e4t.<br \/>\nDas wollen wir verhindern und werden auch in den n\u00e4chsten Jahren alles dransetzen, dass ein X Chromosom nicht das Leben von M\u00e4dchen und Frauen bestimmt.<br \/>\n<iframe loading=\"lazy\" title=\"#bornequal - seit 1981 k\u00e4mpfen wir daf\u00fcr, dass ein X-Chromosom nicht dein Leben bestimmt.\" width=\"640\" height=\"360\" src=\"https:\/\/www.youtube.com\/embed\/d5xLiTwdr0A?feature=oembed\" frameborder=\"0\" allow=\"accelerometer; autoplay; clipboard-write; encrypted-media; gyroscope; picture-in-picture; web-share\" referrerpolicy=\"strict-origin-when-cross-origin\" allowfullscreen><\/iframe><br \/>\nDer Kampf gegen weibliche Genitalverst\u00fcmmelung (engl. FGM = female genital mutilation) geh\u00f6rt zur Kernarbeit von TERRE DES FEMMES &#8211; von Beginn an.<br \/>\nAktuell entwickeln wir, gemeinsam mit Stakeholdern und relevanten Akteuren des M\u00e4dchenschutz- und Hilfesystems in Berlin, Konzepte f\u00fcr effektive Interventionsketten, um Betroffenen von FGM schnell zu helfen. Im Projekt CHAIN, das von der EU gef\u00f6rdert wird, arbeiten VertreterInnen des Jugendamts, der Polizei, von Fachberatungsstellen und der Senatsverwaltung f\u00fcr Gesundheit, Pflege und Gleichstellung, sowie VertreterInnen der von FGM betroffenen Communitys Hand in Hand. Das Ziel: Koordinierter und effektiver Schutz f\u00fcr bedrohte M\u00e4dchen.<br \/>\nhttps:\/\/www.frauenrechte.de\/unsere-arbeit\/themen\/weibliche-genitalverstuemmelung\/chain<\/p>\n<p>8.3.2021, https:\/\/www.frauenrechte.de<\/p>\n<p>&nbsp;<\/p>\n","protected":false},"excerpt":{"rendered":"<p>P\u00fcnktlich zum Internationalen Weltfrauentag als dem &#8222;Tag des Freiheit der Frau&#8220; verbietet auch die Schweiz per Volksentscheid muslimischen Frauen die Verschleierung mit Nikab oder Burka im \u00f6ffentlichen Raum und folgt damit EU-L\u00e4ndern wie Frankreich, \u00d6sterreich, Belgien, Polen, Bulgarien, D\u00e4nemark, Tschechien, &hellip; <a href=\"https:\/\/www.freiburg-schwarzwald.de\/blog\/weltfrauentag-schweiz-freiheit\/\">Weiterlesen <span class=\"meta-nav\">&rarr;<\/span><\/a><\/p>\n","protected":false},"author":2,"featured_media":0,"comment_status":"open","ping_status":"closed","sticky":false,"template":"","format":"standard","meta":{"footnotes":""},"categories":[18,36,59,210,14,60,61,13,80,19,219,65,172],"tags":[633,521,612,682,421,488],"class_list":["post-88648","post","type-post","status-publish","format-standard","hentry","category-bildung","category-engagement","category-frauen","category-gewalt","category-global","category-jugend","category-kinder","category-kultur","category-medien","category-religion","category-schweiz","category-sexuellermissbrauch","category-zukunft","tag-demokratie","tag-family","tag-frau","tag-freiheit","tag-islam","tag-child"],"_links":{"self":[{"href":"https:\/\/www.freiburg-schwarzwald.de\/blog\/wp-json\/wp\/v2\/posts\/88648","targetHints":{"allow":["GET"]}}],"collection":[{"href":"https:\/\/www.freiburg-schwarzwald.de\/blog\/wp-json\/wp\/v2\/posts"}],"about":[{"href":"https:\/\/www.freiburg-schwarzwald.de\/blog\/wp-json\/wp\/v2\/types\/post"}],"author":[{"embeddable":true,"href":"https:\/\/www.freiburg-schwarzwald.de\/blog\/wp-json\/wp\/v2\/users\/2"}],"replies":[{"embeddable":true,"href":"https:\/\/www.freiburg-schwarzwald.de\/blog\/wp-json\/wp\/v2\/comments?post=88648"}],"version-history":[{"count":4,"href":"https:\/\/www.freiburg-schwarzwald.de\/blog\/wp-json\/wp\/v2\/posts\/88648\/revisions"}],"predecessor-version":[{"id":88652,"href":"https:\/\/www.freiburg-schwarzwald.de\/blog\/wp-json\/wp\/v2\/posts\/88648\/revisions\/88652"}],"wp:attachment":[{"href":"https:\/\/www.freiburg-schwarzwald.de\/blog\/wp-json\/wp\/v2\/media?parent=88648"}],"wp:term":[{"taxonomy":"category","embeddable":true,"href":"https:\/\/www.freiburg-schwarzwald.de\/blog\/wp-json\/wp\/v2\/categories?post=88648"},{"taxonomy":"post_tag","embeddable":true,"href":"https:\/\/www.freiburg-schwarzwald.de\/blog\/wp-json\/wp\/v2\/tags?post=88648"}],"curies":[{"name":"wp","href":"https:\/\/api.w.org\/{rel}","templated":true}]}}