{"id":88399,"date":"2021-03-02T12:49:47","date_gmt":"2021-03-02T11:49:47","guid":{"rendered":"https:\/\/www.freiburg-schwarzwald.de\/blog\/?p=88399"},"modified":"2021-03-02T12:51:59","modified_gmt":"2021-03-02T11:51:59","slug":"zurueck-zur-alten-normalitaet","status":"publish","type":"post","link":"https:\/\/www.freiburg-schwarzwald.de\/blog\/zurueck-zur-alten-normalitaet\/","title":{"rendered":"Zur\u00fcck zur alten Normalit\u00e4t?"},"content":{"rendered":"<p>Der <a href=\"https:\/\/www.freiburg-schwarzwald.de\/blog\/kultur\/oeffentlicher-raum\/\">\u00f6ffentliche Raum<\/a> ver\u00f6det &#8211; <a href=\"https:\/\/www.freiburg-schwarzwald.de\/blog\/kultur\/kulturverlust\/\">Kulturverfall<\/a> allerorten. Die Stadt D\u00fcsseldorf wei\u00df: &#8222;Das Verbot des Verweilens sorgt f\u00fcr stetige Bewegung&#8220;. Und die <a href=\"https:\/\/www.freiburg-schwarzwald.de\/blog\/kultur\/medien\/mainstream\/\">staatstragenden<\/a> Medien applaudieren weiter oder schweigen, zum Beispiel dann, wenn die Deutschen den <a href=\"https:\/\/www.freiburg-schwarzwald.de\/blog\/business\/gesund\/corona-virus\/impfung\/\">Impfpa\u00df<\/a> als letzte EU-B\u00fcrger bekommen werden.<br \/>\n.<br \/>\n<!--more-->Der Staat wei\u00df mehr als 83 Mio B\u00fcrger &#8211; deshalb <a href=\"https:\/\/www.freiburg-schwarzwald.de\/blog\/business\/gesund\/corona-virus\/lockdown-endlos\/\">Lockdown<\/a>, Verordnungen und Verbote. Aber ganz langsam regt sich Widerstand. Sogar <a href=\"https:\/\/www.freiburg-schwarzwald.de\/blog\/engagement\/zukunft\/demokratie\/gruen-links\/\">Linke<\/a> wie <a href=\"https:\/\/www.freiburg-schwarzwald.de\/blog\/global\/eu\/eu-reform\/\">Ulrike Gu\u00e9rot<\/a>, <a href=\"https:\/\/www.freiburg-schwarzwald.de\/blog\/engagement\/zukunft\/demokratie\/freiheit\/freiheitsrechte\/\">Heribert Prantl<\/a> (&#8222;Grundgesetz steht nicht unter Pandemie-Vorbehalt&#8220;) und Fabio di Masi (siehe unten) konstatieren: &#8222;Der Staat hat \u00fcbertrieben&#8220;.<br \/>\n.<br \/>\nIm <a href=\"https:\/\/www.freiburg-schwarzwald.de\/blog\/kultur\/medien\/diskussionskultur\/\">privaten Raum<\/a>\u00a0werden Gespr\u00e4che rarer und vorsichtiger &#8211; das <a href=\"https:\/\/www.freiburg-schwarzwald.de\/blog\/kultur\/medien\/radio\/podcast\/\">Podcast Indubio 105<\/a> (siehe unten) zeigt eine <a href=\"https:\/\/www.freiburg-schwarzwald.de\/blog\/global\/deutschland\/spaltung\/\">gespaltene<\/a> Gesellschaft, die Freundschaften zerbrechen l\u00e4\u00dft. Die <a href=\"https:\/\/www.freiburg-schwarzwald.de\/blog\/global\/globalisierung\/sozialismusangst\/\">Angst<\/a> vor dem sozialen Tod durch <a href=\"https:\/\/www.freiburg-schwarzwald.de\/blog\/kultur\/kulturverlust\/cancelculture\/\">Cancel Culture<\/a>, <a href=\"https:\/\/www.freiburg-schwarzwald.de\/blog\/kultur\/medien\/diskussionskultur\/kontaktschuld\/\">Kontaktschuld<\/a>, <a href=\"https:\/\/www.freiburg-schwarzwald.de\/blog\/kultur\/medien\/diskriminierung\/\">Diskriminierung<\/a>, Zensur und <a href=\"https:\/\/www.freiburg-schwarzwald.de\/blog\/kultur\/medien\/deplatforming\/\">Deplatforming<\/a> schleicht herum.<br \/>\n.<br \/>\nWie wird es im privaten und \u00f6ffentlichen Raum nach dem <a href=\"https:\/\/www.freiburg-schwarzwald.de\/blog\/business\/rezession\/corona-sozialismus\/\">Abebben von Corona<\/a> aussehen? Wie <a href=\"https:\/\/www.freiburg-schwarzwald.de\/blog\/global\/deutschland\/gesellschaft\/normalitaet\/\">fr\u00fcher<\/a>? Prof Adorj\u00e1n Kov\u00e1cs stellt die entscheidende Testfrage:<br \/>\n<em>&#8222;Wenn alle Ma\u00dfnahmen nach dem Ende der Pandemie <\/em><br \/>\n<em>r\u00fcckg\u00e4ngig gemacht worden sind, <\/em><br \/>\n<em>dann war die Pandemie allein der Grund f\u00fcr die Ma\u00dfnahmen.&#8220;<\/em><br \/>\nUnd Kovacs wei\u00df die Antwort:<br \/>\n<em>&#8222;Aber das ist bekanntlich schon von verschiedenen Seiten ausgeschlossen worden: Es wird keine R\u00fcckkehr zur <a href=\"https:\/\/www.freiburg-schwarzwald.de\/blog\/global\/deutschland\/gesellschaft\/normalitaet\/\">\u201ealten Normalit\u00e4t\u201c<\/a> geben. Ist damit eigentlich nicht auch schon bewiesen, dass die Bek\u00e4mpfung der so genannten Corona-Krise nur Vorwand f\u00fcr die Errichtung eines <a href=\"https:\/\/www.freiburg-schwarzwald.de\/blog\/engagement\/zukunft\/demokratie\/totalitarismus\/\">smarten Totalitarismus<\/a> ist?&#8220;<\/em><br \/>\n2.3.2021cor<br \/>\n.<br \/>\n<strong>Indubio Folge 105 \u2013 Wieviele Freunde haben Sie verloren?<\/strong><br \/>\nDer Philosoph Matthias Burchardt und die Publizisten Karl Peter Schwarz und Markus Vahlefeld diskutieren mit Burkhard M\u00fcller-Ullrich \u00fcber Kipppunkte der Corona-Hysterie, \u00fcber Parallelen zwischen dem herrschenden Virenfaschismus und der sterilen Sprache, die von den Cancel-Culture-K\u00e4mpfern propagiert wird, sowie \u00fcber die Frage, wie die gro\u00dfe gesellschaftliche Abrechnung aussehen wird, wenn diejenigen, deren Existenzen zerst\u00f6rt wurden, sich gegen die Mitl\u00e4ufer wenden, die das alles gut fanden und geschehen lie\u00dfen<br \/>\n&#8230; Alles vom 28.2.2021 bitte lesen auf<br \/>\n<a href=\"https:\/\/www.achgut.com\/artikel\/indubio_folge_105_wieviele_freunde_haben_sie_verloren\">https:\/\/www.achgut.com\/artikel\/indubio_folge_105_wieviele_freunde_haben_sie_verloren<\/a><br \/>\n.<br \/>\nEinige Kommentare:<br \/>\n<strong>&#8230; wo die Freundschaft beinahe zerbrochen w\u00e4re<\/strong><br \/>\nEinem Punkt m\u00f6chte auch ich ganz entschieden widersprechen. Die Spaltung sei nicht so schlimm, weil sie nur virtuell sei. Das ist ganz falsch! Da es prima zur \u00dcberschrift passt: War mit zwei guten Freunden einige Male an einem Punkt, wo die Freundschaft beinahe zerbrochen w\u00e4re. Wir waren politisch entgegengesetzter Ansicht und nicht mehr in der Lage, sachlich zu diskutieren, weil wir ins g\u00e4ngige Schubladendenken verfallen sind. Nat\u00fcrlich kamen dann schnell die vergifteten Begriffe, die mich dann ebenfalls auf die Palme brachten, weil sie so saud\u00e4mlich und nichtssagend sind und ich so entt\u00e4uscht war, sie von meinem Freund zu h\u00f6ren. Die Sprache wurde vergiftet und die vergiftete Sprache wurde vom politmedialen Komplex derart etabliert, dass wir kaum noch merken, wie schlecht und destruktiv sie ist. Unsere Freundschaft war st\u00e4rker. Wir haben bemerkt, was wir falsch gemacht hatten und uns dann gepflegt besoffen. \u201cDivide et impera\u201d hat bei uns nicht funktioniert. Besoffen haben wir dann gemerkt, dass unsere Ansichten gar nicht so weit auseinanderliegen, wie mach Herrschender es vielleicht gerne h\u00e4tte. Alkohol ist doch noch nicht verboten, oder hab ich was verpasst?<br \/>\n28.2.2021, Th.SCH., AO<br \/>\n.<br \/>\nDie M\u00f6glichkeit zur Selbsterh\u00f6hung durch besondere Folgsamkeit<br \/>\nunter dem Corona-Regime \u201clindert\u201d die Pein der \u201cOrientierungslosigkeit\u201d. Das klingt wie eine psychiatrische Diagnose! Ja, eine tats\u00e4chlich m\u00f6gliche Diagnose! Wundervoll! Das l\u00e4sst sich auch gut auf andere Bereiche \u00fcbertragen. Es werden immer wieder neue G\u00f6tter gemacht, die man dann anbeten kann. Zum Gl\u00fcck bin ich \u201caltmodischer, zur\u00fcckgebliebener, unbelehrbarer\u201d Katholik, glaube wirklich an Gott und habe deshalb kein Problem mit Orientierungslosigkeit. Vielleicht ist das ja eine Art geistige Impfung gegen den Irrsinn.<br \/>\n28.2.2021, T.SCH<br \/>\nDer b\u00f6se Wicht &#8211;<br \/>\nIm Leben wird so mancher krank, musste selbst schon leiden,<br \/>\ndem Tod entwichen, Gott sei dank, ich kann es hier beeiden.<br \/>\nDoch jetzt aber kommt in Mode, niemand soll mehr sterben,<br \/>\nkeiner kommen soll zu Tode, wof\u00fcr man schl\u00e4gt in Scherben.<br \/>\nWas dereinst mal Leben hie\u00df, wird geopfert f\u00fcr den Wahn,<br \/>\ndass man kommt ins Paradies, folgt man nur dem neuen Plan.<br \/>\nJede Freude wird genommen, selbst Freudenh\u00e4user machen dicht,<br \/>\nSpa\u00df dran haben nur die Frommen, denn richtig Spa\u00df versteh\u2019n die nicht.<br \/>\nSchuldig gesprochen wird ein Wicht, hat sich der Welt verschworen,<br \/>\nauf alle F\u00e4lle wei\u00df man nicht, wie er einst geboren.<br \/>\nDoch ist das eigentlich sehr nichtig, jetzt ist er einmal in der Welt,<br \/>\n\u00fcbrig bleibt und das ist wichtig, wie man sich ihm entgegen stellt.<br \/>\nDas Wissen hat man bald gewonnen, den Tod nur jenen er bereitet,<br \/>\nderen Selbstschutz l\u00e4ngst zerronnen, weil Alter und Leid sie begleitet.<br \/>\nDoch nutzt man dieses Wissen nicht, der Kranken Widerstand zu st\u00e4hlen,<br \/>\nstattdessen ist man d\u2019rauf erpicht, das ganze Volk zu qu\u00e4len.<br \/>\nMan glaubt, man kriegt ihn weggespritzt mit ganz speziellen Waffen.<br \/>\nDer Wicht ist aber zu gewitzt und l\u00e4sst sich nicht wegschaffen.<br \/>\nMan glaubt, man kann ihn sperren aus und ihn damit frustrieren,<br \/>\nwenn man nicht mehr verl\u00e4sst das Haus verzichtet aufs frisieren.<br \/>\nInzwischen ist nicht dumm der Wicht, kann lange nach ihm fischen.<br \/>\nEr bildet aus ein neu Gesicht, man kann ihn nicht erwischen.<br \/>\nSo richtet sich der Tunnelblick auf nur die eine Seite<br \/>\nvon Medizin und Politik, zu drangsalier\u2019n die Meute.<br \/>\nDie Meute will jedoch nicht mehr den alten Herrschern glauben. S<br \/>\nie sp\u00fcrt ganz einfach allzu sehr, dass die die Zukunft rauben.<br \/>\nF\u00fcr Meute wie f\u00fcr Herrscher dann erhebt sich jetzt die Frage,<br \/>\nwie man dem Wicht beikommen kann, wie wird man los die Plage.<br \/>\nVielleicht der Wicht ist schnell bezwungen,<br \/>\nl\u00e4sst man ihn einfach walten, ist er harmlos f\u00fcr die Jungen,<br \/>\nwenn man sch\u00fctzt die Alten.<br \/>\n28.2.2021,R.L.<br \/>\n.<br \/>\nNein, schlimmer &#8211; Cancel Culture<br \/>\nCancel-Culture hei\u00dft, die Neunte ganz abzuschaffen, weil Beethoven ein alter, wei\u00dfer Mann war der nie menstruiert hat.<br \/>\nCancel-Culture bedeutet: Die EU-Hymne in Moll vertonen, weil Beethoven kein Schwarzer war.<br \/>\n28.2.2021,J-P.<br \/>\nAls die Menschen ihre Angst verloren &#8230;<br \/>\nWieder einmal eine Sendung die zum Denken, zum Nachdenken anregt. Was mir als alten Ostdeutschen dabei mehrmals in den Sinn kam, als ich den Herren zuh\u00f6rte, die ihre Gedanken \u00fcber die aktuellen Verbiegungen offen darlegten: von oben infizierte gesellschaftliche Normen, die Andersdenkende ausgrenzen sollten, auch Sprachverbote, gab es schon einmal. F\u00fcr Frieden und Sozialismus, seid bereit, immer bereit. Wer nicht f\u00fcr den Sozialismus ist, ist gegen den Frieden. Als die Menschen ihre Angst verloren, haben sie diesen ganzen k\u00fcnstlichen Haltungskram, diesen ideologischen Humbug hinweggefegt. Das erh\u00e4lt mir meinen Optimismus.<br \/>\n28.2.2021, J.K<br \/>\nDas Vers\u00f6hnen der Menschen wird sicher funktionieren.<br \/>\nDas politische Klima wird aber nachhaltig vergiftet bleiben, ganz einfach weil in Parlament und Regierung Leute mit dem gleichen \u201cStallgeruch\u201d weitermachen, auch wenn man aus kosmetischen Gr\u00fcnden den einen oder anderen Bauern opfern wird. Diese Leute sind aalglatt, bar jeder Selbstachtung und jeden Schamgef\u00fchls, und selbstverst\u00e4ndlich auch bar jeden politischen Ideals, und genau das macht sie resilient und denen \u00fcberlegen, die sich Staat und Volk wirklich verb\u00fcnden f\u00fchlen und konstruktiv t\u00e4tig sein wollen. Sie haben ein Netzwerk, das ihnen garantiert, stets nach oben zu fallen. Dagegen kommen andere, fachlich und charakterlich weit \u00fcberlegene Leute nicht an. Daf\u00fcr gibt es gen\u00fcgend Beispiele, mir f\u00e4llt hier die von mir hochgesch\u00e4tzte brandenburgische Ministerin Regine Hildebrandt ein.<br \/>\n28.2.2021, F.R.<br \/>\nDatenflut soll nicht Wissen, sondern Usicherheit verbreiten<br \/>\nNicht nur bei unbequemen wissenschaftlichen Studien, auch in der Rechtspraxis ist es g\u00e4ngig, da\u00df auf Unbequemes und Wackelklagen eine Flut von Studien, Protokollen und Vorw\u00fcrfen zur Ablenkung produziert werden, hinter welchen gekaufte Wissenschaftler, oder eben Fachanw\u00e4lte stecken. Die Flut der Daten und Vorw\u00fcrfe soll nicht das Wissen, sondern zum Gegenteil, zu Unsicherheit und Nichtwissen f\u00fchren. Die Zeitungen haben jeden Mist ver\u00f6ffentlicht, und in der Flut war gar nicht zu \u00fcberpr\u00fcfen, ob die Quellen seri\u00f6s sind. Au\u00dferdem ist ein beliebter Trick der Presse, Einzelschicksale in allen Schock- oder Mitleidsfarben auszumalen und davon das Allgemeine abzuleiten. Presse besteht zu 80% aus Bildern. Und die meisten nehmen die Dr\u00e4hte, Schl\u00e4uche, tickernde Maschinen, Beamtungsger\u00e4te und \u00c4rzte in Mondanz\u00fcgen mit Spritzen f\u00fcr Ochsen als Beweis f\u00fcr die Richtigkeit der vermeintlichen Epidemie, w\u00e4hrend in stumpfer Folge immer wieder \u201cCorona\u201d in unser Ohr ges\u00e4uselt wird. Ich finde das gar nicht suggestiv, das ist so l\u00e4stig wie ein M\u00fcckeschwarm! Kern-Thema der Kritik ist der Drosten-Test, der ein faules Ei ist und gar nicht in der Lage, sowas wie Corona-Viren festzustellen. Man konnte die Unverfrorenheit absichtlicher Verbl\u00f6dung sehr gut verfolgen, auf schwere Vorw\u00fcrfe kam alles aus der Deckung, von dem nie ein Mensch zuvor geh\u00f6rt hat. \u201cMutanten\u201d kamen ins Feld gestapft, die virologischer Unfug sind, Aerosole schwebten herum und Pneumonien r\u00f6chelten aus derm Text, die so selten sind, da\u00df man sie an einer Hand z\u00e4hlen kann und blo\u00df die gute alte Lungenentz\u00fcndung sind. \u201cMutanten\u201d waren schon im Mai 2020 hunderte bekannt. Die sind das Gew\u00f6hnlichste der Welt. Das sind auch blo\u00df \u201cImitate\u201d. Ich frage mich, wie wir nach dem Sturm wieder unbefangen miteinander umgehen wollen? Ich meine, da bleibt ja doch allerlei h\u00e4ngen?<br \/>\n28.2.2021, Lut<br \/>\nHygiene &#8230;<br \/>\nHerzlichen Dank f\u00fcr diese wieder einmal sehr anregende Gespr\u00e4chsrunde! Besonders die \u00dcberlegungen von Markus Vahlefeld \u00fcber die \u201cHygiene\u201d-Gesellschaft in ihrer ganzen Vielfalt (k\u00f6rperliche und sprachliche Hygiene sowie Verhaltenshygiene usw.) fand ich sehr nachdenkenswert. Es zeigt wieder einmal, das \u201calles mit allem zusammenh\u00e4ngt\u201d. &#8230;<br \/>\nWas f\u00fcr eine kompetente Runde! Herr Vahlefeld, hat hier und da mal wirklich den n\u00f6tigen Kick gegeben, damit sich die Runde in einer ungewohnten Offenheit ge\u00e4ussert hat. Ich hatte zwischendurch fast ein wenig Angst, dass der Podcast noch w\u00e4hrend er am Laufen ist, schon gel\u00f6scht wird. H\u00f6chste Kompetenz, klar wie selten, wie die politischen Verfehlungen angesprochen wurden. Ich habe dadurch einen grossen Schub f\u00fcr die Best\u00e4tigung meiner eigenen \u00dcberzeugung erhalten. Sehr ermutigend! Vom Feinsten, danke in die Runde.<br \/>\n28.2.2021,B.S.<br \/>\n\u201cAber, was nicht alles h\u00e4tte passieren k\u00f6nnen!\u201d<br \/>\nZum Konjunktiv: Meine Mutter wurde Opfer eines Raub\u00fcberfalls auf Mallorca. Der Verbrecher war meiner Mutter und deren Begleiterin im Hotel gefolgt und hat das &#8211; so waren damals die Zeiten &#8211; mitgenommene Geld erpresst. Schlimm. Aber mehr ist nicht passiert (Nebenbei hat der Veranstalter danach &#8211; ich war damals noch Referendar &#8211; meiner Mutter eine komplette Woche Hotel spendiert f\u00fcr die n\u00e4chste Reise, aber das ist nicht so das Thema hier). Interessant war die Reaktion meiner Oma. Sie hat tagelang geheult. Als ich sie fragte, warum, es sei doch alles glimpflich verlaufen, meinte sie nur: \u201cAber, was nicht alles h\u00e4tte passieren k\u00f6nnen!\u201d An die Story muss ich seit M\u00e4rz letzten Jahres st\u00e4ndig denken. Was h\u00e4tte nicht alles passieren k\u00f6nnen! Es war v\u00f6llig unm\u00f6glich, meine Oma von dem Trip runter zu kriegen. Die Angst vor dem, was nicht geschehen ist, war gr\u00f6\u00dfer als alle Vernunft.<br \/>\n28.2.2021, A.R.<br \/>\n&#8230; Entrationalisierung, Entemotionalisierung und Entsinnlichung<br \/>\nEine gute Runde, aus der Herr Burchardt positiv herausragt, mit vielen richtigen Beitr\u00e4gen gerade auch vom namentlich genannten. Leider fehlten zwei, nicht unwichtige Aspekte. Zum einen der politische Hintergrund des Ganzen, natuerlich auch der gewollten Depolitisierung und Regression, und die politischen Ziele einer internationalen Gruppierung aus politischen und wirtschaftlichen Machthabern, das, was unter der Systemtransformation in Richtung eines totalitaeren, konsumkommunistischen Modells ablaeuft.<br \/>\nZum zweiten die Verfasstheit der (westlichen, speziell deutschen) postmodernen Individuen und vor allem deren Manipulier &#8211; und Konditionierbarkeit. Bereits unter den laufenden Massnahmen, natuerlich ergaenzt durch den Einfluss fr\u00fcherer \u201cErfahrungen\u201d werden durchaus signifikante Ver\u00e4nderungen, auch von bioevolutionaeren Eigenschaften, die wiederum selbst missbraucht werden, deutlich. Der beispiellose Austausch von Handlungs &#8211; und Wertemaximen, von Herrn Burchardt explizit erw\u00e4hnt, zeigt Wirkung und hat Ursachen und Folgen, die bereits im eigenen Umfeld wahrnehmbar sind. Dabei seien neben der Entrationalisierung vor allem die Entemotionalisierung und Entsinnlichung genannt. \u00c4sthetik und Sinnlichkeit wurden durch kompensatorische Mechanismen und Bed\u00fcrfnisse unterhalb des Menschlichen ersetzt, Emotionen durch Affekte, Impulse und Triebe abgeloest. Handlungsempfehlungen beruhen weder auf Ratio, noch auf Emotio. Die Folgen sind in jeder Hinsicht weitreichend und sehr tief. Das Miteinander ist vor allem deshalb verunmoeglicht, weil hier gewollt inzwischen (mindestens) zwei verschiedene Arten entstanden sind, die keine gemeinsame Wahrnehmungs &#8211; und Verstaendnisebene mehr finden koennen. Es geht nicht mehr um Sachdiskussionen, sondern um neuronale Ver\u00e4nderungen. Man kann mit neurotisch Abh\u00e4ngigen oder Sektenmitgliedern nicht sprechen. Die Polarit\u00e4t liegt nicht nur im Manichismus, sondern in der Kategorisierung und in der Herrschaft unterschiedlicher Hirn areale.<br \/>\n28.2.2021, R.N.<br \/>\nMein neuer Fr\u00fchschoppen, herzlichen Dank an die heutigen Teilnehmer.<br \/>\nWie sehr w\u00fcrde man sich w\u00fcnschen, dass dieser Diskussions-Standard auch im \u00f6ffentlichen Fernsehen\/Rundunk\/Bundespressemedien m\u00f6glich w\u00e4re. Immerhin, mehr und mehr vernunftbezogene Menschen wachen auf und geben dem Oberkommando Weltmoral contra. Hier das Zitat von Fabio de Masi (Die Linke) auf seiner Homepage:<br \/>\n\u201cEs gibt in verschiedenen politischen Spektren und vor allem in den sozialen Medien die Tendenz, Politik nur noch \u00fcber Moral und Haltungen zu debattieren. Ich halte dies f\u00fcr einen R\u00fcckschritt. Werte und Moral sind das Fundament politischer \u00dcberzeugungen. Wer jedoch meint, dass alleine die \u201erichtige Haltung\u201c \u00fcber \u201crichtig oder falsch\u201d entscheidet, versucht in Wahrheit den Streit mit rationalen Argumenten zu verhindern. Eine solche Debattenkultur hat nichts mit Aufkl\u00e4rung zu tun, sondern ist Ausdruck eines elit\u00e4ren Wahrheitsanspruchs, wie ihn die Kirche im Mittelalter bediente. Vor allem verst\u00e4rkt dies aber Spaltungen in der Gesellschaft, wovon rechte Demagogen weltweit profitieren. Dies hilft Kr\u00e4ften wie der AfD, sich als Anw\u00e4ltin der kleinen Leute aufzuspielen.\u201d<br \/>\n28.2.2021, F .H.<br \/>\nResignation &#8230;<br \/>\nDie \u2018grosse gesellschaftliche Abrechnung\u2019 wird sein, dass die gecancelten irgendwann sagen, sie haben keinen Bock mehr auf diesen Unsinn, den Linken einfach ein St\u00fcck Land f\u00fcr ihre DDR 2.0 geben und eine Mauer bauen, hinter der sie vor Gendersternchen, Klagen \u00fcber \u2018Mikroaggressionen\u2019 und grausamsten IS Anschl\u00e4gen sicher sind.<br \/>\n28.2.2021, M.K.<br \/>\nEnde Kommentare<br \/>\n.<br \/>\nFabio de Masi: Meinungsstreit statt Maulheldentum<br \/>\nIch habe den politischen Meinungsstreit &#8211; gerade mit Konservativen und Liberalen &#8211; immer als eine Bereicherung empfunden. Denn Widerspruch schult die eigenen Argumente. Wir m\u00fcssen lernen, respektvoll miteinander zu streiten &#8211; so wie in jedem Dorf, in jeder Familie, in jedem Sportverein und in jedem Freundeskreis.<br \/>\nEs gibt in verschiedenen politischen Spektren und vor allem in den sozialen Medien die Tendenz, Politik nur noch \u00fcber Moral und Haltungen zu debattieren. Ich halte dies f\u00fcr einen R\u00fcckschritt. Werte und Moral sind das Fundament politischer \u00dcberzeugungen. Wer jedoch meint, dass alleine die \u201erichtige Haltung\u201c \u00fcber &#8222;richtig oder falsch&#8220; entscheidet, versucht in Wahrheit den Streit mit rationalen Argumenten zu verhindern.<br \/>\nEine solche Debattenkultur hat nichts mit Aufkl\u00e4rung zu tun, sondern ist Ausdruck eines elit\u00e4ren Wahrheitsanspruchs, wie ihn die Kirche im Mittelalter bediente. Vor allem verst\u00e4rkt dies aber Spaltungen in der Gesellschaft, wovon rechte Demagogen weltweit profitieren. Dies hilft Kr\u00e4ften wie der AfD, sich als Anw\u00e4ltin der kleinen Leute aufzuspielen, obwohl ihnen die Schweizer Franken zu den Ohren heraus kommen.<br \/>\nDie Kunst der Politik besteht darin, auch an die Lebensrealit\u00e4t und die Sprache jener Menschen anzukn\u00fcpfen, die um die Kontrolle \u00fcber ihr Leben f\u00fcrchten. Die politische Linke darf das menschliche Grundbed\u00fcrfnis nach Sicherheit &#8211; in einem umfassenden Sinne &#8211; nicht vernachl\u00e4ssigen. Dabei sollte man weder Ressentiments sch\u00fcren noch so sprechen, dass normale Menschen einen Duden brauchen. Aber auch \u201eMaulheldentum\u201e ersetzt keine praktischen Antworten auf konkrete Probleme. Es werden die Parteien gew\u00e4hlt, denen man zutraut, Existenzen in der Corona-Krise zu sichern, bezahlbaren Wohnraum zu schaffen und zu verhindern, dass Kinder aus \u00e4rmeren Stadtteilen ihr Recht auf Bildung einb\u00fc\u00dfen!<br \/>\n&#8230; Alles vom 24.2.2021 bitte lesen auf<br \/>\nhttps:\/\/www.fabio-de-masi.de\/de\/article\/3542.ich-werde-nicht-wieder-antreten.html<\/p>\n","protected":false},"excerpt":{"rendered":"<p>Der \u00f6ffentliche Raum ver\u00f6det &#8211; Kulturverfall allerorten. Die Stadt D\u00fcsseldorf wei\u00df: &#8222;Das Verbot des Verweilens sorgt f\u00fcr stetige Bewegung&#8220;. Und die staatstragenden Medien applaudieren weiter oder schweigen, zum Beispiel dann, wenn die Deutschen den Impfpa\u00df als letzte EU-B\u00fcrger bekommen werden. &hellip; <a href=\"https:\/\/www.freiburg-schwarzwald.de\/blog\/zurueck-zur-alten-normalitaet\/\">Weiterlesen <span class=\"meta-nav\">&rarr;<\/span><\/a><\/p>\n","protected":false},"author":2,"featured_media":0,"comment_status":"open","ping_status":"closed","sticky":false,"template":"","format":"standard","meta":{"footnotes":""},"categories":[52,158,13,157,9,172],"tags":[700,633,749,301,625,388],"class_list":["post-88399","post","type-post","status-publish","format-standard","hentry","category-einewelt","category-gesund","category-kultur","category-oeffentlicher-raum","category-soziales","category-zukunft","tag-corona","tag-demokratie","tag-diskussionskultur","tag-culture","tag-ngo","tag-social"],"_links":{"self":[{"href":"https:\/\/www.freiburg-schwarzwald.de\/blog\/wp-json\/wp\/v2\/posts\/88399","targetHints":{"allow":["GET"]}}],"collection":[{"href":"https:\/\/www.freiburg-schwarzwald.de\/blog\/wp-json\/wp\/v2\/posts"}],"about":[{"href":"https:\/\/www.freiburg-schwarzwald.de\/blog\/wp-json\/wp\/v2\/types\/post"}],"author":[{"embeddable":true,"href":"https:\/\/www.freiburg-schwarzwald.de\/blog\/wp-json\/wp\/v2\/users\/2"}],"replies":[{"embeddable":true,"href":"https:\/\/www.freiburg-schwarzwald.de\/blog\/wp-json\/wp\/v2\/comments?post=88399"}],"version-history":[{"count":3,"href":"https:\/\/www.freiburg-schwarzwald.de\/blog\/wp-json\/wp\/v2\/posts\/88399\/revisions"}],"predecessor-version":[{"id":88402,"href":"https:\/\/www.freiburg-schwarzwald.de\/blog\/wp-json\/wp\/v2\/posts\/88399\/revisions\/88402"}],"wp:attachment":[{"href":"https:\/\/www.freiburg-schwarzwald.de\/blog\/wp-json\/wp\/v2\/media?parent=88399"}],"wp:term":[{"taxonomy":"category","embeddable":true,"href":"https:\/\/www.freiburg-schwarzwald.de\/blog\/wp-json\/wp\/v2\/categories?post=88399"},{"taxonomy":"post_tag","embeddable":true,"href":"https:\/\/www.freiburg-schwarzwald.de\/blog\/wp-json\/wp\/v2\/tags?post=88399"}],"curies":[{"name":"wp","href":"https:\/\/api.w.org\/{rel}","templated":true}]}}