{"id":8834,"date":"2012-08-09T13:26:09","date_gmt":"2012-08-09T11:26:09","guid":{"rendered":"https:\/\/www.freiburg-schwarzwald.de\/blog\/?p=8834"},"modified":"2012-08-09T13:46:10","modified_gmt":"2012-08-09T11:46:10","slug":"massenschlaegerei-nach-sc-spiel-fans-gewalt-hass","status":"publish","type":"post","link":"https:\/\/www.freiburg-schwarzwald.de\/blog\/massenschlaegerei-nach-sc-spiel-fans-gewalt-hass\/","title":{"rendered":"Massenschlaegerei nach SC-Spiel &#8211; Fans &#8211; Gewalt &#8211; Hass"},"content":{"rendered":"<p>Am Samstagnachmittag nach dem Regionalligaspiel <a title=\"SCfreiburg\" href=\"https:\/\/www.freiburg-schwarzwald.de\/blog\/sport\/sportvereine\/scfreiburg\/\">SC Freiburg <\/a>II gegen Eintracht Trier entlud sich vor der Shell-Tankstelle an der Schwarzwaldstra\u00dfe rohe <a title=\"Alkohol\" href=\"https:\/\/www.freiburg-schwarzwald.de\/blog\/selbsthilfe\/sucht\/alkohol\/\">Gewalt<\/a>.\u00a0 Die notorischen Problemfans aus Trier sollten eigentlich mit ihren Kleinbussen\u00a0 Richtung Autobahn rollen, als sie zuf\u00e4llig eine Gruppe SC-Fans &#8211; darunter auch Ultras &#8211; ersp\u00e4hten. Sekunden sp\u00e4ter flogen die <a title=\"Gewalt\" href=\"https:\/\/www.freiburg-schwarzwald.de\/blog\/selbsthilfe\/krise\/gewalt\/\">F\u00e4uste<\/a>. Eine junge Frau, die sich zu dem Zeitpunkt des Zusammensto\u00dfes gerade in\u00a0der Tankstelle aufhielt, beschreibt die Szenerie: &#8222;Wie die Irren sind die aufeinander losgegangen. Die Schl\u00e4ge waren so heftig, dass es richtig krachte. Das sah gef\u00e4hrlich aus, man konnte den Hass sp\u00fcren. <!--more-->Auf das Regionalliga-Spiel folgte die Pr\u00fcgelorgie: Die gewaltsame Attacke Trierer Ultra-Fans gegen Anh\u00e4nger des SC Freiburg war der denkbar h\u00e4sslichste Auftakt, den man sich zur Fu\u00dfballsaison 2012\/13 vorstellen konnte. Selbst die Polizei war f\u00fcr einen Moment \u00fcberrascht.<br \/>\nAutos mussten anhalten, das war denen aber v\u00f6llig egal, die schlugen immer weiter, Mann gegen Mann. Warum niemand fl\u00fcchtete, war mir schleierhaft&#8220;, erinnert sich die 29-J\u00e4hrige. Die meisten h\u00e4tten kurze Haare und Sonnenbrillen gehabt, keine Trikots. &#8222;Man konnte die Gruppen optisch nicht voneinander unterscheiden&#8220;, so die Zeugin. Die Gruppen kamen immer n\u00e4her Richtung Tankstelle. &#8222;Da bekam ich es richtig mit der Angst zu tun&#8220;, sagt sie.\u00a0 Dank Pfefferspray und hartem Eingreifen von rund 40 Beamten bekam die Polizei die Lage kurz darauf in den Griff. Dass Problemfans unterwegs seien, war bekannt. Doch da die Kampfhandlung so pl\u00f6tzlich losbrach und die Lage un\u00fcbersichtlich war, hatten die Beamten M\u00fche, schnell genug zu reagieren, wie Polizeisprecher Mirko Steffl zugibt. Offenbar hatte die Polizei nicht damit gerechnet, dass die Randalierer so dreist waren, einfach eine Vollbremsung hinzulegen und loszupr\u00fcgeln. Der Einsatzwagen der Polizei befand sich zu dem Zeitpunkt in Sichtweite der Kolonne aus Trier.<br \/>\nDie Bilanz: Sch\u00fcrfwunden, Br\u00fcche, Platzwunden und zerrissene Kleidung sowie elf vor\u00fcbergehende Festnahmen (neun Trierer, zwei Freiburger). Ermittelt wird wegen gef\u00e4hrlicher K\u00f6rperverletzung und Landfriedensbruch. Die Polizei sucht nach Zeugen. Eintracht Trier distanzierte sich in einer Pressemitteilung vom Fehlverhalten &#8222;der angeblichen Anh\u00e4nger aufs Sch\u00e4rfste&#8220;. Der SC m\u00f6chte sich zu dem Fall\u00a0 nicht \u00e4u\u00dfern, da der Verein nicht mehr wisse als das, was in der Polizeimeldung steht. Generell gelte, dass Gewaltt\u00e4ter beim SC keinen Platz h\u00e4tten.<br \/>\nStellt sich die Frage, ob eine Saison der Massenpr\u00fcgeleien droht? Laut Polizei geht man von einem Ausnahmefall aus. Doch generell sei Gewalt rund um den Fu\u00dfball immer m\u00f6glich.\u00a0 Der problematische Kern der\u00a0 Freiburger Ultras umfasse rund 60 Personen. Darunter 40 bis 50 potentiell gewaltbereite Anh\u00e4nger der Kategorie B und 10 bis 15 notorische Gewaltt\u00e4ter der Kategorie C. &#8222;Es ist eine\u00a0 wachsende Klientel, die zugleich im st\u00e4ndigen Wandel ist. Die passen in kein simples Schema, da sind auch Studenten und Bankkaufleute dabei&#8220;, berichtet Steffl. Die Polizei k\u00fcndigt eine strikte &#8222;Null-Toleranz-Politik&#8220; an. Sven Meyer<br \/>\nSven Meyer,9.8.2012, <a href=\"https:\/\/www.freiburger-wochenbericht.d\/\">www.freiburger-wochenbericht.de<\/a><\/p>\n","protected":false},"excerpt":{"rendered":"<p>Am Samstagnachmittag nach dem Regionalligaspiel SC Freiburg II gegen Eintracht Trier entlud sich vor der Shell-Tankstelle an der Schwarzwaldstra\u00dfe rohe Gewalt.\u00a0 Die notorischen Problemfans aus Trier sollten eigentlich mit ihren Kleinbussen\u00a0 Richtung Autobahn rollen, als sie zuf\u00e4llig eine Gruppe SC-Fans &hellip; <a href=\"https:\/\/www.freiburg-schwarzwald.de\/blog\/massenschlaegerei-nach-sc-spiel-fans-gewalt-hass\/\">Weiterlesen <span class=\"meta-nav\">&rarr;<\/span><\/a><\/p>\n","protected":false},"author":4,"featured_media":0,"comment_status":"closed","ping_status":"closed","sticky":false,"template":"","format":"standard","meta":{"footnotes":""},"categories":[210,60,157,124],"tags":[109,366,732],"class_list":["post-8834","post","type-post","status-publish","format-standard","hentry","category-gewalt","category-jugend","category-oeffentlicher-raum","category-sportvereine-vereine","tag-fans","tag-fussball","tag-gewalt"],"_links":{"self":[{"href":"https:\/\/www.freiburg-schwarzwald.de\/blog\/wp-json\/wp\/v2\/posts\/8834","targetHints":{"allow":["GET"]}}],"collection":[{"href":"https:\/\/www.freiburg-schwarzwald.de\/blog\/wp-json\/wp\/v2\/posts"}],"about":[{"href":"https:\/\/www.freiburg-schwarzwald.de\/blog\/wp-json\/wp\/v2\/types\/post"}],"author":[{"embeddable":true,"href":"https:\/\/www.freiburg-schwarzwald.de\/blog\/wp-json\/wp\/v2\/users\/4"}],"replies":[{"embeddable":true,"href":"https:\/\/www.freiburg-schwarzwald.de\/blog\/wp-json\/wp\/v2\/comments?post=8834"}],"version-history":[{"count":0,"href":"https:\/\/www.freiburg-schwarzwald.de\/blog\/wp-json\/wp\/v2\/posts\/8834\/revisions"}],"wp:attachment":[{"href":"https:\/\/www.freiburg-schwarzwald.de\/blog\/wp-json\/wp\/v2\/media?parent=8834"}],"wp:term":[{"taxonomy":"category","embeddable":true,"href":"https:\/\/www.freiburg-schwarzwald.de\/blog\/wp-json\/wp\/v2\/categories?post=8834"},{"taxonomy":"post_tag","embeddable":true,"href":"https:\/\/www.freiburg-schwarzwald.de\/blog\/wp-json\/wp\/v2\/tags?post=8834"}],"curies":[{"name":"wp","href":"https:\/\/api.w.org\/{rel}","templated":true}]}}