{"id":88238,"date":"2021-02-23T19:16:33","date_gmt":"2021-02-23T18:16:33","guid":{"rendered":"https:\/\/www.freiburg-schwarzwald.de\/blog\/?p=88238"},"modified":"2021-02-23T19:31:32","modified_gmt":"2021-02-23T18:31:32","slug":"vor-dem-tod-retten","status":"publish","type":"post","link":"https:\/\/www.freiburg-schwarzwald.de\/blog\/vor-dem-tod-retten\/","title":{"rendered":"Vor dem Tod retten"},"content":{"rendered":"<p>Der Brief eines <a href=\"https:\/\/www.freiburg-schwarzwald.de\/blog\/selbsthilfe\/senioren\/\">84-J\u00e4hrigen<\/a> macht tief betroffen und <a href=\"https:\/\/www.freiburg-schwarzwald.de\/blog\/engagement\/zukunft\/ehrlichkeit\/\">r\u00fcttelt<\/a> auf: &#8222;Ich erkl\u00e4re hiermit ausdr\u00fccklich, dass ich als \u201eSchutzgut sehr alter Mensch\u201c nicht durch diese <a href=\"https:\/\/www.freiburg-schwarzwald.de\/blog\/business\/gesund\/corona-virus\/corona-grundrechte\/\">Politiker<\/a> <a href=\"https:\/\/www.freiburg-schwarzwald.de\/blog\/business\/gesund\/corona-virus\/lockdown\/\">gesch\u00fctzt<\/a> werden m\u00f6chte, die besser wissen als ich, was f\u00fcr mich gut ist.&#8220; Eine Absage an eine <a href=\"https:\/\/www.freiburg-schwarzwald.de\/blog\/engagement\/zukunft\/demokratie\/groko\/\">Politik<\/a>, die \u00fcber <a href=\"https:\/\/www.freiburg-schwarzwald.de\/blog\/business\/gesund\/corona-virus\/lockdown-endlos\/\">Lockdowns<\/a> sog. &#8222;vulnerable Gruppen&#8220; vor dem <a href=\"https:\/\/www.freiburg-schwarzwald.de\/blog\/business\/gesund\/corona-virus\/corona-tod\/\">Tod<\/a> <a href=\"https:\/\/www.freiburg-schwarzwald.de\/blog\/global\/deutschland\/weltrettung\/\">retten<\/a> will.<!--more--><\/p>\n<p><strong>\u201eH\u00f6rt endlich auf, mich zu retten! Ich habe das nicht gewollt!\u201c<\/strong><br \/>\n<em>Bewegender Appell eines 84-J\u00e4hrigen<\/em><br \/>\n<em>Wenn man t\u00e4glich sehr viele Texte liest, ja lesen muss, wie ich, stechen nur sehr wenige heraus. Selbst wenn sie noch so gut sind. Heute erlebte ich wieder einen Moment, in dem mich ein Text elektrisierte. Und ich sofort den Drang versp\u00fcrte, ihn unverz\u00fcglich zu ver\u00f6ffentlichen \u2013 was ich auch tue, obwohl es schon nach Mitternacht ist. Der Text kommt von Ulrich Thurmann, 84, Staatssekret\u00e4r im Ruhestand und treuer Leser meiner Seite. Und auch im hohen Alter noch streitbar. Sein Text wird sicher vielen nicht gefallen und Diskussionen ausl\u00f6sen. Gerade, weil er emotional wohl jeden anspricht. Und weil zumindest ich so etwas noch nicht gelesen habe. Ich finde, \u00fcber das, was Thurmann anspricht, m\u00fcsste offen diskutiert werden in einer freien Gesellschaft von m\u00fcndigen B\u00fcrgern. Voil\u00e0:<br \/>\n.<\/em><\/p>\n<p><strong>Ein Gastbeitrag von Ulrich Thurmann<\/strong><br \/>\nDie Corona-Ma\u00dfnahmen der derzeit Regierenden sollen gro\u00dfes Unheil verhindern. Es geht um Krankheit und Tod so vieler Menschen, dass nicht nur das Gesundheitssystem, sondern auch das wirtschaftliche und soziale System weitgehend zusammenbricht. Das rechtfertigt die schwersten, in dieser Art seit Kriegsende nicht dagewesenen Einschr\u00e4nkungen der verfassungsm\u00e4\u00dfigen Rechte. Massivste Sch\u00e4digungen der Erziehung und Ausbildung, der Psyche, des sozialen Zusammenhalts, der kleinen Unternehmer, des Mittelstands, der Gro\u00dfunternehmen, des Kulturlebens, der Lebensgrundlagen von Millionen in den Entwicklungsl\u00e4ndern, der Demokratie, des friedlichen Zusammenlebens m\u00fcssen veranlasst werden, um Menschen vor Tod und Krankheit zu retten.<\/p>\n<p>Wer sind diese so stark bedrohten Menschen, deretwegen alles stillstehen muss? Einer von ihnen bin ich. Die Gef\u00e4hrdeten sind weit \u00fcberwiegend \u00fcber 80 Jahre Alte. J\u00fcngere sind weniger, Junge nur ganz selten gef\u00e4hrdet.<br \/>\nWie f\u00fchle ich mich angesichts der Anstrengungen, die die derzeit Regierenden zu meiner Rettung unternehmen? Ich f\u00fchle mich beschissen. Ich sehe nicht, dass meinetwegen die Welt stillstehen muss.<br \/>\nIch geh\u00f6re zu den H\u00f6chstgef\u00e4hrdeten mit meinen 84 Jahren. Gef\u00e4hrdet bin ich aber nicht nur durch Corona, sondern aufgrund meines Alters schon ganz allgemein durch etwas, das sich Tod nennt. In meinem Alter denkt man an den Tod als etwas Normales, T\u00e4gliches, das jederzeit geschehen kann. Ich kenne Altersgenossen, die sich aus Angst, einige Monate oder Jahre fr\u00fcher zu sterben als sowieso zu erwarten, in ihren Wohnungen einschlie\u00dfen und sich das Essen bringen lassen. Sie h\u00f6ren aus Angst vor dem Tod auf zu leben.<br \/>\n.<br \/>\nDer Tod ist in meinem Alter nichts Abstraktes mehr, wie noch in der Jugend. Ich habe sehr viele Menschen gekannt. Fast alle diese Menschen sind tot \u2013 auch ohne Corona: nach schwerer Krankheit, durch Unf\u00e4lle, durch Selbstmorde (erstaunlich viele), durch Alter oder auch einfach so, wie mein Schwager in Dublin, der fr\u00f6hlich seiner Frau den morning tea ans Bett brachte, wie es sich in Irland geh\u00f6rt, sich aufs Bett setzte, sagte \u201emir ist pl\u00f6tzlich so komisch\u201c, und tot umf\u00e4llt. Wenn ich heute irgendwo in meiner Gegend unter viele Menschen gehe, kenne ich keinen einzigen mehr. Ich gehe durch die Menschen wie ein Geist, den keiner sieht. Aber ich nehme das Leben halt so, wie es kommt.<\/p>\n<p>Ich selbst bin durch Alter und die \u00fcblichen Krankheiten (bei mir ist es eine Herzoperation und die Lunge, bei meiner Frau Parkinson und die Beine) nicht mehr taufrisch, aber im Kopf noch klar. Ich habe als ehemaliger Staatsbeamter meine Pension, wir pflegen unter Ber\u00fccksichtigung von Vorsichtsma\u00dfnahmen unser famili\u00e4res und soziales Leben.<br \/>\nGro\u00dfer Kummer packt mich, wenn ich mir die Auswirkungen der Corona-Ma\u00dfnahmen auf das Leben und die Zukunft der Millionen vor Augen halte, die in den oben genannten Bereichen derzeit den Zusammenbuch ihrer Lebenspl\u00e4ne erleben und die nicht wie ich oder die derzeit Regierenden in ihrem Einkommen \u00fcberhaupt nicht betroffen sind.<br \/>\n.<br \/>\nDas f\u00fchrt mich zu dem gro\u00dfen Geheimnis, was sich die derzeit Regierenden bei ihren Ma\u00dfnahmen und besonders bei deren Auswirkungen auf die betroffenen Menschen gedacht haben. Sie gehen damit so eigenartig um, dass sich bei mir die Gewissheit gefestigt hat, dass sie sich gar nichts gedacht haben. Die (fehlenden) Antworten auf die Fragen, die z.B. Boris Reitschuster regelm\u00e4\u00dfig auf der Bundespressekonferenz stellt, sind ein massiver Hinweis darauf. Wenn sie sich etwas gedacht h\u00e4tten, m\u00fcsste es ja abgreifbar sein.<br \/>\n&#8211;<br \/>\nDie Sch\u00e4digungen durch die Ma\u00dfnahmen sind so ungeheuerlich, dass die Gefahr, der man mit ihnen begegnen will, noch viel gr\u00f6\u00dfer sein m\u00fcsste. Sie m\u00fcsste so gro\u00df sein, dass man die massiven Eingriffe in Kauf nimmt: die Zerst\u00f6rungen durch die Ma\u00dfnahmen, so gro\u00df sie auch sein m\u00f6gen, w\u00e4ren einfach n\u00f6tig zum Schutz \u2013 ja zum Schutz wessen? Zum Schutz der von Corona fast ausschlie\u00dflich betroffenen sehr alten Menschen (\u00fcberwiegend mit Vorerkrankungen).<\/p>\n<p>Ich erkl\u00e4re hiermit ausdr\u00fccklich, dass ich als \u201eSchutzgut sehr alter Mensch\u201c nicht durch diese Politiker gesch\u00fctzt werden m\u00f6chte, die besser wissen als ich, was f\u00fcr mich gut ist. Ich bin v\u00f6llig zufrieden, meinen Weg zu Ende zu gehen und im Krankheitsfall auf die Menschen und Einrichtungen zu vertrauen, die ich kenne und die sich auskennen. Wenn es dann trotzdem zum Ende geht, kann ich sterben in der Gewissheit, dass meinetwegen keine Vielzahl von Menschen leiden muss.<br \/>\nIch habe das alles nicht gewollt<br \/>\n&#8230; Alles vom 23.2.2021 bitte lesen auf<br \/>\n<a href=\"https:\/\/reitschuster.de\/post\/hoert-endlich-auf-mich-zu-retten-ich-habe-das-nicht-gewollt\/\">https:\/\/reitschuster.de\/post\/hoert-endlich-auf-mich-zu-retten-ich-habe-das-nicht-gewollt\/<\/a><br \/>\n.<br \/>\n<em>Ulrich Thurmann<br \/>\nwurde 1936 als Sohn eines Architekten in Stettin geboren. Er studierte Rechts- und Sozialwissenschaften in Frankfurt\/M., West-Berlin und M\u00fcnchen. Von 1970 bis 2001 war er unter vierzehn Ministern und Ministerinnen von SPD, FDP, CDU und Gr\u00fcnen leitender hessischer Beamter f\u00fcr Industrieaufsicht und in dieser Zeit auch f\u00fcr die Sicherheit der Anlagen der Kernenergie in Hessen zust\u00e4ndig. Anschlie\u00dfend wurde Thurmann von Ministerpr\u00e4sident Dr. Wallmann (CDU) im hessischen Umweltministerium zum Leiter der Abteilung Immissionsschutz, von Ministerin Nimsch (Gr\u00fcne) zum Leiter der Zentralabteilung und von Ministerpr\u00e4sident Koch (CDU) zum Staatssekret\u00e4r ernannt. Sein Buch \u201eVom Gebrauch des Staates \u2013 Beitr\u00e4ge eines Beamten aus sechs Jahrzehnten\u201c ist 2019 erschienen und kann unter <a href=\"mailto:Thurmann.walluf@t-online.de\">Thurmann.walluf@t-online.de<\/a> bestellt werden (Preis: 25 Euro).<\/em><br \/>\n.<br \/>\nEinige Kommentare:<br \/>\n<strong>Dieser Text ist unglaublich. Da spricht ein \u00e4lterer Herr,<\/strong><br \/>\nder wohl viel mehr an Leid und Kummer in seinem Leben erlebt hat, als wir j\u00fcngeren, dass er kein Verst\u00e4ndnis daf\u00fcr hat, dass die Regierung seine Heimat an die Wand f\u00e4hrt. Wenn wir unsere Meinungsfreiheit nicht verlieren wollen und in einer betreuten Demokratie aufwachen wollen (in der wir uns wohl schon befinden), wann wollen wir aufstehen, wenn nicht jetzt?<br \/>\nVielen Dank f\u00fcr diesen Artikel Herr Reitschuster und Ihnen Herr Thurmann herzlichen Dank f\u00fcr Ihre Worte und Ihren Mut. Bleiben Sie gesund und genie\u00dfen Sie das Zusammensein mit Ihrer Familie.<br \/>\n23.2.2021, Mich<br \/>\n.<br \/>\n<strong>Die Lage ist nicht so ganz eindeutig<\/strong><br \/>\nDank Scheidung meiner Eltern haben meine Kinder jetzt drei paar Gro\u00dfeltern, alle um die 80. Die einen lehnen die Regierungsma\u00dfnahmen voll ab, die anderen stehen voll dahinter und meine Schwiegereltern sind so dazwischen: da sie die \u00e4ltesten sind, haben sie ihre 1. Impfung schon erhalten, haben aber auch allm\u00e4hlich genug vom Lockdown. Als Fach\u00e4rztin (Nuklearmedizin) versuche ich, bis auf wenige bekannterma\u00dfen vern\u00fcnftige Ausnahmen Gespr\u00e4che mit Patienten \u00fcber das Thema CoViD zu vermeiden &#8211; um nicht als &#8222;Coronaleugner&#8220; denunziert zu werden. Aber ich stelle immer wieder fest, dass die Regierungspropaganda wirkt: die meisten alten Menschen haben Angst und sind durchaus bereit, auf&#8217;s Leben zu verzichten um l\u00e4nger zu \u00fcberleben (wof\u00fcr dann eigentlich?).<br \/>\n23.2.2021, C.H.<br \/>\n.<br \/>\n<strong>Erst Zustimmung, dann Widerspr\u00fcche, Wut und Angst<\/strong><br \/>\nMeine Gef\u00fchlswelt mit COVID- 19. Vor einem Jahr h\u00f6rten wir von einem Virus aus Asien. Die Politiker beruhigten uns. Der einstimmige Tenor war, das keine Gef\u00e4hrlichkeit davon ausgehe. Unser Gesundheitssystem sei auf so etwas vorbereitet. Meine Welt war noch in Ordnung. Als bei uns das Virus vermehrt festgestellt wurde, klangen die T\u00f6ne unserer Regierenden immer noch beschwichtigend. Wir haben das im Griff. Masken haben keine Wirkung. Wir sollen nicht in Panik verfallen. Die Stimmung kippte, als Bilder von Norditalien zu sehen waren.<br \/>\nDann ging alles sehr schnell. Der erste Lockdown wurde ausgerufen. Ich habe den Einschnitt schon als unheimlich empfunden aber auch als gerechtfertigt. Ich hatte ja die Bilder aus Bergamo im Kopf. Bis hierhin konnte ich die ausgesprochenen Ma\u00dfnahmen noch nachvollziehen und habe es f\u00fcr angemessen gehalten. Mein Grundvertrauen in unsere freiheitliche, demokratische Grundordnung war da noch nicht ersch\u00fcttert. Ich folgte dem Mainstream. Der Sommer kam, alles hatte wieder ge\u00f6ffnet, zwar nervte die Maske aber ich hatte Vertrauen, dass unsere Regierenden alles f\u00fcr den kommenden Herbst vorbereiteten, damit weitere Schlie\u00dfungen ausbleiben w\u00fcrden. Ich f\u00fchlte mich noch wohl und hatte keine Angstgef\u00fchle. Angst vor dem Virus hatte ich nie. Hatte ja schon viel gef\u00e4hrlichere Missionen als Soldat im Auslandseinsatz miterleben m\u00fcssen. Alles gut dachte ich.<br \/>\nBei mir kippte die Stimmung so langsam und ich wurde kritisch, als sich unsere Regierung immer wieder in Widerspr\u00fcche verstrickte. Als Herr Lauterbach, Herr Drosten und Weitere immer mehr in den Mittelpunkt r\u00fcckten und unsere Regierenden deren \u201eWissen\u201c als Grundlage f\u00fcr ihre weiteren politischen Entscheidungen hernahmen. Mich hat es dann sogar richtig w\u00fctend gemacht, in welchem Stiele die Kommunikation und Darstellung erfolgte. Schlagworte wie: Alternativlos, Leitplanken, in Spur bringen, folgen, verbieten, Kontrollieren, Reiseverbot, Quarant\u00e4ne, t\u00f6dlich, \u00dcbersterblichkeit, mahnen\u2026\u2026\u2026\u2026\u2026..ich k\u00f6nnte noch viel mehr aufschreiben. Bis hierhin war ich so richtig auf 180. Habe mich bevormundet gef\u00fchlt, habe gedacht die spinnen, da muss doch mal Einhalt geboten werden. So geht das nicht. Ich bin doch kein Kind mehr. Habe meinen Kopf f\u00fcr dieses Land hingehalten. Was ist da los? Ich f\u00fchle mich fast ohnm\u00e4chtig. Bis hierhin war es f\u00fcr mein eigenes Befinden noch kontrollierbar.<br \/>\nHeute sieht es komplett anders aus. Ich habe ANGST! Keine Angst vor dem Virus oder einer Impfung! Ich habe mehr ANGST wie vor einem drohenden, feindlichen Beschuss. Ich habe ANGST vor unseren Regierenden. Mir ist zutiefst bewusst geworden, wie unser Land gespalten wurde, wie die Meinungsfreiheit und alle Grundrechte als ein Privileg angesehen werden. Ich hatte immer noch ein F\u00fcnkchen Hoffnung.<br \/>\nDer Funke wurde vollends zum Erl\u00f6schen gebracht, als in einem Interview auf Ph\u00f6nix, unser gesch\u00e4tzter Herr Lauterbach von der Klimakrise gesprochen hat und er W\u00f6rtlich gesagt hat: \u201eDa m\u00fcssen wir noch viel mehr verbieten!\u201c Da wurde mir unendlich klar, unsere Grundrechte sind zu einer Man\u00f6vriermasse geworden. Es wird nie wieder so sein, wie es mal war. Ich m\u00f6chte nicht als Nazi, rechter Hund, Verschw\u00f6rungstheoretiker und Querdenker beschimpft werden, nur weil ich ANGST habe und dieses zum Ausdruck bringen m\u00f6chte. Die f\u00fcr mich unbegreifliche, nach Au\u00dfen dargestellte Machtf\u00fclle und Machtgehabe unserer Entscheider macht mir ANGST und ANGST war noch nie ein guter Ratgeber. Wie muss es erst den Menschen gehen, die auch noch finanziell am Ende, bzw. in den Abgrund gest\u00fcrzt sind? Ich gebe zu, ich bin ein Feigling geworden. Diese innere Wandlung erschrickt mich vor mir selbst.<br \/>\n23.2.2021, Ahn, RO<br \/>\n.<br \/>\n<strong>Keine Politik der Vorsicht, sondern der Macht<\/strong><br \/>\n@&#8220;Es scheint mir nachvollziehbar, dass kein Politiker mit dem Vorwurf konfrontiert werden m\u00f6chte Menschen sterben gelassen zu haben. Das f\u00fchrt zu dieser Politik der Vorsicht.&#8220;<br \/>\nWarum haben sich dieselben Politiker denn vor Corona nicht so r\u00fchrend um die Menschen gek\u00fcmmert, die an:<br \/>\nPneumonien<br \/>\nKrankenhauskeimen<br \/>\nBehandlungsfehlern<br \/>\nusw usf gestorben sind? Mal dr\u00fcber nachdenken, falls die Meinung ehrlich war. Die Gr\u00fcnde sind wie immer Geld und\/oder Macht.<br \/>\n23.2.2021, M.B.<br \/>\n.<br \/>\n<strong>\u00dcber 80-j\u00e4hrige: #ichhabedasallesnichtgewollt<\/strong><br \/>\nDanke Herr Reitschuster f\u00fcr die Ver\u00f6ffentlichung und danke Herr Thurmann f\u00fcr Ihren ehrlichen und schonungslosen Text. Genau auf eine solche Stimme in der \u00d6ffentlichkeit warte ich schon lange. Meine Frau und ich geh\u00f6ren auch zur &#8222;Risikogruppe&#8220; wegen chronischer Krankheiten. Wir wollen aber trotzdem die ganzen Ma\u00dfnahmen nicht. Und auch, wenn ich \u00fcber 80 w\u00e4re, h\u00e4tte ich niemals gewollt, dass zu meinem Schutz Millionen Menschen unter uns\u00e4glichen Grundrechtseinschr\u00e4nkungen vor sich hin leiden m\u00fcssen oder gar ihr Lebenswerk aufgeben m\u00fcssen. Mir tun am meisten die Kinder leid, die unter dem Wahn und der Angst der Erwachsenen zu leiden haben. In Kitas und Grundschulen werden sie sinnlos gequ\u00e4lt mit st\u00e4ndigem H\u00e4ndewaschen, Desinfizieren, Masken tragen, sinnlosem Abstand halten. Nur weil manche Lehrer und Erzieher ihre Angst nicht im Griff haben und nicht in der Lage sind, selbst\u00e4ndig zu denken. Und dann k\u00f6nnen sie im Privaten nicht einmal mit mehreren Freunden zusammen toben und spielen, weil ihre Eltern dumm und ver\u00e4ngstigt sind und meinen, man m\u00fcsste die ganzen Verordnungen peinlich genau einhalten. Vielleicht w\u00e4re es hilfreich, wenn sich unter einem Twitter-hashtag viele \u00fcber 80-J\u00e4hrige zusammentun w\u00fcrden und laut h\u00f6rbar verk\u00fcnden: #ichhabedasallesnichtgewollt<br \/>\n23.2.2021, Nor<br \/>\n.<br \/>\n<strong>Es sind so weise, kluge Worte und Lebensansichten<\/strong><br \/>\nVielen Dank Boris Reitschuster f\u00fcr die Ver\u00f6ffentlichung dieses Artikels. Ganz herzlichen Dank an den Autor, Ulrich Thurmann! Es sind so weise, kluge Worte und Lebensansichten da geschrieben. Schade, dass unsere Senioren so selten zu Wort kommen und keine Lobby haben. Man bevormundet sie seitens der Politik wie Kleinstkinder, versetzt sie in Angst, &#8222;entm\u00fcndigt&#8220; und isoliert sie, nimmt \u00fcberhaupt nicht zur Kenntnis oder ignoriert, was sie in ihrem Selbstbestimmungsrecht f\u00fcr sich selber entscheiden woll(t)en. Das alles unter dem Vorwand eines Gesundheitsschutzes. Das alles ist verlogen und geheuchelt! Es ist auch moralisch und ethisch \u00fcberhaupt nicht vertretbar und zu rechtfertigen, j\u00fcngeren Menschen, die ihr Leben noch vor sich haben, die Menschen-, Grund-, und Freiheitsrechte zu nehmen unter dem Vorwand, risikobehaftete Menschen dadurch ggf. sch\u00fctzen und ihr Leben verl\u00e4ngern zu k\u00f6nnen; erst recht nicht, wenn diese das gar nicht wollen. Leben gegen Leben &#8222;verrechnen&#8220; oder aufwiegen, dazu haben die herrschenden Politiker\/Regierenden weder ein Recht noch ein Mandat. Und, wir m\u00fcssen akzeptieren, dass zum Leben auch der Tod geh\u00f6rt. Herr Ulrich Thurmann, vielen Dank f\u00fcr Ihren Beitrag!! Ich fand diesen so gut und so wichtig in dieser Zeit grad. Alles Gute Ihnen und LG<br \/>\n23.2.2021, Spr<br \/>\n.<br \/>\n<strong>Dieser Artikel hat mich sehr ber\u00fchrt und zum Schluss sind mir die Tr\u00e4nen<\/strong><br \/>\ngekommen. Ich sage einfach Dankesch\u00f6n an den Gastautor, Ulrich Thurmann f\u00fcr diese tiefgr\u00fcndigen und bewegenden Worte.<br \/>\nTrotz allem, was jetzt so im Moment geschieht, w\u00fcnsche ich Ihnen von ganzem Herzen viel Gesundheit und weiterhin ein ruhiges Leben. Passen Sie sch\u00f6n auf sich und Ihre Frau auf. Viele liebe Gr\u00fc\u00dfe. S.K.<br \/>\n23.2.2021, S.K.<br \/>\n.<br \/>\n<strong>Politiker denken sich nichts. \u2013 Das ist f\u00fcr mich der eigentliche Skandal<\/strong><br \/>\nF\u00fcr mich bleibt es bei der gro\u00dfen Frage nach dem warum? Allerdings neige ich dabei der Meinung des Autors eher zu:<br \/>\n\u201eDie (fehlenden) Antworten auf die Fragen, die z.B. Boris Reitschuster regelm\u00e4\u00dfig auf der Bundespressekonferenz stellt, sind ein massiver Hinweis darauf. Wenn sie sich etwas gedacht h\u00e4tten, m\u00fcsste es ja abgreifbar sein.\u201c<br \/>\nGenau: sie denken sich nichts. \u2013 Das ist f\u00fcr mich der eigentliche Skandal<br \/>\n23.2.2021, Ann<br \/>\n.<br \/>\n<strong>Nichts in der Politik geschieht ohne Grund<\/strong><br \/>\noder weil sich jemand nichts dabei denkt. Auch Politiker werden gesteuert, bestochen, manipuliert oder auch nur f\u00fcr eine Sache begeistert. Vielleicht nicht alle aber da Demokratie wie wir sie kennen ohnehin nach dem Topdown-Prinzip funktioniert muss man eben auch nur ein paar K\u00f6pfe kontrollieren, der Rest zieht mit oder hat seinen Posten halt nicht mehr lange.<br \/>\n23.2.2021, Wat<br \/>\n.<br \/>\n<strong>H\u00f6rt auf mit diesem Schutzdiktat!<\/strong><br \/>\nBin ca. 10 Jahre j\u00fcnger und teile vollkommen diese Gef\u00fchle. Wir wollen in W\u00fcrde leben und sterben. Es soll doch keiner glauben, dass wir unser Leben h\u00f6her einsch\u00e4tzen, als das der Kinder, die uns\u00e4glich leiden, die Personen sie aus wirtschaftlicher Not heraus Suicid begehen? Nein, wir haben unser Leben gelebt und das ist gut so. Das Auf und ab im Leben pr\u00e4gt und wir wissen um das Gef\u00fchl das es bald zu Ende gehen wird. Das ist keine Besonderheit und normal. Au\u00dferdem will ich mich autark selbst sch\u00fctzen, ganz gleich um welches Problem geht. Das hat niemanden etwas anzugehen au\u00dfer meiner Frau, und glauben sie mir, die tut das, leider! Ich erinnere gern auch nochmal an den Artilel 1 des Grundgesetzes und auf dem bestehe ich, egal was da die Damen und Herren des Politikpersonals gerne h\u00e4tten. ICH entscheide \u00fcber meinen K\u00f6rper und sonst niemand.<br \/>\n23.2.2021, MT.<br \/>\n.<br \/>\n<strong>Deckt sich mit meinen Erfahrungen.<\/strong><br \/>\nIch pflege meine 85 j\u00e4hrige Mutter bei mir und h\u00f6re t\u00e4glich, wie sie \u00fcber all diesen Bl\u00f6dsinn &#8218;im Namen der Alten&#8216; schimpft. Noch scheinheiliger allerdings erscheint mir das Verhalten gerade der Personen, die &#8218;ihre Alten&#8216; allein lassen oder in ein Heim regelrecht &#8218;entsorgen&#8216; (ein Wort, dass man sich auf der Zunge zergehen lassen sollte; ent-sorgen), sich einen Teufel um diese Personen scheren, froh sind, sie gerade wegen &#8218;Corona&#8216; auch nicht mehr so h\u00e4ufig besuchen zu m\u00fcssen, aber damm am lautesten Lamentieren, und nach der Spritze rufen. Es gibt davon leider sehr, sehr Viele&#8230;<br \/>\n23.2.2021, St.B.<br \/>\n.<br \/>\n<strong>Ich verlange Antik\u00f6rpertests f\u00fcr alle<\/strong><br \/>\nIch will keinen Schnelltest, der feststellt, ob ich Corona habe. Auch nicht, wenn er kostenlos ist. Ich verlange Antik\u00f6rpertests f\u00fcr alle, die beweisen, dass die Ma\u00dfnahmen nicht mehr n\u00f6tig sind, weil ein Gro\u00dfteil der Bev\u00f6lkerung schon Antik\u00f6rper hat, bzw. Immun ist. Dann kann das Leben weitergehen und auch der Unsinn mit der Impfung beendet werden.<br \/>\n23.2.2021, par<br \/>\n.<br \/>\n<strong>Geld f\u00fcr Pflege statt Pharma<\/strong><br \/>\nVielen Dank f\u00fcr diesen Beitrag Herr Thurmann. Er ist traurig und nachvollziehbar, umso mehr fragt man sich, dass Milliarden in die Pharmaindustrie gesteckt werden und gleichzeitig gesagt wird dass das Gesundheitssystem nicht zusammenbrechen darf. Warum r\u00fcstet man mit diesen hohen Summen nicht den Bedarf im Gesundheitswesen auf: in Krankenh\u00e4user, Pfleger, Krankenschwestern, die Verg\u00fctung dieser Kranken- und Pflegekr\u00e4fte vorallem, Betten etc. ? Dort w\u00e4re Geld n\u00f6tiger und es ist ja anscheinend vorhanden. Die Kinder und die \u00e4lteren Menschen tun mir so sehr leid: es ist als ob mit den Fingern auf sie gezeigt wird: &#8222;wir machen das nur f\u00fcr sie.&#8220;<br \/>\nDass Schuldgef\u00fchle aufkommen, weil man besch\u00fctzt werden muss oder den Kindern gesagt wird, dass Opa und Oma sterben werden, wenn die &#8222;Regeln&#8220; nicht eingehalten werden, nennt man so etwas besch\u00fctzen? Ich danke Ihnen Herr Thurmann f\u00fcr Ihre ehrliche Meinung und bin mir sicher dass sie damit nicht als einziger, alleine dastehen. Und wir sind Ihnen und allen \u00e4lteren Menschen dankbar: f\u00fcr die Grundgesetzte und den Rechtsstaat und f\u00fcr das sch\u00f6ne Leben dass wir bisher f\u00fchren durften, ohne Sie und alle \u00e4lteren Menschen w\u00e4re das nie m\u00f6glich gewesen, den sie haben daran mitgearbeitet. Umso mehr w\u00fcnsche ich Ihnen und allen Menschen die Freiheit, f\u00fcr die sie einst k\u00e4mpften, wieder zur\u00fcck. Gottes Segen f\u00fcr Sie.<br \/>\n23.2.2021, Rap<br \/>\n.<br \/>\n<strong>Die Bev\u00f6lkerung mu\u00df der &#8222;Regierung&#8220; nichts beweisen.<\/strong><br \/>\nSondern die Regierung in jeder Hinsicht (!) rechenschaftspflichtig ist. Und f\u00fcr diese Rechenschaft hat sie keinen Zugriff auf die Existenz und Unversehrtheit der Bev\u00f6lkerung zu haben, sondern muss mit eigenen Mitteln argumentieren. Wenn sie das nicht kann, kann sie nichts und damit WEG.<br \/>\n23.2.2021, E.E<br \/>\n.<br \/>\n<strong>Antik\u00f6rper-Tests sind irref\u00fchrend<\/strong><br \/>\nund insofern auch wieder mi\u00dfbrauchbar, da die meisten gesunden Menschen gar nicht erst Antik\u00f6rper ausbilden m\u00fcssen um mit einer Viren-Besiedelung fertig zu werden. Das erledigt schon die Schleimhaut der oberen Atemwege.<br \/>\n23.2.2021, F.T.<br \/>\n.<br \/>\n<strong>\u201eSchutzgut sehr alter Mensch\u201c &#8211; nein<\/strong><br \/>\nZitat: &#8222;Ich erkl\u00e4re hiermit ausdr\u00fccklich, dass ich als \u201eSchutzgut sehr alter Mensch\u201c nicht durch diese Politiker gesch\u00fctzt werden m\u00f6chte, die besser wissen als ich, was f\u00fcr mich gut ist. Ich bin v\u00f6llig zufrieden, meinen Weg zu Ende zu gehen&#8230;&#8220;.<br \/>\nMit dieser Sicht steht Herr Thurmann sicher nicht allein. Er spricht in seinem Beitrag auch die vielen Selbstmorde an. Eine vern\u00fcnftig geregelte Sterbehilfe (auf der Grundlage der BVG-Entscheidung) k\u00f6nnte hier viel Leid durch missgl\u00fcckte Selbstmorde verhindern. Ein bewegender Beitrag.<br \/>\n23.2.2021, Epi<br \/>\nEnde der Kommentare<\/p>\n","protected":false},"excerpt":{"rendered":"<p>Der Brief eines 84-J\u00e4hrigen macht tief betroffen und r\u00fcttelt auf: &#8222;Ich erkl\u00e4re hiermit ausdr\u00fccklich, dass ich als \u201eSchutzgut sehr alter Mensch\u201c nicht durch diese Politiker gesch\u00fctzt werden m\u00f6chte, die besser wissen als ich, was f\u00fcr mich gut ist.&#8220; Eine Absage &hellip; <a href=\"https:\/\/www.freiburg-schwarzwald.de\/blog\/vor-dem-tod-retten\/\">Weiterlesen <span class=\"meta-nav\">&rarr;<\/span><\/a><\/p>\n","protected":false},"author":2,"featured_media":0,"comment_status":"open","ping_status":"closed","sticky":false,"template":"","format":"standard","meta":{"footnotes":""},"categories":[433,18,36,58,158,60,61,157,9],"tags":[190,700,521,488,644,463],"class_list":["post-88238","post","type-post","status-publish","format-standard","hentry","category-arzt","category-bildung","category-engagement","category-familie","category-gesund","category-jugend","category-kinder","category-oeffentlicher-raum","category-soziales","tag-alter","tag-corona","tag-family","tag-child","tag-krankheit","tag-tod"],"_links":{"self":[{"href":"https:\/\/www.freiburg-schwarzwald.de\/blog\/wp-json\/wp\/v2\/posts\/88238","targetHints":{"allow":["GET"]}}],"collection":[{"href":"https:\/\/www.freiburg-schwarzwald.de\/blog\/wp-json\/wp\/v2\/posts"}],"about":[{"href":"https:\/\/www.freiburg-schwarzwald.de\/blog\/wp-json\/wp\/v2\/types\/post"}],"author":[{"embeddable":true,"href":"https:\/\/www.freiburg-schwarzwald.de\/blog\/wp-json\/wp\/v2\/users\/2"}],"replies":[{"embeddable":true,"href":"https:\/\/www.freiburg-schwarzwald.de\/blog\/wp-json\/wp\/v2\/comments?post=88238"}],"version-history":[{"count":4,"href":"https:\/\/www.freiburg-schwarzwald.de\/blog\/wp-json\/wp\/v2\/posts\/88238\/revisions"}],"predecessor-version":[{"id":88250,"href":"https:\/\/www.freiburg-schwarzwald.de\/blog\/wp-json\/wp\/v2\/posts\/88238\/revisions\/88250"}],"wp:attachment":[{"href":"https:\/\/www.freiburg-schwarzwald.de\/blog\/wp-json\/wp\/v2\/media?parent=88238"}],"wp:term":[{"taxonomy":"category","embeddable":true,"href":"https:\/\/www.freiburg-schwarzwald.de\/blog\/wp-json\/wp\/v2\/categories?post=88238"},{"taxonomy":"post_tag","embeddable":true,"href":"https:\/\/www.freiburg-schwarzwald.de\/blog\/wp-json\/wp\/v2\/tags?post=88238"}],"curies":[{"name":"wp","href":"https:\/\/api.w.org\/{rel}","templated":true}]}}