{"id":88225,"date":"2021-02-20T14:26:21","date_gmt":"2021-02-20T13:26:21","guid":{"rendered":"https:\/\/www.freiburg-schwarzwald.de\/blog\/?p=88225"},"modified":"2021-02-26T20:52:56","modified_gmt":"2021-02-26T19:52:56","slug":"mobile-werbung-zur-wahl","status":"publish","type":"post","link":"https:\/\/www.freiburg-schwarzwald.de\/blog\/mobile-werbung-zur-wahl\/","title":{"rendered":"Mobile Werbung zur Wahl"},"content":{"rendered":"<p>Mobile Wahlwerbung zu den <a href=\"https:\/\/www.freiburg-schwarzwald.de\/blog\/engagement\/zukunft\/demokratie\/neuwahlen\/\">Landtagswahlen<\/a> am 14.3.2021 in Baden-W\u00fcrttemberg &#8211; kostenlos und viel beachtet. Z\u00fcge der <a href=\"https:\/\/www.freiburg-schwarzwald.de\/blog\/regio\/verkehr\/eisenbahn\/breisgau-s-bahn\/\">Breisgau-S-Bahn<\/a> bzw. <a href=\"https:\/\/www.freiburg-schwarzwald.de\/blog\/regio\/verkehr\/eisenbahn\/hoellentalbahn\/\">H\u00f6llentalbahn<\/a> zwischen Freiburg und <a href=\"https:\/\/www.freiburg-schwarzwald.de\/blog\/regio\/hochschwarzwald\/\">Hochschwarzwald<\/a> <a href=\"https:\/\/www.freiburg-schwarzwald.de\/blog\/business\/dienste\/werbung\/\">werben<\/a> rollend von fr\u00fch bis sp\u00e4t. Welcher Titel k\u00f6nnte zum Bild vom 17.2.2020 passen &#8211; bitte w\u00e4hlen Sie aus der Liste (Achtung Satire) aus?<br \/>\n<!--more--><\/p>\n<div id=\"attachment_88115\" style=\"width: 650px\" class=\"wp-caption alignnone\"><a href=\"https:\/\/www.freiburg-schwarzwald.de\/blog\/wp-content\/uploads\/2021\/02\/bahn-graffiti-afd-pan20210217.jpg\"><img loading=\"lazy\" decoding=\"async\" aria-describedby=\"caption-attachment-88115\" class=\"size-full wp-image-88115\" src=\"https:\/\/www.freiburg-schwarzwald.de\/blog\/wp-content\/uploads\/2021\/02\/bahn-graffiti-afd-pan20210217.jpg\" alt=\"\" width=\"640\" height=\"274\" srcset=\"https:\/\/www.freiburg-schwarzwald.de\/blog\/wp-content\/uploads\/2021\/02\/bahn-graffiti-afd-pan20210217.jpg 640w, https:\/\/www.freiburg-schwarzwald.de\/blog\/wp-content\/uploads\/2021\/02\/bahn-graffiti-afd-pan20210217-180x77.jpg 180w\" sizes=\"auto, (max-width: 640px) 100vw, 640px\" \/><\/a><p id=\"caption-attachment-88115\" class=\"wp-caption-text\">H\u00f6llentalbahn zwischen Freiburg und dem Hochschwarzwald am 17.2.2021 &#8211; Wahlwerbung?<\/p><\/div>\n<ul>\n<li>&#8222;Graffiti sind Kunstwerke&#8220;<\/li>\n<li>&#8222;Links macht Wahlkampf f\u00fcr Rechts&#8220;<\/li>\n<li>&#8222;Keine Toleranz dem <a href=\"https:\/\/www.freiburg-schwarzwald.de\/blog\/selbsthilfe\/krise\/gewalt\/vandalismus\/\">Vandalismus<\/a>&#8222;<\/li>\n<li>&#8222;Dies hat die AfD verdient&#8220;<\/li>\n<li>&#8222;Der TV-Slogan &#8218;F\u00fcr die Werbung sind die Parteien verantwortlich&#8216; gilt&#8220;<\/li>\n<li>&#8222;Getroffene Hunde\u00a0 bellen&#8220;<\/li>\n<li>&#8222;Tatgeneigte (frisch <a href=\"https:\/\/www.freiburg-schwarzwald.de\/blog\/selbsthilfe\/frauen\/gender\/\">ge-genderter<\/a> Begriff aus dem neuer Duden) sind zu bestrafen&#8220;<\/li>\n<li>&#8222;Das macht mich sprachlos &#8211; sch\u00e4mt Euch!&#8220;<\/li>\n<li>&#8222;Klammheimliche &#8230; &#8222;<\/li>\n<li>&#8222;Deutschlands <a href=\"https:\/\/www.freiburg-schwarzwald.de\/blog\/engagement\/zukunft\/demokratie\/direkte-demokratie\/\">Demokratie<\/a> braucht keine <a href=\"https:\/\/www.freiburg-schwarzwald.de\/blog\/engagement\/zukunft\/demokratie\/opposition\/\">Opposition<\/a> mehr&#8220;<\/li>\n<li>&#8222;Eine Mrd Euro Steuergelder f\u00fcr <a href=\"https:\/\/www.freiburg-schwarzwald.de\/blog\/kultur\/medien\/kampf-gegen-rechts\/\">&#8222;Kampf gegen Rechts&#8220;<\/a> sind halt noch zu wenig&#8220;<\/li>\n<li>&#8222;CDU statt AfD &#8211; der Eisenbahnwagen w\u00fcrde sofort stillgelegt&#8220;<\/li>\n<li>&#8222;Das Bild ist eine Fotomontage, d.h. <a href=\"https:\/\/www.freiburg-schwarzwald.de\/blog\/kultur\/medien\/fake-news\/\">Fake News<\/a>&#8222;<\/li>\n<li>&#8222;Die politische <a href=\"https:\/\/www.freiburg-schwarzwald.de\/blog\/engagement\/zukunft\/demokratie\/querfront\/\">Querfront<\/a> gibts also doch noch: Links au\u00dfen mit Rechts au\u00dfen&#8220;<\/li>\n<\/ul>\n<p>20.2.2021<\/p>\n","protected":false},"excerpt":{"rendered":"<p>Mobile Wahlwerbung zu den Landtagswahlen am 14.3.2021 in Baden-W\u00fcrttemberg &#8211; kostenlos und viel beachtet. Z\u00fcge der Breisgau-S-Bahn bzw. H\u00f6llentalbahn zwischen Freiburg und Hochschwarzwald werben rollend von fr\u00fch bis sp\u00e4t. Welcher Titel k\u00f6nnte zum Bild vom 17.2.2020 passen &#8211; bitte w\u00e4hlen &hellip; <a href=\"https:\/\/www.freiburg-schwarzwald.de\/blog\/mobile-werbung-zur-wahl\/\">Weiterlesen <span class=\"meta-nav\">&rarr;<\/span><\/a><\/p>\n","protected":false},"author":2,"featured_media":0,"comment_status":"open","ping_status":"closed","sticky":false,"template":"","format":"standard","meta":{"footnotes":""},"categories":[21,273,36,49,180,13,157,11],"tags":[633,510,626,525,500,571,436],"class_list":["post-88225","post","type-post","status-publish","format-standard","hentry","category-dienste","category-einsenbahn","category-engagement","category-freiburg","category-hochschwarzwald","category-kultur","category-oeffentlicher-raum","category-regio","tag-demokratie","tag-opnv","tag-partei","tag-politik","tag-wahl","tag-werbung","tag-zug"],"_links":{"self":[{"href":"https:\/\/www.freiburg-schwarzwald.de\/blog\/wp-json\/wp\/v2\/posts\/88225","targetHints":{"allow":["GET"]}}],"collection":[{"href":"https:\/\/www.freiburg-schwarzwald.de\/blog\/wp-json\/wp\/v2\/posts"}],"about":[{"href":"https:\/\/www.freiburg-schwarzwald.de\/blog\/wp-json\/wp\/v2\/types\/post"}],"author":[{"embeddable":true,"href":"https:\/\/www.freiburg-schwarzwald.de\/blog\/wp-json\/wp\/v2\/users\/2"}],"replies":[{"embeddable":true,"href":"https:\/\/www.freiburg-schwarzwald.de\/blog\/wp-json\/wp\/v2\/comments?post=88225"}],"version-history":[{"count":5,"href":"https:\/\/www.freiburg-schwarzwald.de\/blog\/wp-json\/wp\/v2\/posts\/88225\/revisions"}],"predecessor-version":[{"id":88337,"href":"https:\/\/www.freiburg-schwarzwald.de\/blog\/wp-json\/wp\/v2\/posts\/88225\/revisions\/88337"}],"wp:attachment":[{"href":"https:\/\/www.freiburg-schwarzwald.de\/blog\/wp-json\/wp\/v2\/media?parent=88225"}],"wp:term":[{"taxonomy":"category","embeddable":true,"href":"https:\/\/www.freiburg-schwarzwald.de\/blog\/wp-json\/wp\/v2\/categories?post=88225"},{"taxonomy":"post_tag","embeddable":true,"href":"https:\/\/www.freiburg-schwarzwald.de\/blog\/wp-json\/wp\/v2\/tags?post=88225"}],"curies":[{"name":"wp","href":"https:\/\/api.w.org\/{rel}","templated":true}]}}