{"id":87979,"date":"2021-02-16T20:12:07","date_gmt":"2021-02-16T19:12:07","guid":{"rendered":"https:\/\/www.freiburg-schwarzwald.de\/blog\/?p=87979"},"modified":"2021-02-17T09:59:09","modified_gmt":"2021-02-17T08:59:09","slug":"angst-gegen-kinder-wie-buerger","status":"publish","type":"post","link":"https:\/\/www.freiburg-schwarzwald.de\/blog\/angst-gegen-kinder-wie-buerger\/","title":{"rendered":"Angst gegen Kinder wie B\u00fcrger"},"content":{"rendered":"<p>&#8222;Erst die 15 min Klavier \u00fcben, dann darfst du raus&#8220;. Nora tut&#8217;s, aber dann: &#8222;Und dein Zimmer ist noch nicht aufger\u00e4umt, also bitte&#8220;. Nora gehorcht. Doch als danach &#8222;Und das <a href=\"https:\/\/www.freiburg-schwarzwald.de\/blog\/business\/handel\/fahrrad\/\">Fahrrad<\/a> mu\u00df noch geputzt werden&#8220; ert\u00f6nt, &#8230; Tr\u00e4nen und Verzweiflung. Einem <a href=\"https:\/\/www.freiburg-schwarzwald.de\/blog\/selbsthilfe\/kinder\/kinderrechte\/\">Kind<\/a> immer neue Aufgaben vorgeben, <!--more-->um irgendwann einmal belohnt zu werden &#8211; eine solche <a href=\"https:\/\/www.freiburg-schwarzwald.de\/blog\/religion\/islam\/erziehung\/\">P\u00e4dagogik<\/a> ist brutal und mu\u00df mi\u00dflingen &#8211; Henryk. M. Broder (s.u.) spricht treffend von &#8222;Sadop\u00e4dagogik&#8220;. Ein so &#8218;erzogenes&#8216; Kind wird niemals Vertrauen gewinnen k\u00f6nnen. Sadop\u00e4dagogik basiert auf <a href=\"https:\/\/www.freiburg-schwarzwald.de\/blog\/business\/gesund\/corona-virus\/corona-angst\/\">Angst<\/a> und <a href=\"https:\/\/www.freiburg-schwarzwald.de\/blog\/angst-essen-seele-auf\/\">Angstmache<\/a>, indem Ziele bzw. Aufgaben immer neu und gerne auf ein Level gesetzt werden, das unerreichbar scheint und das Kind verzweifeln l\u00e4\u00dft.<br \/>\n.<br \/>\nNun wird diese Unart von P\u00e4dagogik auch von der <a href=\"https:\/\/www.freiburg-schwarzwald.de\/blog\/business\/gesund\/corona-virus\/corona-grundrechte\/\">Coronapolitik<\/a> angewandt: Zuerst gegen Kinder durch das <a href=\"https:\/\/www.freiburg-schwarzwald.de\/blog\/business\/gesund\/corona-virus\/corona-strategiepapier\/\">Strategiepapier des BMI<\/a> von 3\/2020 und jetzt gegen die B\u00fcrger durch das Herabsetzen des Inzidenzwertes von 50 auf 35 und dann vermutlich 30, 10, 0.<br \/>\n<em>.<br \/>\nSadop\u00e4dagogik 50, 35, 10, 0<\/em><br \/>\n&#8222;Ab einer Inzidenz von 50 (angeblichen Neuerkrankungen pro 100.000 Einwohnern) sind Nachverfolgungen m\u00f6glich und deshalb ein <a href=\"https:\/\/www.freiburg-schwarzwald.de\/blog\/business\/gesund\/corona-virus\/lockdown\/\">Lockdown<\/a> beendet&#8220; so das regierungsamtliche <a href=\"https:\/\/www.freiburg-schwarzwald.de\/blog\/engagement\/zukunft\/demokratie\/nudging\/\">Nudging<\/a> sinngem\u00e4\u00df. Kurz vor Erreichen dieser Zielmarke 50 wird pl\u00f6tzlich 35 als neue Marke ausgerufen, danach vielleicht 10 oder gar &#8211; 0. &#8222;Aber dann d\u00fcrfen wir wieder raus, spielen, so hat es die Mama Merkel versprochen&#8220;. Der B\u00fcrger wird erzogen und er <a href=\"https:\/\/www.freiburg-schwarzwald.de\/blog\/global\/deutschland\/gesellschaft\/untertan\/\">folgt brav<\/a>. Der B\u00fcrger als Kind &#8211; folgt es sich sogar wohl in dieser falschen, <a href=\"https:\/\/www.freiburg-schwarzwald.de\/blog\/engagement\/zukunft\/demokratie\/bevormundung\/\">bevormundeten<\/a> Erziehungsmethode?<br \/>\nAbgesehen davon ist die 35 eine Luftnummer:<br \/>\n1) Die Begr\u00fcndungen f\u00fcr das Herabsetzen von 50 auf 35 (Mutationen, Langzeitfolgen) und f\u00fcr das Koppeln an einen Lockdown sind l\u00e4ngst widerlegt (<a href=\"https:\/\/www.freiburg-schwarzwald.de\/blog\/who-ioannidis-no-lockdown\/\">WHO<\/a>, <a href=\"https:\/\/www.freiburg-schwarzwald.de\/blog\/nach-ioannidi-stop-shutdown\/\">Ioannidis<\/a>).<br \/>\n2) Zudem l\u00e4\u00dft sich eine Inzidenz von 35 mit PCR-Tests \u00fcberhaupt nicht zuverl\u00e4ssig messen und scheidet schon deshalb als Kriterium f\u00fcr eine R\u00fcckkehr vom Lockdown zur Normalit\u00e4t aus.<br \/>\n.<br \/>\n<em>&#8222;Und was ist, wenn es n\u00e4chstes Jahr ein neues Virus gibt?&#8220;<\/em><br \/>\nDiese <a href=\"https:\/\/www.freiburg-schwarzwald.de\/blog\/business\/gesund\/corona-virus\/lockdown-endlos\/\">entscheidende Frage stellt Wolfgang Streeck<\/a>, emeritierte Direktor des Max-Planck-Instituts f\u00fcr Gesellschaftsforschung in K\u00f6ln. <em>\u201eIch kann mir eine Situation vorstellen, in der dieses System schon fr\u00fcher an seine Grenzen ger\u00e4t: Wenn n\u00e4mlich im n\u00e4chsten oder \u00fcbern\u00e4chsten Jahr noch ein \u201eneuartiges Virus\u201c kommt, nicht unbedingt ein schlimmeres, aber jedenfalls eines, das nicht mit den Mitteln zu bek\u00e4mpfen ist, die jetzt entwickelt wurden.&#8220;<\/em><br \/>\nIn 2022, 2023, &#8230; erneut Lockdowns ausrufen geht nicht, da der Staat &#8211; auch \u00fcber eine\u00a0 nochmalige Schuldaufnahme &#8211; keine Ausgleichszahlungen mehr leisten kann. Und ohne diese Zahlungen gibts Unruhen bis zum <a href=\"https:\/\/www.freiburg-schwarzwald.de\/blog\/global\/deutschland\/buergerkrieg\/\">B\u00fcrgerkrieg<\/a>. Die lockdown-basierte Politik hat sich erledigt, es gibt intelligente Alternativen, sich mit dem Virus zu arrangieren.<br \/>\n.<br \/>\n<em>Wenn Sadop\u00e4dagogik auf Wahnsinn trifft &#8230;<\/em><br \/>\nWarum unterst\u00fctzen die <a href=\"https:\/\/www.freiburg-schwarzwald.de\/blog\/global\/deutschland\/deutschland2020\/\">Deutschen<\/a> die <a href=\"https:\/\/www.freiburg-schwarzwald.de\/blog\/business\/gesund\/corona-virus\/lockdown-endlos\/\">lockdown<\/a>-basierte <a href=\"https:\/\/www.freiburg-schwarzwald.de\/blog\/business\/gesund\/corona-virus\/\">Coronapolitik<\/a> sogar dann noch, wenn nach dem ersten und zweiten auch der dritte Lockdown nicht den erw\u00fcnschten Erfolg bringt? <a href=\"https:\/\/www.freiburg-schwarzwald.de\/blog\/global\/deutschland\/gesellschaft\/untertan\/\">Gehorsam<\/a> immer das Gleiche tun. Liegt es an der <a href=\"https:\/\/www.freiburg-schwarzwald.de\/blog\/engagement\/zukunft\/gruendlichkeit\/\">deutschen Gr\u00fcndlichkeit<\/a>? Albert Einstein wird diese Aussage zugeordnet: <em>\u201eDie Definition von Wahnsinn ist, immer wieder das Gleiche zu tun und andere Ergebnisse zu erwarten.\u201c\u00a0 <\/em>Statt Wahnsinn k\u00f6nnte man auch Dummheit sagen?<br \/>\n16.2.2021<\/p>\n<p>.<br \/>\n.<\/p>\n<p><strong>Broders Spiegel: Sadop\u00e4dagogische Fastnacht<\/strong><br \/>\nEs ist <a href=\"https:\/\/www.freiburg-schwarzwald.de\/blog\/vereine\/narren\/\">Rosenmontag<\/a> und in den Karnevalshochburgen bleibt es still, denn die Polizei geht konsequent gegen illegale Faschings-Partys vor. Stattdessen gibt es freudlosen Dauer-Maskenball ohne Lockerungen. <a href=\"https:\/\/youtu.be\/Nsb6r0s63ZM\">https:\/\/youtu.be\/Nsb6r0s63ZM<\/a><br \/>\nEs ist eine Art Sadop\u00e4dagogik:<br \/>\nEinem Kind etwas versprechen,<br \/>\nwenn es eine Aufgabe erledigt,<br \/>\ndoch wenn das getan ist,<br \/>\ngibt es stattdessen immer nur neue Auftr\u00e4ge als Bedingung f\u00fcr die Belohnung.<br \/>\nKommt Ihnen das bekannt vor?<br \/>\n&#8230; Alles vom 15.2.2021 von Henryk M. Broder bitte lesen auf<br \/>\n<a href=\"https:\/\/www.achgut.com\/artikel\/broders_spiegel_15_02_2021\">https:\/\/www.achgut.com\/artikel\/broders_spiegel_15_02_2021<\/a><br \/>\n.<br \/>\nEinige Kommentare:<br \/>\n<strong>\u201cEs ist eine Art Sadop\u00e4dagogik:\u201d<\/strong><br \/>\nDazu geh\u00f6rt aber eine geh\u00f6rige Portion MASOCHISMUS. Ich h\u00e4tte nie geglaubt, da\u00df vor allem bei vielen \u201cWESSIS\u201d der offenbar so ausgepr\u00e4gt ist. Warum? ERSATZ f\u00fcr WAS? Wenn ich sehe, wie viele europ\u00e4ische L\u00e4nder gegen ihre Regierungen vorgehen und hier mit \u201cSchweigem\u00e4rschen\u201d und zur \u201cDisziplin\u201d aufgerufen wird, dann m\u00fcssen doch offenbar die \u201cSadop\u00e4dagogen\u201d sich ins F\u00e4ustchen lachen und munter weiter ihr Spiel treiben. Bei so viel Obrigkeitsh\u00f6rigkeit ?<br \/>\n15.2.2021, K.K.<br \/>\n.<br \/>\n<strong>\u201cEs ist eine Art Sadop\u00e4dagogik: Einem Kind etwas versprechen,<\/strong><br \/>\nwenn es eine Aufgabe erledigt, doch wenn das getan ist, gibt es stattdessen immer nur neue Auftr\u00e4ge als Bedingung f\u00fcr die Belohnung. Kommt Ihnen das bekannt vor?\u201d Wie sollen solche Kinder Vertrauen entwickeln? Das unbedingte Vertrauen, sich auf Vater oder Mutter unter allen Umst\u00e4nden verlassen zu k\u00f6nnen. Von der F\u00e4higkeit , dann sp\u00e4ter als Erwachsener Vertrauen zu anderen Menschen entwickeln zu k\u00f6nnen, gar nicht erst zu reden.<br \/>\n15.2.2021, S.L.&#8216;<br \/>\n.<br \/>\n<strong>Der Krug geht solange zum Brunnen bis er bricht. Eine .. nein ..<\/strong><br \/>\njede autokrate Regierung treibt Schindluder bis man sich ihrer entledigt. Je verheerender das Schindluder welches getrieben wurde, desto verheerender die Reaktion darauf. Ich sehe sp\u00e4testens im August 6 Millionen neue Arbeitslose. Bis Dezember vielleicht 12 Millionen. Davon die meisten ehemals Selbstst\u00e4ndige und Facharbeiter. Also das was man in linken Kreisen voller Verachtung als die \u201cb\u00fcrgerliche Mitte\u201d framed. Mit der b\u00fcrgerlichen Mitte (In Finanzfachkreisen auch \u201cDie letzten Steuerzahler\u201d genannt) aber verabschiedet sich die Grundlage f\u00fcr den Sozialstaat, welcher bisher in sp\u00e4tr\u00f6mischer Manier den nicht steuerzahlenden P\u00f6bel mit Brot &amp; Spielen ( aka Hartz IV &amp; Play-Station) ruhig stellte. Das findet ein Ende &#8230;. und ich kann gar nicht in Worte fassen wie sehr ich den kommenden Zusammenbruch feiern werde. ich m\u00f6chte dar\u00fcber hinaus auf den Vorzug hinweisen grenznah zu wohnen. Wenn hier die \u201cAfterparty\u201d losgeht, werde ich davon in einer Zeitung lesen &#8230;. in einem Cafe in einem weit entfernten Land.<br \/>\n15.2.2021, A.M.<br \/>\n.<br \/>\n<strong>Noch wird alles geschluckt, was ohnehin der Wahnsinn ist<\/strong><br \/>\n&#8230;da lernt das Kind fr\u00fch, dass es von den M\u00e4chtigen ohnehin nur belogen und betrogen wird\u2026so etwas h\u00e4tte ich mir von meinen Eltern einmal und auch zweimal gefallen lassen (aus Respekt)&#8230;aber danach w\u00e4re jeder Respekt dahin gewesen und der Trotzkopf h\u00e4tte berechtigterweise \u00fcbernommen. Mit Verarschen kann man weder Kind noch Hund noch Wellensittich erziehen\u2026<br \/>\nNoch wird alles geschluckt, was ohnehin der Wahnsinn ist, aber ich denke mir, je l\u00e4nger das dauert, desto brutaler wird der Widerstand durchbrechen\u2026und das wird dann sehr sehr heftig. Seltsam, dass sich Merkel und Konsorten davor nicht f\u00fcrchten. Nur weil das Volk keine Panzer hat?? Ich erw\u00e4ge in letzter Zeit \u00f6fter die Anschaffung einer Mistgabel, obwohl mich au\u00dfer, dass ich auf dem Dorf lebe und eine Affinit\u00e4t zur Landwirtschaft hege, keine \u201czivile\u201d Anwendung daf\u00fcr habe\u2026.<br \/>\n15.2.2021, S.M.<br \/>\n.<br \/>\n<strong>\u00b0Endsieg-Lockdown&#8220;<\/strong><br \/>\nAus der Versch\u00e4rfung des versch\u00e4rften Lockdowns<br \/>\n(dt. Notstand, Ausnahmezustand, Kriegsrecht, Diktat) ist still und leise der \u00b0Endsieg-lockdown\u201d geworden. Eigentlich schon bekannt. Der Endsieg liegt hinter dem Horizont, der Horizont wird vom Kanzleramt definiert. Solange das Kanzleramt den Horizont definiert &#8211; 50, 35, 10, no-Todesf\u00e4lle, no-Krebs, no-covid, no-Grippe, no-Husten, no-Schnupfen, no-Heiserkeit, &#8230; &#8211; funktioniert das ewig weiter. Tr\u00f6stlich vielleicht die Erinnerung. Seinerzeit schrumpelte der Horizont unaufhaltsam rund um das Kanzleramt auf Radius = 0 zusammen. Vielleicht w\u00e4re die gl\u00fccklichste L\u00f6sung, der Schrumpfungsprozess k\u00e4me diesmal an der Stadtgrenze von Berlin zum stehen. W\u00fcrde manche Probleme mit l\u00f6sen.<br \/>\n15.2.2021, H.B.<br \/>\n.<br \/>\n<strong>Ich h\u00e4tte mir eine solche Politik 2015 ff gew\u00fcnscht.<\/strong><br \/>\n35 auf 100.000 Einwohner. Jeder vergewaltigungsfall\/Messerattacke w\u00e4re eine zu viel f\u00fcr Frau Merkel und Co. Herrn S\u00f6der h\u00f6tte st\u00e4ndig das \u201cHerz geblutet\u201d. Grenzen dicht!!! T\u00e4gliche Warnungen und Fallzahlen durch das BKA. Ein Traum!<br \/>\n15.2.2021, B.J.<br \/>\n,.<br \/>\n<strong>Der Sadismus des Spahnmerkelschen Corona-Regimes<\/strong><br \/>\nkulminiert im Umgang mit \u201eVulnerablen\u201c (ein verr\u00e4terisch heuchelnder Euphemismus) in Pflegeheimen. Ein Whistleblower aus einem Berliner Pflegeheim offenbart gegen\u00fcber dem Corona-Ausschuss (Dr. Reiner F\u00fcllmich, Dr. Vivian Fischer) die Wahrheit \u00fcber die Impfung und wie sie den v\u00f6llig ver\u00e4ngstigten Patienten unter Gewaltanwendung verabreicht wird: ein Arzt der spritzt, eine Pflegekraft, die die widerstrebende zu impfende Person festh\u00e4lt und ein Bundeswehrsoldat, der aufpasst, dass niemand den Impfstoff klaut. Beim ersten Durchgang brauchte das tapfere Team f\u00fcr 31 Patienten mehr als eine Stunde, beim zweiten Durchgang war man schon nach weniger als einer halben Stunde fertig. Impfdruck wurde auf die Angeh\u00f6rigen ausge\u00fcbt, und auch das Pflegepersonal wird solange zur Impfung gen\u00f6tigt, bis es einwilligt, um seine Ruhe vor dem Bedr\u00e4ngtwerden zu bekommen! Alles ist nachzuh\u00f6ren und nachzulesen auf der Website von 2020news.de. Im vorliegenden Fall sind nach der ersten und zweiten Impfung von 31 dementen Heimbewohnern 8 (in Worten: acht) gestorben, elf sind nachhaltig gesundheitlich beeintr\u00e4chtigt und nur 12 scheinen \u201eungeschoren\u201c davongekommen zu sein. Der Pflegekraft zufolge sind alle 31 Geimpften zuvor zwar dement, ansonsten aber altersgem\u00e4\u00df gesund gewesen! Ein Operns\u00e4nger, der abgesehen von seiner Demenz noch fit war, singen und Klavier spielen konnte, geh\u00f6rt auch den Opfern. Der Sterbeprozess nach der Impfung unterscheidet sich sehr deutlich (imho dramatisch) vom \u201enormalen\u201c Sterben im hohen Alter. ACHTUNG: Gute Nerven sind beim Anh\u00f6ren erforderlich! -\/\/- 2020news berichtet, \u201eAuch in Schweden sterben die alten Menschen nach der Impfung\u201c.<br \/>\n15.2.2021, I.M.<br \/>\n.<br \/>\n<strong>&#8230; Rotwein mit Strohhalm durch die Maske<\/strong><br \/>\nIch wei\u00df gar nicht was die Leute hier wollen. Ich trink meinen Rotwein mittlerweile mit Strohhalm durch die Maske (nicht die mit Rei\u00dfverschluss, sondern durch die FFP2). Das ist TOTAL geil, das macht mich richtig an &#8211; und dann dabei an die jungen-knackigen Dinger denken &#8211; herrliche Zeiten sind das. Und das Beste daran: Ich brauch kein Glas, ich mache das aus der Flasche! Und das Zweitbeste ist: Mein Wert liegt nie \u00fcber 3 Promille\/Insidenz!!!!!<br \/>\n15.2.2021, B.M.<br \/>\n.<br \/>\n<strong>Wann wird dem letzten Schnabelt\u00fctentr\u00e4ger endlich das Licht aufgehen,<\/strong><br \/>\ndass wir nie wieder normal leben sollen\/ d\u00fcrfen, weil das nicht in den Plan der Kommunistin in Berlin und den ihrer bestens durch uns alimentierten Schleimlinge passt? Mir tun nur die Kinder leid, denen ihr Leben gestohlen wird, die in der Schule nicht einmal mehr lernen werden, wie man die Worte \u201cFreiheit\u201d, \u201cFreude\u201d, \u201cLachen\u201d, \u201cSingen\u201d, \u201cLiebe\u201d buchstabiert und ausspricht &#8211; und sich nicht nur in einer DDR2 (die wir ja fast schon haben) wiederfinden &#8211; sondern in einem \u201cNordkorea light\u201d. Ich erinnere mich an das Lied \u201cEiszeit\u201d von Peter Maffay, in dem er Gesinnungsdiktatur anprangerte &#8211; besonders die Zeile \u201c&#8230;Liebe wird verboten\u2026\u201d ist mir in Erinnerung geblieben &#8211; auch sonst war sein ca. 30 Jahre alter Text vision\u00e4r &#8211; was die derzeitige Horrorwelt betrifft. Wohin ist er &#8211; einer der vielen singenden Multimillion\u00e4re &#8211; eigentlich abgetaucht? Man h\u00f6rt so gar nichts mehr von diesen K\u00fcnstlern, die aufstehen k\u00f6nnten gegen die Politikerwillk\u00fcr, gegen Vernichtung von Grundrechten und Freiheit. Sind sie wirklich verstummt, oder werden ihre Stimmen einfach nur unterdr\u00fcckt? Oder sind sie damit besch\u00e4ftigt, ihre Milli\u00f6nchen zu retten, bevor der gro\u00dfe Crash kommt?<br \/>\n15.2.2021, S.H.<br \/>\n.<br \/>\n<strong>Keine unendliche Geschichte, aber eine immer l\u00e4ngere:<\/strong><br \/>\n<strong>Deutsche Narren &#8211; Ein Aschermittwochsgedicht &#8211;<\/strong><br \/>\nIn Deutschland regieren Narren, fahren an die Wand den Karren.<br \/>\nHetzen gegen alle, die nicht geh\u2019n in ihre Falle.<br \/>\nSteht man nicht auf ihr Geheule, zieh\u2019n sie gleich die Nazikeule.<br \/>\nF\u00fcrchten jedes Argument, zur Wahrheit sind sie impotent.<br \/>\nMissbrauchen Emotionen f\u00fcr ihre Indoktrinationen.<br \/>\nSagen, sie w\u00e4ren tolerant, hassen doch den Querulant.<br \/>\nDenken, dass sie die Guten seien, Widerspruch sie nicht verzeihen.<br \/>\nLieben Gendersterne, Realit\u00e4t ist ihnen ferne.<br \/>\nAlle sollen sich gleichen, dem Imam die Hand sie reichen.<br \/>\nWollen \u00fcberall Quoten, Leistung ist verboten.<br \/>\nSie seien gegen Extremisten, paktieren mit den Linksfaschisten.<br \/>\nVerbieten Kohle und Atom, Bald sind wir dann ohne Strom.<br \/>\nUm CO2 zu vernichten, Kranichh\u00e4cksler sie errichten.<br \/>\nRetten wollen sie das Klima, Kinderk\u00f6pfe finden\u2019s prima.<br \/>\nDie sollen Freitags demonstrieren, die in der Schule nix kapieren.<br \/>\nPISA-Werte der G\u00f6ren sinken, Lehrer sind ein Teil der Linken.<br \/>\nWenn sie sagen Wissenschaft, ist das Wissen abgeschafft.<br \/>\n.<br \/>\nWollen lindern das Elend der Welt, ganz allein mit deutschem Geld.<br \/>\nSpenden Menschenh\u00e4ndlern gar, f\u00fcr Deutsche sind die Gelder rar.<br \/>\nF\u00fcr jede neue Paranoia ist kein deutsches Geld zu teuer.<br \/>\nZurzeit sind Inzidenzen Mode, nichtig wer sonst kommt zu Tode.<br \/>\nLeider kann man kaum entrinnen, wenn sie anfangen zu spinnen.<br \/>\nDie Medien sie dominieren, Vernunft sie immer ignorieren.<br \/>\nBeschlie\u00dfen jetzt Insektenschutz, meinen nur den Eigennutz.<br \/>\nW\u00e4hlen sollen junge Spunde, so geht Deutschland vor die Hunde.<br \/>\nDoch wenn es gibt ein b\u00f6s` erwachen, wird vergehen jedes Lachen.<br \/>\nDeutsche Narren, so geht es nicht. Darum schrieb ich dies Gedicht.<br \/>\nGef\u00e4llt es dir, bist du ein Ketzer, stempeln dich zum Volksverhetzer.<br \/>\nWenn sie dich auch diffamieren, lass\u2019 dich nicht manipulieren.<br \/>\nBenutze einfach deinen Geist, das ist, was sie am meisten bei\u00dft.<br \/>\n15.2.2021, Rolf Lindner<br \/>\n.<br \/>\n<strong>Das Licht am Ende des Tunnels ist der 12. April. Da beginnt der Ramadan.<\/strong><br \/>\nEs br\u00e4uchte dann Hundertschaften von Polizei um die n\u00e4chtlichen Massentreffen aufzul\u00f6sen. Den Muslimen das gemeinsame Essen zu verbieten, das traut sich unserer Kanzlerin nicht.<br \/>\n15.2.2021, S.B.<\/p>\n<p><strong>50 &#8211; 35 &#8211; 10 &#8211; 0.<\/strong><br \/>\nAber dann d\u00fcrfen wir wieder raus, spielen, so hat es die Tante M\u00f6rkel versprochen. Sadop\u00e4dagogischer Freiluftkindergarten Deutschland, so ist es, Herr Broder. Hiermit gestehe ich, w\u00e4hrend Ihres Nacht-Schreibverbotes gegen das Nacht-Guck-Verbot versto\u00dfen und ohne medizinische Maske und Schutzbrille den \u201eSpiegel\u201c schon gegen 01:00&#8230;<br \/>\n15.2.2021, H.K.<br \/>\n.<br \/>\n<strong>Das ist bei Udo Lindenberg abgeguckt: \u201cHinterm Horizont geht\u2019s weiter\u201d<\/strong><br \/>\nMan kann es auch Karottenp\u00e4dagogik nennen. Immer die Karotte vor der Nase aber sie nie erreichen.<br \/>\n15.2.2021, J.L.<\/p>\n<p><strong>Der ganze Coronahype dient der Ablenkung?<\/strong><br \/>\nEs ist zwar schon gesagt worden, aber zur Erinnerung: Der ganze Coronahype dient der Ablenkung. \u201eKein anderes europ\u00e4isches Land denkt auch nur im Traum daran, Fl\u00fcchtlinge in \u00e4hnlicher Zahl wie Deutschland aufzunehmen\u201c. Darum geht es nicht. Es geht um junge M\u00e4nner im wehrf\u00e4higen Alter, die uns in g\u00f6ttlichem Auftrag koranisch mit dem Tode bedrohen. Und alle hier lebenden Juden gleich mit. Der Satz von Karl Lagerfeld gilt nach wie vor.<br \/>\nWir haben es mit einer kriminellen Invasion zu tun, einer kriminellen Vereinigung im Sinne des \u00a7 129 StGB. Wenn wir das nicht sehr bald erkennen und die Konsequenzen daraus ziehen, dann werden wir den Preis daf\u00fcr bezahlen \u2013 so wie Europa den Preis f\u00fcr sein Appeasement gegen\u00fcber den Nazis zahlen musste. Noch ist es nicht zu sp\u00e4t, aber es wird t\u00e4glich schwieriger, das wieder los zu werden. Und wenn sie uns an den Hals springen \u2013 so wie Churchill das \u00fcber die Deutschen gesagt hat \u2013 dann wird es definitiv zu sp\u00e4t sein. Dann kommt der showdown, nicht der lockdown. Samt Coronarinfarkt.<br \/>\n15.2.2021, G.G.<\/p>\n<p>&nbsp;<\/p>\n","protected":false},"excerpt":{"rendered":"<p>&#8222;Erst die 15 min Klavier \u00fcben, dann darfst du raus&#8220;. Nora tut&#8217;s, aber dann: &#8222;Und dein Zimmer ist noch nicht aufger\u00e4umt, also bitte&#8220;. Nora gehorcht. Doch als danach &#8222;Und das Fahrrad mu\u00df noch geputzt werden&#8220; ert\u00f6nt, &#8230; Tr\u00e4nen und Verzweiflung. &hellip; <a href=\"https:\/\/www.freiburg-schwarzwald.de\/blog\/angst-gegen-kinder-wie-buerger\/\">Weiterlesen <span class=\"meta-nav\">&rarr;<\/span><\/a><\/p>\n","protected":false},"author":2,"featured_media":0,"comment_status":"open","ping_status":"closed","sticky":false,"template":"","format":"standard","meta":{"footnotes":""},"categories":[36,58,158,60,61,93,95,172],"tags":[709,281,700,549,488],"class_list":["post-87979","post","type-post","status-publish","format-standard","hentry","category-engagement","category-familie","category-gesund","category-jugend","category-kinder","category-kindergarten","category-schulen","category-zukunft","tag-angst","tag-burgerinitiativen","tag-corona","tag-gesetz","tag-child"],"_links":{"self":[{"href":"https:\/\/www.freiburg-schwarzwald.de\/blog\/wp-json\/wp\/v2\/posts\/87979","targetHints":{"allow":["GET"]}}],"collection":[{"href":"https:\/\/www.freiburg-schwarzwald.de\/blog\/wp-json\/wp\/v2\/posts"}],"about":[{"href":"https:\/\/www.freiburg-schwarzwald.de\/blog\/wp-json\/wp\/v2\/types\/post"}],"author":[{"embeddable":true,"href":"https:\/\/www.freiburg-schwarzwald.de\/blog\/wp-json\/wp\/v2\/users\/2"}],"replies":[{"embeddable":true,"href":"https:\/\/www.freiburg-schwarzwald.de\/blog\/wp-json\/wp\/v2\/comments?post=87979"}],"version-history":[{"count":5,"href":"https:\/\/www.freiburg-schwarzwald.de\/blog\/wp-json\/wp\/v2\/posts\/87979\/revisions"}],"predecessor-version":[{"id":87993,"href":"https:\/\/www.freiburg-schwarzwald.de\/blog\/wp-json\/wp\/v2\/posts\/87979\/revisions\/87993"}],"wp:attachment":[{"href":"https:\/\/www.freiburg-schwarzwald.de\/blog\/wp-json\/wp\/v2\/media?parent=87979"}],"wp:term":[{"taxonomy":"category","embeddable":true,"href":"https:\/\/www.freiburg-schwarzwald.de\/blog\/wp-json\/wp\/v2\/categories?post=87979"},{"taxonomy":"post_tag","embeddable":true,"href":"https:\/\/www.freiburg-schwarzwald.de\/blog\/wp-json\/wp\/v2\/tags?post=87979"}],"curies":[{"name":"wp","href":"https:\/\/api.w.org\/{rel}","templated":true}]}}