{"id":87931,"date":"2021-02-11T09:11:51","date_gmt":"2021-02-11T08:11:51","guid":{"rendered":"https:\/\/www.freiburg-schwarzwald.de\/blog\/?p=87931"},"modified":"2021-02-14T09:43:11","modified_gmt":"2021-02-14T08:43:11","slug":"fake-news-kaum-korrigierbar","status":"publish","type":"post","link":"https:\/\/www.freiburg-schwarzwald.de\/blog\/fake-news-kaum-korrigierbar\/","title":{"rendered":"Fake News &#8211; kaum korrigierbar"},"content":{"rendered":"<p><em>&#8222;Querdenker-Demos schuld an vielen Covid19-Infektionen&#8220;<\/em>, diese Nachricht wird seit 8.2.2021 in allen reichweitenstarken <a href=\"https:\/\/www.freiburg-schwarzwald.de\/blog\/kultur\/medien\/mainstream\/\">Medien<\/a> verbreitet, in Presse, <a href=\"https:\/\/www.freiburg-schwarzwald.de\/blog\/kultur\/medien\/gez-medien\/\">TV<\/a> wie Internet. Unter Bezugnahme auf eine Studie deutscher Autoren mit dem Titel \u201cSpreading the Disease: Protest in Times of Pandemics&#8220; &#8211; Englisch klingt nach Seriosit\u00e4t und <a href=\"https:\/\/www.freiburg-schwarzwald.de\/blog\/wissenschaft-und-politik\/\">Wissenschaft<\/a>. <!--more-->Das mediale Echo ist gro\u00df, so sollen Querdenker laut Berliner Tagesanzeiger \u00fcber 21.000 <a href=\"https:\/\/www.freiburg-schwarzwald.de\/blog\/business\/gesund\/corona-virus\/\">Neuinfektionen<\/a> verursacht haben.<br \/>\n.<br \/>\nNachtr\u00e4glich kristallisiert sich nun aber heraus, da\u00df die Studie den elementaren Regeln <a href=\"https:\/\/www.freiburg-schwarzwald.de\/blog\/bildung\/wissenschaft\/\">wissenschaftlicher Arbeit<\/a> nicht gen\u00fcgt, die Nachricht somit <a href=\"https:\/\/www.freiburg-schwarzwald.de\/blog\/kultur\/medien\/fake-news\/\">Fake<\/a> darstellt. Wahrscheinlich wird der Tagesanzeiger irgendwann auch melden, da\u00df das mit den 21.000 so doch nicht stimmt. Aber solche nachtr\u00e4glichen Richtigstellungen und Entschuldigungen sind fast wirkungslos, da sie vom Medienkonsumenten nicht mehr wahrgenommen werden. Ist Fake erst einmal in der Welt, dann ist er im nachhinein kaum noch korrigierbar.<br \/>\n.<br \/>\nFake News k\u00f6nnen versehentlich, aus Schlamperei oder gar aus Absicht &#8211; was f\u00fcr das obige Beispiel nicht behauptet wird &#8211; publiziert werden. Dabei l\u00e4\u00dft sich das folgende Muster erkennen:<br \/>\n(1) Eine brisante Meldung X wird von einem reichweiten Medium auf Seite 1 ver\u00f6ffentlicht, ohne den Inhalt auf Zuverl\u00e4ssigkeit zu \u00fcberpr\u00fcfen.<br \/>\n(2) Die anderen Mainstreammedien \u00fcbernehmen die Meldung X ebenfalls auf Seite 1.<br \/>\n(3) Die Meldung X ist in der Welt. Das Echo ist gewaltig, denn wenn alle Medien unisono das Gleiche berichten, dann mu\u00df es ja wohl wahr sein.<br \/>\n(4) Nach einiger Zeit stellt sich heraus, da\u00df es sich bei der Meldung X um eine Falschmeldung bzw. Fake News handelte. Falls juristisch gezwungen, erfolgen Widerruf bzw. Gegendarstellung im betreffenden Medium, aber nicht auf Seite 1.<br \/>\n(5) Die Meldung X bleibt, obwohl nachtr\u00e4glich als Fake-News deklariert, im Ged\u00e4chtnis der Leser haften.<br \/>\n.<br \/>\n<em>&#8222;Querdenker-Demos schuld an vielen Covid19-Infektionen&#8220;<\/em> ist eine Falschmeldung. Ein weiteres Beispiel einer Falschmeldung, die zu makabrer Ber\u00fchmtheit gelangte: <em>&#8222;Hetzjagden auf Fl\u00fcchtlinge in <a href=\"https:\/\/www.freiburg-schwarzwald.de\/blog\/engagement\/zukunft\/demokratie\/chemnitz-messermord26-08-2018\/\">Chemnitz<\/a> am 26.8.2018&#8243;<\/em>. Dieser Fake wurde sogar von der <a href=\"https:\/\/www.freiburg-schwarzwald.de\/blog\/engagement\/zukunft\/demokratie\/groko\/\">GroKo<\/a> wie auch vom Regierungssprecher \u00fcbernommen, sp\u00e4ter aber <a href=\"https:\/\/www.freiburg-schwarzwald.de\/blog\/chemnitz-hetzjagd-war-luege\/\">gerichtlich als unwahr<\/a> festgestellt.<br \/>\n.<br \/>\nFazit:<br \/>\nDie Mainstreammedien verlieren leider immer mehr an Glaubw\u00fcrdigkeit. Anstelle von <em>&#8222;<a href=\"https:\/\/www.freiburg-schwarzwald.de\/blog\/kultur\/medien\/journalismus\/haltungsjournalismus\/\">Haltung<\/a> bzw. <a href=\"https:\/\/www.freiburg-schwarzwald.de\/blog\/engagement\/zukunft\/demokratie\/gesinnungsethik\/\">Gesinnung<\/a> vor Fakten&#8220;<\/em> mu\u00df umgekehrt wieder <em>&#8222;Fakten vor Meinung&#8220;<\/em> treten.<br \/>\nDie Maxime &#8222;Sapere aude \u2013 Hab Mut, dich deines eigenen Verstandes zu bedienen&#8220; von <a href=\"https:\/\/www.freiburg-schwarzwald.de\/blog\/kultur\/aufklaerung\/kant\/\">Immanuel Kant<\/a> (*22. April 1724 \u2020 12. Februar 1804, deutscher Philosoph, <a href=\"https:\/\/www.freiburg-schwarzwald.de\/blog\/kultur\/aufklaerung\/\">Aufkl\u00e4rung<\/a>) mu\u00df f\u00fcr heutigen <a href=\"https:\/\/www.freiburg-schwarzwald.de\/blog\/kultur\/medien\/journalismus\/\">Qualit\u00e4tsjournalismus<\/a> (Vorbild: <a href=\"https:\/\/www.freiburg-schwarzwald.de\/blog\/nachricht-kommentar-trennen\/\">Hans Jochen Friedrichs<\/a>) weiterhin gelten.<br \/>\n11.2.2021<br \/>\n.<br \/>\n.<br \/>\n<strong>Querdenker-Demos schuld an Infektionen? Analyse einer Schrott-Studie<\/strong><br \/>\nVon Deutschlandfunk bis Welt, von \u00c4rzteblatt bis FAZ wird &#8211; \u201ep\u00fcnktlich zum Corona-Gipfel\u201c &#8211; seit Mitte der Woche eine \u201eStudie\u201c aufgeblasen, die nachweisen soll, dass \u201eQuerdenker\u201c(-Demos) zu einer Verbreitung des Corona-Virus beigetragen haben. \u201cQuerdenken-Demos f\u00fcr bis zu 21.000 Infektionen verantwortlich\u201d schreibt beispielsweise der Tagesspiegel. Auch die \u201eHeute\u201c-Nachrichten des ZDF (ab Minute 16:00) lie\u00dfen es sich nicht nehmen, das Papier unkritisch zu kolportieren.<br \/>\nDas riecht einerseits nach einem weiteren, krassen Fall politisch bestellter Wissenschaft, wie sie \u2013 Achgut.com berichtete \u2013 im Corona-Kontext offenbar gang und g\u00e4be zu sein scheint. Andererseits legt schon ein nur oberfl\u00e4chlicher Blick in die englischsprachige Original-Studie nahe, dass eine n\u00e4here Pr\u00fcfung dieses \u201eDiscussion Paper\u201c angeraten gewesen w\u00e4re.<br \/>\n&#8230;.<br \/>\nDer Zusammenhang wird anders als im ersten Schritt auch mit signifikanten p-Werten der Regressionsparameter unterlegt, die allerdings nicht auf Alphafehler-Kumulierung korrigiert sind und dann wahrscheinlich nicht mehr signifikant w\u00e4ren. Dies ist ein fundamentaler mathematischer Fehler der Studie.<br \/>\n&#8230; Alles vom 13.2.2021 von Johannes Eisleben bitte lesen auf<br \/>\n<a href=\"https:\/\/www.achgut.com\/artikel\/querdenker_demos_schuld_an_infektionen_analyse_einer_schrott_studie\">https:\/\/www.achgut.com\/artikel\/querdenker_demos_schuld_an_infektionen_analyse_einer_schrott_studie<\/a><br \/>\n.<br \/>\nEinige Kommentare:<br \/>\n<strong>Bleibt die Frage: Weshalb ist das aus dem manipulativen Lug und Trug<br \/>\n<\/strong>des RKI &#8211; immerhin einer Regierungsinstitution! &#8211; errichtete Kartenhaus nicht l\u00e4ngst eingest\u00fcrzt? Soll ein Rudel sich disqualifizierender Pseudowissenschaftler, Scharlatane, Klabauterm\u00e4nner und Demagogen dauerhaft die neue Wissenschaft in Merkels Deutschland beherrschen? Keine Frage ist hingegen, dass das von Lange und Monschau verbrochene Discussion Paper \u201cMerkeldeutschland bestimmen?<br \/>\nKeine Frage hingegen, dass das von Lange und Monscheuer verfasste Discussion Paper \u201cSpreading the Disease: Protest in Times of Pandemics\u201d auf den riesigen Haufen bestellten Propaganda-Bullshits geh\u00f6rt. G\u00e4be es eine Hall of Shame, den beiden w\u00e4re ein Platz darin sicher. Interessant w\u00e4re zu erfahren, ob sie aus dem Halbe-Milliarden-Topf \u201cgegen R\u00e4chtz\u201d verg\u00fctet wurden.<br \/>\n13.2.2021, A.R.<br \/>\n.<br \/>\n<strong>Meine Hochachtung an den Autor,<\/strong><br \/>\nich habe nach dem Absatz Argumentationsmuster aufgeh\u00f6rt, den Artikel zu lesen, ich m\u00f6chte mich mit derlei Unfug nicht auseinandersetzen. Meine Verachtung gilt den Journalisten, die solche Machwerke in Umlauf bringen. Welcher Journalist kann solchen Schwachsinn, nur im entferntesten, f\u00fcr irgendwie wissenschaftlich halten. Muss man heutzutage eigentlich noch studieren, um Journalist zu werden, oder reicht es v\u00f6llig der Obrigkeit nach dem Mund zu schreiben.<br \/>\n13.2.2021, O.K.<br \/>\n&#8211;<br \/>\n<strong>Mit dieser \u201cStudie\u201d wurde die Wissenschaft erneut zu Grabe getragen<\/strong>,<br \/>\nallm\u00e4hlich sieht der Friedhof der Wissenschaft aus wie ein un\u00fcberschaubares Gr\u00e4berfeld bis zum Horizont\u2026 Kein Wunder, dass Ideologien, Utopien, alle m\u00f6glichen Arten von Aberglauben ( dazu z\u00e4hle ich auch die Religionen) und Esoterik bl\u00fchen und gedeihen! Wir sind dabei, eine Rolle r\u00fcckw\u00e4rts zu machen ins Mittelalter, in die Zeit der obskuren Gottesbeweise und Ketzerverfolgungen. Das h\u00e4tte ich noch vor ein paar Jahren f\u00fcr unm\u00f6glich gehalten!<br \/>\n13.2.2021, G.W.<br \/>\n.<br \/>\n<strong>Skrupellos sind dabei jene, die wissen, dass sie die Unwahrheit sagen,<\/strong><br \/>\nes aber tun, um Machtstrukturen zu st\u00fctzen; sie produzieren keine Wissenschaft, sondern Herrschaftsideologie und Propaganda.\u201d Dieser eine Satz h\u00e4tte zur Qualifizierung der Studie ausgereicht. Sie ist genau so \u201caussage- und beweiskr\u00e4ftig\u201d wie JEDE Studie, die ein Regime in Auftrag gibt, um sich selbst zu st\u00fctzen und zu rechtfertigen. Jedes andere Studienergebnis w\u00fcrden das Regime und seine Propagandamedien entweder ganz verschweigen oder, wenn das nicht m\u00f6glich ist, Schlussfolgerungen daraus ignorieren.<br \/>\n13.2.2021, T.SCH.<br \/>\n.<br \/>\n<strong>Gab es nicht irgendwo eine Studie \u00fcber das Wahlverhalten<\/strong><br \/>\nder Querdenker Demo Teilnehmer? Und im Ergebnis kam heraus, dass der h\u00f6chste Prozentsatz, ich erinnere nicht genau welcher, W\u00e4hler der Gr\u00fcnen waren? Bekannterma\u00dfen geh\u00f6ren ja auch eher die Gr\u00fcnen zu den klassischen Impfgegenern. Insofern muss das Ergebnis der hier besprochenen Studie umgeschrieben werden, ich mach\u00b4s mal kurz damit man sich kompliziertes Rechnen erspart: Die Gr\u00fcnen sind schuld an Covid 19.<br \/>\n13.2.2021, H.K.<br \/>\n.<br \/>\n<strong>Und wahrlich, ich sage Euch\u2026.<\/strong><br \/>\nR\u00fcckschritt, Verfall und Dekadenz haben bereits begonnen und breiten sich rasant aus. Wenn ich so ein Geseich lese, best\u00e4tigt dies nur endg\u00fcltig meine Vermutungen. Bleibt nur noch \u201cBusse Tun\u201d. Aber f\u00fcr Was und f\u00fcr Wen denn. F\u00fcr solche Dummschw\u00e4tzer vielleicht ? Ideologie ist de Religion der LOOSER, weiss doch jedes Kind.<br \/>\n13.2.2021, R.M.<br \/>\n.<br \/>\n<strong>So werden Krisen also \u201eerzeugt\u201c!<\/strong><br \/>\nPositiver Test vs. \u201eCorona-Fall\u201c: Wie Fu\u00dfball-Fans am Donnerstagabend erfuhren, sei trotz penibler Abschottung auch Thomas M\u00fcller (Bayern M\u00fcnchen) an Covid-19 \u201eerkrankt\u201c, dabei lag offenbar auch hier nur ein &#8211; noch nicht einmal eindeutig &#8211; positives PCR-Testergebnis vor, bzw. den zwei positiven stand ein negatives Testergebnis gegen\u00fcber, und doch gilt er als \u201eerkrankt\u201c. Wenn er in 14 Tagen sein n\u00e4chstes Tor geschossen haben wird, wird kein Mensch mehr von seiner \u201eErkrankung\u201c sprechen, aber die Corona-(Un-)Statistik wird ihn bleibend als \u201eFall\u201c z\u00e4hlen. So werden Krisen also \u201eerzeugt\u201c! Diese Art der \u201eLogik\u201c unterscheidet sich m.E. kaum noch von Quacksalbern des sp\u00e4ten Mittelalters!<br \/>\n13.2.2021, I.S.<br \/>\n.<br \/>\n<strong>&#8230; Spaltung der Gesellschaft weiter vertieft<\/strong><br \/>\nDas Schlimme, durch solche unwissenschaftlichen, von den Herrschenden bestellten Studien wird die Spaltung der Gesellschaft weiter vertieft. Wieviele Deutsche lesen die \u00dcberschriften, h\u00f6ren, sehen \u00d6RR und glauben sofort was ihnen da vorgelogen wird? Schon ist die Kluft weiter vertieft. Sch\u00f6ner Nebeneffekt f\u00fcr die Regierenden, nebenbei wird die AfD verteufelt. Der naive Deutsche hinterfragt doch nicht oder liest mehrheitlich einen solchen Bericht. Merkel wird sich \u00fcber solche \u201eWissenschaftler\u201c freuen, Ziel erreicht!<br \/>\n13.2.2021, K.B.<br \/>\n.<br \/>\n<strong>Die Wissenschaft hat festgestellt &#8230;<\/strong><br \/>\nChristian Drosten r\u00e4umt ein: \u201eEs wird immer so sein, dass einer, der geimpft ist, dennoch ein bisschen Replikation des Virus auf den Schleimh\u00e4uten haben kann\u201c. Wei\u00df Drosten \u00fcberhaupt, wovon er redet? Ein Virus kann sich nicht wiederholen. Vom Virus darf man nur im Plural sprechen \u2013 Viren \u2013 weil Viren, besonders RNA-Viren, instabil sind. Viren vermehren sich nicht durch Zellteilung, sondern durch Selbstaufl\u00f6sung und Neusch\u00f6pfung. Das ist ein chemischer Proze\u00df. Und RNA-Viren sind besonders instabil, wir husten und schn\u00e4uzen andere Viren aus, als das, mit dem wir uns vergiftet haben. Deshalb ist die Namensgebung \u201eCorona\u201c schon falsch. Wenn \u00fcberhaupt, m\u00fc\u00dfte die Epidemie \u201eCoronen\u201c hei\u00dfen, aber da sich die Coronen st\u00e4ndig ver\u00e4ndern bei der Reproduktion, w\u00e4re das nur ein Ersatzwort f\u00fcr Influenza.<br \/>\n13.2.2021, Lut<br \/>\n.<br \/>\n<strong>Angst haben sie vor m\u00e4chtigen Massendemonstrationen ,<\/strong><br \/>\nauf eine kleine Gruppe kann man einwirken , ein w\u00fctendes Millionenheer arbeits und mittelloser Menschen ist ein m\u00e4chtige Welle die alles weg sp\u00fclt . Auch Regierungen Frau Merkel ! Auch ein Wassergraben wird niemanden aufhalten . Die Diffamierungen von Demonstranten als b\u00f6se Corona -Leugner und AfD W\u00e4hler ist gerade zu l\u00e4cherlich und durchsichtig . Geschichtliche Abl\u00e4ufe kann man nicht aufhalten . Lustig finde ich immer ihre \u201d Studien \u201d zu egal was immer . Wenn die Bezahlung stimmt , sind die Ergebnisse wie vorbestellt : 78 % lieben Mutti , 67 % finden den Lockdown ganz ganz toll . 59 % wollen einen noch h\u00e4rteren Lockdown . Beim totlachen fragt man sich , wie verzweifelt sind diese L\u00fcgner ?<br \/>\n13.2.2021, P.D.<br \/>\n.<br \/>\n<strong>Werden wir nicht nur noch von offizieller Seite her mit Fake-News,<\/strong><br \/>\nmit Wortm\u00fcll, mit Lug und Trug, informiert? Spahn bestellt beim RKI und anderen Wohlgesonnenen Panikverbreitungs-Studien und weil das nicht ausreicht, weicht man auf das Ausland aus, um sich dort weitere Junkstudien erstellen zu lassen. Wohl in der Hoffnung, der dusslige Deutsche vertraue ausl\u00e4ndischen \u201cWissenschaftlern\u201d mehr als deutschen. ++ Dazu pa\u00dft nahtlos die Information der \u201cMorgenlage\u201d, es habe 15,5% weniger Patienten in deutschen Krankenh\u00e4usen von Jan. bis Sept. 20 gegeben. 8% weniger Herzinfarkte und 6% weniger Schlaganf\u00e4lle.<br \/>\nDiese Erkrankungen, so kann ich auf google nachlesen, f\u00fchren in 25% aller F\u00e4lle zum Tod. Wie viele % m\u00f6gen zum sofortigen Tode f\u00fchren, wenn sie nicht behandelt werden? Immerhin rd. 15% kamen weniger in die Krankenh\u00e4user. J\u00e4hrlich rd. 420.000 Herzinfarkte und Schlaganf\u00e4lle. Davon 15% nicht im Krankenhaus angekommen. Macht rd. 60.000 unbehandelte. Wie viele davon verstarben, weil sie keine Notfallbehandlung erhielten? Und trotzdem sollen angeblich weniger Menschen an Herzinfarkt und Schlaganfall gestorben sein? Ob das wohl nur deswegen sein kann, weil diese Todesf\u00e4lle in \u201cCorona-Tote\u201d umgedeutet wurden? ++ Merkel und Konsorten geh\u00f6ren m.E. wegen unterlassener, oder besser noch: wegen verhinderter, Hilfeleistung vor Gericht gestellt.<br \/>\n13.2.2021, B.F.<br \/>\n.<br \/>\n<strong>Um es kurz zu machen: garbage in &#8211; garbage out.<\/strong><br \/>\nDazu kommen noch die unzureichenden mathematischen Modelle. Andere m\u00f6gliche Zusammenh\u00e4nge wurden gar nicht erst in Betracht gezogen und ausgeschlossen, ebenfalls ein methodischer Fehler. Eine Korrelation wurde sozusagen herbeigepr\u00fcgelt, eine Kausalit\u00e4t konstruiert. Das alles w\u00e4re schon schlimm genug, wenn sich nicht ein \u201cwoker\u201d Twitter-Mob auf den Weg gemacht h\u00e4tte, die Kritiker dieser Nicht-Studie zu diskreditieren. Auch der \u201cNordkurier\u201d, der in letzter Zeit durch differenzierte Berichterstattung und R\u00fcckgrat aufgefallen ist, wird angegriffen. Wahrscheinlich werden hier die n\u00e4chsten Opfer f\u00fcr die Kolumne \u201cAusgestossene der Woche\u201d gesucht. Die Corona-Panik nimmt immer hysterischere Z\u00fcge an. Und weil gerade, nahezu unbemerkt, Karneval ist: Am 30. Mai ist der Weltuntergang &#8211; Wir leben nicht, wir leben nicht mehr lang &#8211; Doch keiner wei\u00df, in welchem Jahr &#8211; Und das ist wunderbar &#8211; Wir sind vielleicht noch lange hier &#8211; Und darauf trinken wir!<br \/>\n13.2.2021, R.C.<br \/>\n.<br \/>\n<strong>Die Wissenschaft hat von Natur aus Autorit\u00e4t<\/strong><br \/>\nund seit ca. den 70er Jahren wird verstanden, dass sich das auch in politische Macht umm\u00fcnzen l\u00e4sst. Die unheilige Allianzen, die dabei entstanden sind, haben die Wissenschaft nachhaltik korrumpiert. Leider kann man inzwischen keiner Aussage eines Wissenschaftlers mehr glauben, ohne sie selbst \u00fcberpr\u00fcft zu haben. Die denkfaulen Systemlingen, Mitl\u00e4ufer und Konformisten sparen sich das gerne und da Deutschland zu ~80% aus ebendiesem besteht, ist \u201cdie Wissenschaft\u201d ein Machtinstrument, das besonders in Deutschland hervorragend funktioniert.<br \/>\n13.2.2021, P.M.<br \/>\n.<br \/>\n<strong>Nazi &gt; DDR-Sozialist &gt; BRD-Demokrat &gt; Linksgr\u00fcn-Weltsozialist<\/strong><br \/>\nIch denke, es macht f\u00fcr intelligente Menschen keinen Sinn sich \u00fcberhaupt mit solchen Plagiaten zu befassen. Als \u00e4lterer Mensch, unmittelbar \u201cnach dem Krieg\u201d geboren , im Osten sozialisiert und jetzt die Vorz\u00fcge des vereinten Deutschlands erlebend, kann ich nur noch den Kopf sch\u00fctteln. Nein, Kopfsch\u00fctteln ist falsch, jetzt erst verstehe ich die dahinter steckenden Mechanismen. In meiner Kindheit habe ich erlebt, wie sich ein ganzes Land, inclusive Eltern und Gro\u00dfeltern ihre nationalsozialistische Vergangenheit zurechtgebogen und versch\u00f6nt haben.<br \/>\nDann habe ich erlebt, wie genau diese Generationen quasi \u00fcber Nacht ihr Herz f\u00fcr den Sozialismus entfacht und die Liebe zur Sowjetunion propagiert haben.<br \/>\n1989\/90 wurden angeregt durch 100 DM Begr\u00fc\u00dfungsgeld aus 16 Millionen gl\u00fchenden Sozialisten praktisch \u00fcber Nacht 15 Millionen Widerstandsk\u00e4mpfer.<br \/>\nUnd nun erlebe ich seit vielen Jahren wie eine lautstarke Minderheit widerstandslos mit lautem Geschrei die Deutungs- und Meinungshoheit \u00fcber 80 Millionen Menschen \u00fcbernommen hat. es erschreckt mich, wie willf\u00e4hrig die Menschen ihre Freiheiten aufgeben und das ohne jegliche Not. Und wieder latscht der deutsche Michel im Joch, immer sch\u00f6n auf Seiten der scheinbar St\u00e4rkeren, darauf bedacht nicht aus dem Kreis der \u201cErfolgreichen\u201d ausgeschlossen zu werden.<br \/>\nEs geht nicht um Minderheitenrechte, nicht um Fremdenfeindlichkeit, nicht um Ablehnung von irgendjemand und irgendetwas, nicht um diesen oder jenen Gott und das, was dieser angeblich will. Es geht nicht um Gewissen, nicht um Haltungen. Es geht einzig und allein um die Deutungshoheit, denn Sprache ist Macht. Mit Macht werden Menschen korrumpiert und f\u00fcgsam gemacht. Das war beim Kaiser so, bei den Nazis, bei den Sozialisten und das ist genauso in der Bundesrepublik. Wie sich die Dinge doch gleichen. .<br \/>\n13.2.2021, K.K.<br \/>\n.<br \/>\n<strong>Gr\u00fcne Demonstranten bei Querdenkern<\/strong><br \/>\nAuch die Annahme, dass unter den Demonstranten ein hoher Anteil AfD-W\u00e4hler gewesen w\u00e4re, halte ich f\u00fcr falsch. Betrachtet man die Bilder und h\u00f6rt sich die Aussagen von Teilnehmern und besonders die der Veranstalter an, dann ist der Eindruck ein eher umgekehrter, es gibt dort eher Menschen, die einem gr\u00fcn linken Narrativ folgen.<br \/>\n13.2.2021, C.SCH.<br \/>\n.<br \/>\n<strong>Hier soll ja wohl eine Art moderne \u201cDolchsto\u00df-Legende\u201d<\/strong><br \/>\nmit einer angeblich wissenschaftlich begr\u00fcndeten Studie geschaffen werden: Hinterh\u00e4ltige, busfahrende, ungeimpfte, Corona-leugnende AfD-W\u00e4hler (\u00fcberwiegend aus dem Osten wie weiland die Tatarenhorden) fallen der im Felde unbesiegten, treusorgenden Regierung nebst ihren grandiosen Fachleuten in den R\u00fccken und nehmen dabei den qualvollen Tod tausender Mitb\u00fcrger in Kauf. Das nenne ich mal seri\u00f6se Wissenschaft, kritiklos kolportiert von unseren Qualit\u00e4tsmedien, alle Achtung!<br \/>\n13.2.2021, R.L., AO<br \/>\nEnde Kommentare<\/p>\n<p>.<\/p>\n<p>.<\/p>\n<p><strong>Super-Junk-Spreader-Studie: Querdenkerdemos und COVID-19 Erkrankungen sind nicht kausal<\/strong><br \/>\nDie unkritische Journallie, die von Pers\u00f6nchen bev\u00f6lkert wird, deren Hauptantrieb darin zu finden ist, ihre korrekte Haltung zur Schau und aus ihrer Sicht Abweichler an den Pranger zu stellen, sie hat heute einen Feldtag. Sie berichten alle, vollkommen kritiklos und ohne jeden Ansatz des Hinterfragens \u00fcber eine Studie, die nicht peer reviewed ist.<br \/>\n&#8230;<br \/>\nAngeblich wollen Martin Lange und Ole Monscheuer gezeigt haben, dass es nach Querdenker-Demonstrationenen \u201ca significant increase in new COVID-19 cases in home areas of protesters after the demonstrations\u201d gegeben habe. Hier findet sich bereits der erste Fehler, denn die Autoren haben keinerlei Daten f\u00fcr \u201cCOVID-19\u201d, zur Erinnerung, das ist die Krankheit, die sich als Ergebnis einer Infektion mit SARS-CoV-2 einstellt. Sie haben nur Sieben-Tage-Inzidenzen des RKI, also Zahlen \u00fcber POSITIV GETESTETE. Wer schon einen solchen Handwerksfehler in seiner \u201cIntroduction (Einf\u00fchrung)\u201d macht, der l\u00e4sst Schlimmes vermuten.<br \/>\nApropos Vermutung, die Studie von Lange und Monscheuer mit dem Titel \u201cSpreading the Disease: Protest in Times of Pandemics\u201d, die nicht peer reviewte Studie, sie ist bislang nur auf der Seite des ZEW, des Zentrums f\u00fcr Europ\u00e4ische Wirtschaftsforschung in Mannheim zu finden. Es gibt zwar eine Pressemeldung des ZEW, aber Pressemeldungen von wissenschaftlichen Institutionen gibt es wie Sand am Meer. Wie das Korn, das Lange und Monscheuer in den Sandhaufen gelegt haben, so schnell, innerhalb von wenigen Studen, den Weg in Redaktionen gefunden hat, das ist eine Frage der Vermutung. Man k\u00f6nnte denken, die Studie wurde lanciert \u2013 immerhin ist Wahljahr (dazu gleich).<br \/>\n&#8230;.<br \/>\nWollten Lange und Monscheuer tats\u00e4chlich zeigen, dass, wie absurd das auch ist, in Landkreisen mit Honk for Hope Haltestellen und relativ mehr AfD-W\u00e4hlern, als Folge von Querdenker Demonstrationen in Leipzig und Berlin, diese beiden steten Daten, eine kontinuerliche Entwicklung, wie sie im Anstieg der Fallzahlen ausgedr\u00fcckt ist, zu verantworten haben, dann h\u00e4tte man gerade nicht darauf testen d\u00fcrfen, ob dieser Zusammenhang in der erwarteten, warum auch immer erwarteten Weise besteht, sondern man h\u00e4tte zeigen m\u00fcssen, dass dann, wenn man die Infektionen, die vermeintlich auf Honk for Hope Transporte von AfD-W\u00e4hlern nach Berlin und Leipzig und zur\u00fcck gehen sollen, herausrechnet KEINE Steigerung in den Fallzahlen oder eine deutlich geringere Steigerung zu finden w\u00e4re.<br \/>\nAber derartige Feinheiten kennen nat\u00fcrlich nur Wissenschaftler. Datenhuber, die sich noch dazu in fremdem Feld bewegen, einem Feld, von dem sie keine Ahnung haben, wissen das zwangsl\u00e4ufig nicht. Bleibt noch anzumerken, dass dieser Bl\u00f6dsinn nat\u00fcrlich auf der Annahme basiert, dass die Teilnehmer der Demonstrationen alle oder \u00fcberwiegend infiziert zur\u00fcckgekehrt sind. Eine weitere Annahme, die haneb\u00fcchen ist, denn eine \u00dcbertragung von SARS-CoV-2 in offenem Gel\u00e4nde findet eher selten bis gar nicht statt. Man infiziert sich viel leichter in den Echokammern, die man bewohnt, z.B. an der Universit\u00e4t Mannheim oder der Humbug Universit\u00e4t zu Berlin.<br \/>\nWas macht man mit einer Studie, deren Aussagen auf Zusammenh\u00e4ngen zwischen Variablen basieren, die nicht einmal ansatzweise das messen, was die Autoren behaupten, dass sie messen<br \/>\n&#8230; Alles vom 10.2.2021 bitte lesen auf<br \/>\n<a href=\"https:\/\/sciencefiles.org\/2021\/02\/10\/super-junk-spreader-studie-querdenkerdemos-und-covid-19-erkrankungen-sind-nicht-kausal\/\">https:\/\/sciencefiles.org\/2021\/02\/10\/super-junk-spreader-studie-querdenkerdemos-und-covid-19-erkrankungen-sind-nicht-kausal\/<\/a><br \/>\n.<br \/>\nEinige Kommentare:<br \/>\n<strong>Wahnsinn, wie viel Aufwand, f\u00fcr etwas,<\/strong><br \/>\nwas ich ohne Widerlegung einer schon offensichtlich als Propaganda zuordenbaren Studie auch schon wusste. Ja, ich habe mir das Lesen erspart, aber Reitschuster sucht heute genau jemanden f\u00fcr so eine Analyse https:\/\/reitschuster.de\/post\/studie-zu-corona-protesten-wie-bestellt\/<br \/>\nWer schreibt bei euch so viele lange Artikel an einem Tag? Was ihr da manchmal raus haut, ohne allerdings einen Autor zu nennen, ist schon beeindruckend. BTW, jetzt auf Deutsch, \u201cDas Phantom Virus\u201d https:\/\/www.rubikon.news\/artikel\/das-phantom-virus<br \/>\nTop, ihr hattet das Thema ja auch schon. Ich m\u00f6cht\u2019s ja glauben, aber ich bin kein virologisch Kundiger. \u00dcberzeugende Belege f\u00fcr das Gegenteil habe ich allerdings auch noch nirgendwo gefunden, also wird\u2019s schon stimmen, was Scoglio &amp; Co behaupten. Und Typen wie Drs. \u201cWheeler\u201d und Nichtbeitrosten etc. sind als Scharlatane ohnehin schon lange entlarvt. Passt also alles zur Plandemie alias Scamdemic und dem anderen Mist, den z.B. viele Virologen, Klimawandelforscher, Astrophysiker &amp; Co seit Jahrzehnten verzapfen. Glauben in die Wissenschaft? Hab\u2019 ich schon l\u00e4ngst verloren.<br \/>\n10.2.2021, Gum<br \/>\n.<br \/>\n<strong>&#8230; in allen MSM Nachrichten pr\u00e4sentiert \u2013 und die Leute werden es glauben<\/strong><br \/>\nLeider wird uns nun aber wahrscheinlich dieser Unsinn in allen MSM Nachrichten pr\u00e4sentiert \u2013 und die Leute werden es glauben. Ich h\u00f6re schon des S\u00f6ders Forderung nach Demo-Verbot. Mit den vorliegenden Daten k\u00f6nnte man \u00fcbrigens (in Bezug auf die AfD) auch die folgenden Hypothesen aufstellen:<br \/>\n1) Das Virus sucht sich seine Opfer nach politischer Gesinnung aus und attackiert vorwiegend AfD Anh\u00e4nger. Biologische Ausrottung der AfD sozusagen.<br \/>\n2) AfD Anh\u00e4nger nehmen das Virus besonders ernst und lassen sich deshalb \u00fcberdurchschnittlich h\u00e4ufig testen. Darum ist ihr Anteil unter den positiv getesteten (nicht etwa unter den infizierten!) h\u00f6her.<br \/>\n3) Vom Corona Virus Befallene \u00e4ndern pl\u00f6tzlich ihre politische Gesinnung und konvertieren zur AfD. Usw\u2026<br \/>\nWie wollen die Autoren denn mit ihrem Ansatz erkl\u00e4ren, warum es bis etwa September\/Oktober 2020 auffallend geringe Fallzahlen in sogenannten AfD Hochburgen (etwa Sachsen) gab?<br \/>\n10.2.2021, M.S.<br \/>\n.<br \/>\n<strong>Die Launen des Virus sind immer anders<\/strong><br \/>\nMal macht es einen gro\u00dfen Bogen um linke Demonstranten (Fr\u00fchjahr 2020), mal um Politiker (Ende 2020), mal bef\u00e4llt es AfD-W\u00e4hler (ja, die kann es auf Anhieb erkennen!), auf einmal Flugreisende (Jan 2021, davor nicht!), mal Nachtschw\u00e4rmer (Jan\/Feb 2021) \u2013 weil ihm nachts Z\u00e4hne wachsen! \u2013 kurz, man wei\u00df nie, woran man mit ihm als n\u00e4chstes dran ist!<br \/>\nKindergeburtstage, Omabesuche, Rodelbahn runterrutschen \u2013 das Virus lauert \u00fcberall!<br \/>\nNur an den Lieferdiensten, der Post, den Lebensmittelverk\u00e4ufern, den Handwerkern, der M\u00fcllabfuhr, den \u00c4rzten, den Politikern bei\u00dft es sich die Z\u00e4hne aus, da kommt es nicht zum Zuge! Alle bef\u00e4llt es, aber die aufgef\u00fchrten nur privat.<br \/>\n10.2.2021, Zar<br \/>\nAber, aber Herr Klein, die Studie bietet doch alles, was sie f\u00fcr den modernen Journalisten attraktiv macht: Ist in Englisch geschrieben (Donnerwetter, die k\u00f6nnen auch International) mit furchtbar komplizierten Formeln (die m\u00fcssen ja superintelligent sein) UND die Richtung passt. H\u00e4tte man die Arbeit (fr\u00fcher) bei uns als \u201eBesinnungsaufsatz\u201c (nicht verwechseln mit Gesinnungsaufsatz) abgegeben, h\u00e4tten die Herren angesichts ihrer logischen Br\u00fcche von unserem Deutschlehrer den Vermerk \u201eThema verfehlt, sechs\u201c gelesen. H\u00e4tte man die (einstmals?) strengen Ma\u00dfst\u00e4be der Uni Mannheim, z.B. in BWL, angelegt, w\u00e4re das Ding auch als Semesterarbeit durchgeflogen. Ich hoffe, da\u00df die Uni MA ihr Niveau nicht gesenkt hat. Die hatten einen guten Ruf in WiWi.<br \/>\n10.2.2021, F.H.<br \/>\nEnde Kommentare<br \/>\n.<br \/>\n<strong>\u201eStudie\u201c zu Corona-Protesten \u2013 wie bestellt Manipulation in den Medien<\/strong><br \/>\nAuch auf der Bundespressekonferenz, von der ich diesen Beitrag schreibe, fragten Kollegen bereits nach der Studie. Tenor der Fragen: M\u00fcsste man jetzt nicht noch strenger sein mit Demonstrationen von Gegnern der Corona-Ma\u00dfnahmen? Sieht man sich die \u201eStudie\u201c genauer an, kommt Erstaunliches zu Tage: <em><strong>Das Originalpapier ist als \u201eDiskussions-Papier\u201c bezeichnet.<\/strong><\/em><br \/>\nIch fragte einen befreundeten Arzt, der auch als Gastautor f\u00fcr meine Seite schreibt und in der Wissenschaft aktiv ist, ob man dieses Papier wirklich als Studie bezeichnen kann. Seine Antwort: <em><strong>\u201eMedizinische Studien gehen auf einen Pre-Print-Server und dann durch die Peer Review. Striktes System.<\/strong> <\/em>Dies hier ist ein Irgendwas eines Wirtschaftsverbandes namens ZEW. Und mein Bauchgef\u00fchl sagt mir: das ZEW bekommt staatliche Zusch\u00fcsse. Wetten?\u201c<br \/>\n<a href=\"https:\/\/www.zew.de\/presse\/pressearchiv\/mehr-covid-19-infektionen-nach-querdenken-demonstrationen\">https:\/\/www.zew.de\/presse\/pressearchiv\/mehr-covid-19-infektionen-nach-querdenken-demonstrationen<\/a><br \/>\nMan braucht nicht weit zu suchen, um genau das festzustellen. \u00dcber das ZEW (Zentrum f\u00fcr Europ\u00e4ische Wirtschaftsforschung) hei\u00dft es auf Wikipedia, das sonst keine zuverl\u00e4ssige Quelle ist, aber hier durchaus unverd\u00e4chtig: \u201eDie Finanzierung des ZEW erfolgt zum gr\u00f6\u00dften Teil aus Mitteln des Landes Baden-W\u00fcrttemberg sowie seit dem Jahr 2005 aus der Bund-L\u00e4nder-Finanzierung; diese institutionelle F\u00f6rderung betrug im Jahr 2019 ca. 61 Prozent. Drittmittel (inklusive \u201esonstiger Ertr\u00e4ge\u201c) machten 36 Prozent aus.\u201c Warum es in den Medien hei\u00dft, bis hin zum ZDF und auf der Seite des ZEW, es sei auch eine Studie der Humboldt-Universit\u00e4t (HU), ist mir schleierhaft.<br \/>\n&#8230; Alles vom 10.2.2021 bitte lesen auf<br \/>\n<a href=\"https:\/\/reitschuster.de\/post\/studie-zu-corona-protesten-wie-bestellt\/\">https:\/\/reitschuster.de\/post\/studie-zu-corona-protesten-wie-bestellt\/<\/a><\/p>\n","protected":false},"excerpt":{"rendered":"<p>&#8222;Querdenker-Demos schuld an vielen Covid19-Infektionen&#8220;, diese Nachricht wird seit 8.2.2021 in allen reichweitenstarken Medien verbreitet, in Presse, TV wie Internet. Unter Bezugnahme auf eine Studie deutscher Autoren mit dem Titel \u201cSpreading the Disease: Protest in Times of Pandemics&#8220; &#8211; Englisch &hellip; <a href=\"https:\/\/www.freiburg-schwarzwald.de\/blog\/fake-news-kaum-korrigierbar\/\">Weiterlesen <span class=\"meta-nav\">&rarr;<\/span><\/a><\/p>\n","protected":false},"author":2,"featured_media":0,"comment_status":"open","ping_status":"closed","sticky":false,"template":"","format":"standard","meta":{"footnotes":""},"categories":[18,162,80],"tags":[439,720,438],"class_list":["post-87931","post","type-post","status-publish","format-standard","hentry","category-bildung","category-internet","category-medien","tag-journalist","tag-medien","tag-zeitung"],"_links":{"self":[{"href":"https:\/\/www.freiburg-schwarzwald.de\/blog\/wp-json\/wp\/v2\/posts\/87931","targetHints":{"allow":["GET"]}}],"collection":[{"href":"https:\/\/www.freiburg-schwarzwald.de\/blog\/wp-json\/wp\/v2\/posts"}],"about":[{"href":"https:\/\/www.freiburg-schwarzwald.de\/blog\/wp-json\/wp\/v2\/types\/post"}],"author":[{"embeddable":true,"href":"https:\/\/www.freiburg-schwarzwald.de\/blog\/wp-json\/wp\/v2\/users\/2"}],"replies":[{"embeddable":true,"href":"https:\/\/www.freiburg-schwarzwald.de\/blog\/wp-json\/wp\/v2\/comments?post=87931"}],"version-history":[{"count":5,"href":"https:\/\/www.freiburg-schwarzwald.de\/blog\/wp-json\/wp\/v2\/posts\/87931\/revisions"}],"predecessor-version":[{"id":87952,"href":"https:\/\/www.freiburg-schwarzwald.de\/blog\/wp-json\/wp\/v2\/posts\/87931\/revisions\/87952"}],"wp:attachment":[{"href":"https:\/\/www.freiburg-schwarzwald.de\/blog\/wp-json\/wp\/v2\/media?parent=87931"}],"wp:term":[{"taxonomy":"category","embeddable":true,"href":"https:\/\/www.freiburg-schwarzwald.de\/blog\/wp-json\/wp\/v2\/categories?post=87931"},{"taxonomy":"post_tag","embeddable":true,"href":"https:\/\/www.freiburg-schwarzwald.de\/blog\/wp-json\/wp\/v2\/tags?post=87931"}],"curies":[{"name":"wp","href":"https:\/\/api.w.org\/{rel}","templated":true}]}}