{"id":87744,"date":"2021-02-08T11:01:41","date_gmt":"2021-02-08T10:01:41","guid":{"rendered":"https:\/\/www.freiburg-schwarzwald.de\/blog\/?p=87744"},"modified":"2021-02-09T08:45:19","modified_gmt":"2021-02-09T07:45:19","slug":"freiheit-freiheitsrechte-freiheit","status":"publish","type":"post","link":"https:\/\/www.freiburg-schwarzwald.de\/blog\/freiheit-freiheitsrechte-freiheit\/","title":{"rendered":"Freiheit, Freiheitsrechte, Freiheit"},"content":{"rendered":"<p>Der Staat gew\u00e4hrt keine Freiheit bzw. <a href=\"https:\/\/www.freiburg-schwarzwald.de\/blog\/engagement\/zukunft\/demokratie\/freiheit\/freiheitsrechte\/\">Freiheitsrechte<\/a> &#8211; dieses Bewu\u00dftsein von <a href=\"https:\/\/www.freiburg-schwarzwald.de\/blog\/engagement\/zukunft\/demokratie\/parteienstaat\/\">Etatismus<\/a> ist unrichtig. Der Mensch ist Mensch, da er frei ist. Ihm wohnt Freiheit inne, lange bevor es irgendeine Form von Staat gab. Deshalb ist die Aussage der <a href=\"https:\/\/www.freiburg-schwarzwald.de\/blog\/engagement\/zukunft\/demokratie\/merkelismus\/\">Bundeskanzlerin<\/a> von Anfang Februar 2021 <a href=\"https:\/\/www.freiburg-schwarzwald.de\/blog\/es-gibt-keine-neue-freiheiten\/\">\u201eEs wird keine neuen Freiheiten geben\u201c<\/a> unmi\u00dfverst\u00e4ndlich falsch.<!--more--> Diese Aussage richtet sich an einen unm\u00fcndigen <a href=\"https:\/\/www.freiburg-schwarzwald.de\/blog\/engagement\/buerger\/\">B\u00fcrger<\/a>, der seiner eigenen Freiheit nicht gewachsen ist und vom Staat per <a href=\"https:\/\/www.freiburg-schwarzwald.de\/blog\/engagement\/zukunft\/demokratie\/nudging\/\">Nudging<\/a> und Anordnungen zur <a href=\"https:\/\/www.freiburg-schwarzwald.de\/blog\/engagement\/verantwortung\/\">Verantwortung<\/a> erzogen werden mu\u00df. Diese Aussage geh\u00f6rt eher zum Vokabular der <a href=\"https:\/\/www.freiburg-schwarzwald.de\/blog\/engagement\/zukunft\/demokratie\/totalitarismus\/\">Diktatur<\/a> (B\u00fcrger als <a href=\"https:\/\/www.freiburg-schwarzwald.de\/blog\/global\/deutschland\/gesellschaft\/untertan\/\">Untertan<\/a>) und nicht der <a href=\"https:\/\/www.freiburg-schwarzwald.de\/blog\/engagement\/zukunft\/demokratie\/direkte-demokratie\/\">Demokratie<\/a>.<br \/>\n<a href=\"https:\/\/www.freiburg-schwarzwald.de\/blog\/es-gibt-keine-neue-freiheiten\/\">Freiheit<\/a> ist menschlich.<br \/>\n8.2.2021<\/p>\n<p>.<br \/>\n<strong>Nicht das Volk hat die Regierung zu f\u00fcrchten, sondern die Regierung das Volk<\/strong><br \/>\n<em>Freiheit wird nicht gew\u00e4hrt. Kein Staat kann Freiheit gew\u00e4hren. Der Mensch tr\u00e4gt die Freiheit in sich. Der Mensch ist Mensch, weil er frei ist. Freiheit macht den Menschen aus.<\/em><\/p>\n<p>Frau Bundeskanzlerin,<br \/>\nzum Thema Freiheiten f\u00fcr Geimpfte haben Sie am ersten Tag im Februar 2021 gesagt: <em>\u201eEs wird keine neuen Freiheiten geben\u201c<\/em>. Ich bin nur einer von \u00fcber dreiundachtzig Millionen, aber dieser eine sagt Ihnen: Sie k\u00f6nnen mir weder Freiheit geben noch nehmen.<br \/>\nIch gew\u00e4hre Ihnen gerade lediglich Einschr\u00e4nkungen in meine Freiheitsrechte. Dies mache ich f\u00fcr eine gewisse Zeit des Notstands und der Krise. Sie und unsere Regierung bleiben jedoch auch zu dieser Zeit der Krise stets eine Dienerin. Sie sind nicht unsere Herrscherin.<br \/>\nJede Instanz, die auch nur im Geringsten daran denkt, unsere Gew\u00e4hrleistungen zu missbrauchen, bekommt unseren Widerstand zu sp\u00fcren. Nicht das Volk hat die Regierung zu f\u00fcrchten, sondern die Regierung das Volk.<br \/>\n.<br \/>\nFreiheit wird nicht gew\u00e4hrt.<br \/>\nKein Staat kann Freiheit gew\u00e4hren.<br \/>\nDer Mensch tr\u00e4gt die Freiheit in sich.<br \/>\nDer Mensch ist Mensch, weil er frei ist.<br \/>\nFreiheit macht den Menschen aus.<br \/>\nDie menschliche Freiheit kann lediglich eingeschr\u00e4nkt werden, entweder weil ein Mensch freiwillig diese Einschr\u00e4nkung zul\u00e4sst oder weil er mit Gewalt dazu gezwungen wird. F\u00fcr die gewaltt\u00e4tige Einschr\u00e4nkung der Freiheit braucht es gute Gr\u00fcnde.<br \/>\n.<br \/>\nFreiheit bedeutet, Befehle nicht willenlos ausf\u00fchren zu m\u00fcssen, wie eine Maschine, die programmiert wurde. Freiheit bedeutet, sich zu der Welt, in der man sich befindet, in moralisch bewertender Zuwendung zu verhalten und das eigene, aber auch das Handeln fremder Personen in richtig, falsch, gut und b\u00f6se einzuteilen. Der Mensch ist sich selbst stets Rechenschaft schuldig und somit gewisserma\u00dfen zur Freiheit verurteilt.<br \/>\n.<br \/>\nWer kennt sie nicht, die Bisse des Gewissen, die besonders dann sp\u00fcrbar werden, wenn man alleine ist und wenn keine gro\u00dfen Ablenkungen die Gedanken zerstreuen. Das <a href=\"https:\/\/www.freiburg-schwarzwald.de\/blog\/business\/gesund\/corona-virus\/\">Coronavirus<\/a> hat uns zur\u00fcck in unsere H\u00f6hlen geworfen. Die Stra\u00dfen sind ruhig, die Am\u00fcsiermeilen geschlossen und keine bunten Lichter laden zum Vergn\u00fcgen.<br \/>\nDer Mensch ist ein soziales Wesen. Menschen k\u00fcmmern sich um andere Menschen. Der Mensch ist sogar in der Lage, sich f\u00fcr andere Wesen zu opfern.<br \/>\nEs geh\u00f6rt zum Wesen des Menschen, sich in Freiheit opfern zu k\u00f6nnen. Ein Opfer kann jedoch nicht nur freiwillig erbracht werden. Es gibt auch erzwungene Opfer. Die Geschichte ist voll von Menschen, die gegen ihren Willen geopfert wurden. Frau Merkel, Sie haben nicht das Recht, andere Menschen zu opfern.<br \/>\n.<br \/>\nDer Mensch m\u00f6chte gebraucht werden und seiner Existenz einen Sinn geben. Er sucht nach einer Aufgabe im Leben und m\u00f6chte Verantwortung \u00fcbernehmen. Aber nur ein freier Mensch kann Verantwortung \u00fcbernehmen. Wer nicht frei ist, kann sich nicht verantworten f\u00fcr eine Tat, auf dessen Ausf\u00fchrung er keinen Einflu\u00df hatte.<br \/>\nSie k\u00f6nnen nur darauf hoffen, dass sich freie Menschen dazu entscheiden, zum Wohle alter, schwacher und kranker Menschen ihre eigene Existenz aufs Spiel zu setzen. Die Ma\u00dfnahmen, die dieses Land ergriffen wird, wird in vielen F\u00e4llen zu schweren Depressionen und seelischen St\u00f6rungen f\u00fchren, auch bei Kindern.<br \/>\n&#8230; Alles vom 2.2.2021 von Gerd Buurmann bitte lesen auf<br \/>\n<a href=\"https:\/\/tapferimnirgendwo.com\/2021\/02\/02\/meine-liebe-bundeskanzlerin\/\">https:\/\/tapferimnirgendwo.com\/2021\/02\/02\/meine-liebe-bundeskanzlerin\/<\/a><br \/>\n7.2.2021<br \/>\n<a href=\"https:\/\/www.tichyseinblick.de\/meinungen\/merkel-corona-antwort-auf-keine-neuen-freiheiten\/\">https:\/\/www.tichyseinblick.de\/meinungen\/merkel-corona-antwort-auf-keine-neuen-freiheiten\/<\/a><\/p>\n<p>Einige Kommentare:<br \/>\n<strong>Als freier Mensch erlaube ich mir den Hinweis:<\/strong><br \/>\nEs bestehen gro\u00dfe Zweifel, ob die Ma\u00dfnahmen sinnvoll sind. (Siehe Studie von Prof. Ioannidis, man vergleiche die Zahlen der Coronaf\u00e4lle in verschiedenen L\u00e4ndern mit verschiedenen Ma\u00dfnahmen: die Verl\u00e4ufe sind sich sehr \u00e4hnlich)<br \/>\nDie unbefristete Einschr\u00e4nkung von Grundrechten m\u00fcsste st\u00e4ndig im Parlament diskutiert werden, Wissenschaftler, die die Ma\u00dfnahmen explizit kritisieren und zur Regierung kontr\u00e4re Meinungen haben, m\u00fcssen geh\u00f6rt und in die Beratungen der Regierung einbezogen werden.<br \/>\nIch bringe nun seit M\u00e4rz vergangenen Jahres Opfer, auch meine Kinder bringen Opfer, und all diese Opfer sind erzwungen. Es reicht mir nicht, wenn ich auch mal \u201eeinen Fehler machen\u201c und \u201emeinen Unmut \u00e4u\u00dfern\u201c darf und anschlie\u00dfend wird einfach weitergemacht wie bisher mit Grundrechtseinschr\u00e4nkungen und Ma\u00dfnahmen, deren Sinnhaftigkeit fragw\u00fcrdig ist.<br \/>\n7.2.2021, P.M.<br \/>\n.<br \/>\n<strong>Hierarchie in einer Demokratie<\/strong><br \/>\nHerr Buurmann hat Recht. Es wird mal wieder Zeit, Bundesregierung und Bundestag an die Hierachie in einer Demokratie zu erinnern.<br \/>\nAn oberster Stelle steht die B\u00fcrgerschaft, der Souver\u00e4n.<br \/>\nDarunter steht das Parlament, der Bundestag, den der Souver\u00e4n als seinen Interessenvertreter bestellt. Das Parlament ist der Interessenvertreter des Souver\u00e4ns und nicht der der Parteien und nicht der der Bundesregierung.<br \/>\nUnter dem Parlament steht die Regierung, die Bundesregierung, deren Regierungschef das Parlament mit der Bildung der Bundesregierung beauftragt, der das Parlament als Interessenvertreter der B\u00fcrgerschaft die Aufgaben zuweist und die das Parlament im Auftrag der B\u00fcrgerschaft kontrolliert.<br \/>\nDamit ist die Rangordnung bestimmt: 1. Souver\u00e4n, 2. das dem Souver\u00e4n unterstellte Parlament, 3. die dem Parlament unterstellte Regierung.<br \/>\nOb Bundesregierung und Bundestag es schaffen, wieder von drei bis eins zu z\u00e4hlen?<br \/>\n7.2.2021, E.L.<br \/>\n.<br \/>\n<strong>Wenn Politiker ihr Handel zur Religion erkl\u00e4ren,<\/strong><br \/>\ndann ist es nicht mehr weit bis glauben auch Gott spielen und \u00fcber Leben und Tod entscheiden zu k\u00f6nnen. Die Aussagen der Kanzlerin, sind h\u00f6chst menschenverachtend und antidemokratisch.<br \/>\n2.2.2021, WF<br \/>\n.<br \/>\n<strong>Niemand steht \u00fcber dem Gesetz &#8211; auch nicht eine Regierung<\/strong><br \/>\n<em>Wer die Freiheit aufgibt, um Sicherheit zu gewinnen, wird am Ende beides verlieren. (Benjamin Franklin) Original engl.: \u201eThey who can give up essential liberty to obtain a little temporary safety, deserve neither liberty nor safety.\u201c (1775)<\/em><br \/>\nEine freie Gesellschaft kann nur existieren, wenn sie nicht permanent \u00fcberwacht wird. Sobald man dem Staat dort mehr Macht in die H\u00e4nde gibt, wird er diese Macht dazu verwenden die Menschen zu kontrollieren oder zu mindestens in eine gewisse Richtung zu lenken. O-Ton Wolfgang Sch\u00e4uble: \u201eDie Corona-Krise ist eine gro\u00dfe Chance. Der Widerstand gegen Ver\u00e4nderung wird in der Krise geringer. Wir k\u00f6nnen die Wirtschafts- und Finanzunion, die wir politisch bisher nicht zustande gebracht haben, jetzt hinbekommen.&#8220;<\/p>\n<p>Nicht das Volk hat die Regierung zu f\u00fcrchten, sondern die Regierung das Volk.<br \/>\nWenn es \u00fcberhaupt eine Aufgabe geben soll die der Staat \u00fcbernehmen soll, dann ist es Recht setzen und Recht sprechen. Der Staat soll Recht setzen, eine Regierung steht dann aber auch nicht \u00fcber dem Recht. Niemand steht \u00fcber dem Gesetz. Es gibt nicht die Variante das das Gesetz und die Regierung irgendwie gleichwertig sind und dann miteinander was aushandeln. Wenn die Regierung \u00fcber dem Recht steht, dann kann die Regierung willk\u00fcrliche Dinge tun, und f\u00fcr diese willk\u00fcrlichen Dinge kann sie nicht zur Verantwortung gezogen werden. Das Ergebnis: das Volk hat Angst vor der Regierung. Wenn die Regierung unter dem Recht steht, dann bedeutet es das die Regierung sofort zur Verantwortung gezogen werden kann, wenn sie gegen das Gesetz verst\u00f6\u00dft. Und dann hat die Regierung Angst vor dem Volk. Und das ist der Zustand den wir haben sollten. Sonst sterben Demokratie und Rechtsstaat stranguliert von Eliten ohne Anstand und auch ohne gro\u00dfe Furcht, abgew\u00e4hlt zu werden.<br \/>\n7.2.2021, D.B.<br \/>\n.<br \/>\n<strong>\u201eEs wird keine neuen Freiheiten geben\u201c<\/strong><br \/>\nDieser Satz offenbart die autorit\u00e4re Gesinnung der Kommunistin Merkel, die sich als Trojanisches Pferd in die CDU eingeschlichen hat. Es w\u00e4re h\u00f6chste Zeit gegen diesen linken Staatsstreich auf die Barrikaden zu gehen!<br \/>\n7.2.2021, Ale<br \/>\n.<br \/>\n<strong>\u201eZerbricht der Westen?\u201c<\/strong><br \/>\nDer bekannteste Kalauer zu Schillers Don Carlos lautet: Geben Sie Gedanken, Sire! Das trifft auch hier zu. Es ist einf\u00e4ltig zu glauben, dass wegen Corona den Menschen die Grundfreiheiten (tempor\u00e4r) genommen werden. Wer Wissenschaftler und deren Stellungnahmen unvoreingenommen liest, ja selbst die Texte der WHO, wird schnell feststellen, dass an dieser Pandemie nichts dran ist.<br \/>\nWas also ist der wahre Grund, Grundfreiheiten auszusetzen? <a href=\"https:\/\/www.freiburg-schwarzwald.de\/blog\/gesellschaftsvertrag-consent\/\">Heinrich August Winkler<\/a> stellt die richtige Frage in seinem Buch: \u201eZerbricht der Westen?\u201c Nat\u00fcrlich macht er, als Staatshistoriker, noch nicht einmal den Versuch, sie zu beantworten. Aber die Frage ist richtig. Der Westen steht auf dem Tipping Point: \u00d6konomisch, Finanziell, Sozial, Bev\u00f6lkerungspolitisch. Da braucht es zupackende Politiker, wie Merkel (bald Kommissionspr\u00e4sidentin?) und S\u00f6der (bald Bundeskanzler?), um mit Einsch\u00fcchterung und Finesse, das System zu stabilisieren. So wie das Establishment es bei den US-Wahlen mithilfe der Geheimdienste gerade vorgemacht hat. Wozu also die Pandemie? Ohne sie h\u00e4tte S\u00f6der keine Chance. Das System braucht aber einen wie ihn, um sich vor dem Volk zu sch\u00fctzen. Da hilft kein Jammern \u00fcber Freiheiten. \u201eGeben Sie Gedankenfreiheit, Sire\u201c, das war schon zu Zeiten Schillers in den Augen der Herrschenden einfach nur ein lachhafter Ruf. Der des deutschen Super-Idealisten.<br \/>\n7.2.2021, Doz<br \/>\n.<br \/>\n<strong>Panikstimmung<\/strong><br \/>\nGrunds\u00e4tzlich ein guter Beitrag, aber wenn man sich genauer ansieht, mit welchen dubiosen Methoden diese Regierung ihr Ma\u00dfnahmen begr\u00fcndet, viel zu weich. T\u00e4glich werden wir mit v\u00f6llig wertlosen Zahlen traktiert und Panikstimmung erzeugt. Nebenbei die Menschen finanziell ruiniert und seelisch verkr\u00fcppelt. Auch nach \u00fcber einem Jahr gibt es weder eine Pandemie noch eine \u00dcbersterblichkeit.<br \/>\nH\u00e4tte man Krankenh\u00e4user und \u00c4rzte normal weiter arbeiten lassen, statt in Kurzarbeit zu schicken, ca. 20 Kliniken zu schlie\u00dfen, tausende von Intensivbetten nicht abgebaut, h\u00e4tten wir vermutlich sogar eine Untersterblichkeit im Vergleich zu den letzten Jahren.<br \/>\nDas Schlimmste aber ist ganz einfach: Es geht um die Umsetzung der kommunistischen Ideologie, die man Frau Merkel eingebleut hat. Auch deshalb kann man diese Dame nich mit \u201eSehr geehrte\u201c oder \u201eLiebe\u201c Frau Merkel ansprechen. Das verbietet sich. Die Frau mu\u00df weg. Und das so schnell wie m\u00f6glich. Leider stehen diesem Ansinnen in der CDU nur Waschlappen wie Merz, Laschet, Linnemann, Mitsch,und wie sie sonst noch alle hei\u00dfen, im Wege. Man sitzt doch eigentlich weich und warm. Der Steuerzahler hat doch eh keine Wahl, denn diese werden r\u00fcckg\u00e4ngig gemacht oder gleich manipuliert.<br \/>\n7.2.2021, UVD<br \/>\n.<br \/>\n<strong>Die Idee, dass der Gesetzgeber, der Staat\/die Politik, die Freiheit gew\u00e4hrt<\/strong><br \/>\nsteckt tief im etatistischen Bewusstsein vieler Menschen. Selbst der Bundespr\u00e4sident und Jurist Karl Carstens hat vor Jahrzehnten gemeint \u201c Wir gew\u00e4hren B\u00fcrgerrechte \u201e. Dieser Satz hat sich tief in meine Erinnerung gebrannt, obwohl ich den Gespr\u00e4chszusammenhang schon lange nicht mehr wei\u00df. Der Mensch und seine Freiheit war schon da bevor es einen Staat gab. Dann kam aber einer, ein staatlicher Machthaber, der den Menschen die meisten Freiheiten wieder abgenommen hat. Mit letaler Brutalit\u00e4t und trotzdem wachsender Zustimmung. Dies hat sich \u00fcber viele Jahrhunderte hingezogen. Die Menschen mussten dann Freiheiten wieder zur\u00fcck-erringen. Sehr viele haben dies \u00fcber viele Generationen engagiert getan und damit auch den status-quo erreicht. Die gro\u00dfen Mehrheiten sind dann mitgegangen, aber immer nur eine kleine Minderheit hat dies sehr bewusst getan. Deshalb ist die Sensibilit\u00e4t zum Thema auch sehr unterschiedlich. Das staatliche Management wird immer, wie jedes Management, dazu tendieren sich auch grenz\u00fcberschreitend durchzusetzen. Im Staat kann dies nur durch das Parlament, die Gerichte und eine freie Presse realisiert werden. Da wir dabei mehrere Schw\u00e4chen haben, sind die Freiheiten bedroht wie schon lange nicht mehr.<br \/>\n7.2.2021, BKK<\/p>\n<p><strong>Irrtum! Merkel hat einen anderen Freiheitsbegriff.<\/strong><br \/>\nFreiheit im Sozialismus ist ein Fremdwort. Ihre Worth\u00fclsen bestehen aus permanenter Anbiederung an den gr\u00fcnroten Mainstream und ihre Claqueure im Staatsfunk, Kirchen, NGO\u2018s. Die B\u00fcrger scheint dies allerdings in ihrer Mehrheit nicht zu ber\u00fchren\u2026<br \/>\n7.2.2021, Ott<br \/>\n.<br \/>\n<strong>Wer wird Ihre Freiheit verteidigen?<\/strong><br \/>\nZitat \u201eIch bin nur einer von \u00fcber dreiundachtzig Millionen, aber dieser eine sagt Ihnen: Sie k\u00f6nnen mir weder Freiheit geben noch nehmen.\u201c Alles richtig, ethisch und moralisch besehen. Dem stehen jedoch \u201eTheorie und Praxis\u201c, bzw. die normative Kraft des Faktischen entgegen! Was ich damit meine: Wer wird Ihre Freiheit verteidigen? Wieviele Divisionen k\u00f6nnen Sie aufbieten? (in Anlehnung an Stalin \u201ewieviel Divisionen hat der Papst\u201c). Wer steht alles hinter Merkel? (UNO,WHO, EU, \u2026)<br \/>\nSolange nicht mindestens 41,5 Millionen Querdenker auf die Stra\u00dfe gehen, wird Merkel ihr Ding durchziehen, ungeachtet \u201ephilosophischer \u00dcberlegungen\u201c zur menschlichen Freiheit.<br \/>\nDer Zug f\u00e4hrt in Richtung \u201eSocial Credit Score \u2013 System\u201c chinesischer Pr\u00e4gung (\u201edas Erfolgsmodell\u201c).<br \/>\n7.2.2021,S.H.<br \/>\n.<br \/>\n<strong>Im Zusammenhang mit Corona Angst und Schrecken verbreiten<\/strong><br \/>\nDas passt dazu:<br \/>\n<a href=\"https:\/\/www.welt.de\/politik\/deutschland\/article225864597\/Interner-E-Mail-Verkehr-Innenministerium-spannte-Wissenschaftler-ein.html\">https:\/\/www.welt.de\/politik\/deutschland\/article225864597\/Interner-E-Mail-Verkehr-Innenministerium-spannte-Wissenschaftler-ein.html<\/a><br \/>\nDie Wissenschaftler haben sich daf\u00fcr einspannen lassen, auf Gehei\u00df des Innenministeriums (d.h. der Regierung) im Zusammenhang mit Corona Angst und Schrecken zu verbreiten, um diese Ma\u00dfnahmen durchsetzen zu k\u00f6nnen.<br \/>\nWenn man dann also 1 + 1 zusammenz\u00e4hlt, ist das Ganze eine einzige Manipulation der B\u00fcrger, um \u2026 ja, warum? \u2013 Das kann sich jetzt jeder selbst vorstellen, denke ich. <a href=\"https:\/\/fragdenstaat.de\/dokumente\/4123-wie-wir-covid-19-unter-kontrolle-bekommen\/\">https:\/\/fragdenstaat.de\/dokumente\/4123-wie-wir-covid-19-unter-kontrolle-bekommen\/<\/a><br \/>\nIn diesem Zusammenhang ist auch das Gutachten vom Sommer 2020 zu bedenken, das die Regierung in Auftrag gegeben hatte und das da besagt, dass aufgrund des nationalen Notstandes wegen der Pandemie die Bundestagswahl um bis zu 48 Monate verschoben werden kann. D.h. im Klartext, dass die n\u00e4chste Wahl ausfallen kann. Wenn man ein Volk im Panikmodus h\u00e4lt, kann man Ma\u00dfnahmen durchsetzen, die sonst keine Akzeptanz gefunden h\u00e4tten.<br \/>\nSch\u00e4uble sagte bei einer Podiumsdiskussion, dass man aus Fehlern und Irrt\u00fcmern lerne und er deshalb \u201ebei allen krisenhaften Zuspitzungen im Grunde entspannt\u201c sei. W\u00f6rtlich sagte er auch: \u201eWeil, wenn die Krise gr\u00f6\u00dfer wird, werden die F\u00e4higkeiten, Ver\u00e4nderungen durchzusetzen, gr\u00f6\u00dfer.\u201c<br \/>\n<a href=\"https:\/\/www.youtube.com\/watch?v=u8YVhFCGVLY\">https:\/\/www.youtube.com\/watch?v=u8YVhFCGVLY<\/a><br \/>\n7.2.2021, Moh<br \/>\nEnde der Kommentare<\/p>\n","protected":false},"excerpt":{"rendered":"<p>Der Staat gew\u00e4hrt keine Freiheit bzw. Freiheitsrechte &#8211; dieses Bewu\u00dftsein von Etatismus ist unrichtig. Der Mensch ist Mensch, da er frei ist. Ihm wohnt Freiheit inne, lange bevor es irgendeine Form von Staat gab. Deshalb ist die Aussage der Bundeskanzlerin &hellip; <a href=\"https:\/\/www.freiburg-schwarzwald.de\/blog\/freiheit-freiheitsrechte-freiheit\/\">Weiterlesen <span class=\"meta-nav\">&rarr;<\/span><\/a><\/p>\n","protected":false},"author":2,"featured_media":0,"comment_status":"open","ping_status":"closed","sticky":false,"template":"","format":"standard","meta":{"footnotes":""},"categories":[355,158,63,13,157,172],"tags":[700,633,749,686,682,549,525],"class_list":["post-87744","post","type-post","status-publish","format-standard","hentry","category-buergerinitiativen","category-gesund","category-krise","category-kultur","category-oeffentlicher-raum","category-zukunft","tag-corona","tag-demokratie","tag-diskussionskultur","tag-frei","tag-freiheit","tag-gesetz","tag-politik"],"_links":{"self":[{"href":"https:\/\/www.freiburg-schwarzwald.de\/blog\/wp-json\/wp\/v2\/posts\/87744","targetHints":{"allow":["GET"]}}],"collection":[{"href":"https:\/\/www.freiburg-schwarzwald.de\/blog\/wp-json\/wp\/v2\/posts"}],"about":[{"href":"https:\/\/www.freiburg-schwarzwald.de\/blog\/wp-json\/wp\/v2\/types\/post"}],"author":[{"embeddable":true,"href":"https:\/\/www.freiburg-schwarzwald.de\/blog\/wp-json\/wp\/v2\/users\/2"}],"replies":[{"embeddable":true,"href":"https:\/\/www.freiburg-schwarzwald.de\/blog\/wp-json\/wp\/v2\/comments?post=87744"}],"version-history":[{"count":5,"href":"https:\/\/www.freiburg-schwarzwald.de\/blog\/wp-json\/wp\/v2\/posts\/87744\/revisions"}],"predecessor-version":[{"id":87815,"href":"https:\/\/www.freiburg-schwarzwald.de\/blog\/wp-json\/wp\/v2\/posts\/87744\/revisions\/87815"}],"wp:attachment":[{"href":"https:\/\/www.freiburg-schwarzwald.de\/blog\/wp-json\/wp\/v2\/media?parent=87744"}],"wp:term":[{"taxonomy":"category","embeddable":true,"href":"https:\/\/www.freiburg-schwarzwald.de\/blog\/wp-json\/wp\/v2\/categories?post=87744"},{"taxonomy":"post_tag","embeddable":true,"href":"https:\/\/www.freiburg-schwarzwald.de\/blog\/wp-json\/wp\/v2\/tags?post=87744"}],"curies":[{"name":"wp","href":"https:\/\/api.w.org\/{rel}","templated":true}]}}