{"id":87163,"date":"2021-01-20T20:50:10","date_gmt":"2021-01-20T19:50:10","guid":{"rendered":"https:\/\/www.freiburg-schwarzwald.de\/blog\/?p=87163"},"modified":"2021-01-22T21:13:05","modified_gmt":"2021-01-22T20:13:05","slug":"schulen-und-kitas-wieder-oeffnen","status":"publish","type":"post","link":"https:\/\/www.freiburg-schwarzwald.de\/blog\/schulen-und-kitas-wieder-oeffnen\/","title":{"rendered":"Schulen und Kitas wieder \u00f6ffnen"},"content":{"rendered":"<p>89 % der <a href=\"https:\/\/www.freiburg-schwarzwald.de\/blog\/business\/gesund\/corona-virus\/\">Coronatoten<\/a> sind \u00fcber 70 Jahre alt bei einem Medianalter von 84. Wie kann ein Lockdown von <a href=\"https:\/\/www.freiburg-schwarzwald.de\/blog\/bildung\/kindergarten\/\">Kitas<\/a> und Schulen einen Effekt f\u00fcr die so sehr gef\u00e4hrdeten <a href=\"https:\/\/www.freiburg-schwarzwald.de\/blog\/selbsthilfe\/senioren\/\">Alten<\/a> haben? In <a href=\"https:\/\/www.freiburg-schwarzwald.de\/blog\/global\/schweden\/\">Schweden<\/a> sind die <a href=\"https:\/\/www.freiburg-schwarzwald.de\/blog\/bildung\/schulen\/\">Schulen<\/a> immer offen geblieben &#8211; nun zeigt sich, da\u00df dies der <a href=\"https:\/\/www.freiburg-schwarzwald.de\/blog\/schweden-herdenimmunitaet\/\">richtige Weg<\/a> war.<br \/>\n<!--more--><br \/>\nBislang war man &#8222;ex ante&#8220;, also vorausschauend, auf Prognosen, Simulationsmodelle und evidenz-basierten (?) Vermutungen angewiesen. Nach fast einem Jahr Erfahrung mit\u00a0 <a href=\"https:\/\/www.freiburg-schwarzwald.de\/blog\/business\/gesund\/corona-virus\/corona-grundrechte\/\">Corona<\/a> kann die Wissenschaft endlich auch &#8222;ex post&#8220; bzw. r\u00fcckblickend analysieren, d.h. empirische Fakten liefern. Prof Ludvigsson hat dies mit der am 6.1.2021 ver\u00f6ffentlichten Untersuchung <em>&#8222;Open Schools, Covid-19, and Child and Teacher Morbidity in Sweden&#8220;<\/em> getan.<br \/>\nErgebnis: Von den zur Kita und Schule gehenden Kindern ging keine zus\u00e4tzliche Gefahr aus &#8211; weder f\u00fcr die Kids selbst noch f\u00fcr die Mitb\u00fcrger. Es besteht also kein Grund zur Angstmache und kein Grund f\u00fcr Lockdowns von Bildungseinrichtungen!<br \/>\n.<br \/>\nDie in deutschen <a href=\"https:\/\/www.freiburg-schwarzwald.de\/blog\/kultur\/medien\/mainstream\/\">Medien<\/a> und Foren ab April 2020 verbreiteten Beleidigungen und Vorw\u00fcrfe (schwedische Schulen seien &#8222;Todescamps&#8220;) erweisen sich nun ex-post als unwahr und vermutlich angst- bzw. panikgesteuert. Der Lockdown als breit streuender und zerst\u00f6render &#8222;Hammer&#8220; (<a href=\"https:\/\/www.freiburg-schwarzwald.de\/blog\/miteinander-reden\/\">Prof Streeck<\/a> am 17.1.2021 auf Phoenix) stellt sich auch bei Schul- und Kindergartenschlie\u00dfungen als unverh\u00e4ltnism\u00e4\u00dfiges Instrument dar.<br \/>\nWarum wurden diese neuen wissenschaftlichen Aussagen (wie auch die von <a href=\"https:\/\/www.freiburg-schwarzwald.de\/blog\/who-ioannidis-no-lockdown\/\">WHO und Prof Ioannidis<\/a>) nicht bei den am gestrigen 19.1.2021 von <a href=\"https:\/\/www.freiburg-schwarzwald.de\/blog\/engagement\/zukunft\/demokratie\/merkelismus\/\">Mutante Merkel<\/a> verordneten vierten Lockdown-Ma\u00dfnahmen ber\u00fccksichtigt?<br \/>\n.<br \/>\nBitte lesen sie ganz unten auf dieser Seite:<br \/>\n<strong>&#8222;Ich kann nicht mehr&#8220; &#8211; eine verzweifelte\u00a0 Mutter berichtet&#8220;<\/strong><br \/>\n20.1.2021<br \/>\n.<\/p>\n<p><a href=\"https:\/\/www.freiburg-schwarzwald.de\/blog\/wp-content\/uploads\/2021\/01\/schulen-oeffnen210119.jpg\"><img loading=\"lazy\" decoding=\"async\" class=\"alignnone size-full wp-image-87197\" src=\"https:\/\/www.freiburg-schwarzwald.de\/blog\/wp-content\/uploads\/2021\/01\/schulen-oeffnen210119.jpg\" alt=\"\" width=\"640\" height=\"463\" srcset=\"https:\/\/www.freiburg-schwarzwald.de\/blog\/wp-content\/uploads\/2021\/01\/schulen-oeffnen210119.jpg 640w, https:\/\/www.freiburg-schwarzwald.de\/blog\/wp-content\/uploads\/2021\/01\/schulen-oeffnen210119-180x130.jpg 180w\" sizes=\"auto, (max-width: 640px) 100vw, 640px\" \/><\/a><\/p>\n<p><strong>Offene Schulen in Schweden \u2013 die Erfahrungen<\/strong><br \/>\nVon Sebastian Bauer<br \/>\nDer schwedische Weg wurde gerade im Ausland stark kritisiert. Nicht zuletzt das Offenlassen der Schulen im Corona-Fr\u00fchling 2020 wurde als Gefahr f\u00fcr die Kinder betrachtet. Der schwedische Professor und Kinderarzt Jonas F. Ludvigsson hat hierzu eine Untersuchung ver\u00f6ffentlicht, die keine erh\u00f6hte Kindersterblichkeit feststellen konnte. Daf\u00fcr wird er nun angefeindet.<br \/>\n&#8230;<br \/>\nJetzt (ein halbes Jahr sp\u00e4ter) kann man die Corona-bedingten gesundheitlichen Konsequenzen des \u201eWegs der offenen Schulen w\u00e4hrend der ersten Corona-Welle in einem lockdown- und maskenfreien Land\u201c zusammenfassen und analysieren. Vor Kurzem wurde dies in einem \u201eLetter to the Editor\u201d im \u201eNew England Journal of Medicine\u201c<br \/>\n<a href=\"https:\/\/www.nejm.org\/doi\/full\/10.1056\/NEJMc2026670\">https:\/\/www.nejm.org\/doi\/full\/10.1056\/NEJMc2026670<\/a><br \/>\ndurch einen schwedischen Kinderarzt und Professor (Jonas F. Ludvigsson) auf professionelle Art und Weise getan.<br \/>\n&#8230;<br \/>\nZusammenfassend kann man sagen: Die \u201eStudie\u201c zeigt, dass die Kinder \u201esicher\u201c waren und dass die Lehrer ein deutlich geringeres Risiko als allgemein Berufst\u00e4tige hatten \u2013 und das in den schwedischen Grundschulen im ersten Halbjahr 2020, in (teilweise) voller Besetzung und ohne Masken und in einem Land mit massivem Infektionsgeschehen. W\u00e4re das nicht eine fantastische Nachricht, die Schlagzeilen in Deutschland machen sollte und zu Diskussionen \u00fcber eine Ver\u00e4nderung des deutschen Weges f\u00fchren k\u00f6nnte? Wo ist diese Schlagzeile?<br \/>\n&#8230;<br \/>\n<strong>Die Saat der Angst ist aufgegangen<\/strong><br \/>\nZu guter Letzt ein Wort zu den schwedischen Schulen als <em><strong>\u201eTodescamps\u201c<\/strong><\/em>. Ich erinnere mich an einige Diskussionen (Fr\u00fchjahr 2020) in deutschen Foren, in denen einige Leser deutliche Anzeichen von Panik hinsichtlich der Gesundheit ihrer Kinder bei einer Wiederer\u00f6ffnung der Schulen hatten. Die Schulen wurden tats\u00e4chlich von einem Leser mit Todescamps verglichen. Niemand hat (meines Wissens) diesen Vergleich bei schwedischen Schulen angewandt, aber die Extrapolation ist nicht so weit hergeholt. Es zeigt auch, wohin Panik f\u00fchrt; Panik ist niemals ein guter Ratgeber (ich widerspreche da meiner \u201eber\u00fchmten\u201c Landsfrau).<br \/>\n<a href=\"https:\/\/www.freiburg-schwarzwald.de\/blog\/business\/gesund\/corona-virus\/corona-angst\/\">Angst<\/a> f\u00fchrt dazu, dass man seinen Verstand ausschaltet und dass man so idiotische Dinge macht wie das Bedrohen und Beleidigen eines Kinderarztes und Professors.<br \/>\nIm Falle Professor Ludvigsson \u2013 der den hier beschriebenen Beitrag, in einer Wissenschaftszeitung im Sinne der Aufkl\u00e4rung ver\u00f6ffentlicht \u2013, nicht weil \u201eL\u00fcgen\u201c ver\u00f6ffentlicht werden, sondern weil die gesagten \u201eDinge\u201c die eigenen Glaubenss\u00e4tze der Angst infrage stellen. <em><strong>Hunderte, vielleicht tausende Menschen haben ihn angeschrieben, ihn bedroht und ihm vorgeworfen, Menschen sterben lassen zu wollen, Rassenhygiene betreiben zu wollen und ihm gesagt, er sein ein \u201ekranker\u201c Mensch. Hier ist die Saat der Angst aufgegangen.<\/strong> <\/em><br \/>\nDas Verbreiten von Panik ist der Gegensatz von Aufkl\u00e4rung und der Stimme der Vernunft, die Professor Ludvigsson uns zug\u00e4nglich gemacht hat.<br \/>\n&#8230; Alles vom 20.1.2021 bitte lesen auf<br \/>\n<a href=\"https:\/\/www.achgut.com\/artikel\/Offene_Schulen_in_Schweden_die_erfahrungen_\">https:\/\/www.achgut.com\/artikel\/Offene_Schulen_in_Schweden_die_erfahrungen_<\/a><br \/>\n.<br \/>\n<em>Dr. Sebastian Bauer ist promovierter Chemiker, lebt seit 1999 in Schweden und hat 20 Jahre in der pharmazeutischen Entwicklung gearbeitet.<br \/>\n<\/em>\u00a0.<br \/>\nEinige Kommentare:<br \/>\n<strong>Herdenimmunit\u00e4t + Schutz f\u00fcr immungeschw\u00e4chte Personen<\/strong><br \/>\nDie Schweden haben von Anfang an gesagt, dass man eine Herdenimmunit\u00e4t erreichen muss, um auch diesen neuartigen, aber nicht sonderlich gef\u00e4hrlichen Grippeerreger, loszuwerden. Das ist die einzige richtige und bew\u00e4hrte Strategie, die bei jeder Grippewelle routiniert und selbstverst\u00e4ndlich angewendet wird.<br \/>\nTegnell hat von Anfang an gesagt, dass immungeschw\u00e4chte Personen auch hier besonderen Schutz ben\u00f6tigen, aber die Politiker scheinen zu langsam gewesen zu sein. Das hat -zusammen mit der Nachsterblichkeit aus 2019- dann in Schweden im Fr\u00fchjahr zu relativ hohen Todeszahlen (nur) bei alten Leuten gef\u00fchrt. Das SARS-CoV-2-Virus ist nicht signifikant gef\u00e4hrlich, das ist medizinisch und epidemiologisch nachweisbar und nachgewiesen. Ausnahmen best\u00e4tigen diese Regel, wie immer. Angesichts dieser Faktenlage erinnert die \u00f6ffentliche Kommunikation an die sprichw\u00f6rtlichen mittelalterlichen Verh\u00e4ltnisse aus Unwissen und Glaubensgewissheiten, Angst und \u00dcberheblichkeit, Verzagtheit und Machtgehabe<br \/>\n20.1.2021, S.L.<br \/>\n.<br \/>\n<strong>Gegen eine Virusgrippe kann man wenig ausrichten,<\/strong><br \/>\naber man kann sein Verhalten anpassen.<br \/>\nAuch gegen den Klimawandel kann man wenig ausrichten, aber auch da kann man sein Verhalten anpassen.<br \/>\nGegen die menschliche Dummheit kann man \u00fcberhaupt nichts ausrichten und man sollte sein Verhalten auch nicht an sie anpassen.<br \/>\n20.1.2021, K.K.<br \/>\n.<br \/>\n<strong>Die Frage ist doch kaum noch, warum gibt es in Schweden keine Pandemie,<\/strong> sondern warum hat Schweden die weltweite Pandemie nicht (manche mu\u00dften gestupst werden wie Deutschland (erst war Corona ja eine Nazi-Verschw\u00f6rung), manche wurden gekauft wie Serbien, manche wurden contained wie Wei\u00dfru\u00dfland) so mitgemacht wie der Rest der WHO\/GAVI-Welt, hat hierzu jemand Ideen?<br \/>\n20.1.2021, M.TH<br \/>\n.<br \/>\n<strong>In D: L\u00fcge durch Verschweigen<\/strong><br \/>\nIn Deutschland w\u00e4re Ludvigsson nicht dem Hass und der Hetze von Zeugen Coronas und Coronaparanoikern ausgesetzt gewesen, weil der polit-mediale Komplex hier mit der probaten Methode der L\u00fcge durch Verschweigen arbeitet.<br \/>\nDank an den Autor die Ergebnisse der Studie von Prof. Ludvigsson vorerst einem kleinen Teil der \u00d6ffentlichkeit zur Kenntnis gegeben zu haben. Vielleicht findet sie dadurch einen Weg in die breitere \u00d6ffentlichkeit. Ich bin schon dabei, den Link weiter zu reichen.<br \/>\n20.1.2021, R.L.<br \/>\n.<br \/>\n<strong>Die Diskussion \u00fcber Corona hat sich l\u00e4ngst von Zahlen und Fakten gel\u00f6st,<\/strong><br \/>\nwenn sie je einen derartigen Bezug hatte. Man kommt immer mehr ins Zweifeln. Wer etwas Zeit und es noch nicht gesehen hat, dem empfehle ich den Vortrag \u201cPandemie-Planspiele\u201d von Paul Schreyer, der noch auf YT zu finden ist.<br \/>\nMerkw\u00fcrdig auch, wie im Fr\u00fchjahr die Stimmung in den MSM von Beschwichtigung auf Panik gekippt ist.<br \/>\nWie es Schweden gelingen konnte, diesen Sonderweg bisher durchzuhalten, ist mir ein R\u00e4tsel. Der Druck von innen und au\u00dfen war ja enorm. Man hat den gleichen Fehler gemacht, wie der Rest Europas, n\u00e4mlich die besonders anf\u00e4llige Gruppe der \u00c4lteren nicht ausreichend zu sch\u00fctzen. Dadurch hat sich Tegnell angreifbar gemacht, was letztlich in den Beschluss eines h\u00e4rteren Pandemie-Gesetzes m\u00fcndete. Soweit ich wei\u00df, wird dieses allerdings bisher nicht angewendet.<br \/>\n20.1.2021, R.C.M.<br \/>\n.<br \/>\n<strong>&#8230; sollte sich jeder Kultusminister in D durchlesen<\/strong><br \/>\n\u00dcbrigens: 89% der Covid-Toten in Deutschland sind \u00e4lter als 70 Jahre, geh\u00f6ren also weder der lernenden noch arbeitenden Bev\u00f6lkerung an. Medianalter der Covid-Toten: 84 Jahre. Was also sollte ein Lockdown f\u00fcr Sch\u00fcler in den Altersheimen f\u00fcr einen Effekt hervorbringen? Das war nie logisch erkl\u00e4rbar.<br \/>\nEs sei denn, man verbietet wie bei George Orwell in \u201e1984\u201c, den Sozialkontakt zwischen den Familien. Aber wer will diesen faschistoiden, totalen \u201eHygiene-Staat\u201c? Soll das die Zukunft in jeder schweren Grippesaison sein? Funktioniert das nicht auch mit freiwilligen Ma\u00dfnahmen viel besser? Wenn man sich krank f\u00fchlt, besucht man Opa eben mal nicht? Wenn man sich gesund f\u00fchlt, eben eher mit Maske und ohne BussiBussi, aber mit gewaschenen H\u00e4nden? So wie bei jeder Krankheit eben? Merkel und S\u00f6der benutzen die Panik nur zur Machtzementierung. Einen anderen Zweck hat diese Pandemie nicht f\u00fcr diese Hy\u00e4nen, die die Volkswirtschaft durch Inflation und Arbeitslosigkeit ruinieren.<br \/>\n20.1.2021, CH.N.<\/p>\n<p><strong>B\u00fcrger haben alle immer noch einen eigenen Kopf<\/strong><br \/>\nWenn andere als Deutsche Erfolg haben, dann darf das auf keinen Fall in die EUtsche \u00d6ffentlichkeit kommen. Der schwedische Weg hat auf jeden Fall eine sehr gangbare Variante aufgezeigt und die braucht viel mehr Mut und Erkl\u00e4rung, damit man das eigene Volk mit auf dem Weg hat. Er zeigt auch, dass nicht diktatorische Entscheide alleine helfen, denn die B\u00fcrger haben alle immer noch einen eigenen Kopf, eine eigene Wahrnehmung und eben auch eine eigene Verantwortung f\u00fcr sich selbst und die Familie und dazu geh\u00f6ren die Kinder. Die Erfolge der Machtdemonstrierenden Irrsinnigen unter der F\u00fchrerin sind ja durchwegs von anhaltendem und durchschlagendem Erfolg gekr\u00f6nt?<br \/>\n20.1.2021, B.SCH.<br \/>\nEnde der Kommentare<\/p>\n<p>.<br \/>\n.<br \/>\n<strong>Ich kann nicht mehr &#8211; eine verzweifelte\u00a0 Mutter berichtet<\/strong><br \/>\nIch berichte fairerweise von mir, obwohl der Lockdown als Familie durchgemacht wird. Ich bin berufst\u00e4tig im Home Office seit M\u00e4rz 2020. Zwei kleine Kinder. Ich und mein Mann sind beide in einem gro\u00dfen Unternehmen t\u00e4tig, das von der Pandemie profitiert.<br \/>\nJa, es ist Jammern auf hohem Niveau. Wir haben unsere Jobs. Wenn man seinen Job auch gut und zuverl\u00e4ssig ausf\u00fchren kann, ist man auch nicht gef\u00e4hrdet. Aber das Problem ist, dass wir beide Elternteile in einem Bereich t\u00e4tig sind, in dem mit Milliarden gearbeitet wird und mit hochsensiblen Daten, die man nicht ohne weiteres in Anwesenheit von zwei Kleinkindern bearbeiten kann. Wir teilen uns auf. Einer arbeitet tags\u00fcber, der andere teilweise nachts, je nach Pr\u00e4senznotwendigkeit und Terminen. Aber das ist gesundheitlich und psychisch objektiv nicht l\u00e4nger m\u00f6glich. Wir sto\u00dfen an unsere Grenzen. Die Verantwortung ist im Job enorm gro\u00df. Als Eltern immer \u00fcbergro\u00df.<br \/>\n.<br \/>\nDie Kinder haben ihre Schwierigkeiten entwickelt. Ohne Betreuung bleibt keine andere M\u00f6glichkeit, als Kids vor den Fernseher zu setzen. Die Gro\u00dfe hat \u00c4ngste aufgrund von Corona-Ma\u00dfnahmen in der Kita Ende Fr\u00fchjahr bekommen, die Kleinere hat seit dem letzten Lockdown Sprachverz\u00f6gerung.<br \/>\nIn der Kita Kindertrennung nach Alter, streng nach Erzieher, auch wenn unbeliebt beim Kind, Absperrb\u00e4nder auf dem Gel\u00e4nde, neue Regeln \u2013 das ist etwas, was Kindern mehr ausmacht, als man denkt. Unsere Kinder\u00e4rztin schl\u00e4gt Alarm, wie viele seelische Probleme die Kinder bekommen haben, die sie betreut. Ob das aufzuholen ist, werden wir sehen.<br \/>\nIch m\u00f6chte mit keinem Hotelier und Gastronomen tauschen. Ich klage nicht wegen meinem Schicksal. Es gibt sicher viel schlimmeres im Leben. Mir tut jeder unfassbar leid, der seine Existenz gerade verliert.<br \/>\n.<br \/>\nAber unter solchen Bedingungen den Job ausf\u00fchren zu m\u00fcssen, das ist Folter. Und mit der Motivation, dass man einen sicheren Job im Vergleich zu den anderen hat, kann man auch nicht lange durchhalten.<br \/>\nDie Auswirkungen von meinem etwaigen Fehler werden morgen Konsequenzen haben im Vergleich zu den Regierenden. Und diese andauernde Anspannung ohne Lichtblick macht uns als Familie krank.<br \/>\nNicht mal Schwimmen und Spielen im Sportverein ist seit Monaten m\u00f6glich. Wann hat das ein Ende? Wann ist ein Hauch von Strategie zu erkennen?<br \/>\n<em><strong>Das werfe ich dieser Regierung vor. Alle haben keinen Bezug zur Realit\u00e4t und zum wirklichen Berufsleben. Geschweige denn zum Elternleben.<br \/>\n<\/strong><\/em>\u00a0.<br \/>\n&#8230; Alles vom 19.1.2021 bitte lesen auf<br \/>\n<a href=\"https:\/\/www.tichyseinblick.de\/gastbeitrag\/lockdown-ich-kann-nicht-mehr\/\">https:\/\/www.tichyseinblick.de\/gastbeitrag\/lockdown-ich-kann-nicht-mehr\/<\/a><\/p>\n<p>&nbsp;<\/p>\n<p>&nbsp;<\/p>\n","protected":false},"excerpt":{"rendered":"<p>89 % der Coronatoten sind \u00fcber 70 Jahre alt bei einem Medianalter von 84. Wie kann ein Lockdown von Kitas und Schulen einen Effekt f\u00fcr die so sehr gef\u00e4hrdeten Alten haben? In Schweden sind die Schulen immer offen geblieben &#8211; &hellip; <a href=\"https:\/\/www.freiburg-schwarzwald.de\/blog\/schulen-und-kitas-wieder-oeffnen\/\">Weiterlesen <span class=\"meta-nav\">&rarr;<\/span><\/a><\/p>\n","protected":false},"author":2,"featured_media":0,"comment_status":"open","ping_status":"closed","sticky":false,"template":"","format":"standard","meta":{"footnotes":""},"categories":[18,36,58,400,158,60,61,93,95,172],"tags":[751,700,682,488,721,585],"class_list":["post-87163","post","type-post","status-publish","format-standard","hentry","category-bildung","category-engagement","category-familie","category-freiwillig","category-gesund","category-jugend","category-kinder","category-kindergarten","category-schulen","category-zukunft","tag-bildung","tag-corona","tag-freiheit","tag-child","tag-kindergarten","tag-schule"],"_links":{"self":[{"href":"https:\/\/www.freiburg-schwarzwald.de\/blog\/wp-json\/wp\/v2\/posts\/87163","targetHints":{"allow":["GET"]}}],"collection":[{"href":"https:\/\/www.freiburg-schwarzwald.de\/blog\/wp-json\/wp\/v2\/posts"}],"about":[{"href":"https:\/\/www.freiburg-schwarzwald.de\/blog\/wp-json\/wp\/v2\/types\/post"}],"author":[{"embeddable":true,"href":"https:\/\/www.freiburg-schwarzwald.de\/blog\/wp-json\/wp\/v2\/users\/2"}],"replies":[{"embeddable":true,"href":"https:\/\/www.freiburg-schwarzwald.de\/blog\/wp-json\/wp\/v2\/comments?post=87163"}],"version-history":[{"count":5,"href":"https:\/\/www.freiburg-schwarzwald.de\/blog\/wp-json\/wp\/v2\/posts\/87163\/revisions"}],"predecessor-version":[{"id":87198,"href":"https:\/\/www.freiburg-schwarzwald.de\/blog\/wp-json\/wp\/v2\/posts\/87163\/revisions\/87198"}],"wp:attachment":[{"href":"https:\/\/www.freiburg-schwarzwald.de\/blog\/wp-json\/wp\/v2\/media?parent=87163"}],"wp:term":[{"taxonomy":"category","embeddable":true,"href":"https:\/\/www.freiburg-schwarzwald.de\/blog\/wp-json\/wp\/v2\/categories?post=87163"},{"taxonomy":"post_tag","embeddable":true,"href":"https:\/\/www.freiburg-schwarzwald.de\/blog\/wp-json\/wp\/v2\/tags?post=87163"}],"curies":[{"name":"wp","href":"https:\/\/api.w.org\/{rel}","templated":true}]}}