{"id":86146,"date":"2020-12-24T15:01:23","date_gmt":"2020-12-24T14:01:23","guid":{"rendered":"https:\/\/www.freiburg-schwarzwald.de\/blog\/?p=86146"},"modified":"2020-12-25T09:46:47","modified_gmt":"2020-12-25T08:46:47","slug":"wunschzettel-ans-christkind","status":"publish","type":"post","link":"https:\/\/www.freiburg-schwarzwald.de\/blog\/wunschzettel-ans-christkind\/","title":{"rendered":"Wunschzettel ans Christkind"},"content":{"rendered":"<p>Der <a href=\"https:\/\/www.freiburg-schwarzwald.de\/blog\/kultur\/medien\/journalismus\/\">Journalist<\/a> Hugo M\u00fcller-Vogg hat im Cicero eine lange Liste von 27 W\u00fcnschen an das liebe <a href=\"https:\/\/www.freiburg-schwarzwald.de\/blog\/religion\/kirchen\/weihnachten\/\">Christkind<\/a> ver\u00f6ffentlicht (Link unten). Schwerpunkt <a href=\"https:\/\/www.freiburg-schwarzwald.de\/blog\/business\/gesund\/corona-virus\/\">Corona<\/a>. Nat\u00fcrlich sind das keine W\u00fcnsche an die Naturgesetzlichkeiten mitsamt <a href=\"https:\/\/www.freiburg-schwarzwald.de\/blog\/business\/gesund\/virus\/\">Viren<\/a>, Bakterien und Immunsystem, sondern W\u00fcnsche an uns <a href=\"https:\/\/www.freiburg-schwarzwald.de\/blog\/global\/deutschland\/gesellschaft\/\">Menschen<\/a> im Umgang mit der Sch\u00f6pfung. <!--more--><br \/>\n.<br \/>\nIch w\u00fcnsche mir vom Christkind, da\u00df<\/p>\n<ul>\n<li>nach Abebben der Pandemie die Folgen der drei <a href=\"https:\/\/www.freiburg-schwarzwald.de\/blog\/business\/gesund\/corona-virus\/lockdown\/\">Lockdowns<\/a> auf <a href=\"https:\/\/www.freiburg-schwarzwald.de\/blog\/business\/rezession\/\">Wirtschaft<\/a> und Gesellschaft \u00fcberwunden werden k\u00f6nnen.<\/li>\n<li>nach Vollendung der <a href=\"https:\/\/www.freiburg-schwarzwald.de\/blog\/energie\/energiewende\/\">Energiewende<\/a> ein <a href=\"https:\/\/www.freiburg-schwarzwald.de\/blog\/energie\/strom\/blackout\/\">Blackout<\/a> der Stromversorgung ausbleiben wird.<\/li>\n<li>nach Abschaffung der <a href=\"https:\/\/www.freiburg-schwarzwald.de\/blog\/global\/eu\/grenzen\/\">Grenzen<\/a> die <a href=\"https:\/\/www.freiburg-schwarzwald.de\/blog\/global\/migration\/migration2020\/\">Migranten<\/a> hierzulande in Arbeit und Zufriedenheit <a href=\"https:\/\/www.freiburg-schwarzwald.de\/blog\/global\/integration\/\">leben<\/a> werden.<\/li>\n<li>mit den <a href=\"https:\/\/www.freiburg-schwarzwald.de\/blog\/750-mrd-neu-eu-schuldenunion\/\">schuldenfinanzierten Milliarden<\/a> in <a href=\"https:\/\/www.freiburg-schwarzwald.de\/blog\/global\/eu\/\">EU<\/a>-Unternehmen Investitionen get\u00e4tigt werden, um Arbeitspl\u00e4tze zu schaffen und die Konkurrenzf\u00e4higkeit zu erh\u00f6hen.<\/li>\n<li>in Deutschland die <a href=\"https:\/\/www.freiburg-schwarzwald.de\/blog\/kultur\/medien\/diskussionskultur\/\">Diskussionskultur<\/a> wiederentdeckt wird.<\/li>\n<li>nach langem <a href=\"https:\/\/www.freiburg-schwarzwald.de\/blog\/selbsthilfe\/frauen\/gender\/\">Gender<\/a> der liebe Gott akzeptieren m\u00f6ge, eine Frau oder d oder sonst etwas zu sein.<\/li>\n<li>sich nach so viel <a href=\"https:\/\/www.freiburg-schwarzwald.de\/blog\/natur\/klima\/co2\/\">CO2<\/a> und <a href=\"https:\/\/www.freiburg-schwarzwald.de\/blog\/natur\/klima\/fridaysforfuture\/\">FfF<\/a> die Einsicht durchsetzt, da\u00df die <a href=\"https:\/\/www.freiburg-schwarzwald.de\/blog\/engagement\/zukunft\/demografie\/bevoelkerungswachstum\/\">Bev\u00f6lkerungsexplosion<\/a> weltweit unser Problem ist.<\/li>\n<li>die <a href=\"https:\/\/www.freiburg-schwarzwald.de\/blog\/kultur\/medien\/medienvielfalt\/\">Medien<\/a> das Verbreiten von <a href=\"https:\/\/www.freiburg-schwarzwald.de\/blog\/engagement\/zukunft\/angst\/\">Angst<\/a> einstellen und sich wieder auf ihre Aufgabe als <a href=\"https:\/\/www.freiburg-schwarzwald.de\/blog\/gewaltenteilung-und-medien\/\">Vierter Gewalt<\/a> besinnen: der Kontrolle von Exekutive, Legislative und Jurisdiktion.<\/li>\n<li>die <a href=\"https:\/\/www.freiburg-schwarzwald.de\/blog\/engagement\/zukunft\/demokratie\/freie-marktwirtschaft\/\">freiheitlich<\/a>-demokratische <a href=\"https:\/\/www.freiburg-schwarzwald.de\/blog\/freiheitliche-grundordnung\/\">Grundordnung<\/a> gegen rechten wie linken <a href=\"https:\/\/www.freiburg-schwarzwald.de\/blog\/engagement\/zukunft\/demokratie\/extremismus\/\">Extremismus<\/a><br \/>\nverteidigt wird.<\/li>\n<li>sich die <a href=\"https:\/\/www.freiburg-schwarzwald.de\/blog\/religion\/kirchen\/\">Kirchen<\/a> von der willf\u00e4hrigen Andienung der Politik abwenden und wieder der christlichen <a href=\"https:\/\/www.freiburg-schwarzwald.de\/blog\/seelsorge-gegen-kirchenaustritt\/\">Seelsorge<\/a> zuwenden: &#8222;F\u00fcrchtet Euch nicht!&#8220;<\/li>\n<\/ul>\n<p>24.12.2020<\/p>\n<p>&nbsp;<\/p>\n<p>.<br \/>\n<strong>Ein politischer Wunschzettel zu Weihnachten<\/strong><br \/>\nLiebes Christkind,<br \/>\nin diesem Jahr ist fast alles anders. Das hinterh\u00e4ltige Coronavirus hat Weihnachtsm\u00e4rkte ebenso verhindert wie Weihnachtsfeiern oder Weihnachtskonzerte. Selbst Heiligabend k\u00f6nnen wir nicht mit allen verbringen, die wir gerne um uns h\u00e4tten. Und \u201eStille Nacht\u201c darf man in zwangsweise nur sp\u00e4rlich besetzen Kirchen h\u00f6chstens mitsummen \u2013 hinter der Maske und auf Abstand zu den anderen Gottesdienstbesuchern. Eines aber ist auch in diesem Jahr m\u00f6glich: seine W\u00fcnsche aufzuschreiben. Es geht mir dabei nicht um Geschenke im engeren Sinn. Ich habe W\u00fcnsche f\u00fcr dieses Land. F\u00fcr das Land, in dem ich gerne lebe und weiter gerne leben m\u00f6chte.<br \/>\n&#8230;<br \/>\nLiebes Christkind, zugegeben, das ist ein bisschen viel, was ich mir so w\u00fcnsche. Aber wann, wenn nicht an Weihnachten, darf man noch tr\u00e4umen, hoffen und w\u00fcnschen.<br \/>\n&#8230; Alles vom 23.12.2020 von Hugo M\u00fcller-Vogg bitte lesenauf<br \/>\n<a href=\"https:\/\/www.cicero.de\/innenpolitik\/zukunft-besser-politischer-wunschzettel-weihnachten\">https:\/\/www.cicero.de\/innenpolitik\/zukunft-besser-politischer-wunschzettel-weihnachten<\/a><br \/>\n.<br \/>\nKommentare:<br \/>\n<strong>Ich h\u00e4tte noch drei W\u00fcnsche zur Dekonstruktion:<\/strong><br \/>\n&#8211; dass wir nicht krampfhaft alles dekonstruieren &#8211; das kann man selbstverst\u00e4ndlich machen, aber man muss es nicht. Auch Demokratie, Rechtsstaat, Menschenrechte, Mitgef\u00fchl, Religion, Gerechtigkeit etc. sind Konstrukte.<br \/>\n&#8211; dass wir weniger einseitig die Begriffe dekonstruieren, die uns nicht passen, und die Begriffe absolut, wissenschaftlich und einfach menschlich in den Himmel heben, die uns passen.<br \/>\n&#8211; dass wir von anderen Menschen weniger aggressiv Ergebenheitsadressen einfordern, um sicherzustellen, dass sie auch dieselben Dinge wie wir dekonstruieren und dieselben anderen Dinge in den Himmel heben.<br \/>\n23.12.2020, M.M. CO<br \/>\n.<br \/>\n<strong>Des meschet i a<\/strong><br \/>\nIhrem Wunschzettel kann ich mich in allen Punkten anschlie\u00dfen, Herr M\u00fcller-Vogg. Aber ob &#8218;unser&#8216; Christkind genug Kraft hat, gegen das neue gr\u00fcne Parteiprogramm anzuarbeiten? Da m\u00fcssen wir wohl auch selbst Hand anlegen. Sch\u00f6ne Weihnachten&#8230;<br \/>\n23.12.2020, E.W.<br \/>\n.<br \/>\n<strong>Wishful thinking &#8230;<\/strong><br \/>\nhat offensichtlich Konjunktur &#8211; nicht nur wegen Weihnachten.<br \/>\nEiner so \u00fcberlangen Wunschliste m\u00f6chte man doch gerne das knappe Kennedy-Zitat entgegenhalten:<br \/>\n&#8222;Frag nicht, was dein Land (und alle anderen) f\u00fcr dich tun kann (k\u00f6nnen),<br \/>\nfrag, was du f\u00fcr dein Land tun kannst&#8220;.<br \/>\n23.12.2020, J.B.<br \/>\nEnde Kommentare<\/p>\n","protected":false},"excerpt":{"rendered":"<p>Der Journalist Hugo M\u00fcller-Vogg hat im Cicero eine lange Liste von 27 W\u00fcnschen an das liebe Christkind ver\u00f6ffentlicht (Link unten). Schwerpunkt Corona. Nat\u00fcrlich sind das keine W\u00fcnsche an die Naturgesetzlichkeiten mitsamt Viren, Bakterien und Immunsystem, sondern W\u00fcnsche an uns Menschen &hellip; <a href=\"https:\/\/www.freiburg-schwarzwald.de\/blog\/wunschzettel-ans-christkind\/\">Weiterlesen <span class=\"meta-nav\">&rarr;<\/span><\/a><\/p>\n","protected":false},"author":2,"featured_media":0,"comment_status":"open","ping_status":"closed","sticky":false,"template":"","format":"standard","meta":{"footnotes":""},"categories":[52,58,89,19,172],"tags":[633,749,248,682,503,468],"class_list":["post-86146","post","type-post","status-publish","format-standard","hentry","category-einewelt","category-familie","category-kirchen","category-religion","category-zukunft","tag-demokratie","tag-diskussionskultur","tag-feste","tag-freiheit","tag-church","tag-weihnacht"],"_links":{"self":[{"href":"https:\/\/www.freiburg-schwarzwald.de\/blog\/wp-json\/wp\/v2\/posts\/86146","targetHints":{"allow":["GET"]}}],"collection":[{"href":"https:\/\/www.freiburg-schwarzwald.de\/blog\/wp-json\/wp\/v2\/posts"}],"about":[{"href":"https:\/\/www.freiburg-schwarzwald.de\/blog\/wp-json\/wp\/v2\/types\/post"}],"author":[{"embeddable":true,"href":"https:\/\/www.freiburg-schwarzwald.de\/blog\/wp-json\/wp\/v2\/users\/2"}],"replies":[{"embeddable":true,"href":"https:\/\/www.freiburg-schwarzwald.de\/blog\/wp-json\/wp\/v2\/comments?post=86146"}],"version-history":[{"count":5,"href":"https:\/\/www.freiburg-schwarzwald.de\/blog\/wp-json\/wp\/v2\/posts\/86146\/revisions"}],"predecessor-version":[{"id":86166,"href":"https:\/\/www.freiburg-schwarzwald.de\/blog\/wp-json\/wp\/v2\/posts\/86146\/revisions\/86166"}],"wp:attachment":[{"href":"https:\/\/www.freiburg-schwarzwald.de\/blog\/wp-json\/wp\/v2\/media?parent=86146"}],"wp:term":[{"taxonomy":"category","embeddable":true,"href":"https:\/\/www.freiburg-schwarzwald.de\/blog\/wp-json\/wp\/v2\/categories?post=86146"},{"taxonomy":"post_tag","embeddable":true,"href":"https:\/\/www.freiburg-schwarzwald.de\/blog\/wp-json\/wp\/v2\/tags?post=86146"}],"curies":[{"name":"wp","href":"https:\/\/api.w.org\/{rel}","templated":true}]}}