{"id":85717,"date":"2020-12-11T08:15:11","date_gmt":"2020-12-11T07:15:11","guid":{"rendered":"https:\/\/www.freiburg-schwarzwald.de\/blog\/?p=85717"},"modified":"2020-12-12T18:34:39","modified_gmt":"2020-12-12T17:34:39","slug":"bundestag-merkel-und-weidel","status":"publish","type":"post","link":"https:\/\/www.freiburg-schwarzwald.de\/blog\/bundestag-merkel-und-weidel\/","title":{"rendered":"Bundestag: Merkel und Weidel"},"content":{"rendered":"<p><a href=\"https:\/\/www.freiburg-schwarzwald.de\/blog\/engagement\/zukunft\/demokratie\/groko\/\">Regierung<\/a> und <a href=\"https:\/\/www.freiburg-schwarzwald.de\/blog\/engagement\/zukunft\/demokratie\/opposition\/\">Opposition<\/a> stehen sich <a href=\"https:\/\/www.freiburg-schwarzwald.de\/blog\/engagement\/zukunft\/demokratie\/bundestag\/\">Bundestag<\/a> kontrovers gegen\u00fcber, das ist normal und gut so in einer <a href=\"https:\/\/www.freiburg-schwarzwald.de\/blog\/engagement\/zukunft\/demokratie\/direkte-demokratie\/\">Demokratie<\/a>. Wie tief die <a href=\"https:\/\/www.freiburg-schwarzwald.de\/blog\/global\/deutschland\/spaltung\/\">Gr\u00e4ben<\/a> sind, dies zeigen die unten verlinkten Bundestagsreden von <a href=\"https:\/\/www.freiburg-schwarzwald.de\/blog\/global\/deutschland\/merkel-deutschland\/\">Angela Merkel<\/a> und <a href=\"https:\/\/www.freiburg-schwarzwald.de\/blog\/selbsthilfe\/frauen\/frauenproteste\/\">Alice Weidel<\/a> am 9.12.2020. Gerade deshalb ist es so wichtig, die in und au\u00dferhalb des <a href=\"https:\/\/www.freiburg-schwarzwald.de\/blog\/engagement\/zukunft\/demokratie\/parlament\/parlamentarismus\/\">Parlaments<\/a> besch\u00e4digte <a href=\"https:\/\/www.freiburg-schwarzwald.de\/blog\/kultur\/medien\/diskussionskultur\/\">Diskussionskultur<\/a> <!--more-->zu pflegen und zu f\u00f6rdern: Einander zuh\u00f6ren, miteinander reden und die Argumente des demokratischen Gegners (nicht Feindes) abw\u00e4gen. Auch in der <a href=\"https:\/\/www.freiburg-schwarzwald.de\/blog\/kultur\/medien\/zeitung\/\">Presse<\/a> und im <a href=\"https:\/\/www.freiburg-schwarzwald.de\/blog\/kultur\/medien\/talkshow\/\">Fernsehen<\/a>.<br \/>\n.<br \/>\n<em>\u201cWenn wir jetzt vor <a href=\"https:\/\/www.freiburg-schwarzwald.de\/blog\/religion\/kirchen\/weihnachten\/\">Weihnachten<\/a> zu viele <a href=\"https:\/\/www.freiburg-schwarzwald.de\/blog\/business\/gesund\/corona-virus\/\">Kontakte<\/a> haben und es anschlie\u00dfend das letzte Weihnachten mit den Gro\u00dfeltern war, dann werden wir etwas vers\u00e4umt haben. Das sollten wir nicht tun!\u201d<\/em> Das sagte Angela Merkel am 9.11.2020 in ihrer Rede im Bundestag.<br \/>\nF\u00fcr die so ungewohnt emotionalen Worte wird die Bundeskanzlerin in den Medien gelobt, T-Online titelt <em>\u201cIn der Pandemie wird Merkel tats\u00e4chlich zur Mutter der Nation\u201c<\/em>.<br \/>\n.<br \/>\nGanz anderes empfindet Vera Lengsfeld dieseoppps Statement der Bundeskanzlerin (68, CDU, s.u.): <em>&#8222;Das hei\u00dft: Wer sich nicht an das verordnete versch\u00e4rfte Kontaktverbot h\u00e4lt, wird zum M\u00f6rder an den Alten. Das als m\u00fctterliche F\u00fcrsorge zu framen ist der traurige H\u00f6hepunkt des Versagens von Medien, die sich als inoffizielle Regierungssprecher gerieren, statt ihrer eigentlichen Aufgabe, die Regierung zu kontrollieren und ihre Entscheidungen kritisch zu hinterfragen, nachzukommen.&#8220;<\/em><br \/>\nDie Rede der Bundeskanzlerin zur Generaldebatte am 9.12.2020 hier:<br \/>\n<a href=\"https:\/\/youtu.be\/-9js236oycE\">https:\/\/youtu.be\/-9js236oycE<\/a><br \/>\n<a href=\"https:\/\/youtu.be\/bRCcziEr37c\">https:\/\/youtu.be\/bRCcziEr37c<\/a><br \/>\n<a href=\"https:\/\/www.zdf.de\/nachrichten\/video\/merkel-rede-generaldebatte-video-100.html\">https:\/\/www.zdf.de\/nachrichten\/video\/merkel-rede-generaldebatte-video-100.html<\/a><br \/>\n.<br \/>\n.<br \/>\nDie Generaldebatte im Deutschen Bundestag am 9.12.2020 er\u00f6ffnete traditionsgem\u00e4\u00df die gr\u00f6\u00dfte Oppositionspartei, heute mit Alice Weidel (AfD):<br \/>\n<a href=\"https:\/\/youtu.be\/eP_gnjZUR6I\">https:\/\/youtu.be\/eP_gnjZUR6I<\/a><br \/>\n.<br \/>\nAusschnitt aus der Rede von Alice Weidel:<br \/>\n<em>\u201eEs schmerzt mich, was in diesem Land alles schiefl\u00e4uft, und wir sind angetreten, um diese Schieflage zu korrigieren. Nach 15 Merkel-Jahren ist Deutschland ein Land, das seine Grenzen nicht gegen illegale Einwanderung sch\u00fctzen kann, aber seine B\u00fcrger mit Ausgangssperren \u00fcberzieht und Heerscharen von Polizisten zur Kontrolle der Maskenpflicht im Zugverkehr abkommandiert.<\/em><br \/>\n<em>Wir wollen erreichen, \u2013 dass Recht, Gesetz und Verfassung \u00fcberall und unbedingt gelten und nicht nach Belieben zurechtgebogen oder ignoriert werden; \u2013 dass Freiheit und Eigenverantwortung der B\u00fcrger im Mittelpunkt der Politik stehen und nicht gouvernantenhafte Bevormundung in immer weiteren Lebensbereichen.<\/em><br \/>\n<em>Unser Ziel ist, dass Staat und Verwaltung sich auf ihre Kernaufgaben konzentrieren: die Gew\u00e4hrleistung des rechtlichen und ordnungspolitischen Rahmens und die Aufrechterhaltung der inneren und \u00e4u\u00dferen Sicherheit \u2013 und nicht die st\u00e4ndige und \u00fcbergriffige Einmischung in das Privatleben und die wirtschaftlichen Entscheidungen der B\u00fcrger.\u201c<\/em><br \/>\n11.12.2020<br \/>\n.<\/p>\n<p><strong>Die Stiefmutter der Nation<\/strong><br \/>\n&#8230; Inzwischen gibt es auch in den Meinungsmache-Medien Meldungen, dass die Deutschen, besonders die Jungen, Angst vor der Zukunft haben. Kein Wunder, denn diese Angst wird t\u00e4glich mit Horrormeldungen gesch\u00fcrt. Mit der ultimativen Drohung, dass man zum M\u00f6rder seiner Gro\u00dfeltern wird, wenn man der Kanzlerin nicht gehorcht, ist allerdings eine neue Qualit\u00e4t erreicht worden.<br \/>\nWas soll da noch kommen? Verweigerer in Lager einsperren. Eine Soft-Variante davon gibt es schon mit der Anordnung, \u201eQuarant\u00e4neverweigerer\u201c und dazu z\u00e4hlen alle Eltern, die sich weigern, ihr Kind, das wegen einer entdeckten \u201eNeuinfektion\u201c in ihrer Schule in der Wohnung vom Rest der Familie vollst\u00e4ndig zu isolieren. Wenn die Beh\u00f6rde dahinter kommt, oder ein aufmerksamer Nachbar der Meinung ist, dass die amtlichen Anweisungen nicht korrekt ausgef\u00fchrt werden, droht dem Kind die Zwangseinweisung ins Krankenhaus. Nicht das Virus, die Politik ist unser gr\u00f6\u00dftes Problem!<br \/>\n&#8230; Alles vom 10.12.2020 von Vera Lengsfeld bitte lesen auf<br \/>\n<a href=\"https:\/\/vera-lengsfeld.de\/2020\/12\/10\/die-stiefmutter-der-nation\/#more-5694\">https:\/\/vera-lengsfeld.de\/2020\/12\/10\/die-stiefmutter-der-nation\/#more-5694<\/a><br \/>\n.<br \/>\n<em>Vera Lengsfeld:<\/em><br \/>\n<em>B\u00fcrgerrechtlerin und Mitglied der ersten frei gew\u00e4hlten Volkskammer der DDR. Von 1990 bis 2005 war sie Mitglied des Deutschen Bundestages zun\u00e4chst bis 1996 f\u00fcr B\u00fcndnis 90\/Die Gr\u00fcnen, ab 1996 f\u00fcr die CDU. Seitdem bet\u00e4tigt sie sich als freischaffende Autorin. 2008 wurde sie mit dem Bundesverdienstkreuz am Bande geehrt.<\/em><\/p>\n","protected":false},"excerpt":{"rendered":"<p>Regierung und Opposition stehen sich Bundestag kontrovers gegen\u00fcber, das ist normal und gut so in einer Demokratie. Wie tief die Gr\u00e4ben sind, dies zeigen die unten verlinkten Bundestagsreden von Angela Merkel und Alice Weidel am 9.12.2020. Gerade deshalb ist es &hellip; <a href=\"https:\/\/www.freiburg-schwarzwald.de\/blog\/bundestag-merkel-und-weidel\/\">Weiterlesen <span class=\"meta-nav\">&rarr;<\/span><\/a><\/p>\n","protected":false},"author":2,"featured_media":0,"comment_status":"open","ping_status":"closed","sticky":false,"template":"","format":"standard","meta":{"footnotes":""},"categories":[186,139],"tags":[633,749,626,525,631],"class_list":["post-85717","post","type-post","status-publish","format-standard","hentry","category-finanzsystem","category-heimat","tag-demokratie","tag-diskussionskultur","tag-partei","tag-politik","tag-staat"],"_links":{"self":[{"href":"https:\/\/www.freiburg-schwarzwald.de\/blog\/wp-json\/wp\/v2\/posts\/85717","targetHints":{"allow":["GET"]}}],"collection":[{"href":"https:\/\/www.freiburg-schwarzwald.de\/blog\/wp-json\/wp\/v2\/posts"}],"about":[{"href":"https:\/\/www.freiburg-schwarzwald.de\/blog\/wp-json\/wp\/v2\/types\/post"}],"author":[{"embeddable":true,"href":"https:\/\/www.freiburg-schwarzwald.de\/blog\/wp-json\/wp\/v2\/users\/2"}],"replies":[{"embeddable":true,"href":"https:\/\/www.freiburg-schwarzwald.de\/blog\/wp-json\/wp\/v2\/comments?post=85717"}],"version-history":[{"count":4,"href":"https:\/\/www.freiburg-schwarzwald.de\/blog\/wp-json\/wp\/v2\/posts\/85717\/revisions"}],"predecessor-version":[{"id":85721,"href":"https:\/\/www.freiburg-schwarzwald.de\/blog\/wp-json\/wp\/v2\/posts\/85717\/revisions\/85721"}],"wp:attachment":[{"href":"https:\/\/www.freiburg-schwarzwald.de\/blog\/wp-json\/wp\/v2\/media?parent=85717"}],"wp:term":[{"taxonomy":"category","embeddable":true,"href":"https:\/\/www.freiburg-schwarzwald.de\/blog\/wp-json\/wp\/v2\/categories?post=85717"},{"taxonomy":"post_tag","embeddable":true,"href":"https:\/\/www.freiburg-schwarzwald.de\/blog\/wp-json\/wp\/v2\/tags?post=85717"}],"curies":[{"name":"wp","href":"https:\/\/api.w.org\/{rel}","templated":true}]}}