{"id":8551,"date":"2012-08-06T09:48:46","date_gmt":"2012-08-06T07:48:46","guid":{"rendered":"https:\/\/www.freiburg-schwarzwald.de\/blog\/?p=8551"},"modified":"2012-08-06T09:48:46","modified_gmt":"2012-08-06T07:48:46","slug":"elsass-verliert-zweisprachigkeit-und-dadurch-kulturelle-vielfalt","status":"publish","type":"post","link":"https:\/\/www.freiburg-schwarzwald.de\/blog\/elsass-verliert-zweisprachigkeit-und-dadurch-kulturelle-vielfalt\/","title":{"rendered":"Elsass verliert Zweisprachigkeit und dadurch kulturelle Vielfalt"},"content":{"rendered":"<p>Den R\u00fcckgang der Zweisprachigkeit im <a title=\"Elsass\" href=\"https:\/\/www.freiburg-schwarzwald.de\/blog\/regio\/elsass\/\">Elsass<\/a> habe ich in den zwanzig Jahren, seit denen ich in dem D\u00f6rfchen Geiswasser lebe, mit Unbehagen verfolgt. Die Ursachen sind vielf\u00e4ltig. Der Dialekt als Basis f\u00fcr die Beherrschung der deutschen Hochsprache wird von vornherein als minderwertig angesehen und viele Eltern haben bei ihren Kindern den Dialektgebrauch m.o.w. subtil unterbunden. Hinzu kommt im Elsass, dass die <a title=\"Trirhena\" href=\"https:\/\/www.freiburg-schwarzwald.de\/blog\/regio\/trirhena\/\">franz\u00f6sische Schulverwaltung<\/a> jahrzehntelang alles daran gesetzt hat, die Germanophonie auszumerzen. Man kann die Gr\u00fcnde f\u00fcr all das in der Geschichte suchen, aber der Schaden f\u00fcr die junge Generation und der Verlust an kulturelle Vielfaltsind ein hoher Preis, den solche Borniertheit fordert.<br \/>\nReinhard Zimmermann, 6.8.2012<\/p>\n","protected":false},"excerpt":{"rendered":"<p>Den R\u00fcckgang der Zweisprachigkeit im Elsass habe ich in den zwanzig Jahren, seit denen ich in dem D\u00f6rfchen Geiswasser lebe, mit Unbehagen verfolgt. Die Ursachen sind vielf\u00e4ltig. Der Dialekt als Basis f\u00fcr die Beherrschung der deutschen Hochsprache wird von vornherein &hellip; <a href=\"https:\/\/www.freiburg-schwarzwald.de\/blog\/elsass-verliert-zweisprachigkeit-und-dadurch-kulturelle-vielfalt\/\">Weiterlesen <span class=\"meta-nav\">&rarr;<\/span><\/a><\/p>\n","protected":false},"author":4,"featured_media":0,"comment_status":"closed","ping_status":"closed","sticky":false,"template":"","format":"standard","meta":{"footnotes":""},"categories":[79,18,191,105],"tags":[314,313],"class_list":["post-8551","post","type-post","status-publish","format-standard","hentry","category-arbeit","category-bildung","category-elsass","category-trirhena","tag-alemannisch-2","tag-mundart"],"_links":{"self":[{"href":"https:\/\/www.freiburg-schwarzwald.de\/blog\/wp-json\/wp\/v2\/posts\/8551","targetHints":{"allow":["GET"]}}],"collection":[{"href":"https:\/\/www.freiburg-schwarzwald.de\/blog\/wp-json\/wp\/v2\/posts"}],"about":[{"href":"https:\/\/www.freiburg-schwarzwald.de\/blog\/wp-json\/wp\/v2\/types\/post"}],"author":[{"embeddable":true,"href":"https:\/\/www.freiburg-schwarzwald.de\/blog\/wp-json\/wp\/v2\/users\/4"}],"replies":[{"embeddable":true,"href":"https:\/\/www.freiburg-schwarzwald.de\/blog\/wp-json\/wp\/v2\/comments?post=8551"}],"version-history":[{"count":0,"href":"https:\/\/www.freiburg-schwarzwald.de\/blog\/wp-json\/wp\/v2\/posts\/8551\/revisions"}],"wp:attachment":[{"href":"https:\/\/www.freiburg-schwarzwald.de\/blog\/wp-json\/wp\/v2\/media?parent=8551"}],"wp:term":[{"taxonomy":"category","embeddable":true,"href":"https:\/\/www.freiburg-schwarzwald.de\/blog\/wp-json\/wp\/v2\/categories?post=8551"},{"taxonomy":"post_tag","embeddable":true,"href":"https:\/\/www.freiburg-schwarzwald.de\/blog\/wp-json\/wp\/v2\/tags?post=8551"}],"curies":[{"name":"wp","href":"https:\/\/api.w.org\/{rel}","templated":true}]}}