{"id":85416,"date":"2020-12-03T16:36:14","date_gmt":"2020-12-03T15:36:14","guid":{"rendered":"https:\/\/www.freiburg-schwarzwald.de\/blog\/?p=85416"},"modified":"2020-12-04T09:47:14","modified_gmt":"2020-12-04T08:47:14","slug":"corona-ist-nicht-an-allem-schuld","status":"publish","type":"post","link":"https:\/\/www.freiburg-schwarzwald.de\/blog\/corona-ist-nicht-an-allem-schuld\/","title":{"rendered":"Corona ist nicht an allem schuld"},"content":{"rendered":"<p>Nun melden die <a href=\"https:\/\/www.freiburg-schwarzwald.de\/blog\/kultur\/medien\/mainstream\/\">Medien<\/a>, da\u00df laut Demoskopie Allensbach gerade einmal\u00a0 20% der 30-59-J\u00e4hrigen <a href=\"https:\/\/www.freiburg-schwarzwald.de\/blog\/selbsthilfe\/familie\/generationen\/\">&#8222;Generation Mitte&#8220;<\/a> die Zukunft optimistisch sehen und da\u00df <a href=\"https:\/\/www.freiburg-schwarzwald.de\/blog\/business\/gesund\/corona-virus\/\">Corona<\/a> schuld sei an all der D\u00fcsterkeit und Depression. Dieser &#8222;Corona ist an allem schuld&#8220;-S\u00fcndenbocktheorie ist zu widersprechen, aus zwei Gr\u00fcnden:<br \/>\n<!--more--><br \/>\nZum einen entspricht dieses eine Corona-Jahr weniger als 3% der Lebensdauer der 30-59-J\u00e4hrigen, d\u00fcrfte also ihr \u00fcber eine lange Lebenserfahrung hinweg gefestigtes <a href=\"https:\/\/www.freiburg-schwarzwald.de\/blog\/selbsthilfe\/psyche\/\">Gem\u00fct<\/a> nicht derart aus der Ruhe bzw. zum psychischen Absturz bringen.<br \/>\nWer ist die &#8222;Generation Mitte&#8220; der 30-59-J\u00e4hrgen? Das sind die 35 Millionen, die 70% der <a href=\"https:\/\/www.freiburg-schwarzwald.de\/blog\/business\/industrie\/mittelstand\/\">Erwerbst\u00e4tigen<\/a> stellen und \u00fcber 80% der <a href=\"https:\/\/www.freiburg-schwarzwald.de\/blog\/engagement\/verbraucher\/steuern\/\">steuerpflichtigen Eink\u00fcnfte<\/a> erwirtschaften. Als Leistungstr\u00e4ger der Gesellschaft stehen sie mitten im Berufsleben, erziehen die Kinder und bewahren die sozialen Sicherungssysteme (noch) vor dem <a href=\"https:\/\/www.freiburg-schwarzwald.de\/blog\/sozialstaat-trilemma-der-eu\/\">Kollaps<\/a>.<br \/>\n.<br \/>\nZum anderen hat sich die wirtschaftliche <a href=\"https:\/\/www.freiburg-schwarzwald.de\/blog\/business\/rezession\/\">Talfahrt<\/a> und gesellschaftliche Verunsicherung schon lange vor Corona bzw. vor dem Fr\u00fchjahr 2020 entwickelt, und zwar durch die desastr\u00f6se Politik zu Wirtschaft, EU, Migration, Energie, Staatsbudget. So wird die nun einsetzende <a href=\"https:\/\/www.freiburg-schwarzwald.de\/blog\/business\/rezession\/\">Rezession<\/a> durch Corona allenfalls beschleunigt &#8211; verursacht wurde sie durch das jahrelange Hintanstellen der <a href=\"https:\/\/www.freiburg-schwarzwald.de\/blog\/engagement\/zukunft\/investition\/\">investiven<\/a> Ausgaben f\u00fcr <a href=\"https:\/\/www.freiburg-schwarzwald.de\/blog\/bildung\/forschung\/\">Forschung<\/a>\/Entwicklung und Bildung gegen\u00fcber den <a href=\"https:\/\/www.freiburg-schwarzwald.de\/blog\/engagement\/verbraucher\/konsum\/\">konsumptiven<\/a> Sozialausgaben.<br \/>\n.<br \/>\nMit dieser ersten gro\u00dfen Umfrage k\u00fcndigt sich an, was viele Fachleute (z.B. <a href=\"https:\/\/www.freiburg-schwarzwald.de\/blog\/global\/deutschland\/sinn\/\">Prof Hans-Werner Sinn<\/a> in seinem Buch &#8222;Der Corona-Schock&#8220;) bef\u00fcrchtet haben: Um von den eigenen Fehlern der Politik abzulenken, wird alles Corona angelastet: \u00dcberschuldung, <a href=\"https:\/\/www.freiburg-schwarzwald.de\/blog\/global\/eu\/target\/\">Target<\/a>, Haftung, Bankenrettung, <a href=\"https:\/\/www.freiburg-schwarzwald.de\/blog\/energie\/strom\/blackout\/\">Blackout<\/a>, Mittelstands-Insolvenzen, &#8230;<br \/>\nDoch nicht das Covid19-Virus selbst, sondern die durch eine verfehlte Coronapolitik herbeigef\u00fchrten <a href=\"https:\/\/www.freiburg-schwarzwald.de\/blog\/business\/gesund\/corona-virus\/lockdown\/\">Kollateralsch\u00e4den<\/a> verunsichern die B\u00fcrger in Richtung <a href=\"https:\/\/www.freiburg-schwarzwald.de\/blog\/business\/gesund\/corona-virus\/corona-angst\/\">Zukunftsangst<\/a> und <a href=\"https:\/\/www.freiburg-schwarzwald.de\/blog\/selbsthilfe\/chronisch\/depression\/\">Depression<\/a>.<br \/>\nDie Medienberichte dar\u00fcber, an was Corona nun alles schuld und urs\u00e4chlich sein soll, werden sich in Zukunft h\u00e4ufen.<br \/>\n3.12.2020<br \/>\n.<br \/>\n<a href=\"https:\/\/www.ifd-allensbach.de\">https:\/\/www.ifd-allensbach.de<\/a><br \/>\n.<br \/>\n.<br \/>\n<strong>Jetzt erlebt Deutschlands Zuversicht einen historischen Absturz<\/strong><br \/>\nDie Corona-Krise versetzt die Generation Mitte in gro\u00dfe Angst. Nur noch ein F\u00fcnftel der 30-bis 59-J\u00e4hrigen blickt hoffnungsvoll in die Zukunft. Fast jeder Vierte bangt um seinen Arbeitsplatz, mehr als 40 Prozent haben Einkommenseinbu\u00dfen oder erwartet sie, und jeder Zweite f\u00fchlt sich schlechter als vor der Krise. &#8230;<br \/>\n&#8222;Insgesamt zeigt das Bild einen Stimmungsabsturz, wie ihn diese Generation noch nie erlebt hat. Erdrutschartig sei der Zukunftsoptimismus verschwunden&#8220;, konstatiert denn auch die Gesch\u00e4ftsf\u00fchrerin des Allensbacher Instituts, Renate K\u00f6cher.<br \/>\n&#8230; Alles vom 2.12.2020 von Dorothea Siems bitte lesen auf<br \/>\n<a href=\"https:\/\/www.welt.de\/wirtschaft\/plus221566080\/Generation-Mitte-in-Angst-Deutschlands-Zuversicht-erlebt-einen-historischen-Absturz.html\">https:\/\/www.welt.de\/wirtschaft\/plus221566080\/Generation-Mitte-in-Angst-Deutschlands-Zuversicht-erlebt-einen-historischen-Absturz.html<\/a><br \/>\n.<\/p>\n<p>Kommentar:<br \/>\n<strong>Corona als Ausrede f\u00fcr eigene Unzul\u00e4nglichkeiten verkauft<\/strong><br \/>\nAlle politischen Fehlentscheidungen wie panikartige Energiewende, Euro- und EU-Rettung, Migrationspolitik, Klimawandelpolitik und was sonst noch alles auf der Agenda steht, werden mit sozialistisch-kommunistisch basierter Dialektik der Coronakrise unters Hemd gejubelt und dem staunenden Volk als Ausrede f\u00fcr eigene Unzul\u00e4nglichkeiten verkauft.<br \/>\nNein danke, Frau Bundeskanzlerin, es ist nicht Schuld der Pandemie, da\u00df China und S\u00fcdkorea so gut da stehen. Der Staat hat schon l\u00e4nger geschw\u00e4chelt, auch wenn die Auswirkungen bisher wenig bemerkt, weil immer mit viel Geld (letztendlich aus den Taschen seiner Steuerzahler) zugekleistert wurden.<br \/>\n2.12.2020, H.R.<\/p>\n<p>.<br \/>\n<strong>Corona belastet die \u201eGeneration Mitte\u201c in Deutschland \u2013 wirtschaftlich und psychisch<\/strong><br \/>\nDie sozialen Folgen der Coronakrise empfinden viele 30- bis 59-J\u00e4hrige als besonders schlimm. Optimismus bei diesen Leistungstr\u00e4gern f\u00fcr 2021 ist \u201eerdrutschartig verschwunden\u201c.<br \/>\nDer seit Monaten anhaltende Ausnahmezustand durch die Corona-Pandemie belastet die \u201eGeneration Mitte\u201c in Deutschland stark \u2013 wirtschaftlich, vor allem aber auch psychisch. Das ist das Ergebnis einer Umfrage des Instituts f\u00fcr Demoskopie Allensbach unter 30- bis 59-J\u00e4hrigen in Deutschland f\u00fcr den Gesamtverband der Deutschen Versicherungswirtschaft (GDV), die an diesem Mittwoch ver\u00f6ffentlicht wurde.<br \/>\n\u201eDie Generation Mitte befindet sich in einem Stimmungstief. Jeder Zweite f\u00fchlt sich heute schlechter als vor der Krise\u201c, sagte Allensbach-Gesch\u00e4ftsf\u00fchrerin Renate K\u00f6cher. \u201eCorona wirkt zudem wie ein Spaltpilz: Die gro\u00dfe Mehrheit sieht mehr Aggressionen und Egoismus als wachsende Solidarit\u00e4t.\u201c<br \/>\n&#8230; Alles vom 2.12.2020 bitte lesen auf<br \/>\n<a href=\"https:\/\/www.handelsblatt.com\/politik\/deutschland\/allensbach-umfrage-corona-belastet-die-generation-mitte-in-deutschland-wirtschaftlich-und-psychisch\/26678486.html\">https:\/\/www.handelsblatt.com\/politik\/deutschland\/allensbach-umfrage-corona-belastet-die-generation-mitte-in-deutschland-wirtschaftlich-und-psychisch\/26678486.html<\/a><br \/>\n.<\/p>\n<p><strong>In der Bev\u00f6lkerung grassiert der Pessimismus<\/strong><br \/>\n\u00d6konomisch ist das Stimmungsbild \u00e4hnlich betr\u00fcblich. 49 Prozent machen sich laut der Umfrage gro\u00dfe, weitere 26 Prozent sogar sehr gro\u00dfe Sorgen, dass die Corona-Pandemie sp\u00fcrbare Sch\u00e4den in der deutschen Wirtschaft hinterl\u00e4sst; nur 18 Prozent berichten von weniger gro\u00dfen Sorgen. Zugenommen hat auch die Furcht vor einem R\u00fcckfall der Bundesrepublik im globalen Wettbewerb. Daran glauben 38 Prozent der Befragten. Je 31 Prozent zeigen sich indes unentschieden und zuversichtlich, dass die deutsche Wirtschaft ihr starke Position verteidigen kann. &#8230;.<br \/>\n46 Prozent der 30- bis 59-J\u00e4hrigen geben an, dass die Globalisierung die Schuld an der Ausbreitung des Coronavirus tr\u00e4gt. Auch glauben nur noch 48 Prozent, dass die deutsche Wirtschaft von der Globalisierung profitiert \u2013 vor drei Jahren waren es noch 64 Prozent.<br \/>\n&#8230; Alles vom 2.12.2020 bitte lesen auf<br \/>\n<a href=\"https:\/\/www.faz.net\/aktuell\/wirtschaft\/corona-impfstoff-deutschland-sieht-kein-ende-fuer-die-krise-17081195.html\">https:\/\/www.faz.net\/aktuell\/wirtschaft\/corona-impfstoff-deutschland-sieht-kein-ende-fuer-die-krise-17081195.html<\/a><\/p>\n","protected":false},"excerpt":{"rendered":"<p>Nun melden die Medien, da\u00df laut Demoskopie Allensbach gerade einmal\u00a0 20% der 30-59-J\u00e4hrigen &#8222;Generation Mitte&#8220; die Zukunft optimistisch sehen und da\u00df Corona schuld sei an all der D\u00fcsterkeit und Depression. Dieser &#8222;Corona ist an allem schuld&#8220;-S\u00fcndenbocktheorie ist zu widersprechen, aus &hellip; <a href=\"https:\/\/www.freiburg-schwarzwald.de\/blog\/corona-ist-nicht-an-allem-schuld\/\">Weiterlesen <span class=\"meta-nav\">&rarr;<\/span><\/a><\/p>\n","protected":false},"author":2,"featured_media":0,"comment_status":"open","ping_status":"closed","sticky":false,"template":"","format":"standard","meta":{"footnotes":""},"categories":[18,4,158,172],"tags":[709,700,748,525,745],"class_list":["post-85416","post","type-post","status-publish","format-standard","hentry","category-bildung","category-branchen","category-gesund","category-zukunft","tag-angst","tag-corona","tag-opt","tag-politik","tag-wirtschaft"],"_links":{"self":[{"href":"https:\/\/www.freiburg-schwarzwald.de\/blog\/wp-json\/wp\/v2\/posts\/85416","targetHints":{"allow":["GET"]}}],"collection":[{"href":"https:\/\/www.freiburg-schwarzwald.de\/blog\/wp-json\/wp\/v2\/posts"}],"about":[{"href":"https:\/\/www.freiburg-schwarzwald.de\/blog\/wp-json\/wp\/v2\/types\/post"}],"author":[{"embeddable":true,"href":"https:\/\/www.freiburg-schwarzwald.de\/blog\/wp-json\/wp\/v2\/users\/2"}],"replies":[{"embeddable":true,"href":"https:\/\/www.freiburg-schwarzwald.de\/blog\/wp-json\/wp\/v2\/comments?post=85416"}],"version-history":[{"count":5,"href":"https:\/\/www.freiburg-schwarzwald.de\/blog\/wp-json\/wp\/v2\/posts\/85416\/revisions"}],"predecessor-version":[{"id":85427,"href":"https:\/\/www.freiburg-schwarzwald.de\/blog\/wp-json\/wp\/v2\/posts\/85416\/revisions\/85427"}],"wp:attachment":[{"href":"https:\/\/www.freiburg-schwarzwald.de\/blog\/wp-json\/wp\/v2\/media?parent=85416"}],"wp:term":[{"taxonomy":"category","embeddable":true,"href":"https:\/\/www.freiburg-schwarzwald.de\/blog\/wp-json\/wp\/v2\/categories?post=85416"},{"taxonomy":"post_tag","embeddable":true,"href":"https:\/\/www.freiburg-schwarzwald.de\/blog\/wp-json\/wp\/v2\/tags?post=85416"}],"curies":[{"name":"wp","href":"https:\/\/api.w.org\/{rel}","templated":true}]}}