{"id":85298,"date":"2020-11-30T21:34:09","date_gmt":"2020-11-30T20:34:09","guid":{"rendered":"https:\/\/www.freiburg-schwarzwald.de\/blog\/?p=85298"},"modified":"2020-12-01T21:53:43","modified_gmt":"2020-12-01T20:53:43","slug":"brennpunktschule-und-bildung","status":"publish","type":"post","link":"https:\/\/www.freiburg-schwarzwald.de\/blog\/brennpunktschule-und-bildung\/","title":{"rendered":"Brennpunktschule und Bildung"},"content":{"rendered":"<p><a href=\"https:\/\/www.freiburg-schwarzwald.de\/blog\/global\/deutschland\/deutschland-hoffnung\/\">Deutschland<\/a> ist ein rohstoffarmes Land. <a href=\"https:\/\/www.freiburg-schwarzwald.de\/blog\/inkompetenz-statt-bildung\/\">Bildung<\/a> ist unser einziger &#8222;Produktionsfaktor&#8220;, aber unser Bildungssystem ist <a href=\"https:\/\/www.freiburg-schwarzwald.de\/blog\/bildung\/bildungsmisere\/\">marode<\/a>. Ich konnte leider noch in keiner Zeitung lesen, da\u00df sich in den <a href=\"https:\/\/www.freiburg-schwarzwald.de\/blog\/bildung\/schulen\/schulen-digital\/\">Schulen<\/a> seit <a href=\"https:\/\/www.freiburg-schwarzwald.de\/blog\/global\/eu\/budapest-dublin2015\/\">Budapest 9\/2015<\/a> irgend etwas grundlegend gebessert habe. Im Gegenteil: Die Anzahl der sog. <a href=\"https:\/\/www.freiburg-schwarzwald.de\/blog\/bildung\/schulen\/brennpunktschulen\/\">Brennpunktschulen<\/a> nimmt zu. <!--more-->Wie gro\u00df das Schulproblem ist, zeigt sich im rasanten Zuwachs der <a href=\"https:\/\/www.freiburg-schwarzwald.de\/blog\/bildung\/schulen\/privatschulen\/\">Privatschulen<\/a>. Auch Robert Habeck (Gr\u00fcne) l\u00e4\u00dft nicht zu, da\u00df seine vier S\u00f6hne &#8217;normale&#8216; Schulen besuchen.<br \/>\n.<br \/>\nNun ist mit<em> \u201eLeaks aus dem Lehrerzimmer. Mein Jahr als Lehrerin an der Grundschule des Grauens\u201c<\/em> wieder ein Buch erschienen (mehr dazu <a href=\"https:\/\/www.freiburg-schwarzwald.de\/blog\/bildung\/schulen\/brennpunktschulen\/\">hier<\/a>), das aufr\u00fcttelt. Die darin geschilderten Zust\u00e4nde sind unvereinbar mit einem hochtechnisierten <a href=\"https:\/\/www.freiburg-schwarzwald.de\/blog\/business\/export\/\">Industriestandort<\/a> namens Deutschland.<br \/>\nAber warum publiziert die <a href=\"https:\/\/www.freiburg-schwarzwald.de\/blog\/bildung\/lehrer\/\">Lehrerin<\/a> nicht unter ihrem Namen, sondern unter dem Pseudonym &#8222;Katha Strofe&#8220;? Etwa aus Furcht vor disziplinarischen Ma\u00dfnahmen?<br \/>\nUnd warum beschreibt die Lehrerin die Auswirkungen der Schulmisere (wie <em>\u201e\u00dcberall diese Judensterne! Was soll denn das?\u201c<\/em> fragt ein arabischer Sch\u00fcler zu den vielen <a href=\"https:\/\/www.freiburg-schwarzwald.de\/blog\/religion\/kirchen\/weihnachten\/\">Weihnachtssternen<\/a> im Schulgeb\u00e4ude), w\u00e4hrend sie Fragen nach den Ursachen der Schulmisere peinlichst meidet? Etwa aus Furcht, mit Fragen und Kritik zur <a href=\"https:\/\/www.freiburg-schwarzwald.de\/blog\/global\/integration\/integration-gescheitert\/\">gescheiterten Integration<\/a> von Migranten aus islamisch gepr\u00e4gten Kulturr\u00e4umen als Rechts\u00a0 bis hin zu <a href=\"https:\/\/www.freiburg-schwarzwald.de\/blog\/religion\/juden\/nazi\/nazi-hass\/\">Nazi<\/a> abgetan zu werden?<br \/>\nNach dem Erscheinen ihres Buchs hat sich die Lehrerin an eine &#8217;normale&#8216; Schule versetzen lassen. Gut so. Was aber, wenn es &#8211; wie bereits heute schon in Frankfurt (siehe <a href=\"https:\/\/www.freiburg-schwarzwald.de\/blog\/bildung\/schulen\/brennpunktschulen\/\">hier<\/a>) &#8211; keine solchen &#8217;normalen&#8216; \u00f6ffentlichen Schulen mehr geben wird, sondern nur noch Brennpunktschulen und <a href=\"https:\/\/www.freiburg-schwarzwald.de\/blog\/bildung\/schulen\/privatschulen\/\">Privatschulen<\/a>?<br \/>\n.<br \/>\nDer Elefant im Raum:<br \/>\nDie Metapher &#8222;Elephant in the room&#8220; bezeichnet ein Problem, das zwar un\u00fcbersehbar ist, aber z.B. aus Gr\u00fcnden der <a href=\"https:\/\/www.freiburg-schwarzwald.de\/blog\/kultur\/medien\/political-correctness\/\">Political Correctness<\/a> nicht angesprochen werden darf. Lehrer sind auf die Mitarbeit der Eltern ihrer Sch\u00fcler angewiesen, wobei zwei Elefanten allzu oft die Mitarbeit verweigern: Eltern aus dem Prekariat und Eltern aus islam-gepr\u00e4gten Kulturen.<br \/>\nMacht man um diese Elefanten wie bislang einen Bogen, dann wird das staatliche Schulsystem kollabieren d.h. alle \u00f6ffentlichen Schulen werden zu Brennpunktschulen und der Privatschulbereich wird weiter anwachsen.<br \/>\nEin zus\u00e4tzliches Problem besteht darin, da\u00df die Migrationspolitik seit sp\u00e4testens 2015 daf\u00fcr sorgt, da\u00df der gr\u00f6\u00dfere Elefant immer gr\u00f6\u00dfer wird &#8211; sowohl absolut als auch relativ zum kleineren Elefanten. Es gibt heute schon Schulklassen, in denen ausschlie\u00dflich <a href=\"https:\/\/www.freiburg-schwarzwald.de\/blog\/global\/migration\/migrantenkinder\/\">Migrantenkinder<\/a> sitzen.<br \/>\nIn dem Buch &#8222;Leaks aus dem Klassenzimmer&#8220; werden beide Elefanten geradezu sorgsam <a href=\"https:\/\/www.freiburg-schwarzwald.de\/blog\/tabu-kultur-selbstverleugnung\/\">tabuisiert<\/a>: Nur deren Auswirkungen (z.B. &#8222;Weihnachtssterne als Judensterne&#8220;), nicht aber deren Ursachen werden thematisiert. Leider.<br \/>\n30.12.2020<br \/>\n.<br \/>\n<em>Katha Strofe: \u201eLeaks aus dem Lehrerzimmer. <\/em><br \/>\n<em>Mein Jahr als Lehrerin an der Grundschule des Grauens\u201c, <\/em><br \/>\n<em>2020, Schwarzkopf &amp; Schwarzkopf: Berlin, 12,99 Euro<\/em><\/p>\n<p>&nbsp;<\/p>\n","protected":false},"excerpt":{"rendered":"<p>Deutschland ist ein rohstoffarmes Land. Bildung ist unser einziger &#8222;Produktionsfaktor&#8220;, aber unser Bildungssystem ist marode. Ich konnte leider noch in keiner Zeitung lesen, da\u00df sich in den Schulen seit Budapest 9\/2015 irgend etwas grundlegend gebessert habe. Im Gegenteil: Die Anzahl &hellip; <a href=\"https:\/\/www.freiburg-schwarzwald.de\/blog\/brennpunktschule-und-bildung\/\">Weiterlesen <span class=\"meta-nav\">&rarr;<\/span><\/a><\/p>\n","protected":false},"author":2,"featured_media":0,"comment_status":"open","ping_status":"closed","sticky":false,"template":"","format":"standard","meta":{"footnotes":""},"categories":[18,4,155,60,61,19,95,172],"tags":[725,421,622,585,504],"class_list":["post-85298","post","type-post","status-publish","format-standard","hentry","category-bildung","category-branchen","category-integration","category-jugend","category-kinder","category-religion","category-schulen","category-zukunft","tag-integration","tag-islam","tag-migration","tag-schule","tag-weiterbildung"],"_links":{"self":[{"href":"https:\/\/www.freiburg-schwarzwald.de\/blog\/wp-json\/wp\/v2\/posts\/85298","targetHints":{"allow":["GET"]}}],"collection":[{"href":"https:\/\/www.freiburg-schwarzwald.de\/blog\/wp-json\/wp\/v2\/posts"}],"about":[{"href":"https:\/\/www.freiburg-schwarzwald.de\/blog\/wp-json\/wp\/v2\/types\/post"}],"author":[{"embeddable":true,"href":"https:\/\/www.freiburg-schwarzwald.de\/blog\/wp-json\/wp\/v2\/users\/2"}],"replies":[{"embeddable":true,"href":"https:\/\/www.freiburg-schwarzwald.de\/blog\/wp-json\/wp\/v2\/comments?post=85298"}],"version-history":[{"count":4,"href":"https:\/\/www.freiburg-schwarzwald.de\/blog\/wp-json\/wp\/v2\/posts\/85298\/revisions"}],"predecessor-version":[{"id":85342,"href":"https:\/\/www.freiburg-schwarzwald.de\/blog\/wp-json\/wp\/v2\/posts\/85298\/revisions\/85342"}],"wp:attachment":[{"href":"https:\/\/www.freiburg-schwarzwald.de\/blog\/wp-json\/wp\/v2\/media?parent=85298"}],"wp:term":[{"taxonomy":"category","embeddable":true,"href":"https:\/\/www.freiburg-schwarzwald.de\/blog\/wp-json\/wp\/v2\/categories?post=85298"},{"taxonomy":"post_tag","embeddable":true,"href":"https:\/\/www.freiburg-schwarzwald.de\/blog\/wp-json\/wp\/v2\/tags?post=85298"}],"curies":[{"name":"wp","href":"https:\/\/api.w.org\/{rel}","templated":true}]}}