{"id":85246,"date":"2020-11-28T10:39:57","date_gmt":"2020-11-28T09:39:57","guid":{"rendered":"https:\/\/www.freiburg-schwarzwald.de\/blog\/?p=85246"},"modified":"2020-11-28T11:30:14","modified_gmt":"2020-11-28T10:30:14","slug":"kabarettist-rebers-bequeme","status":"publish","type":"post","link":"https:\/\/www.freiburg-schwarzwald.de\/blog\/kabarettist-rebers-bequeme\/","title":{"rendered":"Kabarettist Rebers: Bequeme"},"content":{"rendered":"<p>&#8222;Liebe <a href=\"https:\/\/www.freiburg-schwarzwald.de\/blog\/selbsthilfe\/frauen\/gender\/\">Menschinnen<\/a> und <a href=\"https:\/\/www.freiburg-schwarzwald.de\/blog\/engagement\/gutmenschen\/\">Menschen<\/a>! K\u00f6nnte es sein, da\u00df in diesem Land eine gar nicht so kleine Szene von Leuten einfach nur zu <a href=\"https:\/\/www.freiburg-schwarzwald.de\/blog\/rechte-bequem-linke-aktiv\/\">bequem<\/a> ist, ihren Kopf aus der eigenen Echokammer nach drau\u00dfen zu bewegen, weil sie <a href=\"https:\/\/www.freiburg-schwarzwald.de\/blog\/engagement\/zukunft\/angst\/\">Angst<\/a> davor haben, da\u00df ihre Lebensentw\u00fcrfe und <a href=\"https:\/\/www.freiburg-schwarzwald.de\/blog\/global\/deutschland\/deutschland-hoffnung\/\">Utopien<\/a> <!--more-->mit den <a href=\"https:\/\/www.freiburg-schwarzwald.de\/blog\/business\/gesund\/corona-virus\/corona-angst\/\">Albtr\u00e4umen<\/a> der Wirklichkeit nicht nur kompatibel sind? <a href=\"https:\/\/www.freiburg-schwarzwald.de\/blog\/kultur\/medien\/journalismus\/haltungsjournalismus\/\">Haltung<\/a> ist etwas anderes.&#8220; So <a href=\"https:\/\/www.freiburg-schwarzwald.de\/blog\/kultur\/kunst\/kabarett\/\">Andreas Rebers<\/a> am 5.11.2020 in &#8222;Nuhr im Ersten&#8220; <a href=\"https:\/\/youtu.be\/Gty8KQtrQJM\">https:\/\/youtu.be\/Gty8KQtrQJM<\/a><br \/>\n&#8222;Alles wird desinfiziert. Nun geht es darum, da\u00df auch die geistigen R\u00e4ume desinfiziert werden.&#8220;<br \/>\n&#8222;Besser gehts erst, wenn der Kampfstoff &#8211; \u00e4h Impfstoff da ist.&#8220;<br \/>\n.<br \/>\nAndreas Rebers am 1.10.2020 in &#8222;Nuhr im Ersten&#8220;<br \/>\n<a href=\"https:\/\/youtu.be\/34qHjlfzRco\">https:\/\/youtu.be\/34qHjlfzRco<\/a><br \/>\n&#8222;Es konnte sich niemand vorstellen, wie ein erfolgreiches Gesch\u00e4ftsmodell die Spaltung der Gesellschaft ist.&#8220;<br \/>\n.<br \/>\nAm 24.1.2020 Andreas Rebers predigt f\u00fcr die Umwelt &#8211; oder? | SWR Sp\u00e4tschicht<br \/>\n<a href=\"https:\/\/www.youtube.com\/watch?v=2WdEFBi5WLI\">https:\/\/www.youtube.com\/watch?v=2WdEFBi5WLI<\/a><br \/>\n&#8222;Das Sch\u00f6ne ist, da\u00df wir wissen, wer schuld ist: Ich bin ein alter wei\u00dfer Mann. Ich habe eine alte wei\u00dfe Frau. Das ist die <a href=\"https:\/\/www.freiburg-schwarzwald.de\/blog\/selbsthilfe\/senioren\/oma-umweltsau\/\">Umweltsau<\/a>&#8220;<br \/>\n.<br \/>\nAndreas Rebers gilt als einer der pointiertesten <a href=\"https:\/\/www.freiburg-schwarzwald.de\/blog\/kultur\/kunst\/kabarett\/\">Kabarettisten<\/a> hierzulande. Keine billigen <a href=\"https:\/\/www.freiburg-schwarzwald.de\/blog\/kultur\/kunst\/satire\/\">Pointen<\/a>, sondern anspruchsvolles Kabarett. Rebers spricht deutlich aber schnell, er stellt hohe Anforderungen an sein Publikum. Dies bemerkt man zuweilen, wenn der Applaus erst mit ein paar Sekunden Zeitverz\u00f6gerung kommt &#8211; aber dann kommt er umso mehr. So funktioniert der Witz eines <a href=\"https:\/\/www.freiburg-schwarzwald.de\/blog\/global\/deutschland\/gesellschaft\/intellektuelle\/\">Intellektuellen<\/a>.<br \/>\nRebers liebt das Staccato der klaren Worte. Man kann nur hoffen, da\u00df er nicht &#8211; wie vor ihm <a href=\"https:\/\/www.freiburg-schwarzwald.de\/blog\/aufschrei-volk-mdbs-medien\/\">Uwe Steimle<\/a>, <a href=\"https:\/\/www.freiburg-schwarzwald.de\/blog\/kultur\/kunst\/kabarett\/\">Lisa Eckhart<\/a> oder <a href=\"https:\/\/www.freiburg-schwarzwald.de\/blog\/dfg-loescht-dieter-nuhr\/\">Dieter Nuhr<\/a> &#8211; <a href=\"https:\/\/www.freiburg-schwarzwald.de\/blog\/kultur\/medien\/meinungsfreiheit\/\">Schwierigkeiten<\/a> mit <a href=\"https:\/\/www.freiburg-schwarzwald.de\/blog\/kultur\/medien\/wdr\/\">ARD<\/a> und ZdF erf\u00e4hrt. M\u00f6gen die Verlockungen der <a href=\"https:\/\/www.freiburg-schwarzwald.de\/blog\/kultur\/kulturverlust\/cancelculture\/\">Cancel Culture<\/a> in den <a href=\"https:\/\/www.freiburg-schwarzwald.de\/blog\/kultur\/medien\/gez-medien\/\">GEZ-Medien<\/a> doch den Andreas Rebers verschonen. Der Georg Kreisler wurde schlie\u00dflich auch nicht verboten, nur weil er &#8222;Geh&#8217;n mer Tauben vergiften im Park&#8220; gesungen hat. In einer Zeit, in der in zehn aufeinanderfolgenden TV-Nachrichtensendungen des \u00d6R acht mal Archivbilder von Intensivstationen gezeigt werden, braucht man Kabarettisten wie Andreas Rebers mehr denn je. Die Kultur geh\u00f6rt nicht dem Staat, sondern den B\u00fcrgern.<br \/>\n28.11.2020<\/p>\n","protected":false},"excerpt":{"rendered":"<p>&#8222;Liebe Menschinnen und Menschen! K\u00f6nnte es sein, da\u00df in diesem Land eine gar nicht so kleine Szene von Leuten einfach nur zu bequem ist, ihren Kopf aus der eigenen Echokammer nach drau\u00dfen zu bewegen, weil sie Angst davor haben, da\u00df &hellip; <a href=\"https:\/\/www.freiburg-schwarzwald.de\/blog\/kabarettist-rebers-bequeme\/\">Weiterlesen <span class=\"meta-nav\">&rarr;<\/span><\/a><\/p>\n","protected":false},"author":2,"featured_media":0,"comment_status":"open","ping_status":"closed","sticky":false,"template":"","format":"standard","meta":{"footnotes":""},"categories":[13,119,97,98,80,64],"tags":[682,392,301,720,733],"class_list":["post-85246","post","type-post","status-publish","format-standard","hentry","category-kultur","category-kunst","category-liedermacher","category-literatur","category-medien","category-psyche","tag-freiheit","tag-kleinkunst","tag-culture","tag-medien","tag-theater"],"_links":{"self":[{"href":"https:\/\/www.freiburg-schwarzwald.de\/blog\/wp-json\/wp\/v2\/posts\/85246","targetHints":{"allow":["GET"]}}],"collection":[{"href":"https:\/\/www.freiburg-schwarzwald.de\/blog\/wp-json\/wp\/v2\/posts"}],"about":[{"href":"https:\/\/www.freiburg-schwarzwald.de\/blog\/wp-json\/wp\/v2\/types\/post"}],"author":[{"embeddable":true,"href":"https:\/\/www.freiburg-schwarzwald.de\/blog\/wp-json\/wp\/v2\/users\/2"}],"replies":[{"embeddable":true,"href":"https:\/\/www.freiburg-schwarzwald.de\/blog\/wp-json\/wp\/v2\/comments?post=85246"}],"version-history":[{"count":2,"href":"https:\/\/www.freiburg-schwarzwald.de\/blog\/wp-json\/wp\/v2\/posts\/85246\/revisions"}],"predecessor-version":[{"id":85253,"href":"https:\/\/www.freiburg-schwarzwald.de\/blog\/wp-json\/wp\/v2\/posts\/85246\/revisions\/85253"}],"wp:attachment":[{"href":"https:\/\/www.freiburg-schwarzwald.de\/blog\/wp-json\/wp\/v2\/media?parent=85246"}],"wp:term":[{"taxonomy":"category","embeddable":true,"href":"https:\/\/www.freiburg-schwarzwald.de\/blog\/wp-json\/wp\/v2\/categories?post=85246"},{"taxonomy":"post_tag","embeddable":true,"href":"https:\/\/www.freiburg-schwarzwald.de\/blog\/wp-json\/wp\/v2\/tags?post=85246"}],"curies":[{"name":"wp","href":"https:\/\/api.w.org\/{rel}","templated":true}]}}