{"id":8482,"date":"2012-08-04T18:40:18","date_gmt":"2012-08-04T16:40:18","guid":{"rendered":"https:\/\/www.freiburg-schwarzwald.de\/blog\/?p=8482"},"modified":"2012-08-04T18:40:18","modified_gmt":"2012-08-04T16:40:18","slug":"unsere-sorglose-haltung-gegenueber-facebook-google-und-co","status":"publish","type":"post","link":"https:\/\/www.freiburg-schwarzwald.de\/blog\/unsere-sorglose-haltung-gegenueber-facebook-google-und-co\/","title":{"rendered":"Unsere sorglose Haltung gegenueber Facebook, Google und Co"},"content":{"rendered":"<p>Wir wollen gl\u00fccklich sein, wir wollen uns geborgen f\u00fchlen. Wir wollen gesehen und geliebt werden. All das k\u00f6nnen wir bei <a title=\"Social-Networking\" href=\"https:\/\/www.freiburg-schwarzwald.de\/blog\/kultur\/internet\/social-networking\/\">Facebook<\/a> ganz leicht bekommen. Oder jedenfalls die Illusion. Wir pflegen dann eine Liste mit 1000 &#8222;Freunden&#8220; und und k\u00f6nnen uns einbilden, dass die st\u00e4ndig verfolgen, wie es uns geht. Wir haben das Gef\u00fchl, dass wir ein ganz reiches soziales Leben f\u00fchren, ohne auch nur einmal unser Bett zu verlassen.<br \/>\n4.8.2012, Benjamin Stein, in &#8222;Warum protestiert ihr nicht&#8220;, DIE ZEIT, Nr. 32, S. 20, <a href=\"https:\/\/www.zeit.de\/\">www.zeit.de<\/a><\/p>\n","protected":false},"excerpt":{"rendered":"<p>Wir wollen gl\u00fccklich sein, wir wollen uns geborgen f\u00fchlen. Wir wollen gesehen und geliebt werden. All das k\u00f6nnen wir bei Facebook ganz leicht bekommen. Oder jedenfalls die Illusion. Wir pflegen dann eine Liste mit 1000 &#8222;Freunden&#8220; und und k\u00f6nnen uns &hellip; <a href=\"https:\/\/www.freiburg-schwarzwald.de\/blog\/unsere-sorglose-haltung-gegenueber-facebook-google-und-co\/\">Weiterlesen <span class=\"meta-nav\">&rarr;<\/span><\/a><\/p>\n","protected":false},"author":4,"featured_media":0,"comment_status":"closed","ping_status":"closed","sticky":false,"template":"","format":"standard","meta":{"footnotes":""},"categories":[162,9,172],"tags":[82],"class_list":["post-8482","post","type-post","status-publish","format-standard","hentry","category-internet","category-soziales","category-zukunft","tag-facebook"],"_links":{"self":[{"href":"https:\/\/www.freiburg-schwarzwald.de\/blog\/wp-json\/wp\/v2\/posts\/8482","targetHints":{"allow":["GET"]}}],"collection":[{"href":"https:\/\/www.freiburg-schwarzwald.de\/blog\/wp-json\/wp\/v2\/posts"}],"about":[{"href":"https:\/\/www.freiburg-schwarzwald.de\/blog\/wp-json\/wp\/v2\/types\/post"}],"author":[{"embeddable":true,"href":"https:\/\/www.freiburg-schwarzwald.de\/blog\/wp-json\/wp\/v2\/users\/4"}],"replies":[{"embeddable":true,"href":"https:\/\/www.freiburg-schwarzwald.de\/blog\/wp-json\/wp\/v2\/comments?post=8482"}],"version-history":[{"count":0,"href":"https:\/\/www.freiburg-schwarzwald.de\/blog\/wp-json\/wp\/v2\/posts\/8482\/revisions"}],"wp:attachment":[{"href":"https:\/\/www.freiburg-schwarzwald.de\/blog\/wp-json\/wp\/v2\/media?parent=8482"}],"wp:term":[{"taxonomy":"category","embeddable":true,"href":"https:\/\/www.freiburg-schwarzwald.de\/blog\/wp-json\/wp\/v2\/categories?post=8482"},{"taxonomy":"post_tag","embeddable":true,"href":"https:\/\/www.freiburg-schwarzwald.de\/blog\/wp-json\/wp\/v2\/tags?post=8482"}],"curies":[{"name":"wp","href":"https:\/\/api.w.org\/{rel}","templated":true}]}}