{"id":8443,"date":"2012-07-27T11:43:57","date_gmt":"2012-07-27T09:43:57","guid":{"rendered":"https:\/\/www.freiburg-schwarzwald.de\/blog\/?p=8443"},"modified":"2012-08-04T12:13:08","modified_gmt":"2012-08-04T10:13:08","slug":"eudec-european-democratic-education-community-bei-kapriole-schule","status":"publish","type":"post","link":"https:\/\/www.freiburg-schwarzwald.de\/blog\/eudec-european-democratic-education-community-bei-kapriole-schule\/","title":{"rendered":"Eudec &#8211; European Democratic Education Community bei Kapriole-Schule"},"content":{"rendered":"<p>Seit 28.7.2012 findet in der Freien Demokratischen Schule Kapriole in der Oberrieder Stra\u00dfe (FR-Waldsee) die europ\u00e4ische Bildungs-Konferenz Eudec (<a title=\"EU\" href=\"https:\/\/www.freiburg-schwarzwald.de\/blog\/global\/eu\/\">European<\/a> Democratic Education Community) statt. Am Freitag\/Samstag, 3.\/4. August, sind die Vortr\u00e4ge internationaler P\u00e4dagogik-Gr\u00f6\u00dfen \u00f6ffentlich. Spannende Beitr\u00e4ge aus der weltweiten Praxis zeigen: &#8222;Anders lernen ist m\u00f6glich.&#8220; Es gibt Vortr\u00e4ge \u00fcber demokratische Bildung in Israel und Gro\u00dfbritannien und \u00fcber informelles Lernen ohne <a title=\"Schulen\" href=\"https:\/\/www.freiburg-schwarzwald.de\/blog\/bildung\/schulen\/\">Schule<\/a>. Die deutschen Inklusions-Pioniere Ines Boban und Andreas Hinz berichten, ebenso wie die freie Abiturientengruppe methodos und Mitglieder verschiedener europ\u00e4ischer Schulen.\u00a0 Vortr\u00e4ge\u00a0ab 9.30 Uhr in den R\u00e4umen der Emil-Thoma-Schule, Sch\u00fctzenallee 33.<br \/>\n27.7.2012, <a title=\"\" href=\"https:\/\/www.eudec.org\/eudec2012-public-session\" target=\"_blank\">https:\/\/www.eudec.org\/eudec2012-public-session<\/a><!--more--><strong>Kinder sollten frei sein und respektiert werden wie Erwachsene<\/strong><br \/>\nIn meinem Gep\u00e4ck ist zum Beispiel die Erfahrung, viele Jahre meines Lebens nicht wirklich ernst genommen worden zu sein. N\u00e4mlich als Kind, als Jugendlicher, als junger Erwachsener. Erst wenn du dein Studium abgeschlossen hast, deinen Beruf erlernt hast, bringt man dir \u2013 im g\u00fcnstigsten Fall \u2013 Respekt entgegen. Das kommt mir zutiefst falsch und kr\u00e4nkend vor. Kinder sollten frei sein wie Erwachsene und mit dem selben universellen Respekt behandelt werden wie Erwachsene. Ich habe 30 Jahre in demokratischen Schulen gearbeitet, seither besuche ich andere Schulen, neue Schulen, Konferenzen. Hier bin ich, weil ich Freunde treffen und Spa\u00df haben wollte mit anderen wachen Geistern jeden Alters. Ich biete einen Workshop dar\u00fcber an, warum das Konzept der demokratischen Schulen auch auf Ablehnung trifft. Und ich mache eine Vorlesung dar\u00fcber, warum man den staatlichen Schulsystemen gegen\u00fcber ablehnend sein sollte. Jetzt schon kann ich sagen, dass ich v\u00f6llig beeindruckt davon bin, wie sich diese Idee der demokratischen Schulen verbreitet. Das merkt man auch hier: Vor zwanzig Jahren kamen kaum 20 Teilnehmer zur ersten Eudec. Heute sind es \u00fcber 300!<br \/>\nDavid Gribble, 79, Autor, einst Lehrer und Mitgr\u00fcnder der ersten freien demokratischen Schule in England<br \/>\n<a href=\"https:\/\/www.badische-zeitung.de\/lokales\/freiburg\/kinder-sollten-frei-sein-wie-erwachsene\">https:\/\/www.badische-zeitung.de\/lokales\/freiburg\/kinder-sollten-frei-sein-wie-erwachsene<\/a><\/p>\n<p><a title=\"\" href=\"https:\/\/www.eudec.org\/\" target=\"_blank\">https:\/\/www.eudec.org<\/a><\/p>\n","protected":false},"excerpt":{"rendered":"<p>Seit 28.7.2012 findet in der Freien Demokratischen Schule Kapriole in der Oberrieder Stra\u00dfe (FR-Waldsee) die europ\u00e4ische Bildungs-Konferenz Eudec (European Democratic Education Community) statt. Am Freitag\/Samstag, 3.\/4. August, sind die Vortr\u00e4ge internationaler P\u00e4dagogik-Gr\u00f6\u00dfen \u00f6ffentlich. Spannende Beitr\u00e4ge aus der weltweiten Praxis zeigen: &hellip; <a href=\"https:\/\/www.freiburg-schwarzwald.de\/blog\/eudec-european-democratic-education-community-bei-kapriole-schule\/\">Weiterlesen <span class=\"meta-nav\">&rarr;<\/span><\/a><\/p>\n","protected":false},"author":4,"featured_media":0,"comment_status":"closed","ping_status":"closed","sticky":false,"template":"","format":"standard","meta":{"footnotes":""},"categories":[18,195],"tags":[359],"class_list":["post-8443","post","type-post","status-publish","format-standard","hentry","category-bildung","category-eu","tag-inklusion"],"_links":{"self":[{"href":"https:\/\/www.freiburg-schwarzwald.de\/blog\/wp-json\/wp\/v2\/posts\/8443","targetHints":{"allow":["GET"]}}],"collection":[{"href":"https:\/\/www.freiburg-schwarzwald.de\/blog\/wp-json\/wp\/v2\/posts"}],"about":[{"href":"https:\/\/www.freiburg-schwarzwald.de\/blog\/wp-json\/wp\/v2\/types\/post"}],"author":[{"embeddable":true,"href":"https:\/\/www.freiburg-schwarzwald.de\/blog\/wp-json\/wp\/v2\/users\/4"}],"replies":[{"embeddable":true,"href":"https:\/\/www.freiburg-schwarzwald.de\/blog\/wp-json\/wp\/v2\/comments?post=8443"}],"version-history":[{"count":0,"href":"https:\/\/www.freiburg-schwarzwald.de\/blog\/wp-json\/wp\/v2\/posts\/8443\/revisions"}],"wp:attachment":[{"href":"https:\/\/www.freiburg-schwarzwald.de\/blog\/wp-json\/wp\/v2\/media?parent=8443"}],"wp:term":[{"taxonomy":"category","embeddable":true,"href":"https:\/\/www.freiburg-schwarzwald.de\/blog\/wp-json\/wp\/v2\/categories?post=8443"},{"taxonomy":"post_tag","embeddable":true,"href":"https:\/\/www.freiburg-schwarzwald.de\/blog\/wp-json\/wp\/v2\/tags?post=8443"}],"curies":[{"name":"wp","href":"https:\/\/api.w.org\/{rel}","templated":true}]}}