{"id":8440,"date":"2012-08-04T10:06:25","date_gmt":"2012-08-04T08:06:25","guid":{"rendered":"https:\/\/www.freiburg-schwarzwald.de\/blog\/?p=8440"},"modified":"2012-08-04T17:20:53","modified_gmt":"2012-08-04T15:20:53","slug":"sternwaldwiese-wiehre-waldsee-vandalismus","status":"publish","type":"post","link":"https:\/\/www.freiburg-schwarzwald.de\/blog\/sternwaldwiese-wiehre-waldsee-vandalismus\/","title":{"rendered":"Sternwaldwiese Wiehre-Waldsee &#8211; Vandalismus"},"content":{"rendered":"<p>Der erst vor wenigen Tagen ausgelegte Rollrasen auf der <a title=\"Stadtwald\" href=\"https:\/\/www.freiburg-schwarzwald.de\/blog\/natur\/wald\/stadtwald\/\">Sternwaldwiese<\/a> im Freiburger Stadtteil Wiehre wurde in der Nacht vom 2. auf 3. August herausgerissen, die ebenfalls vor einigen Tagen aufgestellten Hinweisschilder bei den Zug\u00e4ngen zur Sternwaldwiese wurden mit Farbe \u00fcbermalt, und eine Zugangsstra\u00dfe zur Sternwaldwiese wurde laut Polizei an drei Stellen mit dem Schriftzug &#8222;Feuer machen allerstrengstens verboten&#8220; \u00fcber die gesamte Fahrbahnbreite bemalt. Die Polizei sch\u00e4tzt den Schaden vorsichtig auf rund 1200 Euro. Der Polizeiposten Freiburg-Littenweiler erbittet Hinweise unter Tel\u00a00761\/61116-0.<!--more--><br \/>\n<div id='gallery-1' class='gallery galleryid-8440 gallery-columns-3 gallery-size-thumbnail'><dl class='gallery-item'>\n\t\t\t<dt class='gallery-icon landscape'>\n\t\t\t\t<a href='https:\/\/www.freiburg-schwarzwald.de\/blog\/sternwaldwiese-wiehre-waldsee-vandalismus\/sternwald-schrift120804\/'><img loading=\"lazy\" decoding=\"async\" width=\"180\" height=\"135\" src=\"https:\/\/www.freiburg-schwarzwald.de\/blog\/wp-content\/uploads\/2012\/08\/sternwald-schrift120804-180x135.jpg\" class=\"attachment-thumbnail size-thumbnail\" alt=\"\" aria-describedby=\"gallery-1-8474\" srcset=\"https:\/\/www.freiburg-schwarzwald.de\/blog\/wp-content\/uploads\/2012\/08\/sternwald-schrift120804-180x135.jpg 180w, https:\/\/www.freiburg-schwarzwald.de\/blog\/wp-content\/uploads\/2012\/08\/sternwald-schrift120804.jpg 640w\" sizes=\"auto, (max-width: 180px) 100vw, 180px\" \/><\/a>\n\t\t\t<\/dt>\n\t\t\t\t<dd class='wp-caption-text gallery-caption' id='gallery-1-8474'>\n\t\t\t\tSternwaldwiese am 4.8.2012 &#8211; Strasse bemalen &#8211; wirklich &#8222;l\u00e4cherlich?&#8220;\n\t\t\t\t<\/dd><\/dl><dl class='gallery-item'>\n\t\t\t<dt class='gallery-icon landscape'>\n\t\t\t\t<a href='https:\/\/www.freiburg-schwarzwald.de\/blog\/sternwaldwiese-wiehre-waldsee-vandalismus\/sternwald-muelltonne120804\/'><img loading=\"lazy\" decoding=\"async\" width=\"180\" height=\"135\" src=\"https:\/\/www.freiburg-schwarzwald.de\/blog\/wp-content\/uploads\/2012\/08\/sternwald-muelltonne120804-180x135.jpg\" class=\"attachment-thumbnail size-thumbnail\" alt=\"\" aria-describedby=\"gallery-1-8475\" srcset=\"https:\/\/www.freiburg-schwarzwald.de\/blog\/wp-content\/uploads\/2012\/08\/sternwald-muelltonne120804-180x135.jpg 180w, https:\/\/www.freiburg-schwarzwald.de\/blog\/wp-content\/uploads\/2012\/08\/sternwald-muelltonne120804.jpg 640w\" sizes=\"auto, (max-width: 180px) 100vw, 180px\" \/><\/a>\n\t\t\t<\/dt>\n\t\t\t\t<dd class='wp-caption-text gallery-caption' id='gallery-1-8475'>\n\t\t\t\tSternwaldwiese am 4.8.2012 &#8211; M\u00fclltonne umwerfen\n\t\t\t\t<\/dd><\/dl><dl class='gallery-item'>\n\t\t\t<dt class='gallery-icon landscape'>\n\t\t\t\t<a href='https:\/\/www.freiburg-schwarzwald.de\/blog\/sternwaldwiese-wiehre-waldsee-vandalismus\/sternwald-rollrasen120804\/'><img loading=\"lazy\" decoding=\"async\" width=\"180\" height=\"142\" src=\"https:\/\/www.freiburg-schwarzwald.de\/blog\/wp-content\/uploads\/2012\/08\/sternwald-rollrasen120804-180x142.jpg\" class=\"attachment-thumbnail size-thumbnail\" alt=\"\" aria-describedby=\"gallery-1-8476\" srcset=\"https:\/\/www.freiburg-schwarzwald.de\/blog\/wp-content\/uploads\/2012\/08\/sternwald-rollrasen120804-180x142.jpg 180w, https:\/\/www.freiburg-schwarzwald.de\/blog\/wp-content\/uploads\/2012\/08\/sternwald-rollrasen120804.jpg 640w\" sizes=\"auto, (max-width: 180px) 100vw, 180px\" \/><\/a>\n\t\t\t<\/dt>\n\t\t\t\t<dd class='wp-caption-text gallery-caption' id='gallery-1-8476'>\n\t\t\t\tSternwaldwiese am 4.8.2012 &#8211; Rollrasen herausrei\u00dfen\n\t\t\t\t<\/dd><\/dl><br style=\"clear: both\" \/>\n\t\t<\/div>\n<br \/>\n4.8.2012<\/p>\n","protected":false},"excerpt":{"rendered":"<p>Der erst vor wenigen Tagen ausgelegte Rollrasen auf der Sternwaldwiese im Freiburger Stadtteil Wiehre wurde in der Nacht vom 2. auf 3. August herausgerissen, die ebenfalls vor einigen Tagen aufgestellten Hinweisschilder bei den Zug\u00e4ngen zur Sternwaldwiese wurden mit Farbe \u00fcbermalt, &hellip; <a href=\"https:\/\/www.freiburg-schwarzwald.de\/blog\/sternwaldwiese-wiehre-waldsee-vandalismus\/\">Weiterlesen <span class=\"meta-nav\">&rarr;<\/span><\/a><\/p>\n","protected":false},"author":4,"featured_media":0,"comment_status":"closed","ping_status":"closed","sticky":false,"template":"","format":"standard","meta":{"footnotes":""},"categories":[49,137],"tags":[732,218],"class_list":["post-8440","post","type-post","status-publish","format-standard","hentry","category-freiburg","category-wald","tag-gewalt","tag-party"],"_links":{"self":[{"href":"https:\/\/www.freiburg-schwarzwald.de\/blog\/wp-json\/wp\/v2\/posts\/8440","targetHints":{"allow":["GET"]}}],"collection":[{"href":"https:\/\/www.freiburg-schwarzwald.de\/blog\/wp-json\/wp\/v2\/posts"}],"about":[{"href":"https:\/\/www.freiburg-schwarzwald.de\/blog\/wp-json\/wp\/v2\/types\/post"}],"author":[{"embeddable":true,"href":"https:\/\/www.freiburg-schwarzwald.de\/blog\/wp-json\/wp\/v2\/users\/4"}],"replies":[{"embeddable":true,"href":"https:\/\/www.freiburg-schwarzwald.de\/blog\/wp-json\/wp\/v2\/comments?post=8440"}],"version-history":[{"count":0,"href":"https:\/\/www.freiburg-schwarzwald.de\/blog\/wp-json\/wp\/v2\/posts\/8440\/revisions"}],"wp:attachment":[{"href":"https:\/\/www.freiburg-schwarzwald.de\/blog\/wp-json\/wp\/v2\/media?parent=8440"}],"wp:term":[{"taxonomy":"category","embeddable":true,"href":"https:\/\/www.freiburg-schwarzwald.de\/blog\/wp-json\/wp\/v2\/categories?post=8440"},{"taxonomy":"post_tag","embeddable":true,"href":"https:\/\/www.freiburg-schwarzwald.de\/blog\/wp-json\/wp\/v2\/tags?post=8440"}],"curies":[{"name":"wp","href":"https:\/\/api.w.org\/{rel}","templated":true}]}}