{"id":84322,"date":"2020-11-02T18:01:56","date_gmt":"2020-11-02T17:01:56","guid":{"rendered":"https:\/\/www.freiburg-schwarzwald.de\/blog\/?p=84322"},"modified":"2020-11-02T18:05:56","modified_gmt":"2020-11-02T17:05:56","slug":"naturereignis-corona-notlage","status":"publish","type":"post","link":"https:\/\/www.freiburg-schwarzwald.de\/blog\/naturereignis-corona-notlage\/","title":{"rendered":"Naturereignis Corona: Notlage?"},"content":{"rendered":"<p>\u201eIch glaube, dass immer noch viele <a href=\"https:\/\/www.freiburg-schwarzwald.de\/blog\/engagement\/gutmenschen\/\">Menschen<\/a> denken, wir k\u00f6nnten das <a href=\"https:\/\/www.freiburg-schwarzwald.de\/blog\/business\/gesund\/corona-virus\/\">Virus<\/a> aufhalten. Ihnen ist nicht klar, dass es sich hier um ein <a href=\"https:\/\/www.freiburg-schwarzwald.de\/blog\/natur\/\">Naturereignis<\/a> handelt, das wir nicht stoppen k\u00f6nnen. Die meisten haben nicht verstanden, dass sich alle Menschen auf der <a href=\"http:\/\/einewelt\">Welt<\/a> anstecken werden. Dass die <a href=\"https:\/\/www.freiburg-schwarzwald.de\/blog\/business\/gesund\/corona-virus\/corona-grundrechte\/\">Pandemie<\/a> erst vorbei ist, wenn alle infiziert oder geimpft sind. <!--more-->Dass die Herbstwelle nun mit voller Wucht kommt, sollte f\u00fcr niemanden eine \u00dcberraschung sein&#8220; &#8211; so der Epidemiologe Klaus St\u00f6hr in der Welt vom 30.10.2020:<br \/>\n<a href=\"https:\/\/www.welt.de\/politik\/deutschland\/plus218898480\/Corona-Pandemie-erst-vorbei-wenn-alle-infiziert-oder-geimpft-sind.html\">https:\/\/www.welt.de\/politik\/deutschland\/plus218898480\/Corona-Pandemie-erst-vorbei-wenn-alle-infiziert-oder-geimpft-sind.html<\/a><br \/>\n.<br \/>\nWenn der als ehemaliger Leiter des WHO-Influenza-Programm der Corona-Leugnung unverd\u00e4chtige St\u00f6hr sagt, die Corona-Pandemie sei erst &#8222;vorbei&#8220;, wenn entweder \u201ealle geimpft oder alle infiziert\u201c sind, dann hei\u00dft dies im Klartext, da\u00df Corona nie &#8222;weg&#8220; (Merkel) bzw. gar &#8222;besiegt&#8220; (S\u00f6der) sein wird, sondern &#8211; wie bei der saisonalen Influenza &#8211; allj\u00e4hrlich neu mutiert wiederkommen wird. Die beiden Extreme &#8222;alle geimpft&#8220; (RKI, Bundesregierung) und &#8222;alle infiziert&#8220; (Herdenimmunit\u00e4t, Schweden) sind gleicherma\u00dfen Utopien.<br \/>\nUns kleinen Menschlein bleibt nichts anderes, als uns mit dem Virus zu arrangieren und unser angeborenes Immunsystem als R\u00fcstzeug gegen dieses Naturereignis zu st\u00e4rken durch Vorsicht, Kontakteinschr\u00e4nkungen, Abstand und Maske, besonders bei den immungeschw\u00e4chten Alten und Vorerkrankten. Das derzeitige Lockdown-Auf-und-Ab und die <a href=\"https:\/\/www.freiburg-schwarzwald.de\/blog\/kultur\/medien\/mainstream\/\">mediale<\/a> <a href=\"https:\/\/www.freiburg-schwarzwald.de\/blog\/business\/gesund\/corona-virus\/corona-angst\/\">Panikmache<\/a> hingegen beeintr\u00e4chtigt das \u00cdmmunsystem vieler Menschen und erh\u00f6ht deren Anf\u00e4lligkeit f\u00fcr etwas schon immer Dagewesenes durch Stress, Depression, Angst, soziale Isolation, Arbeitslosigkeit usw.<br \/>\n.<br \/>\nJedes Jahr erkranken 45 Mio in Deutschland an Influenza (Erk\u00e4ltung, Grippe). Seit dem Fr\u00fchjahr 2020 wird ein R\u00fcckgang der Influenza-F\u00e4lle um \u00fcber 90% gemeldet. Vermutlich, weil alle &#8222;F\u00e4lle&#8220; nun Corona zugeordnet werden, weil der PCR-Test ungenau ist bzw. weil viele Grippekranke den Arztbesuch meiden aus Angst, als Corona-infizierte eingestuft zu werden?<br \/>\nAngenommen, das Virus SarsCoV2 w\u00e4re nicht entdeckt bzw. nie von den Medien als globale Pandemie und epochale Menschheitsbedrohung dargestellt worden. Was w\u00e4re passiert? Vielleicht h\u00e4tte man kaum etwas Ungew\u00f6hnliches im Jahr 2020 wahrgenommen \u2013 au\u00dfer eine mehr oder weniger heftige Grippesaison.<br \/>\n.<br \/>\nWagen wir den Blick zur\u00fcck in die Zeit, als es \u201eCorona\u201c noch gar nicht gab: Allj\u00e4hrlich brachen die Gesundheitsssteme z.B. in Frankreich, Italien und Spanien zusammen \u2013 wegen Influenza. In vielen Kliniken war es um Belegung von Intensivbetten weitaus dramatischer bestellt, als sie jetzt zu werden droht. Immer schon gab es schwere Infektionskrankheiten mit intensivmedizinischer Behandlung von Lungenentz\u00fcndung bis multiresistenten Keimen. All dies hat blo\u00df kaum jemanden interessiert und daraus hat niemand sich berufen gef\u00fchlt, eine Panik auszurufen.<br \/>\nInfluenza wie Corona sind Naturereignisse, denen mit Vorsicht und Gelassenheit zu begegnen ist, nicht aber mit Lockdowns und Panikmache. Prof. Dr. Christof Kuhbandner beschreibt in seinem Beitrag (ganz unten), da\u00df eine nationale Gesundheitsnotlage nicht vorliegt. Wer eine solche herbe\u00edredet, verbreitet Angst. Deshalb: <a href=\"https:\/\/www.freiburg-schwarzwald.de\/blog\/kehren-wir-zum-leben-zurueck\/\">Kehren wir zum Leben zur\u00fcck<\/a>.<br \/>\n2.11.2020.<\/p>\n<p>.<br \/>\n<strong>Epidemiologe Klaus St\u00f6hr zur Corona-Pandemie: Als Naturereignis nicht zu stoppen<\/strong><br \/>\n\u201eMan h\u00e4tte sich fr\u00fcher \u00fcber das langfristige Ergebnis der Pandemie unterhalten m\u00fcssen\u201c, kritisiert der Epidemiologe Klaus St\u00f6hr die deutsche Strategie zur Bek\u00e4mpfung des COVID-19-Virus. Der ehemalige Direktor des Influenza-Programms der Weltgesundheitsorganistion WHO h\u00e4lt zwar den Fr\u00fchjahrs-Lockdown f\u00fcr richtig (\u201eMan musste hier reingr\u00e4tschen\u201c). Doch danach habe man die Konsequenzen falsch eingesch\u00e4tzt.<br \/>\nSt\u00f6hr bewertet die Pandemie als Naturereignis, das nicht zu stoppen sei. \u201eEs werden sich alle Menschen infizieren&#8220;, so der Experte, der von 2007 bis 2011 die Impfstoff-Forschung bei Novartis leitete, im Gespr\u00e4ch mit SWR2. Man m\u00fcsse lernen, mit dem Virus zu leben. Bereits bei anderen Corona-Viren, die in der Gesellschaft zirkulieren, habe der Mensch gelernt sich anzupassen. Mit dem Wissen, dass es bis Mitte n\u00e4chsten Jahres keinen Impfstoff geben werde, sei es wichtig, die Risiken zu minimieren.<br \/>\n.<br \/>\nNach St\u00f6hrs Einsch\u00e4tzung sind zurzeit noch etwa 85 Prozent der Bev\u00f6lkerung empf\u00e4nglich f\u00fcr das Virus. Wenn es wichtig sei, das \u00f6ffentliche Leben weiterlaufen zu lassen, sei es notwendig, die Sensiblen zu sch\u00fctzen. \u201eWir m\u00fcssen das kleinere \u00dcbel w\u00e4hlen und bestimmte negative Auswirkungen akzeptieren\u201c, so St\u00f6hr.<br \/>\nIm Gegensatz zur \u201eHerdenimmunit\u00e4t\u201c ginge es aber nicht darum gezielt viele Menschen zu infizieren oder die Erkrankung einfach durchlaufen zu lassen. Ziel sei vielmehr, die Gefahren f\u00fcr die Risikogruppen m\u00f6glichst gering zu halten, im Bewusstsein, dass sich viele Menschen langfristig mit dem Virus infizieren werden.<br \/>\nSeine d\u00fcstere Prognose: \u201eDie Pandemie wird nicht verschwinden, wenn der Impfstoff zur Verf\u00fcgung steht. Sie wird dann zu Ende gehen, wenn das Virus alle Menschen gefunden hat\u201c.<br \/>\n&#8230; Alles vom 31.10.2020 bitte lesen auf<br \/>\n<a href=\"https:\/\/www.swr.de\/swr2\/leben-und-gesellschaft\/epidemiologe-klaus-stoehr-zur-corona-pandemie-als-naturereignis-nicht-zu-stoppen-100.html\">https:\/\/www.swr.de\/swr2\/leben-und-gesellschaft\/epidemiologe-klaus-stoehr-zur-corona-pandemie-als-naturereignis-nicht-zu-stoppen-100.html<\/a><br \/>\n.<br \/>\n<strong>\u201eWir k\u00f6nnen es nicht verhindern\u201c WHO-Virologe St\u00f6hr mit d\u00fcsterer Prognose bei Lanz<\/strong><br \/>\nAuch den Virologen Klaus St\u00f6hr hat der dramatische Anstieg an Infektionszahlen zum Herbst \u00fcberrascht. Er vergleicht die Pandemie mit einem Naturereignis, das man nicht stoppen und auch nicht verhindern k\u00f6nne. Dennoch seien eben manche Ereignisse auch vorhersehbar.<br \/>\nUm dies zu verdeutlichen, vergleicht St\u00f6hr in der ZDF-Sendung \u201eMarkus Lanz\u201c die Corona-Pandemie mit dem gro\u00dfen Influenza-Ausbruch 2017\/2018. \u201eDa sind 333.0000 Leute positiv getestet worden. 60.000 Menschen wurden in Krankenh\u00e4user gebracht\u201c, so St\u00f6hr. An den Spitzentagen h\u00e4tten sich mehr als 8.000 Menschen infiziert.<br \/>\nKlaus St\u00f6hr: \u201eDaran erinnert sich keiner mehr. Doch wenn man diese Zahlen genommen h\u00e4tte und transponiert h\u00e4tte in den Herbst, bei einer vollst\u00e4ndig empf\u00e4nglichen Population, also nicht bei einer Influenza, gegen die schon viele Menschen Antik\u00f6rper haben, ist es doch recht blau\u00e4ugig gewesen, sich im Sommer nicht auf diese Situation vorzubereiten.\u201c Der Virologe sieht keine Notfallpl\u00e4ne, man habe keine Alternativen entwickelt und habe allem Anschein nach einfach blo\u00df gehofft, dass im Herbst schon alles gut gehen werde.<br \/>\n.. Alles vom 30.10.2020 bitte lesen auf<br \/>\n<a href=\"https:\/\/www.express.de\/news\/promi-und-show\/-wir-koennen-es-nicht-verhindern--who-virologe-stoehr-mit-duesterer-prognose-bei-lanz-37555664\">https:\/\/www.express.de\/news\/promi-und-show\/-wir-koennen-es-nicht-verhindern&#8211;who-virologe-stoehr-mit-duesterer-prognose-bei-lanz-3755566<\/a><br \/>\n.<\/p>\n<p><strong>Corona-Lockdown: Droht tats\u00e4chlich eine akute nationale Gesundheitsnotlage?<\/strong><br \/>\nIn der Tat ist laut den Tagesreporten des DIVI-Intensivregisters die Anzahl der Intensivpatienten mit Diagnose \u201cCOVID-19\u201d in den letzten Wochen stark gestiegen. Eine offizielle Antwort auf eine Anfrage an das DIVI-Intensivregister zur Diagnostik von \u201cCOVID-19-Intensivpatienten\u201d offenbart aber ein fundamentales diagnostisches Problem. Dort wird best\u00e4tigt, dass (1) jeder Intensivpatient \u2013 unabh\u00e4ngig von der Symptomatik \u2013 mit einem SARS-CoV-2-PCR-Test getestet wird und (2) jeder Intensivpatient \u2013 unabh\u00e4ngig von der Symptomatik \u2013 mit einem positiven SARS-CoV-2-PCR-Testergebnis als \u201cCOVID-19-Intensivpatient\u201d gef\u00fchrt wird. Letzteres wird auch in einer offiziellen Antwort des RKI auf eine entsprechende Anfrage best\u00e4tigt.<br \/>\nSelbst wenn demnach beispielsweise <em><strong>eine Person wegen eines Autounfalls auf Intensivstation liegen w\u00fcrde und ein positives SARS-CoV-2-PCR-Testergebnis aufweist ohne jede weitere COVID-19-spezifische Symptomatik, w\u00fcrde diese Person als \u201cCOVID-19-Intensivpatient\u201d z\u00e4hlen.<\/strong><\/em><br \/>\n&#8230;.<br \/>\nSchlussfolgerungen:<br \/>\n<em><strong>Die beschriebenen Befunde legen nahe, dass in Wirklichkeit keine nationale Gesundheitsnotlage droht.<\/strong><\/em> Weder ist die Gesamtanzahl der belegten Intensivbetten in den letzten Wochen gestiegen, noch die Gesamtanzahl der station\u00e4r behandelten SARI-F\u00e4lle, noch die Anzahl der Atemwegserkrankungen in der Bev\u00f6lkerung. Das einzige, was gestiegen ist, ist die Anzahl der Personen mit positiven SARS-CoV-2 Testergebnissen, was angesichts der sich h\u00e4ufenden Meldungen von falsch-positiven Testergebnissen daran liegen k\u00f6nnte, dass viele Labore Single-Target-Tests ohne Best\u00e4tigungstest einsetzen, so dass die erhaltenen positiven Testergebnisse wom\u00f6glich zum Teil eher den \u00fcblichen saisonal bedingten Anstieg harmloserer Coronaviren widerspiegeln, als einen dramatischen Anstieg in SARS-CoV-2-Infektionen. Da die zentrale Begr\u00fcndung f\u00fcr den drohenden &#8222;Lockdown 2.0&#8220; ein Anstieg der SARS-CoV-2-Fallzahlen und eine drohende \u00dcberlastung des Gesundheitssystems ist, w\u00e4re die politische Entscheidung zur Verordnung des Lockdowns fundamental zu hinterfragen.<br \/>\n&#8230; Alles vom29.10.2020 von Dr. Chrzoph Kugbandner bitte lesn auf<br \/>\n<a href=\"https:\/\/www.heise.de\/tp\/features\/Corona-Lockdown-Droht-tatsaechlich-eine-akute-nationale-Gesundheitsnotlage-4942433.html\">https:\/\/www.heise.de\/tp\/features\/Corona-Lockdown-Droht-tatsaechlich-eine-akute-nationale-Gesundheitsnotlage-4942433.html<\/a><br \/>\n&#8211;<br \/>\n<em>Prof. Dr. Christof Kuhbandner lehrt P\u00e4dagogische Psychologie an der Universit\u00e4t Regensburg.<\/em><\/p>\n","protected":false},"excerpt":{"rendered":"<p>\u201eIch glaube, dass immer noch viele Menschen denken, wir k\u00f6nnten das Virus aufhalten. Ihnen ist nicht klar, dass es sich hier um ein Naturereignis handelt, das wir nicht stoppen k\u00f6nnen. Die meisten haben nicht verstanden, dass sich alle Menschen auf &hellip; <a href=\"https:\/\/www.freiburg-schwarzwald.de\/blog\/naturereignis-corona-notlage\/\">Weiterlesen <span class=\"meta-nav\">&rarr;<\/span><\/a><\/p>\n","protected":false},"author":2,"featured_media":0,"comment_status":"open","ping_status":"closed","sticky":false,"template":"","format":"standard","meta":{"footnotes":""},"categories":[433,18,36,158,80,12,172],"tags":[709,700,47],"class_list":["post-84322","post","type-post","status-publish","format-standard","hentry","category-arzt","category-bildung","category-engagement","category-gesund","category-medien","category-natur","category-zukunft","tag-angst","tag-corona","tag-klinik"],"_links":{"self":[{"href":"https:\/\/www.freiburg-schwarzwald.de\/blog\/wp-json\/wp\/v2\/posts\/84322","targetHints":{"allow":["GET"]}}],"collection":[{"href":"https:\/\/www.freiburg-schwarzwald.de\/blog\/wp-json\/wp\/v2\/posts"}],"about":[{"href":"https:\/\/www.freiburg-schwarzwald.de\/blog\/wp-json\/wp\/v2\/types\/post"}],"author":[{"embeddable":true,"href":"https:\/\/www.freiburg-schwarzwald.de\/blog\/wp-json\/wp\/v2\/users\/2"}],"replies":[{"embeddable":true,"href":"https:\/\/www.freiburg-schwarzwald.de\/blog\/wp-json\/wp\/v2\/comments?post=84322"}],"version-history":[{"count":2,"href":"https:\/\/www.freiburg-schwarzwald.de\/blog\/wp-json\/wp\/v2\/posts\/84322\/revisions"}],"predecessor-version":[{"id":84326,"href":"https:\/\/www.freiburg-schwarzwald.de\/blog\/wp-json\/wp\/v2\/posts\/84322\/revisions\/84326"}],"wp:attachment":[{"href":"https:\/\/www.freiburg-schwarzwald.de\/blog\/wp-json\/wp\/v2\/media?parent=84322"}],"wp:term":[{"taxonomy":"category","embeddable":true,"href":"https:\/\/www.freiburg-schwarzwald.de\/blog\/wp-json\/wp\/v2\/categories?post=84322"},{"taxonomy":"post_tag","embeddable":true,"href":"https:\/\/www.freiburg-schwarzwald.de\/blog\/wp-json\/wp\/v2\/tags?post=84322"}],"curies":[{"name":"wp","href":"https:\/\/api.w.org\/{rel}","templated":true}]}}