{"id":8419,"date":"2012-08-03T19:44:29","date_gmt":"2012-08-03T17:44:29","guid":{"rendered":"https:\/\/www.freiburg-schwarzwald.de\/blog\/?p=8419"},"modified":"2012-08-03T19:44:29","modified_gmt":"2012-08-03T17:44:29","slug":"die-ersten-feigen-sind-reif-trotz-frost-im-fruehjahr","status":"publish","type":"post","link":"https:\/\/www.freiburg-schwarzwald.de\/blog\/die-ersten-feigen-sind-reif-trotz-frost-im-fruehjahr\/","title":{"rendered":"Die ersten Feigen sind reif &#8211; trotz Frost im Fruehjahr"},"content":{"rendered":"<p>Das Auf und Ab von Frost und warmen Tagen von M\u00e4rz bis Mai\u00a02012 machte den <a title=\"Feige\" href=\"https:\/\/www.freiburg-schwarzwald.de\/blog\/natur\/landwirt\/obstbau\/feige\/\">Feigen<\/a> sehr zu schaffen &#8211; viele \u00c4ste erfroren. Umso erstaunlicher, wie gut sich die Feigenb\u00e4ume im Fr\u00fchjahr entwickelten, wie rasch neue Triebe nachwuchsen und Fr\u00fcchte ansetzen. Schon Ende Juli konnten die ersten reifen Feigen geerntet werden.<\/p>\n<div id=\"attachment_8390\" style=\"width: 190px\" class=\"wp-caption alignnone\"><a href=\"https:\/\/www.freiburg-schwarzwald.de\/blog\/natur\/landwirt\/obstbau\/feige\/feigen3trio120801\/\" rel=\"attachment wp-att-8390\"><img loading=\"lazy\" decoding=\"async\" aria-describedby=\"caption-attachment-8390\" class=\"size-thumbnail wp-image-8390\" title=\"feigen3trio120801\" src=\"https:\/\/www.freiburg-schwarzwald.de\/blog\/wp-content\/uploads\/2012\/07\/feigen3trio120801-180x160.jpg\" alt=\"\" width=\"180\" height=\"160\" srcset=\"https:\/\/www.freiburg-schwarzwald.de\/blog\/wp-content\/uploads\/2012\/07\/feigen3trio120801-180x160.jpg 180w, https:\/\/www.freiburg-schwarzwald.de\/blog\/wp-content\/uploads\/2012\/07\/feigen3trio120801-640x572.jpg 640w, https:\/\/www.freiburg-schwarzwald.de\/blog\/wp-content\/uploads\/2012\/07\/feigen3trio120801.jpg 641w\" sizes=\"auto, (max-width: 180px) 100vw, 180px\" \/><\/a><p id=\"caption-attachment-8390\" class=\"wp-caption-text\">Feigen am 1.8.2012 in Freiburg - so richtig reif<\/p><\/div>\n","protected":false},"excerpt":{"rendered":"<p>Das Auf und Ab von Frost und warmen Tagen von M\u00e4rz bis Mai\u00a02012 machte den Feigen sehr zu schaffen &#8211; viele \u00c4ste erfroren. Umso erstaunlicher, wie gut sich die Feigenb\u00e4ume im Fr\u00fchjahr entwickelten, wie rasch neue Triebe nachwuchsen und Fr\u00fcchte &hellip; <a href=\"https:\/\/www.freiburg-schwarzwald.de\/blog\/die-ersten-feigen-sind-reif-trotz-frost-im-fruehjahr\/\">Weiterlesen <span class=\"meta-nav\">&rarr;<\/span><\/a><\/p>\n","protected":false},"author":4,"featured_media":0,"comment_status":"closed","ping_status":"closed","sticky":false,"template":"","format":"standard","meta":{"footnotes":""},"categories":[140,245],"tags":[146],"class_list":["post-8419","post","type-post","status-publish","format-standard","hentry","category-garten","category-obst","tag-schulgarten"],"_links":{"self":[{"href":"https:\/\/www.freiburg-schwarzwald.de\/blog\/wp-json\/wp\/v2\/posts\/8419","targetHints":{"allow":["GET"]}}],"collection":[{"href":"https:\/\/www.freiburg-schwarzwald.de\/blog\/wp-json\/wp\/v2\/posts"}],"about":[{"href":"https:\/\/www.freiburg-schwarzwald.de\/blog\/wp-json\/wp\/v2\/types\/post"}],"author":[{"embeddable":true,"href":"https:\/\/www.freiburg-schwarzwald.de\/blog\/wp-json\/wp\/v2\/users\/4"}],"replies":[{"embeddable":true,"href":"https:\/\/www.freiburg-schwarzwald.de\/blog\/wp-json\/wp\/v2\/comments?post=8419"}],"version-history":[{"count":0,"href":"https:\/\/www.freiburg-schwarzwald.de\/blog\/wp-json\/wp\/v2\/posts\/8419\/revisions"}],"wp:attachment":[{"href":"https:\/\/www.freiburg-schwarzwald.de\/blog\/wp-json\/wp\/v2\/media?parent=8419"}],"wp:term":[{"taxonomy":"category","embeddable":true,"href":"https:\/\/www.freiburg-schwarzwald.de\/blog\/wp-json\/wp\/v2\/categories?post=8419"},{"taxonomy":"post_tag","embeddable":true,"href":"https:\/\/www.freiburg-schwarzwald.de\/blog\/wp-json\/wp\/v2\/tags?post=8419"}],"curies":[{"name":"wp","href":"https:\/\/api.w.org\/{rel}","templated":true}]}}