{"id":84161,"date":"2020-10-28T16:02:55","date_gmt":"2020-10-28T15:02:55","guid":{"rendered":"https:\/\/www.freiburg-schwarzwald.de\/blog\/?p=84161"},"modified":"2020-10-28T16:02:55","modified_gmt":"2020-10-28T15:02:55","slug":"kehren-wir-zum-leben-zurueck","status":"publish","type":"post","link":"https:\/\/www.freiburg-schwarzwald.de\/blog\/kehren-wir-zum-leben-zurueck\/","title":{"rendered":"Kehren wir zum Leben zur\u00fcck"},"content":{"rendered":"<p>Ich denke, es wird Zeit, sich der Realit\u00e4t zu stellen: Der eingeschlagene Weg kann so nicht weiter beschritten werden. Die Zerst\u00f6rung, die derzeit gesellschaftlich, wirtschaftlich und mit Blick auf die demokratischen Errungenschaften von Generationen angerichtet wird, ist\u00a0 schon heute kaum mehr gutzumachen.<!--more--><br \/>\n.<br \/>\nZur Wahrheit geh\u00f6rt, dass die aktuellen Ma\u00dfnahmen zwar \u201eCorona-Tote\u201c verhindern helfen k\u00f6nnen, wie immer man diese definiert, aber zu einer Vielzahl von Toten durch ausbleibende Vorsorge und Behandlungen sowie durch Isolation, Vereinsamung und Depression f\u00fchren. Wissenschaftliche Erhebungen hierzu gibt es inzwischen zuhauf. Wo ist also unter dem Strich etwas gewonnen?<br \/>\nEs liegt weder im Auftrag noch in der Macht der Politik, den Tod als solches zu besiegen. Er geh\u00f6rt zum Leben dazu. Tats\u00e4chlich ist er in jedem einzelnen Fall zu 100 Prozent vorbestimmt, weil dies nun einmal der Gang alles Organischen ist.<\/p>\n<p>Wenn neueste Studien zeigen, dass auch nach der Bereitstellung eines Impfstoffes eine Immunit\u00e4t bestenfalls f\u00fcr einige Monate bestehen d\u00fcrfte, es also gar zweier Impfungen pro Jahr bed\u00fcrfe, und dies dauerhaft, um Corona als \u201eGefahr\u201c auszuschalten, dass andererseits aber nur ein Bruchteil der Infizierten echte gesundheitliche Probleme bekommt und ein noch viel kleinerer Teil \u2013 leider \u2013 verstirbt, sollte die gesellschaftliche Debatte offen und ehrlich dar\u00fcber gef\u00fchrt werden, ob es richtig ist, Entscheidungen nur noch nach der Ma\u00dfgabe zu treffen, jeden einzelnen Menschen \u201eretten\u201c zu wollen.<br \/>\n.<br \/>\nEs ist zum Narrativ der politisch Verantwortlichen geworden, jeden immer und \u00fcberall vor irgendetwas zu \u201eretten\u201c. Dies ist ein unsinniger, realit\u00e4tsferner und \u2013 ja, ich spreche es aus \u2013 gef\u00e4hrlicher Ansatz, weil er per Saldo niemanden rettet, daf\u00fcr aber totalit\u00e4ren Ideologien den Boden bereitet.<br \/>\n.<br \/>\nKehren wir zum Leben zur\u00fcck und akzeptieren wir, dass wir die Gefahren des Lebens niemals ganz werden besiegen k\u00f6nnen, bei allem Leid, das wir dabei erfahren, das aber ebenso zum Leben geh\u00f6rt wie die Freude und das Gl\u00fcck. Leben hei\u00dft soziale Kontakte zu pflegen, sich frei zu bewegen, Pl\u00e4ne zu schmieden und Tr\u00e4ume zu verwirklichen.<br \/>\nWer Menschen all das nimmt, verh\u00f6hnt sie mit der Behauptung, er wolle sie \u201eretten\u201c.<br \/>\n28.10.2020, Ramin Peymani<br \/>\n.<br \/>\n<em>natur<\/em><br \/>\n<em>Ramin Peymani, geb. 1968 in Teheran, ist Buchautor und Publizist. Nach einem Studium der Wirtschaftsinformatik arbeitete Peymani zun\u00e4chst f\u00fcr die Citibank und Goldman Sachs. Ab 2002 war er sechs Jahre lang f\u00fcr den Deutschen Fu\u00dfball-Bund t\u00e4tig, zun\u00e4chst als Finanzcontroller, sp\u00e4ter als B\u00fcroleiter von Theo Zwanziger. Er ist Autor mehrerer B\u00fccher und ver\u00f6ffentlicht Artikel in zahlreichen Online-Medien.<\/em><br \/>\n<em><a href=\"http:\/\/peymani.de\/\">http:\/\/peymani.de\/<\/a><br \/>\n<\/em>\u00a0.<br \/>\nKommentare:<br \/>\n<strong>Ich kann Ihnen nur aus vollstem Herzen zustimmen<\/strong><br \/>\nDie Ma\u00dfnahmen treten die angeblich unantastbare W\u00fcrde des Menschen mit F\u00fc\u00dfen. Mein Vater, 80 Jahre alt, verstarb am vergangenen Freitag einsam. Vor einigen Monaten wurde bei ihm eine nicht mehr heilbare Krebserkrankung diagnostiziert, die Chemo diente zur Lebensverl\u00e4ngerung, nicht zur Heilung. Letzten Mittwoch war der letzte Zyklus abgeschlossen und mein Vater kam nach Hause. Am Freitag dann wieder ins Krankenhaus, weil er sich eine (unbekannte) Infektion zugezogen hatte und aufgrund seines herunter gefahrenen Immunsystems kollabierte. Da er auch Fieber hatte, wurde er auf blo\u00dfen Verdacht als Covid-Patient eingestuft und isoliert, weder ich noch meine Mutter durften zu ihm. Wenige Stunden sp\u00e4ter verstarb er einsam.<br \/>\nDas Ergebnis des Covid-Tests lag am n\u00e4chsten Tag vor und war negativ. Wegen eines Symptoms, welches zig Ursachen haben kann (von denen nur eine Covid ist), wurde mein Vater von den einzigen Menschen, mit denen er zuvor ohnehin regelm\u00e4\u00dfig Kontakt hatte isoliert. Das ist schlicht menschenverachtend und mit Sicherheit kein Einzelfall.<br \/>\n28.10.2020, A.G., AO<\/p>\n","protected":false},"excerpt":{"rendered":"<p>Ich denke, es wird Zeit, sich der Realit\u00e4t zu stellen: Der eingeschlagene Weg kann so nicht weiter beschritten werden. Die Zerst\u00f6rung, die derzeit gesellschaftlich, wirtschaftlich und mit Blick auf die demokratischen Errungenschaften von Generationen angerichtet wird, ist\u00a0 schon heute kaum &hellip; <a href=\"https:\/\/www.freiburg-schwarzwald.de\/blog\/kehren-wir-zum-leben-zurueck\/\">Weiterlesen <span class=\"meta-nav\">&rarr;<\/span><\/a><\/p>\n","protected":false},"author":2,"featured_media":0,"comment_status":"open","ping_status":"closed","sticky":false,"template":"","format":"standard","meta":{"footnotes":""},"categories":[18,158,13,157,172],"tags":[190,709,700,463],"class_list":["post-84161","post","type-post","status-publish","format-standard","hentry","category-bildung","category-gesund","category-kultur","category-oeffentlicher-raum","category-zukunft","tag-alter","tag-angst","tag-corona","tag-tod"],"_links":{"self":[{"href":"https:\/\/www.freiburg-schwarzwald.de\/blog\/wp-json\/wp\/v2\/posts\/84161","targetHints":{"allow":["GET"]}}],"collection":[{"href":"https:\/\/www.freiburg-schwarzwald.de\/blog\/wp-json\/wp\/v2\/posts"}],"about":[{"href":"https:\/\/www.freiburg-schwarzwald.de\/blog\/wp-json\/wp\/v2\/types\/post"}],"author":[{"embeddable":true,"href":"https:\/\/www.freiburg-schwarzwald.de\/blog\/wp-json\/wp\/v2\/users\/2"}],"replies":[{"embeddable":true,"href":"https:\/\/www.freiburg-schwarzwald.de\/blog\/wp-json\/wp\/v2\/comments?post=84161"}],"version-history":[{"count":1,"href":"https:\/\/www.freiburg-schwarzwald.de\/blog\/wp-json\/wp\/v2\/posts\/84161\/revisions"}],"predecessor-version":[{"id":84162,"href":"https:\/\/www.freiburg-schwarzwald.de\/blog\/wp-json\/wp\/v2\/posts\/84161\/revisions\/84162"}],"wp:attachment":[{"href":"https:\/\/www.freiburg-schwarzwald.de\/blog\/wp-json\/wp\/v2\/media?parent=84161"}],"wp:term":[{"taxonomy":"category","embeddable":true,"href":"https:\/\/www.freiburg-schwarzwald.de\/blog\/wp-json\/wp\/v2\/categories?post=84161"},{"taxonomy":"post_tag","embeddable":true,"href":"https:\/\/www.freiburg-schwarzwald.de\/blog\/wp-json\/wp\/v2\/tags?post=84161"}],"curies":[{"name":"wp","href":"https:\/\/api.w.org\/{rel}","templated":true}]}}