{"id":84003,"date":"2020-10-23T18:19:07","date_gmt":"2020-10-23T16:19:07","guid":{"rendered":"https:\/\/www.freiburg-schwarzwald.de\/blog\/?p=84003"},"modified":"2020-10-23T18:52:25","modified_gmt":"2020-10-23T16:52:25","slug":"fb-cancelt-heine-hassrede","status":"publish","type":"post","link":"https:\/\/www.freiburg-schwarzwald.de\/blog\/fb-cancelt-heine-hassrede\/","title":{"rendered":"fb cancelt Heine: Hassrede"},"content":{"rendered":"<p>Heinrich Heine wurde wegen \u201eHassrede und Herabw\u00fcrdigung\u201c von <a href=\"https:\/\/www.freiburg-schwarzwald.de\/blog\/kultur\/internet\/social-networking\/\">Facebook<\/a> <a href=\"https:\/\/www.freiburg-schwarzwald.de\/blog\/kultur\/medien\/zensur\/\">zensiert<\/a> bzw. gel\u00f6scht. <a href=\"https:\/\/www.freiburg-schwarzwald.de\/blog\/kultur\/kulturverlust\/cancelculture\/\">Cancel Culture<\/a> pur gegen einen der gr\u00f6\u00dften <a href=\"https:\/\/www.freiburg-schwarzwald.de\/blog\/kultur\/dichter\/\">Dichter<\/a> der deutschen Romantik. Sind demn\u00e4chst auch <a href=\"https:\/\/www.freiburg-schwarzwald.de\/blog\/religion\/evangelisch\/luther500\/\">Luther<\/a> (Antisemitismus), Goethe (<a href=\"https:\/\/www.freiburg-schwarzwald.de\/blog\/engagement\/rassismus\/\">Rassismus<\/a> gegen Frauen) oder Schiller (Verherrlichung des faschistischen Raubrittertums) dran?<br \/>\n.<!--more-->Die linksgr\u00fcne Ideologie arbeitet \u00fcber die Marktf\u00fchrer der sozialen Medien <a href=\"https:\/\/www.freiburg-schwarzwald.de\/blog\/global\/globalisierung\/one-world\/\">one-world<\/a> am <a href=\"https:\/\/www.freiburg-schwarzwald.de\/blog\/kultur\/kulturverlust\/\">Kulturverlust<\/a> von Deutschland. Und von den deutschen <a href=\"https:\/\/www.freiburg-schwarzwald.de\/blog\/engagement\/zukunft\/demokratie\/eliten\/\">Eliten<\/a>\u00a0&#8211; Kulturschaffende, <a href=\"https:\/\/www.freiburg-schwarzwald.de\/blog\/global\/deutschland\/gesellschaft\/intellektuelle\/\">Intellektuelle<\/a>, Literaten, Forscher, K\u00fcnstler, Philosophen, &#8230; &#8211; ist keinerlei\u00a0 <a href=\"https:\/\/www.freiburg-schwarzwald.de\/blog\/kultur\/medien\/kritik\/\">Kritik<\/a>, Gegenrede bzw. Protest zu vernehmen.<br \/>\nWas w\u00fcrde Heinrich Heine dazu wohl sagen? <em>&#8222;Denk&#8216; ich an Deutschland in der Nacht, &#8230; &#8222;<\/em> &#8211; wer den Rest <a href=\"https:\/\/www.freiburg-schwarzwald.de\/blog\/bildung\/verbloedung\/\">nicht kennt<\/a>, kann ihn ja googlen.<br \/>\n23.10.2020<\/p>\n<p><a href=\"https:\/\/www.freiburg-schwarzwald.de\/blog\/wp-content\/uploads\/2020\/10\/Heine-zensur20201021.jpg\"><img loading=\"lazy\" decoding=\"async\" class=\"alignnone size-thumbnail wp-image-84004\" src=\"https:\/\/www.freiburg-schwarzwald.de\/blog\/wp-content\/uploads\/2020\/10\/Heine-zensur20201021-144x180.jpg\" alt=\"\" width=\"144\" height=\"180\" srcset=\"https:\/\/www.freiburg-schwarzwald.de\/blog\/wp-content\/uploads\/2020\/10\/Heine-zensur20201021-144x180.jpg 144w, https:\/\/www.freiburg-schwarzwald.de\/blog\/wp-content\/uploads\/2020\/10\/Heine-zensur20201021-512x640.jpg 512w, https:\/\/www.freiburg-schwarzwald.de\/blog\/wp-content\/uploads\/2020\/10\/Heine-zensur20201021.jpg 524w\" sizes=\"auto, (max-width: 144px) 100vw, 144px\" \/><\/a><br \/>\n.<br \/>\n<strong>Post von Dirk<\/strong><br \/>\nSo, liebe Freunde von der Zensurbeh\u00f6rde. Vielleicht seid Ihr noch zu jung und ungebildet, um einen Herrn namens Heinrich Heine zu kennen. Sollte dies nicht der Fall sein und ihr zensiert es trotzdem, dann seid ihr nichts weiter als opportunistische Erf\u00fcllungsgehilfen der &#8222;M\u00e4chtigen&#8220; in diesem Lande.<br \/>\n<em>&#8222;Christian Johann Heinrich Heine (* 13. Dezember 1797 als Harry Heine in D\u00fcsseldorf, Herzogtum Berg; \u2020 17. Februar 1856 in Paris) war einer der bedeutendsten deutschen Dichter, Schriftsteller und Journalisten des 19. Jahrhunderts.<\/em><br \/>\n<em>Heinrich Heine gilt als einer der letzten Vertreter und zugleich als \u00dcberwinder der Romantik. Er machte die Alltagssprache lyrikf\u00e4hig, erhob das Feuilleton und den Reisebericht zur Kunstform und verlieh der deutschen Literatur eine zuvor nicht gekannte, elegante Leichtigkeit. Die Werke kaum eines anderen Dichters deutscher Sprache wurden bis heute so h\u00e4ufig \u00fcbersetzt und vertont.<\/em><br \/>\n<em>Als kritischer, politisch engagierter Journalist, Essayist, Satiriker und Polemiker war Heine ebenso bewundert wie gef\u00fcrchtet. Im Deutschen Bund mit Publikationsverboten belegt, verbrachte er seine zweite Lebensh\u00e4lfte im Pariser Exil. Antisemiten und Nationalisten feindeten Heine wegen seiner j\u00fcdischen Herkunft und seiner politischen Haltung \u00fcber den Tod hinaus an. Die Au\u00dfenseiterrolle pr\u00e4gte sein Leben, sein Werk und dessen Rezeptionsgeschichte.&#8220; <a href=\"https:\/\/de.wikipedia.org\/wiki\/Heinrich_Heine\">https:\/\/de.wikipedia.org\/wiki\/Heinrich_Heine<\/a><\/em><br \/>\n&#8230; Alles vom 21.10.2020 um 07:47 von Dirk Schwarzrock auf<br \/>\n<a href=\"https:\/\/www.facebook.com\/photo?fbid=3764076933615879&amp;set=a.237521589604782\">https:\/\/www.facebook.com\/photo?fbid=3764076933615879&amp;set=a.237521589604782<\/a><\/p>\n","protected":false},"excerpt":{"rendered":"<p>Heinrich Heine wurde wegen \u201eHassrede und Herabw\u00fcrdigung\u201c von Facebook zensiert bzw. gel\u00f6scht. Cancel Culture pur gegen einen der gr\u00f6\u00dften Dichter der deutschen Romantik. Sind demn\u00e4chst auch Luther (Antisemitismus), Goethe (Rassismus gegen Frauen) oder Schiller (Verherrlichung des faschistischen Raubrittertums) dran? .<\/p>\n","protected":false},"author":2,"featured_media":0,"comment_status":"open","ping_status":"closed","sticky":false,"template":"","format":"standard","meta":{"footnotes":""},"categories":[96,21,14,162,13,80],"tags":[572,337,301,722,720,545],"class_list":["post-84003","post","type-post","status-publish","format-standard","hentry","category-dichter","category-dienste","category-global","category-internet","category-kultur","category-medien","tag-dichter-2","tag-historie","tag-culture","tag-literatur","tag-medien","tag-www"],"_links":{"self":[{"href":"https:\/\/www.freiburg-schwarzwald.de\/blog\/wp-json\/wp\/v2\/posts\/84003","targetHints":{"allow":["GET"]}}],"collection":[{"href":"https:\/\/www.freiburg-schwarzwald.de\/blog\/wp-json\/wp\/v2\/posts"}],"about":[{"href":"https:\/\/www.freiburg-schwarzwald.de\/blog\/wp-json\/wp\/v2\/types\/post"}],"author":[{"embeddable":true,"href":"https:\/\/www.freiburg-schwarzwald.de\/blog\/wp-json\/wp\/v2\/users\/2"}],"replies":[{"embeddable":true,"href":"https:\/\/www.freiburg-schwarzwald.de\/blog\/wp-json\/wp\/v2\/comments?post=84003"}],"version-history":[{"count":4,"href":"https:\/\/www.freiburg-schwarzwald.de\/blog\/wp-json\/wp\/v2\/posts\/84003\/revisions"}],"predecessor-version":[{"id":84027,"href":"https:\/\/www.freiburg-schwarzwald.de\/blog\/wp-json\/wp\/v2\/posts\/84003\/revisions\/84027"}],"wp:attachment":[{"href":"https:\/\/www.freiburg-schwarzwald.de\/blog\/wp-json\/wp\/v2\/media?parent=84003"}],"wp:term":[{"taxonomy":"category","embeddable":true,"href":"https:\/\/www.freiburg-schwarzwald.de\/blog\/wp-json\/wp\/v2\/categories?post=84003"},{"taxonomy":"post_tag","embeddable":true,"href":"https:\/\/www.freiburg-schwarzwald.de\/blog\/wp-json\/wp\/v2\/tags?post=84003"}],"curies":[{"name":"wp","href":"https:\/\/api.w.org\/{rel}","templated":true}]}}