{"id":83840,"date":"2020-10-20T10:29:08","date_gmt":"2020-10-20T08:29:08","guid":{"rendered":"https:\/\/www.freiburg-schwarzwald.de\/blog\/?p=83840"},"modified":"2020-10-25T22:48:34","modified_gmt":"2020-10-25T21:48:34","slug":"grosseltern-kinder-und-enkel","status":"publish","type":"post","link":"https:\/\/www.freiburg-schwarzwald.de\/blog\/grosseltern-kinder-und-enkel\/","title":{"rendered":"Grosseltern, Kinder und Enkel"},"content":{"rendered":"<p>No discussion with children.\u00a0Nachdem Gespr\u00e4che mit <a title=\"Kinder\" href=\"https:\/\/www.freiburg-schwarzwald.de\/blog\/selbsthilfe\/kinder\/\">Kindern<\/a> und Enkeln immer wieder abrupt mit dem Vorwurf enden,\u00a0man habe die <a title=\"Kritik und abweichende Meinung\" href=\"https:\/\/www.freiburg-schwarzwald.de\/blog\/kritik-und-abweichende-meinung\/\">falsche Meinung<\/a>, meidet so mancher <a title=\"OmaOpa\" href=\"https:\/\/www.freiburg-schwarzwald.de\/blog\/selbsthilfe\/senioren\/omaopa\/\">Opa<\/a> den Diskurs zwischen <a title=\"Jugend\" href=\"https:\/\/www.freiburg-schwarzwald.de\/blog\/selbsthilfe\/jugend\/\">Jung<\/a> und <a title=\"Senioren\" href=\"https:\/\/www.freiburg-schwarzwald.de\/blog\/selbsthilfe\/senioren\/\">Alt<\/a>. Anfangs f\u00e4llt es schwer, auf das <a title=\"Diskussionskultur\" href=\"https:\/\/www.freiburg-schwarzwald.de\/blog\/kultur\/medien\/diskussionskultur\/\">Diskutieren<\/a> unterschiedlicher Meinungen und das Abw\u00e4gen von Argumenten zu verzichten. Inzwischen akzeptiert man als &#8222;alter weis(s)er Mann&#8220; die Jungen.<br \/>\n<!--more-->Denn (1) Zeitmangel (2) Karrierestreben, (3) \u00d6konomieverst\u00e4ndnis, (4) Opportunismus, (5) Medienh\u00f6rigkeit und (6) &#8222;Jugend und Regierung sind sich einig, da beide eher links&#8220;\u00a0 zwingen die Kinder und Enkel geradezu, sich im Glauben an eine vermeintliche Richtig-Falsch-Alternative an den <a title=\"Gutmenschen\" href=\"https:\/\/www.freiburg-schwarzwald.de\/blog\/engagement\/gutmenschen\/\">Guten<\/a> zu orientieren, die \u00fcber die <a title=\"Meinungsfreiheit\" href=\"https:\/\/www.freiburg-schwarzwald.de\/blog\/kultur\/medien\/meinungsfreiheit\/\">richtige Meinung<\/a> verf\u00fcgen.<br \/>\n.<br \/>\n<em>(1) Zeitmangel:<\/em><br \/>\n\u00dcbers <a title=\"Smartphone\" href=\"https:\/\/www.freiburg-schwarzwald.de\/blog\/kultur\/medien\/smartphone\/\">Smartphone<\/a> jederzeit erreichbar, wollen all die Blogs, Chats und Groups bedient werden &#8211; und zwar sofort. Social Media machen den Tag um mindestens ein Drittel k\u00fcrzer. Da bleibt f\u00fcr die Jungen weniger Zeit \u00fcbrig f\u00fcr ein Gespr\u00e4ch mit den Gro\u00dfeltern, au\u00dfer sie greifen ebenfalls zum Handy.<\/p>\n<p><em>(2) Karrierestreben:<\/em><br \/>\nDie Referendarin m\u00f6chte Lehrerin werden, die Doktorand strebt die Habilitation an, der Azubi will als Facharbeiter \u00fcbernommen werden, die Abteilungsleiterstelle lockt, der Abiturient braucht den 1,9-er Schnitt f\u00fcr das von ihm angestrebte Studium, &#8230; &#8211; da sind Kritik und abweichende Meinung, zumal zu gesellschaftlichen und politischen Fragen, allzuleicht hinderlich. Zudem droht die<a title=\"CancelCulture\" href=\"https:\/\/www.freiburg-schwarzwald.de\/blog\/kultur\/kulturverlust\/cancelculture\/\"> Cancel Culture<\/a>, der eher militante Arm der <a title=\"CancelCulture\" href=\"https:\/\/www.freiburg-schwarzwald.de\/blog\/kultur\/kulturverlust\/cancelculture\/\">Political Correctness<\/a>. Nur wer nichts zu verlieren bzw. keine Nachteile zu bef\u00fcrchten hat, kann offen und ehrlich kommunizieren &#8211; also nur die kleinen Kinder und die Gro\u00dfeltern in Rente.<br \/>\n.<br \/>\n<em>(3) \u00d6konomieverst\u00e4ndnis:<\/em><br \/>\nDie zentrale These von Luisa Neubauer von <a title=\"FridaysForFuture\" href=\"https:\/\/www.freiburg-schwarzwald.de\/blog\/natur\/klima\/fridaysforfuture\/\">Fridays For Future (FfF)<\/a> lautet: F\u00e4hrt man zwecks Klimaschutz die staatliche Regulierung hoch und die Marktkr\u00e4fte runter, kann dies zu etwas anderem f\u00fchren als zum Sozialismus, sofern man global arbeitet. Kinder und Enkel stimmen dem zu, w\u00e4hrend meine These lautet: Nein, Planwirtschaft zerst\u00f6rt den Kapitalismus und f\u00fchrt in den Sozialismus. Dazu IFO-Chef Clemens Fuest &#8222;Ohne den Kapitalismus k\u00f6nnen wir den Klimaschutz vergessen&#8220;. Oder Roger Letsch: &#8222;Klimaschutz braucht den Humus des entwickelten Industriestaates&#8220;.<br \/>\nDie der tagt\u00e4glichen Daseinserhaltung dienenden Fragen wie Fahrradschnellweg, Diesel-Pkw-Verbot oder CO2-Steuer stellen sich nicht in L\u00e4ndern wie Sudan, Kolumbien oder Myanmar, sondern nur in Staaten mit Meinungsfreiheit (f\u00fcr Kritik), Wirtschaftsstabilit\u00e4t (f\u00fcr Projekte) und Rechtsstaat (Investitionssicherheit).<br \/>\nDie vielen Akteure in der Marktwirtschaft irren st\u00e4ndig, aber in kleineren Ma\u00dfst\u00e4ben und mit R\u00fcckkopplung, w\u00e4hrend der Sozialismus von einem riesengro\u00dfen Fehler zum n\u00e4chsten taumelt.<br \/>\nFfF verh\u00e4lt sich nach Innen zu Andersdenkenden genauso wie der Westen nach Au\u00dfen zu den Entwicklungsl\u00e4ndern: Besserwissen, Fordern, Entm\u00fcndigen, Strafen &#8211; also Ideologie statt Argumentation.<\/p>\n<p><em>(4) Opportunismus:<\/em><br \/>\nAls <a title=\"Anthropodizee-Frage und Klima\" href=\"https:\/\/www.freiburg-schwarzwald.de\/blog\/anthropodizee-frage-und-klima\/\">Anthropodizee<\/a> bezeichnet man die Rechtfertigung des Menschen in Anbetracht der von ihm verursachten \u00dcbel. Frank Lisson liefert in seinem Buch <a title=\"Anthropodizee\" href=\"https:\/\/www.freiburg-schwarzwald.de\/blog\/bildung\/philosophie\/anthropodizee\/\">&#8222;Mythos Mensch&#8220;<\/a> eine zum Nachdenken anregende Anthropodizee, n\u00e4mlich die Rechtfertigung des Menschen in seiner Eigenschaft als Opportunist: Man werde doch niemanden \u201cabqualifizieren d\u00fcrfen, der als Resultat des Zeitgeistes wie zuf\u00e4llig gerade diejenige Haltung einnimmt, die ihm in seiner Umgebung die meisten Vorteile verschafft\u201d. Anstelle von Kritik ist der Flow im Mainstream angesagt: \u201cWo Mitmachen Erfolg und damit das \u201asch\u00f6ne Leben\u2018 verspricht, sind Zweifel, Skepsis und Gewissensn\u00f6te das klare Anzeichen eines ungesunden Gem\u00fcts. \u2013 Loben und feiern wir also die Geschickten und Gewieften, die Arrivierten und klugen Taktiker.\u201d Opportunisten sind \u201cdie vor Gesundheit strotzenden Alphatiere des Lebens\u201d, die sich instinktsicher dem jeweils st\u00e4rksten Dogmatismus anschlie\u00dfen. Alle Widerst\u00e4ndigen gegen dieses Weltgesetz machen sich nur l\u00e4cherlich: \u201cWie peinlich, \u00fcberhaupt jemals den Siegerinstinkt des zeitgeistgesteuerten, \u00fcberall Mitmachenden angeklagt zu haben! So als gerate man immer wieder gegen schlechtes Wetter in Zorn.\u201d<br \/>\nMit dem Buchtitel \u201cMythos Mensch\u201d will Lisson sagen, da\u00df der Mensch ohne Mythen nicht lebensf\u00e4hig ist, denn \u201cWie kann ein denkendes, empfindendes Wesen in die Welt eintreten, ohne durch das Bedenkliche und also zu Bedenkende, das es \u00fcberall umringt, in v\u00f6lliger Verst\u00f6rung zu enden? Ohne die Begabung zum Mythos h\u00e4tte der Mensch seinen Weg in die Selbstwahrnehmung kaum \u00fcberleben k\u00f6nnen.\u201d Den Opportunisten als den in seinen Mythen und Zweckl\u00fcgen behaglich lebenden Wohlstandsb\u00fcrger mu\u00df man als den \u201cwahren\u201d und \u201crichtigen\u201d Menschen annehmen: \u201cUnd auch nur dadurch, n\u00e4mlich durch das Lob dieser rein menschlichen Begabung zum Glauben an etwas real nicht Vorhandenes wie \u201aGott\u2018 oder den \u201aguten Staat\u2018, sowie durch die F\u00e4higkeit, allen \u00dcbeln ihr \u201aGutes\u2018 abzugewinnen \u2013 allein dadurch w\u00e4re eine Anthropodizee im gemeinmenschlichen Sinne m\u00f6glich!\u201d<br \/>\nIm Klartext: Unser Wohlfahrtsstaat f\u00f6rdert Bequemlichkeit und Verdummung. Materiell wohl versorgt und intellektuell opportunistisch. Und diesen Opportunismus k\u00f6nnen die Gro\u00dfeltern ihren erwerbst\u00e4tigen S\u00f6hnen und T\u00f6chtern nicht zum Vorwurf machen. Auch wenn er das offene Gespr\u00e4ch zwischen den Generationen erschwert.<\/p>\n<p><em>(5) Medienh\u00f6rigkeit<\/em><br \/>\nDie seit den 68ern<a title=\"Mainstream\" href=\"https:\/\/www.freiburg-schwarzwald.de\/blog\/kultur\/medien\/mainstream\/\"> links-dominierten Medien<\/a> standen bis zur Jahrtausendwende in Opposition zur den eher mitte-rechts dominierten Regierungen. Da gab es noch fetzige Auseinandersetzungen (Spiegel gegen Franz-Josef Strau\u00df) und interessante, weil geistig anspruchsvolle Streitkultur.<br \/>\nNach dem durch Angela Merkel durchgesetzten Linksrutsch der CDU sind die weiterhin linken Mainstream-Medien eher zu Claqueuren der Regierung geworden: Wendepunkte wie Kernkraftabsage, EU-Haftung und Grenz\u00f6ffnung wurden fast frenetisch beklatscht und kaum kritisch hinterfragt &#8211; von der Kontrollfunktion der <a title=\"Medien 4. Gewalt \u2013 Tabu Info\" href=\"https:\/\/www.freiburg-schwarzwald.de\/blog\/medien-4-gewalt-tabu-info\/\">Medien als 4. Macht der Demokratie<\/a> ist heute nichts mehr zu sp\u00fcren.<br \/>\nMan sollte meinen, dass solche fast regierungsh\u00f6rigen Medien f\u00fcr die kritische Jugend als langweilig abgelehnt werden. Doch weit gefehlt: Durch Framing und geeignete Narrative (<a title=\"Oma-Umweltsau\" href=\"https:\/\/www.freiburg-schwarzwald.de\/blog\/selbsthilfe\/senioren\/oma-umweltsau\/\">&#8222;Oma Umweltsau&#8220;<\/a>) gelang den linken Medien das Kunstst\u00fcck, den f\u00fcr die ebenfalls linken Jungen so attraktiven Touch des <a title=\"Opposition\" href=\"https:\/\/www.freiburg-schwarzwald.de\/blog\/engagement\/zukunft\/demokratie\/opposition\/\">Opponierens<\/a> zu erhalten.<\/p>\n<p><em>(6) Jugend und Regierung sind sich einig, da beide eher links<\/em><br \/>\nDie Jugend ist immer gegen das sog. Establishment gestimmt, auch in meiner Jugendzeit war es nicht anders, auch wir agierten gegen die strukturelle Gewalt des Staates und gegen die milit\u00e4rische Macht. Aber damals standen wir politisch links und die Regierung mitsamt unseren Eltern rechts. Heute hingegen trifft eine wie immer linke Jugend auf eine ebenfalls links ausgerichtete Regierung, bei Akzeptanz seitens der Eltern und Teilen der Gro\u00dfeltern. Die \u00e4ltere Generation hingegen zeigt sich gespalten: Die einen machen begeistert mit bei &#8222;Opas For Future&#8220; und &#8222;Omas gegen Rechts&#8220;, die anderen jedoch orientieren sich an Wertekonservativismus und politischer Mitte. Zu letzteren z\u00e4hle ich mich als Opa &#8211; und genau hier liegt das Problem. Die Jungen sind nicht gewohnt und willens, sich mit einer anderen Meinung und deren Argumenten auseinander zu setzen und zu streiten.<br \/>\nClemens Traub, ein abtr\u00fcnniger FfF-Aktivist beschreibt dies in seinem Buch <a title=\"FridaysForFuture\" href=\"https:\/\/www.freiburg-schwarzwald.de\/blog\/natur\/klima\/fridaysforfuture\/\">&#8222;Future For Fridays?&#8220;<\/a> so: \u201eWer \u2013 wie viele Aktivisten bei Fridays for Future \u2013 so beh\u00fctet gro\u00df wird, hat kaum Einblicke in das Leben, das Millionen Menschen in unserem Land f\u00fchren.\u201c Die jungen Leute von FfF haben das Gef\u00fchl, &#8222;die einzige Wahrheit gepachtet zu haben. \u2026 Das Denken konzentrierte sich zunehmend auf ein Schwarz gegen Wei\u00df, Gut gegen B\u00f6se. Irgendwann f\u00fchlte sich der Klimaprotest an wie ein totaler, autorit\u00e4rer Kampf gegen den Rest der Menschheit.\u201c Und genauso f\u00fchlt man sich als Oma oder Opa bei den wenigen Gespr\u00e4chen mit Enkeln und Kindern: als dem &#8222;Rest der Menschheit&#8220; zugeh\u00f6rig.<br \/>\n.<br \/>\nStaat und Revolution sind sich &#8211; da beide links &#8211; einig wie nie. Der Staat ist mit Presse und NGOs zum linken polit-medialen Komplex verschmolzen. Die Revolution reicht von den Enkeln \u00fcber die Kinder bis zu dem Teil der Gro\u00dfeltern, die als <a title=\"68er feiern 50 Jahre 1968-2018\" href=\"https:\/\/www.freiburg-schwarzwald.de\/blog\/68er-feiern-50-jahre-1968-2018\/\">68er<\/a> wie <a title=\"Freie Debattenr\u00e4ume \u2013 Appell\" href=\"https:\/\/www.freiburg-schwarzwald.de\/blog\/freie-debattenraeume-appell\/\">Alt-86er<\/a> der linken Ideologie treu geblieben sind.<br \/>\nSchon Simone de Beauvoir beschreibt in ihrem Buch \u00fcber das Altern die Einigkeit von Gro\u00dfeltern und Enkelgeneration: Die einen verf\u00fcgen noch \u00fcber wenig Vernunft, w\u00e4hrend die anderen sich von ihr verabschiedet haben. Ich z\u00e4hle zu dem Teil der Gro\u00dfelterngeneration, die <a title=\"Konservativismus\" href=\"https:\/\/www.freiburg-schwarzwald.de\/blog\/engagement\/zukunft\/demokratie\/konservativismus\/\">wertekonservativ<\/a> der politischen Mitte zugeh\u00f6rig sind. Eigentlich eine gute Basis f\u00fcr interessante Streitgespr\u00e4che mit Kindern und Enkeln. Dem ist aber leider nicht so, da der Jugend dazu neigt, vorgefertigte Meinung als Glaubenss\u00e4tze zu verteidigen statt zu diskutieren.<br \/>\n.<br \/>\n<em>Resum\u00e9: Diskussion unerw\u00fcnscht<\/em><br \/>\nBei Treffen im Familienkreis wird allzuoft Oberfl\u00e4chliches gepflegt, Gespr\u00e4che bleiben an der Fassade kleben: Krankheiten, Urlaub, Ern\u00e4hrungstips zur geregelten Verdauung, Sonderangebote &#8211; Diskussionsversuche jenseits von Aldi oder Lidl scheitern kl\u00e4glich:<br \/>\nAuf die Frage &#8222;Laut Untersuchungen an der Uni T\u00fcbingen und in der Schweiz trugen 85% bzw. 81% der an <a title=\"Corona-Virus\" href=\"https:\/\/www.freiburg-schwarzwald.de\/blog\/business\/gesund\/corona-virus\/\">Corona<\/a> erkrankten eine Maske &#8211; also ist diese doch wirkungslos?&#8220; die Antwort &#8222;Das will ich nicht h\u00f6ren&#8220;<br \/>\n&#8222;Die <a title=\"Crash\" href=\"https:\/\/www.freiburg-schwarzwald.de\/blog\/business\/rezession\/crash\/\">Corona-Shutdowns<\/a> der 28 EU-Staaten bewirkten nur 9% CO2-Emissionsr\u00fcckgang und wurden durch gleichzeitige Zunahme seitens China mehr als ausgeglichen&#8220; erf\u00e4hrt die Antwort &#8222;Jetzt f\u00e4ngst Du schon wieder an&#8220;<br \/>\nDer Aussage des Nobelpreistr\u00e4gers Milton Friedman &#8222;You can have open borders, you can have social welfare &#8211; but you can&#8217;t have both&#8220; wird entgegnet, diese sei veraltet.<br \/>\n.<br \/>\nBleibt als Sorge: Erst wenn <a title=\"Blackout\" href=\"https:\/\/www.freiburg-schwarzwald.de\/blog\/energie\/strom\/blackout\/\">Blackout<\/a>, <a title=\"Rezession\" href=\"https:\/\/www.freiburg-schwarzwald.de\/blog\/business\/rezession\/\">Rezession<\/a> und wirtschaftliche Not zur Befreiung aus der Wohlstandblase gef\u00fchrt haben, werden vernunftgeleitete und ehrliche Gespr\u00e4che zwischen den Generationen wieder m\u00f6glich sein.<br \/>\nBleibt als Trost: Opa und Oma sind gefragt, wenn&#8217;s ums Kinderh\u00fcten oder ums Geld geht.<br \/>\n20.10.2020<\/p>\n","protected":false},"excerpt":{"rendered":"<p>No discussion with children.\u00a0Nachdem Gespr\u00e4che mit Kindern und Enkeln immer wieder abrupt mit dem Vorwurf enden,\u00a0man habe die falsche Meinung, meidet so mancher Opa den Diskurs zwischen Jung und Alt. Anfangs f\u00e4llt es schwer, auf das Diskutieren unterschiedlicher Meinungen und &hellip; <a href=\"https:\/\/www.freiburg-schwarzwald.de\/blog\/grosseltern-kinder-und-enkel\/\">Weiterlesen <span class=\"meta-nav\">&rarr;<\/span><\/a><\/p>\n","protected":false},"author":2,"featured_media":0,"comment_status":"open","ping_status":"closed","sticky":false,"template":"","format":"standard","meta":{"footnotes":""},"categories":[58,60,61,93,13,102,172],"tags":[190,327,170,488,301],"class_list":["post-83840","post","type-post","status-publish","format-standard","hentry","category-familie","category-jugend","category-kinder","category-kindergarten","category-kultur","category-senioren","category-zukunft","tag-alter","tag-demografie","tag-generationenvertrag","tag-child","tag-culture"],"_links":{"self":[{"href":"https:\/\/www.freiburg-schwarzwald.de\/blog\/wp-json\/wp\/v2\/posts\/83840","targetHints":{"allow":["GET"]}}],"collection":[{"href":"https:\/\/www.freiburg-schwarzwald.de\/blog\/wp-json\/wp\/v2\/posts"}],"about":[{"href":"https:\/\/www.freiburg-schwarzwald.de\/blog\/wp-json\/wp\/v2\/types\/post"}],"author":[{"embeddable":true,"href":"https:\/\/www.freiburg-schwarzwald.de\/blog\/wp-json\/wp\/v2\/users\/2"}],"replies":[{"embeddable":true,"href":"https:\/\/www.freiburg-schwarzwald.de\/blog\/wp-json\/wp\/v2\/comments?post=83840"}],"version-history":[{"count":5,"href":"https:\/\/www.freiburg-schwarzwald.de\/blog\/wp-json\/wp\/v2\/posts\/83840\/revisions"}],"predecessor-version":[{"id":84092,"href":"https:\/\/www.freiburg-schwarzwald.de\/blog\/wp-json\/wp\/v2\/posts\/83840\/revisions\/84092"}],"wp:attachment":[{"href":"https:\/\/www.freiburg-schwarzwald.de\/blog\/wp-json\/wp\/v2\/media?parent=83840"}],"wp:term":[{"taxonomy":"category","embeddable":true,"href":"https:\/\/www.freiburg-schwarzwald.de\/blog\/wp-json\/wp\/v2\/categories?post=83840"},{"taxonomy":"post_tag","embeddable":true,"href":"https:\/\/www.freiburg-schwarzwald.de\/blog\/wp-json\/wp\/v2\/tags?post=83840"}],"curies":[{"name":"wp","href":"https:\/\/api.w.org\/{rel}","templated":true}]}}