{"id":83822,"date":"2020-10-19T21:06:46","date_gmt":"2020-10-19T19:06:46","guid":{"rendered":"https:\/\/www.freiburg-schwarzwald.de\/blog\/?p=83822"},"modified":"2020-10-19T21:21:07","modified_gmt":"2020-10-19T19:21:07","slug":"herbstwanderung-bei-froehnd","status":"publish","type":"post","link":"https:\/\/www.freiburg-schwarzwald.de\/blog\/herbstwanderung-bei-froehnd\/","title":{"rendered":"Herbstwanderung bei Froehnd"},"content":{"rendered":"<p>Die neun Ortsteile von <a title=\"Froehnd\" href=\"https:\/\/www.freiburg-schwarzwald.de\/blog\/regio\/orte\/froehnd\/\">Fr\u00f6hnd<\/a> liegen auf offenem, sonnigen Wiesengel\u00e4nde &#8211; ideal f\u00fcr <a title=\"Wandervereine\" href=\"https:\/\/www.freiburg-schwarzwald.de\/blog\/vereine\/wandervereine\/\">Wanderungen<\/a> im <a title=\"Herbst\" href=\"https:\/\/www.freiburg-schwarzwald.de\/blog\/natur\/herbst\/\">Herbst<\/a>. Ob man auf dem nach Westen geneigten Hang des Wiesentals (P Holzer Kreuz oberhalb K\u00fcnaberg\/Stutz) oder dem Osthang (P Tannenboden oberhalb Unterkastel) wandert &#8211; herrliche Ausblicke bis hin zu Belchen und <a title=\"Feldberg\" href=\"https:\/\/www.freiburg-schwarzwald.de\/blog\/regio\/orte\/feldberg\/\">Feldberg<\/a> sind garantiert. Vorbei an <a title=\"Bergbauern\" href=\"https:\/\/www.freiburg-schwarzwald.de\/blog\/natur\/landwirt\/bergbauern\/\">Bauernh\u00f6fen<\/a> und <a title=\"Tag des offenen Hofes \u2013 Bauern\" href=\"https:\/\/www.freiburg-schwarzwald.de\/blog\/tag-des-offenen-hofes-bauern\/\">Sitzb\u00e4nken<\/a>.<br \/>\n<!--more-->Zwei Vorschl\u00e4ge: Beim unten beschriebenen Rundweg zum <a title=\"Froehnd\" href=\"https:\/\/www.freiburg-schwarzwald.de\/blog\/regio\/orte\/froehnd\/\">Ittenschwander Horn<\/a> gehts rauf und runter. Der bequeme Panoramaweg von der uralten Klopfs\u00e4ge bei Hinterstadel \u00fcber Vorderstadel, das S\u00e4ttele nach <a title=\"Haeg-Ehrsberg\" href=\"https:\/\/www.freiburg-schwarzwald.de\/blog\/regio\/orte\/haeg-ehrsberg\/\">Ehrsberg<\/a> ist ziemlich eben.<br \/>\n19.10.2020<br \/>\n.<\/p>\n<p><a href=\"https:\/\/www.freiburg-schwarzwald.de\/blog\/herbstwanderung-bei-froehnd\/froehnd1tannenboden201019\/\" rel=\"attachment wp-att-83823\"><img loading=\"lazy\" decoding=\"async\" class=\"alignnone size-thumbnail wp-image-83823\" src=\"https:\/\/www.freiburg-schwarzwald.de\/blog\/wp-content\/uploads\/2020\/10\/froehnd1tannenboden201019-180x135.jpg\" alt=\"froehnd1tannenboden201019\" width=\"180\" height=\"135\" srcset=\"https:\/\/www.freiburg-schwarzwald.de\/blog\/wp-content\/uploads\/2020\/10\/froehnd1tannenboden201019-180x135.jpg 180w, https:\/\/www.freiburg-schwarzwald.de\/blog\/wp-content\/uploads\/2020\/10\/froehnd1tannenboden201019-640x480.jpg 640w, https:\/\/www.freiburg-schwarzwald.de\/blog\/wp-content\/uploads\/2020\/10\/froehnd1tannenboden201019.jpg 800w\" sizes=\"auto, (max-width: 180px) 100vw, 180px\" \/><\/a>\u00a0 \u00a0 \u00a0 \u00a0 \u00a0\u00a0<a href=\"https:\/\/www.freiburg-schwarzwald.de\/blog\/herbstwanderung-bei-froehnd\/froehnd2ittenschwanderhorn201019\/\" rel=\"attachment wp-att-83824\"><img loading=\"lazy\" decoding=\"async\" class=\"alignnone size-thumbnail wp-image-83824\" src=\"https:\/\/www.freiburg-schwarzwald.de\/blog\/wp-content\/uploads\/2020\/10\/froehnd2ittenschwanderhorn201019-180x134.jpg\" alt=\"froehnd2ittenschwanderhorn201019\" width=\"180\" height=\"134\" srcset=\"https:\/\/www.freiburg-schwarzwald.de\/blog\/wp-content\/uploads\/2020\/10\/froehnd2ittenschwanderhorn201019-180x134.jpg 180w, https:\/\/www.freiburg-schwarzwald.de\/blog\/wp-content\/uploads\/2020\/10\/froehnd2ittenschwanderhorn201019-640x479.jpg 640w, https:\/\/www.freiburg-schwarzwald.de\/blog\/wp-content\/uploads\/2020\/10\/froehnd2ittenschwanderhorn201019.jpg 801w\" sizes=\"auto, (max-width: 180px) 100vw, 180px\" \/><\/a>\u00a0 \u00a0 \u00a0 \u00a0 \u00a0\u00a0<a href=\"https:\/\/www.freiburg-schwarzwald.de\/blog\/herbstwanderung-bei-froehnd\/froehnd3ittenschwanderhorn201019\/\" rel=\"attachment wp-att-83825\"><img loading=\"lazy\" decoding=\"async\" class=\"alignnone size-thumbnail wp-image-83825\" src=\"https:\/\/www.freiburg-schwarzwald.de\/blog\/wp-content\/uploads\/2020\/10\/froehnd3ittenschwanderhorn201019-180x134.jpg\" alt=\"froehnd3ittenschwanderhorn201019\" width=\"180\" height=\"134\" srcset=\"https:\/\/www.freiburg-schwarzwald.de\/blog\/wp-content\/uploads\/2020\/10\/froehnd3ittenschwanderhorn201019-180x134.jpg 180w, https:\/\/www.freiburg-schwarzwald.de\/blog\/wp-content\/uploads\/2020\/10\/froehnd3ittenschwanderhorn201019-640x479.jpg 640w, https:\/\/www.freiburg-schwarzwald.de\/blog\/wp-content\/uploads\/2020\/10\/froehnd3ittenschwanderhorn201019.jpg 801w\" sizes=\"auto, (max-width: 180px) 100vw, 180px\" \/><\/a><br \/>\n(1) Wanderparkplatz Tannenboden\u00a0 \u00a0 \u00a0 \u00a0 \u00a0(2) Blick vom Ittenschwanderhorn nach Norden sowie Osten<\/p>\n<p><a href=\"https:\/\/www.freiburg-schwarzwald.de\/blog\/herbstwanderung-bei-froehnd\/froehndschoenau201019\/\" rel=\"attachment wp-att-83826\"><img loading=\"lazy\" decoding=\"async\" class=\"alignnone size-thumbnail wp-image-83826\" src=\"https:\/\/www.freiburg-schwarzwald.de\/blog\/wp-content\/uploads\/2020\/10\/froehndschoenau201019-180x134.jpg\" alt=\"froehndschoenau201019\" width=\"180\" height=\"134\" srcset=\"https:\/\/www.freiburg-schwarzwald.de\/blog\/wp-content\/uploads\/2020\/10\/froehndschoenau201019-180x134.jpg 180w, https:\/\/www.freiburg-schwarzwald.de\/blog\/wp-content\/uploads\/2020\/10\/froehndschoenau201019-640x479.jpg 640w, https:\/\/www.freiburg-schwarzwald.de\/blog\/wp-content\/uploads\/2020\/10\/froehndschoenau201019.jpg 801w\" sizes=\"auto, (max-width: 180px) 100vw, 180px\" \/><\/a>\u00a0 \u00a0 \u00a0 \u00a0 \u00a0\u00a0<a href=\"https:\/\/www.freiburg-schwarzwald.de\/blog\/herbstwanderung-bei-froehnd\/froehnd5schneckenkopf201019\/\" rel=\"attachment wp-att-83827\"><img loading=\"lazy\" decoding=\"async\" class=\"alignnone size-thumbnail wp-image-83827\" src=\"https:\/\/www.freiburg-schwarzwald.de\/blog\/wp-content\/uploads\/2020\/10\/froehnd5schneckenkopf201019-180x134.jpg\" alt=\"froehnd5schneckenkopf201019\" width=\"180\" height=\"134\" srcset=\"https:\/\/www.freiburg-schwarzwald.de\/blog\/wp-content\/uploads\/2020\/10\/froehnd5schneckenkopf201019-180x134.jpg 180w, https:\/\/www.freiburg-schwarzwald.de\/blog\/wp-content\/uploads\/2020\/10\/froehnd5schneckenkopf201019-640x479.jpg 640w, https:\/\/www.freiburg-schwarzwald.de\/blog\/wp-content\/uploads\/2020\/10\/froehnd5schneckenkopf201019.jpg 801w\" sizes=\"auto, (max-width: 180px) 100vw, 180px\" \/><\/a>\u00a0 \u00a0 \u00a0 \u00a0 \u00a0\u00a0<a href=\"https:\/\/www.freiburg-schwarzwald.de\/blog\/herbstwanderung-bei-froehnd\/froehnd6belchen-ittenschwander201019\/\" rel=\"attachment wp-att-83828\"><img loading=\"lazy\" decoding=\"async\" class=\"alignnone size-thumbnail wp-image-83828\" src=\"https:\/\/www.freiburg-schwarzwald.de\/blog\/wp-content\/uploads\/2020\/10\/froehnd6belchen-ittenschwander201019-180x134.jpg\" alt=\"froehnd6belchen-ittenschwander201019\" width=\"180\" height=\"134\" srcset=\"https:\/\/www.freiburg-schwarzwald.de\/blog\/wp-content\/uploads\/2020\/10\/froehnd6belchen-ittenschwander201019-180x134.jpg 180w, https:\/\/www.freiburg-schwarzwald.de\/blog\/wp-content\/uploads\/2020\/10\/froehnd6belchen-ittenschwander201019-640x479.jpg 640w, https:\/\/www.freiburg-schwarzwald.de\/blog\/wp-content\/uploads\/2020\/10\/froehnd6belchen-ittenschwander201019.jpg 934w\" sizes=\"auto, (max-width: 180px) 100vw, 180px\" \/><\/a><br \/>\n(4) Sch\u00f6nau\u00a0 am 19.10.2020\u00a0 \u00a0 \u00a0 \u00a0 \u00a0 \u00a0 \u00a0 \u00a0 \u00a0 (5) Schneckenkopf mit Holzer Kreuz\u00a0 \u00a0 \u00a0 \u00a0(6) <a title=\"Belchen\" href=\"https:\/\/www.freiburg-schwarzwald.de\/blog\/regio\/berge\/belchen\/\">Belchen<\/a> (rechts)<\/p>\n<p><a href=\"https:\/\/www.freiburg-schwarzwald.de\/blog\/herbstwanderung-bei-froehnd\/froehnd6klopfsaege201019\/\" rel=\"attachment wp-att-83829\"><img loading=\"lazy\" decoding=\"async\" class=\"alignnone size-thumbnail wp-image-83829\" src=\"https:\/\/www.freiburg-schwarzwald.de\/blog\/wp-content\/uploads\/2020\/10\/froehnd6klopfsaege201019-180x134.jpg\" alt=\"froehnd6klopfsaege201019\" width=\"180\" height=\"134\" srcset=\"https:\/\/www.freiburg-schwarzwald.de\/blog\/wp-content\/uploads\/2020\/10\/froehnd6klopfsaege201019-180x134.jpg 180w, https:\/\/www.freiburg-schwarzwald.de\/blog\/wp-content\/uploads\/2020\/10\/froehnd6klopfsaege201019-640x479.jpg 640w, https:\/\/www.freiburg-schwarzwald.de\/blog\/wp-content\/uploads\/2020\/10\/froehnd6klopfsaege201019.jpg 801w\" sizes=\"auto, (max-width: 180px) 100vw, 180px\" \/><br \/>\n<\/a>(7) Klopfs\u00e4ge Fr\u00f6hnd-Hinterstadel<\/p>\n<p>(2) Blick vom Ittenschwander Horn nach Norden zum Belchen (links) und Feldberg (rechts<br \/>\n(3) Blick vom Ittenschwander Horn nach Osten \u00fcbers Wiesental\u00a0auf K\u00fcnaberg und Ehrsberg (rechts oben)<br \/>\n(4) Blick nach Nordosten \u00fcber Sch\u00f6nau bis zum Herzogenhorn<br \/>\n(5) Blick nach Osten \u00fcbers Wiesental bis zum Schneckenkopf<br \/>\n(6) Blick vom, S\u00e4ttele zwischen Vorderstadel und Ehsberg nach Westen \u00fcbers Wiesental zum belchen (rechts und Ittenschwander Horn (links)<br \/>\n.<\/p>\n<p><strong>Auf dem Ittenschwander Horn bei Fr\u00f6hnd steht nun ein Viscope-Fernrohr<\/strong><br \/>\nGerade im Wiesental gibt es unz\u00e4hlige M\u00f6glichkeiten, zu Fu\u00df die Sch\u00f6nheiten der Natur zu genie\u00dfen. Ein neues Highlight gibt es seit Kurzem am Ittenschwander Horn in etwa 960 Metern. Seit Ende Juni steht im Fr\u00f6hnder Ortsteil Ittenschwand ein Panorama-Fernrohr, ein sogenanntes Viscope, das einen herrlichen kostenlosen Ausblick auf die umliegenden Berge, T\u00e4ler und Orte er\u00f6ffnet, und diese mit Zusatzinformationen \u00fcber das eingeblendete Sichtfeld erweitert.<br \/>\nWer durch das Erlebnisfernrohr blickt, kann genau orten, was er sieht: Zum Beispiel den Belchen auf 1414 Metern H\u00f6he. Dazu gibt es die Info, dass es in diese Richtung in die Breisgaumetropole Freiburg 26 Kilometer weit w\u00e4re oder weiter in den Norden nach Hamburg 661 Kilometer. Wer in Richtung Herzogenhorn schaut (1415 Meter hoch), sieht au\u00dferdem, dass es nach Moskau 2217 Kilometer w\u00e4ren. Es gibt hier also nicht nur Wissenswertes \u00fcber die hiesige Region, sondern auch Interessantes \u00fcber die gro\u00dfe weite Welt zu erfahren.<br \/>\nDer atemberaubende Ausblick vom Ittenschwander Horn er\u00f6ffnet ein wundervolles Panorama \u00fcber das Wiesental und die drei h\u00f6chsten Berge des Schwarzwaldes \u2013 Belchen, Feldberg und Herzogenhorn. Auch der Hohe-M\u00f6hr-Turm ist zu sehen und bei guter Fernsicht sogar die Schweizer Alpen. &#8230;<br \/>\nAusgangspunkt ist der Wanderparkplatz Tannenboden. Hierhin gelangt man auf der B 317. Bei Fr\u00f6hnd biegt man nach Unterkastel ein, f\u00e4hrt weiter \u00fcber Kastel und Ittenschwand vorbei an der St.Blasius-Kapelle (1767 im Zopfstil errichtet mit Rokoko-Altar). Dann geht es einige hundert Meter hoch Richtung Hof und der Wanderparkplatz Tannenboden auf 690 Metern H\u00f6he ist erreicht. Gleich in der N\u00e4he des Parkplatzes befindet sich eine attraktive Grillstelle. Am Parkplatz sieht man auch die Hinweisschilder. F\u00fcr die Tour zum Ittenschwander Horn folgt man dem Schild &#8222;Rundweg Horn&#8220;.<br \/>\n&#8230; Alles vom 4.9.2020 von Angelika Schmidt bitte lesen auf<br \/>\n<a href=\"https:\/\/www.badische-zeitung.de\/auf-dem-ittenschwander-horn-bei-froehnd-steht-nun-ein-viscope-fernrohr--193508675.html\">https:\/\/www.badische-zeitung.de\/auf-dem-ittenschwander-horn-bei-froehnd-steht-nun-ein-viscope-fernrohr&#8211;193508675.html<\/a><\/p>\n","protected":false},"excerpt":{"rendered":"<p>Die neun Ortsteile von Fr\u00f6hnd liegen auf offenem, sonnigen Wiesengel\u00e4nde &#8211; ideal f\u00fcr Wanderungen im Herbst. Ob man auf dem nach Westen geneigten Hang des Wiesentals (P Holzer Kreuz oberhalb K\u00fcnaberg\/Stutz) oder dem Osthang (P Tannenboden oberhalb Unterkastel) wandert &#8211; &hellip; <a href=\"https:\/\/www.freiburg-schwarzwald.de\/blog\/herbstwanderung-bei-froehnd\/\">Weiterlesen <span class=\"meta-nav\">&rarr;<\/span><\/a><\/p>\n","protected":false},"author":2,"featured_media":0,"comment_status":"open","ping_status":"closed","sticky":false,"template":"","format":"standard","meta":{"footnotes":""},"categories":[51,180,12,11,7,137,122],"tags":[587,142,331,380],"class_list":["post-83822","post","type-post","status-publish","format-standard","hentry","category-bauernhof","category-hochschwarzwald","category-natur","category-regio","category-tourismus","category-wald","category-wandern","tag-blackforest","tag-renaturierung","tag-tourist","tag-wanderweg"],"_links":{"self":[{"href":"https:\/\/www.freiburg-schwarzwald.de\/blog\/wp-json\/wp\/v2\/posts\/83822","targetHints":{"allow":["GET"]}}],"collection":[{"href":"https:\/\/www.freiburg-schwarzwald.de\/blog\/wp-json\/wp\/v2\/posts"}],"about":[{"href":"https:\/\/www.freiburg-schwarzwald.de\/blog\/wp-json\/wp\/v2\/types\/post"}],"author":[{"embeddable":true,"href":"https:\/\/www.freiburg-schwarzwald.de\/blog\/wp-json\/wp\/v2\/users\/2"}],"replies":[{"embeddable":true,"href":"https:\/\/www.freiburg-schwarzwald.de\/blog\/wp-json\/wp\/v2\/comments?post=83822"}],"version-history":[{"count":5,"href":"https:\/\/www.freiburg-schwarzwald.de\/blog\/wp-json\/wp\/v2\/posts\/83822\/revisions"}],"predecessor-version":[{"id":83839,"href":"https:\/\/www.freiburg-schwarzwald.de\/blog\/wp-json\/wp\/v2\/posts\/83822\/revisions\/83839"}],"wp:attachment":[{"href":"https:\/\/www.freiburg-schwarzwald.de\/blog\/wp-json\/wp\/v2\/media?parent=83822"}],"wp:term":[{"taxonomy":"category","embeddable":true,"href":"https:\/\/www.freiburg-schwarzwald.de\/blog\/wp-json\/wp\/v2\/categories?post=83822"},{"taxonomy":"post_tag","embeddable":true,"href":"https:\/\/www.freiburg-schwarzwald.de\/blog\/wp-json\/wp\/v2\/tags?post=83822"}],"curies":[{"name":"wp","href":"https:\/\/api.w.org\/{rel}","templated":true}]}}