{"id":83727,"date":"2020-10-16T07:30:29","date_gmt":"2020-10-16T05:30:29","guid":{"rendered":"https:\/\/www.freiburg-schwarzwald.de\/blog\/?p=83727"},"modified":"2020-10-16T09:33:43","modified_gmt":"2020-10-16T07:33:43","slug":"volksvertreter-und-demokratie","status":"publish","type":"post","link":"https:\/\/www.freiburg-schwarzwald.de\/blog\/volksvertreter-und-demokratie\/","title":{"rendered":"Volksvertreter und Demokratie"},"content":{"rendered":"<p>Im <a title=\"Parlament\" href=\"https:\/\/www.freiburg-schwarzwald.de\/blog\/engagement\/zukunft\/demokratie\/parlament\/\">Parlament<\/a> versammeln sich Vertreter des <a title=\"Volk\" href=\"https:\/\/www.freiburg-schwarzwald.de\/blog\/engagement\/zukunft\/demokratie\/volk\/\">Volkes<\/a> als dem Souver\u00e4n, um im heftigen <a title=\"Debatte\" href=\"https:\/\/www.freiburg-schwarzwald.de\/blog\/engagement\/zukunft\/demokratie\/debatte\/\">Diskurs<\/a>\u00a0ihre Argumente gegeneinander abzuw\u00e4gen mit dem Ziel, zur Probleml\u00f6sung einen Kompromi\u00df zu finden. Die <a title=\"Parlamentarismus\" href=\"https:\/\/www.freiburg-schwarzwald.de\/blog\/engagement\/zukunft\/demokratie\/parlament\/parlamentarismus\/\">Volksvertreter<\/a> sind der <a title=\"Diskussionskultur\" href=\"https:\/\/www.freiburg-schwarzwald.de\/blog\/kultur\/medien\/diskussionskultur\/\">Diskussionskultur<\/a> bzw. sachlichen <a title=\"Kultur\" href=\"https:\/\/www.freiburg-schwarzwald.de\/blog\/kultur\/\">Streitkultur<\/a> verpflichtet und insofern Vorbilder. Dies gilt f\u00fcr die Abgeordneten aller Parlamente im <a title=\"Demokratie\" href=\"https:\/\/www.freiburg-schwarzwald.de\/blog\/engagement\/zukunft\/demokratie\/\">demokratischen<\/a> <a title=\"Rechtsstaat\" href=\"https:\/\/www.freiburg-schwarzwald.de\/blog\/selbsthilfe\/soziales\/justiz\/rechtsstaat\/\">Rechtstaat<\/a>: Bundestag, Landtage, Kreistage, Gemeinderat, Ortschaftsrat.<br \/>\n.<br \/>\n<!--more--><a title=\"Respekt\" href=\"https:\/\/www.freiburg-schwarzwald.de\/blog\/engagement\/respekt\/\">Respektlosigkeit<\/a> und <a title=\"Diffamierung\" href=\"https:\/\/www.freiburg-schwarzwald.de\/blog\/kultur\/medien\/diffamierung\/\">Diffamierung<\/a> <a title=\"Diskursverweigerung\" href=\"https:\/\/www.freiburg-schwarzwald.de\/blog\/engagement\/zukunft\/demokratie\/diskursverweigerung\/\">disqualifizieren<\/a> einen Abgeordneten. Traurig, da\u00df im Gemeinderat von <a title=\"Stadtfreiburg\" href=\"https:\/\/www.freiburg-schwarzwald.de\/blog\/regio\/freiburg\/stadtfreiburg\/\">Freiburg<\/a> solche <a title=\"Freiburg\" href=\"https:\/\/www.freiburg-schwarzwald.de\/blog\/regio\/freiburg\/\">Stadtr\u00e4te<\/a> sitzen &#8211; bei den Rechten (Dubravko Mandic, AfD) und nun auch bei den Linken (Sergio Pax, vormals Schmidt, Jupi\/Junges Freiburg). Letzterer wurde beim Schwarzfahren in der <a title=\"Strassenbahn\" href=\"https:\/\/www.freiburg-schwarzwald.de\/blog\/regio\/freiburg\/vag\/strassenbahn\/\">Strassenbahn<\/a> erwischt und nannte den Kontrolleur daraufhin\u00a0einen &#8222;miesen Hurensohn&#8220;.<br \/>\n16.10.2020<\/p>\n<p><strong>Stadtrat nennt VAG-Kontrolleure &#8222;miese Hurens\u00f6hne&#8220;<\/strong><br \/>\nSchlicht peinlich: Der Appell von OB Martin Horn im Gemeinderat, sich \u2014 nicht zuletzt auch in den Sozialen Medien \u2014 angemessen zu \u00e4u\u00dfern, ist noch nicht verhallt, da\u00a0p\u00f6belt Jupi-Stadtrat Sergio Pax via Facebook gegen die VAG-Kontrolleure als \u201emiese Hurens\u00f6hne\u201c, weil die ihm ein Bu\u00dfgeld wegen seiner abgelaufenen Regiokarte verpasst<br \/>\nhaben. Soweit, so schwach:<br \/>\nAuch am Tag danach aber noch dar\u00fcber zu fabulieren, dass sich ihm der \u201emoralische Kompass\u201c eines Kontrolleurs nicht erschlie\u00dfe, l\u00e4sst die logische Frage nach dem eigenen moralischen Kompass aufkommen.<br \/>\nZwei Gewinner gibt es bei diesem Trauerspiel: Die Jupi-Fraktion hat sich in der w\u00fcnschenswerten Klarheit distanziert, und OB Horn hat klar Flagge gezeigt, dass solch P\u00f6belei nicht zu relativieren ist, wenn der Gemeinderat weiterhin ernst genommen werden will.<br \/>\n15.10.2020, Stefan Ummenh\u00f6fer. <a href=\"https:\/\/www.stadtkurier.de\">https:\/\/www.stadtkurier.de<br \/>\n<\/a>.<\/p>\n<p><strong>Freiburger Verkehrs-AG zeigt Stadtrat Sergio Pax nach Facebook-P\u00f6belei an<\/strong><br \/>\nIn Abstimmung mit OB Martin Horn erstattet die Freiburger Verkehrs-AG Strafanzeige gegen Stadtrat Sergio Pax \u2013 wegen Beleidigung von Mitarbeitenden an. Horn kritisierte Pax\u2019 \u00c4u\u00dferungen scharf.<br \/>\n&#8230;.<br \/>\nSergio Pax, Stadtrat der Fraktionsgemeinschaft Jupi (Junges Freiburg, Urbanes Freiburg, Die Partei, Liste Teilhabe Inklusion, 5 Sitze im Gemeinderat) war in der Stra\u00dfenbahn kontrolliert und wegen seiner abgelaufenen Regiokarte mit einem Bu\u00dfgeld belegt worden. Auf Facebook bezeichnete Pax deshalb am Freitagabend Stra\u00dfenbahnkontrolleure als &#8222;miese Hurens\u00f6hne&#8220; und legte am Tag darauf nochmal nach: Auf BZ-Anfrage sagte er, ihm erschlie\u00dfe sich der moralische Kompass eines Fahrkartenkontrolleurs nicht und Kontrolleure, die ihren Job freiwillig machen, lehne er schon immer ab. Pax sitzt im Aufsichtsrat der Stadtwerke, zu denen die VAG geh\u00f6rt.<br \/>\n&#8230; Alles vom 2.10220 bitte lesen auf<br \/>\n<a href=\"https:\/\/www.badische-zeitung.de\/freiburger-verkehrs-ag-zeigt-stadtrat-sergio-pax-nach-facebook-poebelei-an--196842732.html\">https:\/\/www.badische-zeitung.de\/freiburger-verkehrs-ag-zeigt-stadtrat-sergio-pax-nach-facebook-poebelei-an&#8211;196842732.html<\/a><\/p>\n","protected":false},"excerpt":{"rendered":"<p>Im Parlament versammeln sich Vertreter des Volkes als dem Souver\u00e4n, um im heftigen Diskurs\u00a0ihre Argumente gegeneinander abzuw\u00e4gen mit dem Ziel, zur Probleml\u00f6sung einen Kompromi\u00df zu finden. Die Volksvertreter sind der Diskussionskultur bzw. sachlichen Streitkultur verpflichtet und insofern Vorbilder. Dies gilt &hellip; <a href=\"https:\/\/www.freiburg-schwarzwald.de\/blog\/volksvertreter-und-demokratie\/\">Weiterlesen <span class=\"meta-nav\">&rarr;<\/span><\/a><\/p>\n","protected":false},"author":2,"featured_media":0,"comment_status":"open","ping_status":"closed","sticky":false,"template":"","format":"standard","meta":{"footnotes":""},"categories":[18,49,13,157,118],"tags":[633,726,510,595,334,662],"class_list":["post-83727","post","type-post","status-publish","format-standard","hentry","category-bildung","category-freiburg","category-kultur","category-oeffentlicher-raum","category-verkehr","tag-demokratie","tag-oeffentlicher-raum","tag-opnv","tag-schwarzarbeit","tag-strasse","tag-werte"],"_links":{"self":[{"href":"https:\/\/www.freiburg-schwarzwald.de\/blog\/wp-json\/wp\/v2\/posts\/83727","targetHints":{"allow":["GET"]}}],"collection":[{"href":"https:\/\/www.freiburg-schwarzwald.de\/blog\/wp-json\/wp\/v2\/posts"}],"about":[{"href":"https:\/\/www.freiburg-schwarzwald.de\/blog\/wp-json\/wp\/v2\/types\/post"}],"author":[{"embeddable":true,"href":"https:\/\/www.freiburg-schwarzwald.de\/blog\/wp-json\/wp\/v2\/users\/2"}],"replies":[{"embeddable":true,"href":"https:\/\/www.freiburg-schwarzwald.de\/blog\/wp-json\/wp\/v2\/comments?post=83727"}],"version-history":[{"count":3,"href":"https:\/\/www.freiburg-schwarzwald.de\/blog\/wp-json\/wp\/v2\/posts\/83727\/revisions"}],"predecessor-version":[{"id":83730,"href":"https:\/\/www.freiburg-schwarzwald.de\/blog\/wp-json\/wp\/v2\/posts\/83727\/revisions\/83730"}],"wp:attachment":[{"href":"https:\/\/www.freiburg-schwarzwald.de\/blog\/wp-json\/wp\/v2\/media?parent=83727"}],"wp:term":[{"taxonomy":"category","embeddable":true,"href":"https:\/\/www.freiburg-schwarzwald.de\/blog\/wp-json\/wp\/v2\/categories?post=83727"},{"taxonomy":"post_tag","embeddable":true,"href":"https:\/\/www.freiburg-schwarzwald.de\/blog\/wp-json\/wp\/v2\/tags?post=83727"}],"curies":[{"name":"wp","href":"https:\/\/api.w.org\/{rel}","templated":true}]}}