{"id":83722,"date":"2020-10-16T09:06:53","date_gmt":"2020-10-16T07:06:53","guid":{"rendered":"https:\/\/www.freiburg-schwarzwald.de\/blog\/?p=83722"},"modified":"2020-10-16T09:06:53","modified_gmt":"2020-10-16T07:06:53","slug":"demo-mit-kochloeffel-freiburg","status":"publish","type":"post","link":"https:\/\/www.freiburg-schwarzwald.de\/blog\/demo-mit-kochloeffel-freiburg\/","title":{"rendered":"Demo mit Kochl\u00f6ffel: Freiburg"},"content":{"rendered":"<p><a title=\"Demonstrationsrecht\" href=\"https:\/\/www.freiburg-schwarzwald.de\/blog\/engagement\/buergerinitiativen\/demonstrationsrecht\/\">Demo<\/a>-Marsch mit schwarzem <a title=\"Corona-Virus\" href=\"https:\/\/www.freiburg-schwarzwald.de\/blog\/business\/gesund\/corona-virus\/\">Mund-Nasen-Schutz<\/a> im Takt von h\u00f6lzernen Kochl\u00f6ffeln. In <a title=\"Freiburg\" href=\"https:\/\/www.freiburg-schwarzwald.de\/blog\/regio\/freiburg\/\">Freiburg<\/a> auf der Rathausgasse von der <a title=\"KaJo\" href=\"https:\/\/www.freiburg-schwarzwald.de\/blog\/regio\/freiburg\/kajo\/\">KaJo<\/a> zum Rathaus skandieren sie &#8222;Kinder von Impfgegnern m\u00fcssen ins Heim&#8220; und &#8222;elektronische Fu\u00dffessel f\u00fcr Infizierte&#8220;. Passanten bleiben <a title=\"Schweigen\" href=\"https:\/\/www.freiburg-schwarzwald.de\/blog\/global\/deutschland\/schweigen\/\">schweigend<\/a>\u00a0und auch <a title=\"Angst\" href=\"https:\/\/www.freiburg-schwarzwald.de\/blog\/engagement\/zukunft\/angst\/\">ver\u00e4ngstigt<\/a> stehen &#8211; nachdenklich?\u00a0\u00a0<a href=\"https:\/\/t.co\/t72AWCULpZ\">https:\/\/t.co\/t72AWCULpZ<\/a><br \/>\n<a href=\"https:\/\/twitter.com\/Satisfaction778\/status\/1316782609859575808\">https:\/\/twitter.com\/Satisfaction778\/status\/1316782609859575808<br \/>\n<\/a>.<br \/>\n<!--more-->Einige Kommentare:<br \/>\nDer Wahnsinn nimmt in be\u00e4ngstigender Geschwindigkeit Fahrt auf! Welcher Mensch, der mal irgendwas von freiheitlicher-demokratischen Grundordnung geh\u00f6rt oder gelesen hat, skandiert bitte, in diesem Wissen, solche Parolen?! Wer?<br \/>\n15.10.2020, Lun<br \/>\n.<br \/>\nScheinst die Aktion nicht ganz verstanden zu haben.<br \/>\n15010.2020, Dob<br \/>\n.<br \/>\nJa eine gute Aktion, leider wird das kaum jemand raffen!<br \/>\n15.10.2020, Jea<br \/>\n<!--more--><!--more--><\/p>\n","protected":false},"excerpt":{"rendered":"<p>Demo-Marsch mit schwarzem Mund-Nasen-Schutz im Takt von h\u00f6lzernen Kochl\u00f6ffeln. In Freiburg auf der Rathausgasse von der KaJo zum Rathaus skandieren sie &#8222;Kinder von Impfgegnern m\u00fcssen ins Heim&#8220; und &#8222;elektronische Fu\u00dffessel f\u00fcr Infizierte&#8220;. Passanten bleiben schweigend\u00a0und auch ver\u00e4ngstigt stehen &#8211; nachdenklich?\u00a0\u00a0https:\/\/t.co\/t72AWCULpZ &hellip; <a href=\"https:\/\/www.freiburg-schwarzwald.de\/blog\/demo-mit-kochloeffel-freiburg\/\">Weiterlesen <span class=\"meta-nav\">&rarr;<\/span><\/a><\/p>\n","protected":false},"author":2,"featured_media":0,"comment_status":"open","ping_status":"closed","sticky":false,"template":"","format":"standard","meta":{"footnotes":""},"categories":[36,400,158,13,157],"tags":[709,700,325],"class_list":["post-83722","post","type-post","status-publish","format-standard","hentry","category-engagement","category-freiwillig","category-gesund","category-kultur","category-oeffentlicher-raum","tag-angst","tag-corona","tag-demo"],"_links":{"self":[{"href":"https:\/\/www.freiburg-schwarzwald.de\/blog\/wp-json\/wp\/v2\/posts\/83722","targetHints":{"allow":["GET"]}}],"collection":[{"href":"https:\/\/www.freiburg-schwarzwald.de\/blog\/wp-json\/wp\/v2\/posts"}],"about":[{"href":"https:\/\/www.freiburg-schwarzwald.de\/blog\/wp-json\/wp\/v2\/types\/post"}],"author":[{"embeddable":true,"href":"https:\/\/www.freiburg-schwarzwald.de\/blog\/wp-json\/wp\/v2\/users\/2"}],"replies":[{"embeddable":true,"href":"https:\/\/www.freiburg-schwarzwald.de\/blog\/wp-json\/wp\/v2\/comments?post=83722"}],"version-history":[{"count":1,"href":"https:\/\/www.freiburg-schwarzwald.de\/blog\/wp-json\/wp\/v2\/posts\/83722\/revisions"}],"predecessor-version":[{"id":83723,"href":"https:\/\/www.freiburg-schwarzwald.de\/blog\/wp-json\/wp\/v2\/posts\/83722\/revisions\/83723"}],"wp:attachment":[{"href":"https:\/\/www.freiburg-schwarzwald.de\/blog\/wp-json\/wp\/v2\/media?parent=83722"}],"wp:term":[{"taxonomy":"category","embeddable":true,"href":"https:\/\/www.freiburg-schwarzwald.de\/blog\/wp-json\/wp\/v2\/categories?post=83722"},{"taxonomy":"post_tag","embeddable":true,"href":"https:\/\/www.freiburg-schwarzwald.de\/blog\/wp-json\/wp\/v2\/tags?post=83722"}],"curies":[{"name":"wp","href":"https:\/\/api.w.org\/{rel}","templated":true}]}}