{"id":83703,"date":"2020-10-15T17:48:01","date_gmt":"2020-10-15T15:48:01","guid":{"rendered":"https:\/\/www.freiburg-schwarzwald.de\/blog\/?p=83703"},"modified":"2020-10-15T17:48:01","modified_gmt":"2020-10-15T15:48:01","slug":"fahrraddemo-contra-steuerzahler","status":"publish","type":"post","link":"https:\/\/www.freiburg-schwarzwald.de\/blog\/fahrraddemo-contra-steuerzahler\/","title":{"rendered":"Fahrraddemo contra Steuerzahler?"},"content":{"rendered":"<p>Die <a title=\"Fahrrad\" href=\"https:\/\/www.freiburg-schwarzwald.de\/blog\/business\/handel\/fahrrad\/\">Fahrraddemo<\/a> am Freitag 9.10.2020 ab 17.30 Uhr bewirkte ein gro\u00dfes Verkehrschaos: Verstopfte Strassen im gesamten Stadtgebiet von <a title=\"Freiburg\" href=\"https:\/\/www.freiburg-schwarzwald.de\/blog\/regio\/freiburg\/\">Freiburg<\/a>. R\u00fcckstaus durch den gesperrten <a title=\"Stadttunnel\" href=\"https:\/\/www.freiburg-schwarzwald.de\/blog\/regio\/verkehr\/stadttunnel\/\">B31-Tunnel<\/a> bis nach Kirchzarten und bis zur Autobahn. Die Forderungen nach einer <a title=\"Fahrradwege\" href=\"https:\/\/www.freiburg-schwarzwald.de\/blog\/regio\/verkehr\/fahrradwege\/\">fahrradfreundlichen<\/a> Umgestaltung des <a title=\"Verkehr\" href=\"https:\/\/www.freiburg-schwarzwald.de\/blog\/regio\/verkehr\/\">Verkehrs<\/a> in Freiburg <a title=\"FR-entscheid.de: Radverkehr FR\" href=\"https:\/\/www.freiburg-schwarzwald.de\/blog\/fr-entscheid-de-radverkehr-fr\/\">sind vern\u00fcnftig<\/a>. Aber warum ausgerechnet freitags in der Rush Hour demonstrieren und nicht z.B. samstags?<br \/>\n<!--more--><br \/>\nAn der <a title=\"Demonstrationsrecht\" href=\"https:\/\/www.freiburg-schwarzwald.de\/blog\/engagement\/buergerinitiativen\/demonstrationsrecht\/\">Demo<\/a> beteiligten sich \u00fcberwiegend junge Leute, &#8222;urban <a title=\"Anywheres\" href=\"https:\/\/www.freiburg-schwarzwald.de\/blog\/global\/deutschland\/gesellschaft\/anywheres\/\">Anywheres<\/a>&#8220; &#8211; gut so, da\u00df die Jugend ihre Forderungen auf die Stra\u00dfe bringt. Das Demonstrieren breitete ihnen sichtlich Freude &#8211; auch gut so. Die <a title=\"Polizei\" href=\"https:\/\/www.freiburg-schwarzwald.de\/blog\/selbsthilfe\/soziales\/justiz\/polizei\/\">Polizei<\/a> als &#8222;Dein Freund und Helfer&#8220; eskortierte und besch\u00fctze &#8211; ebenfalls gut so. Aber vor wem besch\u00fctzen? Vor dem laut schimpfenden Handwerker in seinem Renault Traffic, der nach siebenst\u00fcndiger Servicearbeit in Stadtgebiet nun 2 Stunden im Stau warten mu\u00df, bis er endlich nach Hause in den Kaiserstuhl kommt?<br \/>\n.<br \/>\n<em>&#8222;Ich unterst\u00fctze den FR-Entscheid, wenn dabei der Lieferverkehr und die Mobilit\u00e4t von Menschen mit Behinderungen nicht \u00fcber Geb\u00fchr eingeschr\u00e4nkt werden.&#8220;<\/em> Dieses Statement von Ernst von Weizs\u00e4cker (Nachhaltigkeitswissenschaftler \/ Tr\u00e4ger des Deutschen Umweltpreises) auf <a href=\"https:\/\/fr-entscheid.de\/\">https:\/\/fr-entscheid.de\/<\/a> gilt auch f\u00fcr die <a title=\"FR-entscheid.de: Radverkehr FR\" href=\"https:\/\/www.freiburg-schwarzwald.de\/blog\/fr-entscheid-de-radverkehr-fr\/\">Fahrraddemo<\/a>: Man soll sein Demonstrationsrecht wahrnehmen, dabei aber nicht die Freiheitsrechte anderer einschr\u00e4nken.<br \/>\n.<br \/>\nWarum diese Gleichg\u00fcltigkeit bzw. Geringsch\u00e4tzung der arbeitenden Bev\u00f6lkerung gegen\u00fcber?<br \/>\nDer Wohlstand der 83 Mio Bundesb\u00fcrger wird von nur noch 15 Mio Nettosteuerzahlern \u201cverdient\u201d, und diese sind gro\u00dfenteils auf das private oder gesch\u00e4ftliche Kfz angewiesen. Diese Nettosteuerzahler, die allein unseren <a title=\"Sozialstaat\" href=\"https:\/\/www.freiburg-schwarzwald.de\/blog\/selbsthilfe\/soziales\/sozialstaat\/\">Sozialstaat<\/a> aufrecht erhalten, fordern zu Recht ein autogerechtes Strassensystem. Am Verst\u00e4ndnis, da\u00df nur diese Nettosteuerzahler &#8211; man nennt sie auch Erwerbst\u00e4tige &#8211; unseren Sozial- und Wohlfahrtsstaat auf Dauer (kurzfristig gehts ja auch auf Pump, wobei &#8222;kurz&#8220; schon \u00fcber Jahre hinweg andauert) am Leben halten, fehlt es anscheinend bei nicht wenigen der Demonstrierenden. Warum sonst antworten Sie dem o.a. schimpfenden <a title=\"Handwerk\" href=\"https:\/\/www.freiburg-schwarzwald.de\/blog\/business\/handwerk\/\">Handwerker<\/a> mit H\u00e4me (Auslachen) und Verachtung (&#8222;Mach doch in der Zeit ein paar Liegest\u00fctze, dann nimmst Du ab&#8220;) &#8211; quittiert allerseits mit Applaus und Geklingel. Kommt ihr Strom wirklich nur aus der Steckdose und\u00a0ihr Transfereinkommen wirklich nur von der Bank?<br \/>\n.<br \/>\nWarum Fahrradfahren verquicken mit <a title=\"Extinction\" href=\"https:\/\/www.freiburg-schwarzwald.de\/blog\/natur\/klima\/extinction\/\">Extinction<\/a>? Erschreckend viele Plakate wie Sprechch\u00f6re der Demo fordern zum Zerst\u00f6ren des bestehenden Systems auf, nicht zum \u00c4ndern oder Verbessern. Da geht es vermutlich weniger ums Fahrradfahren von Z\u00e4hringen zur Uni-Bibliothek, als ums Zerst\u00f6ren des dazwischenliegenden Industriegebiets.<br \/>\n.<br \/>\nSchade, dass das berechtigtes Anliegen der f<a title=\"Dreisamuferweg\" href=\"https:\/\/www.freiburg-schwarzwald.de\/blog\/regio\/verkehr\/fahrradwege\/dreisamuferweg\/\">ahrradfreundlichen Neugestaltung<\/a> unserer Innerortsstrassen durch Demonstranten konterkariert wird. Oder sind dies nur Trittbrettfahrer? Kaum, denn dann w\u00e4re das Trittbrett schon l\u00e4ngst heruntergebrochen. Schade, denn mit urbanen Anwheres, die gegen die <a title=\"Somewheres gegen Anywheres\" href=\"https:\/\/www.freiburg-schwarzwald.de\/blog\/somewheres-gegen-anywheres\/\">Somewheres<\/a> agieren, wird die Verkehrswende nicht so leicht durchzusetzen sein.<br \/>\n15.10.2020<br \/>\n.<\/p>\n<p><strong>B 31-Tunnel in Freiburg wegen Fahrraddemo gesperrt<\/strong><br \/>\nWegen der Fahrraddemo sind die Tunnel der B31 stadteinw\u00e4rts am Freitag, 9. Oktober, ab etwa 17.30 Uhr f\u00fcr rund eine Stunde gesperrt. Dies teilt die Freiburger Stadtverwaltung mit. Die Demo beginnt um 17 Uhr am Platz der Alten Synagoge, organisiert wird sie vom <a title=\"FR-entscheid.de: Radverkehr FR\" href=\"https:\/\/www.freiburg-schwarzwald.de\/blog\/fr-entscheid-de-radverkehr-fr\/\">Radentscheid Freiburg<\/a> und <a title=\"FridaysForFuture\" href=\"https:\/\/www.freiburg-schwarzwald.de\/blog\/natur\/klima\/fridaysforfuture\/\">Fridays for Future<\/a>.<br \/>\n&#8230; Alles vom 8.10.2020 bitte lesen auf<br \/>\n<a href=\"https:\/\/www.badische-zeitung.de\/b-31-tunnel-in-freiburg-wegen-fahrraddemo-eine-stunde-lang-gesperrt--196751890.html\">https:\/\/www.badische-zeitung.de\/b-31-tunnel-in-freiburg-wegen-fahrraddemo-eine-stunde-lang-gesperrt&#8211;196751890.html<\/a><\/p>\n<p>Einige Kommentare:<br \/>\n<strong>Sympathie verschenkt?<\/strong><br \/>\nLeider verschenkt die Fahrrad-Fahr-Community mit solchen Aktionen bei vielen ihre Sympathie. Keine Frage, wer einmal in D\u00e4nemark gesehen hat, wie man nachhaltig und sinnvoll Fahrrad-Fahrer (plural) in den Verkehr einbezieht, der wei\u00df, dass sich noch viel \u00e4ndern darf. Wer aber bewusst den Verkehr im B31 Tunnel blockiert, tut vielen Autofahrern einen &#8222;riesigen&#8220; Gefallen. Sicherlich werden die zahlreichen Pendler und LKW-Fahrer mit der Aktion von den Vorz\u00fcgen des Fahrradfahrens \u00fcberzeugt. Eine Stunde vor dem Tunnel stehen bzw. im Stau eine Umfahrung zu nehmen ist gerade am Freitag sehr angenehm.<br \/>\nAls geb\u00fcrtiger Pole kenne ich die Verh\u00e4ltnisse dort. Fast alle St\u00e4dte und Gemeinden w\u00fcrden von einer Fahrrad-Infrastruktur wie in Freiburg nur tr\u00e4umen. Das w\u00e4re dort Utopie.<br \/>\nMir ist bewusst dass die meisten Demonstrierenden entweder hier vor Ort arbeiten oder als Sch\u00fcler \/ Studenten die Notwendigkeit des Verkehrs f\u00fcr Autofahrer nicht nachvollziehen k\u00f6nnen. Solange diese Bewegung aber in ihrer Blase f\u00fcr sich existiert, solange wird sie h\u00f6chstens im alternativen Freiburger Einzugsgebiet auf Freunde treffen.<br \/>\nMit einer Aktion, die auch die Lebenswelt von Menschen abseits der Liegefahrrad-Fangruppen und Hanft\u00e4schchen anspricht, w\u00fcrde man sicherlich viel mehr Sympathisanten gewinnen.<br \/>\nFast jedem ist klar, dass im Fahrrad viel Potenzial liegt. Gerade in Anbetracht der Tatsache, dass moderne E-Bikes ein Pendeln deutlich erleichtern.<br \/>\nFAZIT: Lieber Aktionen machen, die die Unterst\u00fctzung einer breiten Bev\u00f6lkerung bekommen und nicht nur die Liegerad-Freunde erreichen.<br \/>\n8.10.2020, G.P.<br \/>\n.<br \/>\n<a href=\"https:\/\/www.tz.de\/muenchen\/stadt\/muenchen-radfahrer-studie-rote-ampel-sicherheiter-verkehrsclub-mobil-in-deutschland-zr-90018646.html\">https:\/\/www.tz.de\/muenchen\/stadt\/muenchen-radfahrer-studie-rote-ampel-sicherheiter-verkehrsclub-mobil-in-deutschland-zr-90018646.html<\/a><br \/>\n.<br \/>\n<strong>Ohne &#8222;Fahrraddemo&#8220; h\u00e4tte es die Tunnelsperrung nicht gegeben<\/strong><br \/>\nInsofern ist die Fahrraddemo urs\u00e4chlich f\u00fcr die Tunnelsperrung &#8211; und f\u00fcr die daraus resultierenden Staus.<br \/>\nN.B. Ich kann trotz allem Verst\u00e4ndnis f\u00fcr die Radler trotzdem das eine oder andere Mal nur den Kopf sch\u00fctteln, wie einfach die Welt teilweise gemacht werden soll: Tagt\u00e4glich (!) werden in Deutschland 3 Milliarden (nicht Millionen!) Kilometer auf den Stra\u00dfen zur\u00fcckgelegt. Die Allermeisten fahren nicht aus Jux-und-Dollerei herum. Vielleicht gibt es irgendwo eine Statistik (ich habe auf die Schnelle keine gefunden), die aufzeigt, wieviel *\u00fcberfl\u00fcssige* Fahrten es denn tats\u00e4chlich gibt. Diese gilt es zu reduzieren. Die *nicht\u00fcberfl\u00fcssigen* Fahrten mit PKW\/LKW k\u00f6nnen m. E. nicht durch Fahrradfahrten ersetzt werden. Da kann man demonstrieren &#8211; und blockieren &#8211; wie man will.<br \/>\n8.10.2020, A.Q.<\/p>\n<p><strong>Jeder Fahrradunfall ist furchtbar<\/strong><br \/>\nund wir m\u00fcssen alles tun, um sie zu vermeiden. Auf dem Bild von der Demonstration sieht man, dass die meisten Teilnehmer keinen Helm tragen. Eine junge Frau in der ersten Reihe telefoniert mit dem Handy. Ebenfalls gleich in der ersten Reihe ein Lastenfahrrad.<br \/>\nDiese Fahrr\u00e4der sind die SUVs der Radwege. Oft motorisiert, rasen sie \u00fcber die Radwege, um ihre Wendigkeit zu demonstrieren. Autorennen sind verboten. Fahrradrennen scheinbar nicht. Immer mehr Kampfradler in dunklen Leibchen und Werbebotschaften sausen im Berufsverkehr in der Ideallinie (4 Millimeter Abstand zum Gegner) am Normalradler vorbei.<br \/>\nM\u00fctter mit gro\u00dfen Kinderanh\u00e4ngern ohne Helm, aber mit Handy am Ohr, fahren sehr gerne in der Mitte der Radwege im Zeitlupentempo und erkl\u00e4ren den Kindern die genaue Position der Reiswaffeln. Senioren sind h\u00e4ufig mit den schnellen E-Bikes \u00fcberfordert, sind aber sehr gerne im dichtesten Berufsverkehr unterwegs. Dringender als Radschnellwege brauchen wir r\u00fccksichtsvolles Verhalten der Radfahrer auf allen Radwegen und Autostra\u00dfen.<br \/>\n14.10.2020, Roland Gut, Kirchzarten, BZ<br \/>\nEmde der Kommentare<\/p>\n","protected":false},"excerpt":{"rendered":"<p>Die Fahrraddemo am Freitag 9.10.2020 ab 17.30 Uhr bewirkte ein gro\u00dfes Verkehrschaos: Verstopfte Strassen im gesamten Stadtgebiet von Freiburg. R\u00fcckstaus durch den gesperrten B31-Tunnel bis nach Kirchzarten und bis zur Autobahn. Die Forderungen nach einer fahrradfreundlichen Umgestaltung des Verkehrs in &hellip; <a href=\"https:\/\/www.freiburg-schwarzwald.de\/blog\/fahrraddemo-contra-steuerzahler\/\">Weiterlesen <span class=\"meta-nav\">&rarr;<\/span><\/a><\/p>\n","protected":false},"author":2,"featured_media":0,"comment_status":"open","ping_status":"closed","sticky":false,"template":"","format":"standard","meta":{"footnotes":""},"categories":[1],"tags":[],"class_list":["post-83703","post","type-post","status-publish","format-standard","hentry","category-allgemein"],"_links":{"self":[{"href":"https:\/\/www.freiburg-schwarzwald.de\/blog\/wp-json\/wp\/v2\/posts\/83703","targetHints":{"allow":["GET"]}}],"collection":[{"href":"https:\/\/www.freiburg-schwarzwald.de\/blog\/wp-json\/wp\/v2\/posts"}],"about":[{"href":"https:\/\/www.freiburg-schwarzwald.de\/blog\/wp-json\/wp\/v2\/types\/post"}],"author":[{"embeddable":true,"href":"https:\/\/www.freiburg-schwarzwald.de\/blog\/wp-json\/wp\/v2\/users\/2"}],"replies":[{"embeddable":true,"href":"https:\/\/www.freiburg-schwarzwald.de\/blog\/wp-json\/wp\/v2\/comments?post=83703"}],"version-history":[{"count":1,"href":"https:\/\/www.freiburg-schwarzwald.de\/blog\/wp-json\/wp\/v2\/posts\/83703\/revisions"}],"predecessor-version":[{"id":83704,"href":"https:\/\/www.freiburg-schwarzwald.de\/blog\/wp-json\/wp\/v2\/posts\/83703\/revisions\/83704"}],"wp:attachment":[{"href":"https:\/\/www.freiburg-schwarzwald.de\/blog\/wp-json\/wp\/v2\/media?parent=83703"}],"wp:term":[{"taxonomy":"category","embeddable":true,"href":"https:\/\/www.freiburg-schwarzwald.de\/blog\/wp-json\/wp\/v2\/categories?post=83703"},{"taxonomy":"post_tag","embeddable":true,"href":"https:\/\/www.freiburg-schwarzwald.de\/blog\/wp-json\/wp\/v2\/tags?post=83703"}],"curies":[{"name":"wp","href":"https:\/\/api.w.org\/{rel}","templated":true}]}}