{"id":83640,"date":"2020-10-13T20:25:24","date_gmt":"2020-10-13T18:25:24","guid":{"rendered":"https:\/\/www.freiburg-schwarzwald.de\/blog\/?p=83640"},"modified":"2020-10-13T20:25:24","modified_gmt":"2020-10-13T18:25:24","slug":"aus-liebe-zu-deutschland","status":"publish","type":"post","link":"https:\/\/www.freiburg-schwarzwald.de\/blog\/aus-liebe-zu-deutschland\/","title":{"rendered":"Aus Liebe zu Deutschland"},"content":{"rendered":"<p>Wie der Titel &#8222;Aus Liebe zu Deutschland&#8220; des neuen <a title=\"Sachbuch\" href=\"https:\/\/www.freiburg-schwarzwald.de\/blog\/kultur\/dichter\/literatur\/sachbuch\/\">Buchs<\/a> von <a title=\"Abdel-Samad\" href=\"https:\/\/www.freiburg-schwarzwald.de\/blog\/religion\/islam\/abdel-samad\/\">Hamed Abdel-Samad<\/a> sagt: Der hierzulande unter Personenschutz lebende 48-Jahrige hat eine Liebeserkl\u00e4rung an <a title=\"Deutschland2020\" href=\"https:\/\/www.freiburg-schwarzwald.de\/blog\/global\/deutschland\/deutschland2020\/\">Deutschland<\/a> geschrieben: ehrlich, mutig, kritisch, echt, unverbl\u00fcmt, aufrichtig und nicht ganz frei von deutscher Romantik &#8211; was ihm nat\u00fcrlich den Vorwurf einbringt, er sei doch eher rechts und dem Faschismus zugetan, <!--more-->denn die Romantik gilt f\u00fcr den <a title=\"Mainstream\" href=\"https:\/\/www.freiburg-schwarzwald.de\/blog\/kultur\/medien\/mainstream\/\">Mainstream<\/a> ja als eine faschistische Epoche. W\u00e4re diese Liebeserkl\u00e4rung an das <a title=\"Spaltung\" href=\"https:\/\/www.freiburg-schwarzwald.de\/blog\/global\/deutschland\/spaltung\/\">gespaltene<\/a> Deutschland nicht von einem als <a title=\"Abdel-Samad: Kirchen pro Islam\" href=\"https:\/\/www.freiburg-schwarzwald.de\/blog\/abdel-samad-kirchen-pro-islam\/\">Muslim<\/a> in \u00c4gypten aufgewachsenen Mann verfa\u00dft worden, dann w\u00fcrde er vielleicht gar als Nazi abgetan?<br \/>\n.<br \/>\nAbdel-Samad verschweigt nicht, dass es sich bei seiner Liebe zu Deutschland um eine <em><strong>tragische Liebe<\/strong><\/em> handelt:<br \/>\n<em><strong>&#8222;Denn er liebt, was nicht geliebt werden will, <\/strong><\/em><br \/>\n<em><strong>weil es sich der Liebe nicht wert f\u00fchlt und deshalb nicht zur\u00fccklieben kann&#8220;<\/strong> <\/em><br \/>\n(Firuze B. in ihrem Beitrag unten) &#8211; und weil es in seinem <a title=\"Selbsthass\" href=\"https:\/\/www.freiburg-schwarzwald.de\/blog\/engagement\/zukunft\/selbsthass\/\">Selbsthass<\/a> nicht zur\u00fccklieben will.<br \/>\n.<br \/>\n<em>Abdel-Samat zur Notwendigkeit einer nationalen Identit\u00e4t:<\/em><br \/>\n&#8222;Um Kosmoplit zu sein, mu\u00df man vorher in einer nationalen Identit\u00e4t verankert sein, die auf kulturellen und gesellschaftlichen Werten einer Gemeinschaft fu\u00dft, die sich der Freiheit, dem Humanismus und der Aufkl\u00e4rung verschrieben hat&#8230; In diesem Sinnne kann eine internationale, weltoffene Identit\u00e4t eine Nationale Identit\u00e4t auf das Beste erweitern, aber niemals ersetzen.&#8220;<br \/>\n&#8222;So wie ich heute das Produkt all dessen bin, was in meinem Leben geschah und wie ich darauf reagierte, so ist Deutschland das Produkt all dessen, was auf seinem Boden geschah und wie es darauf reagierte. Es bringt nichts, eine Geschichte in Sternstunden und dunkle Jahre zu unterteilen, denn eines f\u00fchrt zum anderen.&#8220;, Seite 216<br \/>\n.<br \/>\n<em>Abdel-Samad zum Umgang mit Migranten:<\/em><br \/>\n&#8222;Wir schrecken vor einer Kultur des F\u00f6rderns und Forderns zur\u00fcck, weil wir uns unserer eigenen Werte und Kultur nicht sicher sind und \u00fcber allem die Angst vor dem Bild des b\u00f6sen Deutschaen schwebt. In einem Gastvortrag an der Heinrich-Heine-Universit\u00e4t in D\u00fcsseldorf stellte Joachim Gauck eine rhetorische Frage, die das treffend zusammenfasst: &#8222;Sehe ich es richtig, dass &#8230;. die R\u00fccksichtnahme auf die andere Kultur als wichtiger erachtet wird als die Wahrung von Grund- und Menschenrechten?&#8220;&#8220;<br \/>\n&#8222;Im eigenen Land bieten wir Fl\u00fcchtlingen Schutz und Einwanderern die M\u00f6glichkeit, hier zu arbeiten und zu leben. Doch die Regeln f\u00fcr das Zusammenleben haben wir nicht klar definiert. Und so haben wir die Entstehung von Organisationen auf allen Seiten des politischen und religi\u00f6sen Spektrums beg\u00fcnstigt, die antidemokratisch, antiwestlich und antisemitisch sind.&#8220;<br \/>\n&#8222;Die Erinnerung an den Zweiten Weltkrieg und den Holocaust soll uns vor Augen f\u00fchren, wozu Hass, Wut und Rassismus f\u00fchren k\u00f6nnen. Doch wir m\u00fcssen daraus die richtigen Konsequenzen ziehen. &#8222;Nie wieder Krieg&#8220; hat bisher funktioniert, wenn man den Zusatz ber\u00fccksichtigt, da\u00df er nie wieder von deutschem Boden ausgehen d\u00fcrfe. Auch das Gebot des Schutzes von Minderheiten ist selbstverst\u00e4ndlich und unverzichtbar in einer Demokratie. Der Schutz einer Minderheit beinhaltet keinen Freibrief, Grundrechte und Menschenrechte mi\u00dfachten zu k\u00f6nnen&#8220;. Seite 65<br \/>\n.<br \/>\nDer im Buchtitel vermerkte &#8222;Warnruf&#8220; ist Teil der Liebeserkl\u00e4rung. Hamed Abdel-Samad warnt, da\u00df Deutschland dabei ist, Demokratie, Aufkl\u00e4rung, Liberalit\u00e4t und <a title=\"Meinungsfreiheit\" href=\"https:\/\/www.freiburg-schwarzwald.de\/blog\/kultur\/medien\/meinungsfreiheit\/\">Meinungsfreiheit<\/a> zu verlieren. Und diese Warnung mu\u00df der Leser ernst nehmen, denn sie geschieht aus Liebe zu Deutschland.<br \/>\n14.10.2020<br \/>\n.<br \/>\n<em>Hamed Abdel-Samad: <\/em><br \/>\n<em>Aus Liebe zu Deutschland &#8211; Ein Warnruf<\/em><br \/>\n<em>216 Seiten, dtv 2020, 20 Euro<br \/>\n.<\/em><\/p>\n<p><strong>Buchbesprechung zu Hamed Abdel-Samad: Aus Liebe zu Deutschland<\/strong><br \/>\n<strong>von Firuze B.<\/strong><br \/>\nSeine islamkritischen B\u00fccher machten ihn ber\u00fchmt. Seine scharfen Thesen haben ihm Erfolg, aber auch viel Hass und \u00c4rger gebracht. Seit sieben Jahren lebt der Autor unter dauerhaftem Polizeischutz, nachdem islamische Gelehrte zu seiner Ermordung aufriefen. Nun hat er ein neues Buch vorgelegt.<br \/>\n&#8230;<br \/>\nMenschen mit Migrationshintergrund scheinen f\u00fcr die Politik und die Medien erst interessant zu sein, wenn sie sich als Vertreter einer Religion pr\u00e4sentieren oder wenn sie sich \u00fcber Rassismus beklagen. Selbstbewusste Migranten, die sich weder als religi\u00f6s noch als Opfer inszenieren, will man nicht h\u00f6ren.<br \/>\nGesetze werden ver\u00e4ndert und die Neutralit\u00e4t des Staates wird infrage gestellt, damit eine muslimische Richterin ihr Kopftuch im Gerichtsaal tragen darf. Aber Menschen, die den Islamismus, das islamische Rechtssystem und die Ideologie hinter dem Kopftuch kritisieren und daf\u00fcr ihr Leben riskieren, gelten als St\u00f6renfried. Es schmerzt uns zuzusehen, wie Deutschland nicht nur uns ignoriert, sondern auch unseren Feinden den R\u00fccken st\u00e4rkt. Diese Schieflage ist zerm\u00fcrbend und erm\u00fcdend. Als h\u00e4tte man sein Leben lang f\u00fcr etwas gek\u00e4mpft, was es gar nicht gibt. Wir sind keine Opfer des Staates oder von Nazis, sondern Teil eines Kampfes gegen eine religi\u00f6se Ideologie, die sich gegen die Freiheit richtet.<br \/>\nWir wollen uns nicht als Opfer betrachten, weil wir etwas gewonnen haben, was \u00fcber jeden Verlust hinwegtr\u00f6sten kann: unsere W\u00fcrde als Menschen und \u2013 vor allem \u2013 Freiheit. Und diese Freiheit ist in Gefahr, wie Abdel-Samad immer wieder betont.<br \/>\n&#8230;<br \/>\nLaut Abdel-Samad fehlt in unserer Gesellschaft ein gemeinsamer Wertekanon, der ausgerichtet ist auf die Aufkl\u00e4rung, die Freiheit und die Demokratie. Dieser Wertekanon ist Grundvoraussetzung f\u00fcr eine identit\u00e4tsstiftende Wirkung, um daraus ein \u201eWir\u201c entwickeln zu k\u00f6nnen. Ein \u201eWir\u201c, das diese Werte wiederum gemeinsam sch\u00fctzen k\u00f6nnte. Diese Gedankeng\u00e4nge liest man nicht zum ersten Mal, aber sie werden vom Autor tiefgr\u00fcndig analysiert und seine Aussagen bleiben keine leeren Phrasen. Sein Manifest am Ende des Buches klingt wie eine zweite Verfassung f\u00fcr die Zukunft Deutschlands.<br \/>\n&#8230; Alles vom 11.10.2020 von Firuze B. bitte lesen auf<br \/>\n<a href=\"https:\/\/www.tichyseinblick.de\/feuilleton\/buecher\/hamed-abdel-samad-aus-liebe-zu-deutschland\/\">https:\/\/www.tichyseinblick.de\/feuilleton\/buecher\/hamed-abdel-samad-aus-liebe-zu-deutschland\/<\/a><\/p>\n<p>Einige Kommentare:<br \/>\n<strong>Ein wunderbares Buch, das man nicht zur Seite legen kann<\/strong><br \/>\nDa kommt ein Mann mit seiner wahrhaft faszinierenden Lebensgeschichte und sagt uns Deutschen, was die Mehrheit in unserem Land dank Politik und Medien aufzugeben bereit ist, und diejenigen, die verantwortlich sind, lesen es erst gar nicht oder f\u00fchlen sich nicht angesprochen.<br \/>\n11.10.2020, M.SCH<\/p>\n<p><strong>Islamkritiker nur mit Personenschutz &#8230;<\/strong><br \/>\nZitat:\u201cAuch das ist Deutschland. Ein Land wo Salafisten frei herumlaufen und predigen k\u00f6nnen, w\u00e4hrend ein Islamkritiker nur mit Personenschutz und einer schusssicheren Weste auftreten kann.\u201c<br \/>\nDas Problem ist \u00fcberaus virulent und ist nahezu \u00fcberall anzutreffen. Was nur deshalb der Fall ist, weil es politisch sanktioniert wird. Was wiederum alles dar\u00fcber aussagt, von wem wir regiert werden. Allerdings betrifft das Problem nicht nur Deutschland, sondern die halbe EU.<br \/>\nFrau B., Sie sind mit ihrem Schicksal und ihrem Anliegen nicht alleine. Ganz im Gegenteil. Wir haben das im Blick. Und wir werden das Problem abstellen.<br \/>\n11.10.2020, R.P. TO<br \/>\n.<br \/>\n<strong>Ja, Freiheit wird nicht mehr so hoch gewertet im modernen Deutschland.<\/strong><br \/>\nUmwelt und andere Wahrheiten z\u00e4hlen in jedem Fall h\u00f6her. Noch wichtiger aber ist hier, dass der h\u00f6chste Wert f\u00fcr die biodeutsche Gesellschaft heute das Vertreten universeller Werte, universeller Menschenrechte und einer universellen Weltoffenheit ist. Dazu geh\u00f6rt nunmal die Anpassung an die Werte anderer gro\u00dfer Gruppen. Freiheit steht da leider nicht mehr so hoch im Kurs.<br \/>\n11.10.2020, E., TO<br \/>\n.<br \/>\n<strong>&#8222;Buntheit&#8220; bedeutet \u201ealles nur nicht nicht deutsch\u201c<\/strong><br \/>\nWenn man verstehen will was mit Deutschland geschieht, muss man die tiefe Entt\u00e4uschung von Menschen wie Imad Karim, Bassam Tibi. Abdel-Samad, und auch des wilden, kleinen Akif, wahrnehmen. Die haben das gute Deutschland verstanden, und ihm so viel zu verdanken.<br \/>\nIch frage mich wann deren Trauer in Ekel umschl\u00e4gt, vor der Kulturlosigkeit und dem b\u00f6sartigen Selbsthass der derzeit Tonangebenden. Der ehemals Progressiven, und jetzt neolinken Verr\u00fcckten. Diese gescheiterten Linken, die nicht aufh\u00f6ren k\u00f6nnen mit ihrem Aktivismus, und nun eben alles zerst\u00f6ren, vor allem durch Migration, zugunsten einer idiotischen Kindergarten-Vision von \u201eBuntheit\u201c, die keinerlei theoretische oder praktische Basis hat, und eigentlich nur bedeutet \u2013 \u201ealles nur nicht nicht deutsch\u201c.<br \/>\n11.10.2020, J.H.<br \/>\n.<br \/>\n<strong>Die Fremdenliebe der Deutschen<\/strong><br \/>\nist eine direkte Folge des durch die Umerziehung eingeimpften Selbsthasses. Daher ist auch keine Integration m\u00f6glich, noch ist sie gewollt, denn sie hat ihre rechnerische Grenze bereits da, wo mehr als ein ausl\u00e4ndisches Kind in einer Schulklasse sitzt. Wer will sich schon in eine Gesellschaft einf\u00fcgen, deren Mitglieder sich selbst hassen, aber ausnahmslos alles, was von au\u00dfen kommt, als Verhei\u00dfung des Guten willkommen hei\u00dft?<br \/>\n11.10.2020, J.H.<\/p>\n<p><strong>Ich glaube, Herr Adel-Samad hat Angst\u2026.und das aus gutem Grund.<\/strong><br \/>\nEr kennt seine ehemaligen Glaubensbr\u00fcder(Muslimbr\u00fcder) und wei\u00df um deren \u201ePotential\u201c. Im Gegensatz zu rot\/gr\u00fcn\/irgendwas die eine \u201ebunte Gesellschaft\u201c propagieren, die sie gar nicht definieren k\u00f6nnen (kein Wunder wenn man glaubt das Strom im Netz gespeichert wird). Der Autor wei\u00df wovon er spricht, er kennt die Meinungen (die offiziell unter der Decke gehalten werden) und er spricht es offen aus\u2026.nicht nur in diesem Buch. Trotzdem h\u00f6rt ihm keiner zu\u2026.das ging schon Peter Scholl-Latour so\u2026.sogar als er noch im TV seine Reportagen zeigen durfte oder zu Diskussionen eingeladen war. Als Unke bezeichnete man ihn\u2026.der alles besser wusste und alles schlecht machte\u2026.im Nachhinein bewies es sich\u2026.doch auch dann machte man ihn runter. So ergeht es auch dem Autor\u2026.leider sind f\u00fcr Fakten wenig Menschen empf\u00e4nglich im der heutigen Zeit\u2026.man f\u00fcrchtet sich davor oder man will sie nicht h\u00f6ren. Man arrangiert sich\u2026.mit den Nachbarn, den Mitsch\u00fclern, der Gesellschaft\u2026.Auflehnung hei\u00dft Ausgrenzung. Mir bleibt der Trost, dass die die heute die bunte Gesellschaft kritiklos herbeiw\u00fcnschen, die ersten sein werden, die unter dieser erdr\u00fcckt werden\u2026.aber vielleicht w\u00fcnschen sie sich gerade das herbei?<br \/>\n11.10.2020, Fat<br \/>\n.<br \/>\n<strong>Die Verfolger sind \u201eIslam\u201c, Fatwa etc.,<\/strong><br \/>\ndie Verfolgten sind diejenigen, die sich dem entziehen wollen, wie Hamed, Mansour, Balci, um nur einige wenige zu nennen. Nur die Verfolgten sollen Asylrecht haben, die Verfolger nicht. Eigentlich logisch. Allerdings: Die Gesch\u00e4fte, die Gesch\u00e4fte mit diesem Riesenmarkt der 1,6 bis 2,0 Milliarden Moslems, das verlockt und l\u00e4sst die Sinne schwinden. Die haben Rohstoffe ohne Ende zum Bezahlen, und wir als Exportland brauchen das wie die Luft zum Atmen. Das ist das ganze Geheimnis hinter der kritiklosen Islamophilie in DE \u2013 den Nachbarn ringsum wird das so langsam unheimlich, deshalb der hinhaltende Widerstand gegen eine \u201eeurop\u00e4ische L\u00f6sung\u201c der muslimischen (M\u00e4nner)Invasion, die die Deutschen ausgel\u00f6st haben und mit viel Geld weiter betreiben. Aus nationalem Interesse. Die anderen wollen aber nicht mitbezahlen \u2013 sind sowohl gegen Hegemonie als auch gegen Hegemoney aus Berlin. Haben schlechte Erfahrung gemacht damit. Zum Gl\u00fcck sind die Deutschen milit\u00e4risch auf Null seit 1945<br \/>\n11.10.2020, Gie<br \/>\n.<br \/>\n<strong>Der politische Umgang mit Abdel-Samad ist zutiefst besch\u00e4mend und widerlich<\/strong><br \/>\nZitat: \u201eAber es gibt uns. S\u00e4kulare M\u00e4nner und Frauen aus islamisch gepr\u00e4gten Kulturen und Familien, die f\u00fcr die Freiheit, Demokratie, f\u00fcr Humanismus und Aufkl\u00e4rung stehen. Frauen und M\u00e4nner, die unglaublich viel riskiert und viel verloren haben, weil sie daf\u00fcr k\u00e4mpften, hier ein freies Leben zu leben und trotz aller Entbehrungen nicht davon abgewichen sind\u201c<br \/>\nUND Ja, genau dies sind jene Menschen aus den islam. L\u00e4ndern die hier in Deutschland reingelassen werden sollten UND um die sich die Politik k\u00fcmmern sollte bzw auf die die Politik h\u00f6ren sollte. Stattdessen hofiert die Politik islam Verb\u00e4nde und Vertreter die besser nicht hier in Deutschland w\u00e4ren, sondern dort wo deren Islam zuhause ist.<br \/>\nWas den politischen Umgang (auch) mit Hamed Abdel-Samad betrifft, ist einfach nur zutiefst besch\u00e4mend und widerlich. Doch genauso mu\u00df man sich auch mit Blick auf die letzten 5 und etwa 20 Jahre f\u00fcr diese linksgr\u00fcne(n) Altparteienpolitik(er) in diesem Land sch\u00e4men und kann diese nur zutiefst ablehnen. Wobei die deutschen Medien mittlerweile auch keinen Deut besser sind und an dem linksgr\u00fcnen Irrsinn in diesem Land mitschuldig sind.<br \/>\nZum Artikel selber kann ich nur sagrn, eun sehr guter Artikel der mitf\u00fchlend gemavht und zum nachdenken angeregt hat. Danke daf\u00fcr und Herrn Hamed Abdel-Samad und der Autorin Firuze B. alles Gute<br \/>\n11.10.2020 M.H.<br \/>\n.<br \/>\n<strong>\u201eAus Liebe zu Deutschland\u201c, nehme ich Hamed Abdel-Samad ehrlich ab<\/strong><br \/>\nIch kenne ihn nicht pers\u00f6nlich aber seine Aktivit\u00e4t und sein Leben. Ein ehrenvoller Mann der unsere Wertsch\u00e4tzung verdient. Was er sagt, m\u00fcssen wird schon deshalb akzeptieren, weil er aus seinem Leben spricht.<br \/>\nEr hat Deutschland verlassen, weil Deutschland kein Land mehr ist, in dem man frei seine Meinung sagen kann.<br \/>\n11.10.2020, P.P<br \/>\n.<br \/>\n<strong>&#8230; weshalb tut er sich das alles denn noch an?<\/strong><br \/>\nIch sch\u00e4tze Abdel Samad als Autoren sehr. Pers\u00f6nlich kenne ich ihn leider nicht, denn sonst w\u00fcrde ich ihn fragen, weshalb er sich das alles denn noch antut? Aus Liebe zu Deutschland? Was ist an diesem Land denn noch liebenswert? Warum geht er nicht nach Japan? Er hat doch eine japanische Frau. Dort br\u00e4uchte er wohl keinen Polizeischutz und p\u00f6belnde Selbsthasser gibt es dort bestimmt auch nicht so viele wie hier. Das verhindert schon die japanische H\u00f6flichkeit.<br \/>\n11.10.2020, eor<br \/>\n<strong>Freut mich, dass Hamed wieder da ist.<\/strong><br \/>\nMit ihm und so vielen vern\u00fcnftigen Menschen aus dem islamischen Kulturkreis k\u00f6nnen wir die Entnazifizierung der Islam-Ideologie erreichen \u2013 wir m\u00fcssen es nur wollen. Denn am meisten leiden Moslems, vor allem Muslimas unter dieser grausamen Geisel der Menschheit, unter der Fuchtel des Propheten<br \/>\n10.11.2020<br \/>\nEnde der Kommentare<\/p>\n","protected":false},"excerpt":{"rendered":"<p>Wie der Titel &#8222;Aus Liebe zu Deutschland&#8220; des neuen Buchs von Hamed Abdel-Samad sagt: Der hierzulande unter Personenschutz lebende 48-Jahrige hat eine Liebeserkl\u00e4rung an Deutschland geschrieben: ehrlich, mutig, kritisch, echt, unverbl\u00fcmt, aufrichtig und nicht ganz frei von deutscher Romantik &#8211; &hellip; <a href=\"https:\/\/www.freiburg-schwarzwald.de\/blog\/aus-liebe-zu-deutschland\/\">Weiterlesen <span class=\"meta-nav\">&rarr;<\/span><\/a><\/p>\n","protected":false},"author":2,"featured_media":0,"comment_status":"open","ping_status":"closed","sticky":false,"template":"","format":"standard","meta":{"footnotes":""},"categories":[18,100,36,155,13,98,19],"tags":[552,725,421,301,722],"class_list":["post-83640","post","type-post","status-publish","format-standard","hentry","category-bildung","category-buch","category-engagement","category-integration","category-kultur","category-literatur","category-religion","tag-buch-2","tag-integration","tag-islam","tag-culture","tag-literatur"],"_links":{"self":[{"href":"https:\/\/www.freiburg-schwarzwald.de\/blog\/wp-json\/wp\/v2\/posts\/83640","targetHints":{"allow":["GET"]}}],"collection":[{"href":"https:\/\/www.freiburg-schwarzwald.de\/blog\/wp-json\/wp\/v2\/posts"}],"about":[{"href":"https:\/\/www.freiburg-schwarzwald.de\/blog\/wp-json\/wp\/v2\/types\/post"}],"author":[{"embeddable":true,"href":"https:\/\/www.freiburg-schwarzwald.de\/blog\/wp-json\/wp\/v2\/users\/2"}],"replies":[{"embeddable":true,"href":"https:\/\/www.freiburg-schwarzwald.de\/blog\/wp-json\/wp\/v2\/comments?post=83640"}],"version-history":[{"count":1,"href":"https:\/\/www.freiburg-schwarzwald.de\/blog\/wp-json\/wp\/v2\/posts\/83640\/revisions"}],"predecessor-version":[{"id":83641,"href":"https:\/\/www.freiburg-schwarzwald.de\/blog\/wp-json\/wp\/v2\/posts\/83640\/revisions\/83641"}],"wp:attachment":[{"href":"https:\/\/www.freiburg-schwarzwald.de\/blog\/wp-json\/wp\/v2\/media?parent=83640"}],"wp:term":[{"taxonomy":"category","embeddable":true,"href":"https:\/\/www.freiburg-schwarzwald.de\/blog\/wp-json\/wp\/v2\/categories?post=83640"},{"taxonomy":"post_tag","embeddable":true,"href":"https:\/\/www.freiburg-schwarzwald.de\/blog\/wp-json\/wp\/v2\/tags?post=83640"}],"curies":[{"name":"wp","href":"https:\/\/api.w.org\/{rel}","templated":true}]}}