{"id":83534,"date":"2020-09-22T10:17:05","date_gmt":"2020-09-22T08:17:05","guid":{"rendered":"https:\/\/www.freiburg-schwarzwald.de\/blog\/?p=83534"},"modified":"2020-09-22T10:20:01","modified_gmt":"2020-09-22T08:20:01","slug":"deutschland-rede-einer-jungen-frau","status":"publish","type":"post","link":"https:\/\/www.freiburg-schwarzwald.de\/blog\/deutschland-rede-einer-jungen-frau\/","title":{"rendered":"Deutschland-Rede einer jungen Frau"},"content":{"rendered":"<p>Larissa Fu\u00dfer, Medizinstudentin im 7. Semester aus <a title=\"Berlin-Demo29-8-2020\" href=\"https:\/\/www.freiburg-schwarzwald.de\/blog\/engagement\/zukunft\/demokratie\/berlin-demo29-8-2020\/\">Berlin<\/a>, beeindruckte am 5.9.2020 in Erfurt mit dieser freigehaltenen Rede: <a href=\"https:\/\/youtu.be\/WG28mjSs6Uo\">https:\/\/youtu.be\/WG28mjSs6Uo<\/a>. &#8222;Was ist meine <a title=\"Kultur\" href=\"https:\/\/www.freiburg-schwarzwald.de\/blog\/kultur\/\">Kultur<\/a>? Was will ich bewahren?&#8220; &#8211; in sehr pers\u00f6nlichen Worten erl\u00e4uterte die 22-J\u00e4hrige, wie sie zu &#8222;ihrer deutschen <a title=\"Leitkultur\" href=\"https:\/\/www.freiburg-schwarzwald.de\/blog\/kultur\/leitkultur\/\">Leitkultur<\/a>&#8220; gefunden habe. &#8222;F\u00fcr mich gibt es keine <a title=\"Heimat\" href=\"https:\/\/www.freiburg-schwarzwald.de\/blog\/regio\/heimat\/\">Heimat<\/a> au\u00dfer <a title=\"Deutschland2020\" href=\"https:\/\/www.freiburg-schwarzwald.de\/blog\/global\/deutschland\/deutschland2020\/\">Deutschland<\/a>. <!--more-->Mein Heimatgef\u00fchl h\u00e4ngt damit zusammen, da\u00df ich auf dem Flecken lebe, wo sich die Geschichte, die mein Land zu dem gemacht hat, was es heute ist, abgespielt hat.&#8220;<br \/>\n.<br \/>\nLarissa Fu\u00dfer ist in Berlin am Prenzlauer Berg aufgewachsen und wohnt in der N\u00e4he des Drogen-Hotspots G\u00f6rlitzer Park. Sie wei\u00df also um die Probleme der Migration so vieler Menschen aus islam-gepr\u00e4gten Kulturkreisen und sie bekennt: &#8222;<a title=\"Abdel-Samad\" href=\"https:\/\/www.freiburg-schwarzwald.de\/blog\/religion\/islam\/abdel-samad\/\">Hamed Abdel-Samad<\/a> kann Deutschland und seine Werte wahrscheinlich besser verteidigen als dies ein Deutscher je k\u00f6nnte&#8220;.<br \/>\nIhre Rede endete mit einem Appell zum\u00a0sich anbahnenden <a title=\"Kulturverlust\" href=\"https:\/\/www.freiburg-schwarzwald.de\/blog\/kultur\/kulturverlust\/\">Kulturverlust<\/a>: &#8222;Die Grundlagen unserer Kultur, Freiheit und <a title=\"Rechtsstaat\" href=\"https:\/\/www.freiburg-schwarzwald.de\/blog\/selbsthilfe\/soziales\/justiz\/rechtsstaat\/\">Rechtsstaat<\/a>, m\u00fcssen verteidigt werden.&#8220;<br \/>\n22.9.2020<\/p>\n<p>Larissa Fu\u00dfer bei der &#8222;5. Vollversammlung der wahren Schwarmintelligenz&#8220; in Erfurt am 5.9.2020:<br \/>\n<a href=\"https:\/\/youtu.be\/WG28mjSs6Uo\">https:\/\/youtu.be\/WG28mjSs6Uo<br \/>\n<\/a>.<\/p>\n<p><em>Larissa Fu\u00dfer, geb. 1998, ist Medizinstudentin und Referentin f\u00fcr Jugendbildung der Friedrich August von Hayek-Gesellschaft. Sie schreibt unter anderem f\u00fcr den Jugendblog Apollo News <a href=\"https:\/\/apollo-news.net\/\">https:\/\/apollo-news.net\/<\/a><\/em><br \/>\n<a href=\"https:\/\/hayek-berlin.de\"><em>https:\/\/hayek-berlin.de<\/em><\/a><\/p>\n","protected":false},"excerpt":{"rendered":"<p>Larissa Fu\u00dfer, Medizinstudentin im 7. Semester aus Berlin, beeindruckte am 5.9.2020 in Erfurt mit dieser freigehaltenen Rede: https:\/\/youtu.be\/WG28mjSs6Uo. &#8222;Was ist meine Kultur? Was will ich bewahren?&#8220; &#8211; in sehr pers\u00f6nlichen Worten erl\u00e4uterte die 22-J\u00e4hrige, wie sie zu &#8222;ihrer deutschen Leitkultur&#8220; &hellip; <a href=\"https:\/\/www.freiburg-schwarzwald.de\/blog\/deutschland-rede-einer-jungen-frau\/\">Weiterlesen <span class=\"meta-nav\">&rarr;<\/span><\/a><\/p>\n","protected":false},"author":2,"featured_media":0,"comment_status":"open","ping_status":"closed","sticky":false,"template":"","format":"standard","meta":{"footnotes":""},"categories":[18,36,139,60,13,98],"tags":[26,301,622,28],"class_list":["post-83534","post","type-post","status-publish","format-standard","hentry","category-bildung","category-engagement","category-heimat","category-jugend","category-kultur","category-literatur","tag-deutsch","tag-culture","tag-migration","tag-sprache"],"_links":{"self":[{"href":"https:\/\/www.freiburg-schwarzwald.de\/blog\/wp-json\/wp\/v2\/posts\/83534","targetHints":{"allow":["GET"]}}],"collection":[{"href":"https:\/\/www.freiburg-schwarzwald.de\/blog\/wp-json\/wp\/v2\/posts"}],"about":[{"href":"https:\/\/www.freiburg-schwarzwald.de\/blog\/wp-json\/wp\/v2\/types\/post"}],"author":[{"embeddable":true,"href":"https:\/\/www.freiburg-schwarzwald.de\/blog\/wp-json\/wp\/v2\/users\/2"}],"replies":[{"embeddable":true,"href":"https:\/\/www.freiburg-schwarzwald.de\/blog\/wp-json\/wp\/v2\/comments?post=83534"}],"version-history":[{"count":0,"href":"https:\/\/www.freiburg-schwarzwald.de\/blog\/wp-json\/wp\/v2\/posts\/83534\/revisions"}],"wp:attachment":[{"href":"https:\/\/www.freiburg-schwarzwald.de\/blog\/wp-json\/wp\/v2\/media?parent=83534"}],"wp:term":[{"taxonomy":"category","embeddable":true,"href":"https:\/\/www.freiburg-schwarzwald.de\/blog\/wp-json\/wp\/v2\/categories?post=83534"},{"taxonomy":"post_tag","embeddable":true,"href":"https:\/\/www.freiburg-schwarzwald.de\/blog\/wp-json\/wp\/v2\/tags?post=83534"}],"curies":[{"name":"wp","href":"https:\/\/api.w.org\/{rel}","templated":true}]}}