{"id":83044,"date":"2020-08-19T14:43:22","date_gmt":"2020-08-19T12:43:22","guid":{"rendered":"https:\/\/www.freiburg-schwarzwald.de\/blog\/?p=83044"},"modified":"2020-08-19T14:43:22","modified_gmt":"2020-08-19T12:43:22","slug":"freiheit-ja-bevormundung-nein","status":"publish","type":"post","link":"https:\/\/www.freiburg-schwarzwald.de\/blog\/freiheit-ja-bevormundung-nein\/","title":{"rendered":"Freiheit ja &#8211; Bevormundung nein"},"content":{"rendered":"<p>Mit der <a title=\"Berlin-Demo: Tag der Freiheit\" href=\"https:\/\/www.freiburg-schwarzwald.de\/blog\/berlin-demo-tag-der-freiheit\/\">Demo &#8222;Tag der Freiheit&#8220;<\/a> am 1.8.2020 in Berlin ist eine <a title=\"Historische Demonstration 1.8.\" href=\"https:\/\/www.freiburg-schwarzwald.de\/blog\/historische-demonstration-1-8\/\">gesellschaftliche Bewegung<\/a> entstanden, die politisch weder<a title=\"Gruen-Links\" href=\"https:\/\/www.freiburg-schwarzwald.de\/blog\/engagement\/zukunft\/demokratie\/gruen-links\/\"> links<\/a> noch <a title=\"Rechts\" href=\"https:\/\/www.freiburg-schwarzwald.de\/blog\/engagement\/zukunft\/demokratie\/rechts\/\">rechts<\/a> ist, sondern staatsb\u00fcrgerlich. Als &#8218;Hambacher Fest des 21. Jahrhunderts&#8216; f\u00fcr die <a title=\"Freiheit\" href=\"https:\/\/www.freiburg-schwarzwald.de\/blog\/engagement\/zukunft\/demokratie\/freiheit\/\">Freiheit<\/a> und gegen die <a title=\"Bevormundung\" href=\"https:\/\/www.freiburg-schwarzwald.de\/blog\/engagement\/zukunft\/demokratie\/bevormundung\/\">Bevormundung<\/a> durch <a title=\"GroKo\" href=\"https:\/\/www.freiburg-schwarzwald.de\/blog\/engagement\/zukunft\/demokratie\/groko\/\">Regierung<\/a> und <a title=\"Mainstream\" href=\"https:\/\/www.freiburg-schwarzwald.de\/blog\/kultur\/medien\/mainstream\/\">Mainstream-Medien<\/a>. Diese Bewegung wird sich auch bei der <a title=\"Demonstrationsrecht\" href=\"https:\/\/www.freiburg-schwarzwald.de\/blog\/engagement\/buergerinitiativen\/demonstrationsrecht\/\">Demo<\/a> am 29.8.2020 in <a title=\"Berlin-Demo29-8-2020\" href=\"https:\/\/www.freiburg-schwarzwald.de\/blog\/engagement\/zukunft\/demokratie\/berlin-demo29-8-2020\/\">Berlin<\/a> nicht stoppen lassen. <!--more--><br \/>\nWeder durch ein (1) Verbot &#8211; dann <a title=\"Berlin-Demo29-8-2020\" href=\"https:\/\/www.freiburg-schwarzwald.de\/blog\/engagement\/zukunft\/demokratie\/berlin-demo29-8-2020\/\">demonstrieren<\/a> die B\u00fcrger eben vor ihren Haus- und Wohnungst\u00fcren. Noch durch (2) Wasserwerfer &#8211; dies w\u00e4re angesichts friedlicher Demonstranten widerrechtlich.<br \/>\n.<br \/>\n<em><strong>(1) Zum bef\u00fcrchteten Verbot der Demo am 29.8.2020:<\/strong><\/em><br \/>\nAngela Merkel zu den Gro\u00df-Demonstrationen in Belarus: \u201eUnser Herz schl\u00e4gt mit den Demonstranten!\u201c (Bild 17.8.2020). Im Gegensatz dazu bezeichnete die Kanzlerin Gro\u00df-Demonstrationen wie in Berlin am 1.8.2020 als &#8222;Desaster&#8220; und &#8222;Bundesligafu\u00dfballspiele mit Publikum &#8211; undenkbar&#8220; (Bild 18.8.2020). Solche \u00c4u\u00dferungen bereiten vielen Sorgen, die Dushan Wegner im folgenden Beitrag so beschreibt:<br \/>\n.<br \/>\n<strong>Coronam\u00fcde? Bewegt euch!<\/strong><br \/>\nFrau Merkel f\u00fcrchtet ein \u00bbDesaster\u00ab sagt sie \u2013 aber vermutlich nat\u00fcrlich nur f\u00fcr Deutschland. Wenn das Virus wirklich so gef\u00e4hrlich ist, warum mahnt sie nicht die Maskenlosen in Wei\u00dfrussland? Nicht einmal ein einziges Wort, keine Silbe, nichts.<br \/>\n&#8230;<br \/>\nWarum erkl\u00e4rt man Fu\u00dfballspiele nicht einfach zur politischen Demonstration gegen die Opposition? Mancher Fu\u00dfballverein pr\u00e4sentierte sich ja ohnehin sehr politiknah, da w\u00e4re es nur logisch, die Spiele zur Demo gegen Merkels Gegner zu erkl\u00e4ren, und schon w\u00e4re das Virus ganz magisch seiner Kraft beraubt!.<br \/>\n&#8230;<br \/>\nEs kursieren verschiedene Thesen zur Frage, warum die Regierung so unterschiedlich auf die verschiedenen Demos reagiert. Etwa: Wenn die Demonstration die eigene Gesellschaft spaltet (etwa indem sie Menschen verschiedener Hautfarben gegeneinander aufhetzt), st\u00e4rkt sie die Position der Regierung und lenkt so sch\u00f6n von aktuellen Skandalen ab (etwa vom Wirecard-Skandal, siehe rnd.de, 20.7.2020); etwas Antifa-Randale, Wei\u00dfe-Schuld-Debatten und zeitfressende, ablenkende Debatten um Zigeunerso\u00dfen sind genau nach dem Geschmack der P\u00f6stchensammler.<br \/>\nWenn die B\u00fcrger gegen die Regierung auf die Stra\u00dfe gehen (in Deutschland sind Regierung und Staatsfunk ja gewohnt, dass die Masse f\u00fcr die Regierung demonstriert, auch wenn da schon mal mit Gratis-Konzerten und Bratwurst \u00bbnachgeholfen\u00ab wird), und wenn sie so etwas wie Geschlossenheit zeigt, wird die Politik richtig panisch.<br \/>\n&#8230;<br \/>\nberichtete sie (Frau Hayali) besonders der <em><strong>\u00bbMix an Menschen\u00ab<\/strong><\/em> habe sie erschreckt (https:\/\/www.zdf.de\/nachrichten\/politik\/coronavirus-hygienedemos-dunja-hayali-100.html, 2.8.2020). Das ist es, wovor Regierung und Staatsfunk sich heute zu f\u00fcrchten scheinen:<br \/>\nDass Menschen sich zusammenschlie\u00dfen, als Demokraten, \u00fcber einzelne Gruppen hinweg. Der einzelne Mensch wie auch die einzelne Gruppe sind schwach, doch wenn ein <em><strong>\u00bbMix an Menschen\u00ab<\/strong><\/em> sich zu einem Anliegen zusammenschlie\u00dft, werden die Durchregierenden und ihre Journalisten sp\u00fcrbar nerv\u00f6s. F\u00fcr den 29. August 2020 ist die n\u00e4chste regierungskritische Demonstration in Berlin angek\u00fcndigt \u2013 ich bin sicher, dass die Politik wieder die B\u00fcrger \u00fcbelst beschimpfen wird, und dass Staatsfunker losziehen werden, um die Demonstranten als l\u00e4cherlich und gef\u00e4hrlich darzustellen. Was erlaubt sich der freche B\u00fcrger da?<br \/>\nMan muss es dem Virus lassen, dass es politisch wirklich \u00bbauf Zack\u00ab ist, und \u00fcberraschend genau unterscheidet, auf welchen Demos es harmlos bleibt (Demos, die Globalisten m\u00f6gen) und auf welchen es sich wie ein Feuer verbreitet (Demos, die Globalisten nicht so m\u00f6gen).<br \/>\n&#8230; Alles vom 18.8.2020 von Dushan Wegner bitte lesen auf<br \/>\n<a href=\"https:\/\/www.dushanwegner.com\/coronamuede\/\">https:\/\/www.dushanwegner.com\/coronamuede\/<\/a><br \/>\n<em><strong>(2) Zum bef\u00fcrchteten Einsatz von Wasserwerfer gegen Corona-Demonstranten<\/strong><\/em><br \/>\nWas hatte Matthias Koch da aufgeschrieben? Der Journalist ist ja beim RND nicht irgendwer, als Chefautor der Madsack-Gruppe ist er schon seit Gr\u00fcndung 2013 Teil des RND, \u00fcbernahm dort die F\u00fchrungsrolle und tr\u00e4gt also in besonderem Ma\u00dfe Verantwortung, was inhaltlich passiert. Wenn Koch also daneben haut, dann trifft es das Netzwerk in seiner Gesamtheit.<br \/>\n&#8230;<br \/>\nEr fordert zun\u00e4chst in besagtem grenzwertigem Tonfall: <em>\u201eIn Auseinandersetzung mit Infektionsschutzgegnern m\u00fcssen neue Saiten aufgezogen werden.\u201c<\/em> &#8230; Nein, interessanter ist, wie diese neuen Saiten bei Matthias Koch an der Spitze des RND tats\u00e4chlich und im Wortlaut aussehen sollen:<br \/>\n<em>\u201eOffensichtlich ist bei Bu\u00dfgeldern f\u00fcr Maskenverweigerer noch Luft nach oben. Schlie\u00dflich muss auch gekl\u00e4rt werden, was geschehen soll, wenn Verschw\u00f6rungstheoretiker erneut ihr unbezweifelbares Demonstrationsrecht missbrauchen zu infektionsrechtlich unzul\u00e4ssigen Superspreader-Events. Die Wahrheit ist: Da kann auch mal der Einsatz von Wasserwerfern geboten und polizeirechtlich angemessen sein. Zeichen setzen d\u00fcrfen nicht nur die Abgedrehten.\u201c<\/em><br \/>\n&#8230;<br \/>\nEs muss in aller Deutlichkeit gesagt sein: Der Journalist Koch bewirbt sich mit seinem neuesten Leitartikel als Hilfs-Regierungssprecher aus der Privatwirtschaft heraus. Oder er bewirbt sich f\u00fcr sein Netzwerk schon um eine F\u00fchrungsrolle in den \u00f6ffentlich-rechtlichen Medien von morgen, dann, wenn solche Netzwerke als gro\u00dfe Medienverteilstationen Regierungshaltung nach chinesischem Vorbild in die Gazetten spritzen wie Wasser aus Wasserwerfern.<br \/>\n&#8230; Alles vom 16.8.2020 bitte lesen auf<br \/>\n<a href=\"https:\/\/www.tichyseinblick.de\/kolumnen\/alexander-wallasch-heute\/wasserwerfer-gegen-corona-demonstranten\/\">https:\/\/www.tichyseinblick.de\/kolumnen\/alexander-wallasch-heute\/wasserwerfer-gegen-corona-demonstranten\/<\/a><br \/>\n.<br \/>\nEinige Kommentare:<br \/>\n<strong>Herr Koch sollte SOFORT entlassen werden.<\/strong><br \/>\nWas sind das nur f\u00fcr Journalisten,die die Regierung vor sich her treiben und China-Methoden fordern?!Ich bin entsetzt \u00fcber die sozialistischen Tendenzen in unserem Land.Diese Menschen scheinen mittlerweile an allen wichtigen Schaltstellen im Land zu sitzen.Merkel hat offenbar ganze Arbeit geleistet.<br \/>\n16.8.2020, Jule K, TO<br \/>\n.<br \/>\n<strong>Demonstrationen in Belarus und Berlin &#8211; zweierlei Ma\u00df<\/strong><br \/>\nDa f\u00e4llt mir gerade das Demonstrationsgeschehen in Wei\u00dfrussland \u2013 eleganter: Belarus \u2013 ein, das momentan in den Mainstream-Nachrichten erste Pl\u00e4tze einnimmt und voll Enthusiasmus f\u00fcr die Demonstrierenden dort kommentiert wird.<br \/>\nVielleicht sollte gerade das RND mal einen genaueren Blick auf diese Demonstranten werfen, dann w\u00fcrde es bemerken, dass diese \u2013 oh Schreck \u2013 weder Masken tragen noch Abstand halten. Die d\u00fcrfen das, die Corona-Demonstranten aber nicht. Klar, der Virus macht einen Bogen um wei\u00dfrussische Revolutionen, nicht aber um deutsche\u2026 Messen mit zweierlei Ma\u00df!<br \/>\n16.8.2020, S.K.<br \/>\n.<br \/>\n<strong>Matthias Koch vom RND ist offensichtlich ein zu Gewalt aufhetzender Antidemokrat.<\/strong><br \/>\nDenn der Einsatz von Wasserwerfern gegen friedliche Demonstranten ist eindeutig Gewaltanwendung! Das \u201eRedaktionsnetzwerk Deutschland\u201c mu\u00df vom Verfassungsschutz \u00fcberwacht werden!<br \/>\n16.8.2020, M.O., TO<br \/>\n.<br \/>\n<strong>Das ist pure Angst und Panik vor Organisationen wie Querdenken711,<\/strong><br \/>\ndie aus der Mitte der Gesellschaft die Etablierte Parteien, wie in Italien mit der 5 Sterne Bewegung und Lega schon erfolgt, \u00fcberfl\u00fcssig machen und neue Akzente setzen werden: 0 Windr\u00e4der daf\u00fcr preiswerteren Strom, GEZ weg kann sich eh keiner mehr leisten, Illegale Einwanderung beenden kann sich auch keiner mehr leisten, Einigkeit und Recht und Freiheit wieder den gebotenen Stellenwert geben usw. f\u00fcr Journalisten a la Koch ist genug zu tun in China \u2026 tsch\u00fcss<br \/>\n16.8.2020, MG42<br \/>\n.<br \/>\n<strong>Ich habe den Kommentar des Herrn Koch in der Rostocker Ostseezeitung gelesen<\/strong><br \/>\nund war erschrocken \u00fcber diese Forderung. Ich bin Jahrgang 1961 und habe das andere System erlebt. Das 30 Jahre nach unserer friedlichen Revolution wieder Journalisten dazu aufrufen das Volk mit Wasserwerfern zu bek\u00e4mpfen macht mir Angst. Was ist los mit uns ? Dieser Aufruf spaltet die Gesellschaft. Wird nicht immer gesagt : Achtet auf eure Worte denn aus Worte werden Taten. Dieser Herr Koch sollte sich sch\u00e4men sich Journalist zu nennen. \u201eTypen wie er\u201c sind die wahren Scharfmacher in unser Gesellschaft. Wir m\u00fcssen alle auf uns aufpassen sonst l\u00e4uft uns alles aus dem Ruder<br \/>\n16.8.2020, A.P.<br \/>\n.<br \/>\n<strong>Die Gesetzeslage verbietet also den Einsatz von Wasserwerfern gegen friedliche Demonstranten?<\/strong><br \/>\nNun, dem kann abgeholfen werden. Es finden sich doch ganz sicher einige zivilcouragierte linksgr\u00fcne Aktivisten, die sich unter die friedlichen Demonstranten mischen und den einen oder anderen Stein oder die eine oder andere Flasche in Richtung Polizei werfen. Nat\u00fcrlich nur, um der guten Sache zu dienen!<br \/>\nF\u00fcr Tschurrnalisten wie diesen Matthias Koch w\u00e4re das dann sicher der ultimative \u201eBeweis\u201c, dass die Gegner der Grundrechtseinschr\u00e4nkungen allesamt b\u00f6se Naahdsiehs sind \u2026<br \/>\n16.8.2020, J.SCH-H., TO<br \/>\n.<br \/>\n<strong>Die SPD h\u00e4lt mit 23,1% den gr\u00f6\u00dften Kommanditistenanteil der Lachsack-Gruppe.<\/strong><br \/>\nWarum ist in diesem Land den politischen Parteien die wirtschaftliche Bet\u00e4tigung nicht verboten? Jedem Dackelz\u00fcchterclub ist das nicht erlaubt. Auf die Idee kam man erst, als die fr\u00fche AfD unter Lucke noch Gold verkaufte und dann musste man gut aufpassen, da\u00df man sich selbst mit neuen Regeln nicht von den Geldquellen abschnitt. Ja, alles in einer Hand, alles vor der Gleichschaltung. Und Berlins B\u00fcrgermeister M\u00fcller hat sich auch schon dazu ge\u00e4u\u00dfert. Er wird Wasserwerfer einsetzen, wenn keine Masken getragen werden. Ja, gegen Aufst\u00e4ndische geht man rigoros vor. Ich hoffe, es kommt soweit, aber niemand kommt wirklich zu Schaden. Einen besseren Gefallen bei der Demaskierung eines Regimes kann man ja gar nicht tun.<br \/>\n16.8.2020, C.N.<br \/>\n.<br \/>\n<strong>Seit dem 01. August gibt es eine gro\u00dfe Bewegung,<\/strong><br \/>\neine nicht mehr zu stoppende b\u00fcrgerliche Bewegung, die sich von Parteienstaat (Jaspers, von Weizs\u00e4cker, von Arnim) und Mainstream-Medien emanzipiert hat. Diese Bewegung ist nicht politisch, sondern staatsb\u00fcrgerlich. Sie l\u00e4sst sich nicht spalten, denn Einigkeit ist ihr Ziel. Sie ist das Hambacher Fest des 21. Jahrhunderts. Bitte fahrt die Wasserwerfer auf, dann wird alles noch viel schneller gehen.<br \/>\n16.8.2020, Pon<br \/>\n.<br \/>\n<strong>\u201eEmp\u00f6rungsmanagement&#8220; der Medien?<\/strong><br \/>\nNee, nicht irgendwann; USA und FOX News sind da schon weiter:<br \/>\nhttps:\/\/uncut-news.ch\/2020\/08\/14\/us-tv-arzt-will-dass-ungeimpfte-kinder-gelbe-abzeichen-tragen\/ &#8230; Dann keimte aber in mir die hoffnungsfrohe Vermutung, dass es sich hier um keinen echten Vorschlag, sondern um ein &#8222;wohldosiertes\u201c Emp\u00f6rungsangebot von FOX News handelt! So etwas kennen wir hierzulande zur Gen\u00fcge von der \u201eBild\u201c \u2013 immer sch\u00f6n daf\u00fcr sorgen, dass immer etwas \u201eDruck auf dem Kessel\u201c bleibt. Ich nenne das (nach Prof. Mausfeld, wenn ich mich nicht irre\u2026) gerne auch \u201eEmp\u00f6rungsmanagement\u201c.<br \/>\n16.8.2020, Bro<\/p>\n","protected":false},"excerpt":{"rendered":"<p>Mit der Demo &#8222;Tag der Freiheit&#8220; am 1.8.2020 in Berlin ist eine gesellschaftliche Bewegung entstanden, die politisch weder links noch rechts ist, sondern staatsb\u00fcrgerlich. Als &#8218;Hambacher Fest des 21. Jahrhunderts&#8216; f\u00fcr die Freiheit und gegen die Bevormundung durch Regierung und &hellip; <a href=\"https:\/\/www.freiburg-schwarzwald.de\/blog\/freiheit-ja-bevormundung-nein\/\">Weiterlesen <span class=\"meta-nav\">&rarr;<\/span><\/a><\/p>\n","protected":false},"author":2,"featured_media":0,"comment_status":"open","ping_status":"closed","sticky":false,"template":"","format":"standard","meta":{"footnotes":""},"categories":[355,36,13,80,157,172],"tags":[281,700,325,633,682],"class_list":["post-83044","post","type-post","status-publish","format-standard","hentry","category-buergerinitiativen","category-engagement","category-kultur","category-medien","category-oeffentlicher-raum","category-zukunft","tag-burgerinitiativen","tag-corona","tag-demo","tag-demokratie","tag-freiheit"],"_links":{"self":[{"href":"https:\/\/www.freiburg-schwarzwald.de\/blog\/wp-json\/wp\/v2\/posts\/83044","targetHints":{"allow":["GET"]}}],"collection":[{"href":"https:\/\/www.freiburg-schwarzwald.de\/blog\/wp-json\/wp\/v2\/posts"}],"about":[{"href":"https:\/\/www.freiburg-schwarzwald.de\/blog\/wp-json\/wp\/v2\/types\/post"}],"author":[{"embeddable":true,"href":"https:\/\/www.freiburg-schwarzwald.de\/blog\/wp-json\/wp\/v2\/users\/2"}],"replies":[{"embeddable":true,"href":"https:\/\/www.freiburg-schwarzwald.de\/blog\/wp-json\/wp\/v2\/comments?post=83044"}],"version-history":[{"count":0,"href":"https:\/\/www.freiburg-schwarzwald.de\/blog\/wp-json\/wp\/v2\/posts\/83044\/revisions"}],"wp:attachment":[{"href":"https:\/\/www.freiburg-schwarzwald.de\/blog\/wp-json\/wp\/v2\/media?parent=83044"}],"wp:term":[{"taxonomy":"category","embeddable":true,"href":"https:\/\/www.freiburg-schwarzwald.de\/blog\/wp-json\/wp\/v2\/categories?post=83044"},{"taxonomy":"post_tag","embeddable":true,"href":"https:\/\/www.freiburg-schwarzwald.de\/blog\/wp-json\/wp\/v2\/tags?post=83044"}],"curies":[{"name":"wp","href":"https:\/\/api.w.org\/{rel}","templated":true}]}}