{"id":82968,"date":"2020-08-15T19:17:16","date_gmt":"2020-08-15T17:17:16","guid":{"rendered":"https:\/\/www.freiburg-schwarzwald.de\/blog\/?p=82968"},"modified":"2020-08-19T15:31:49","modified_gmt":"2020-08-19T13:31:49","slug":"gewalt-gegen-frauen-nimmt-zu","status":"publish","type":"post","link":"https:\/\/www.freiburg-schwarzwald.de\/blog\/gewalt-gegen-frauen-nimmt-zu\/","title":{"rendered":"Gewalt gegen Frauen nimmt zu"},"content":{"rendered":"<p>Die Volkswirtschaftliche Gesamtrechnung der Bundesrepublik Deutschland weist seit 2015 f\u00fcr die <a title=\"Migration\" href=\"https:\/\/www.freiburg-schwarzwald.de\/blog\/global\/migration\/\">Migration<\/a> <a title=\"Migration-Kosten\" href=\"https:\/\/www.freiburg-schwarzwald.de\/blog\/global\/migration\/migration-kosten\/\">Kosten<\/a> von 40 Mrd Euro pro Jahr aus &#8211; Fachleute wie die Professoren <a title=\"Migrationspolitik\" href=\"https:\/\/www.freiburg-schwarzwald.de\/blog\/global\/migration\/migrationspolitik\/\">Bernd Raffelh\u00fcschen<\/a> und <a title=\"Sinn\" href=\"https:\/\/www.freiburg-schwarzwald.de\/blog\/global\/deutschland\/sinn\/\">Hans-Werner Sinn<\/a> nennen deutlich h\u00f6here Euro-Betr\u00e4ge. Doch weit gravierender als diese pekuni\u00e4ren <a title=\"Rezession\" href=\"https:\/\/www.freiburg-schwarzwald.de\/blog\/business\/rezession\/\">Volkswirtschafts-Kosten<\/a> sind die immateriellen bzw. psychischen <a title=\"Frauen-Freiheit\" href=\"https:\/\/www.freiburg-schwarzwald.de\/blog\/selbsthilfe\/frauen\/frauen-freiheit\/\">Freiheits-Kosten<\/a> der <a title=\"Migration\" href=\"https:\/\/www.freiburg-schwarzwald.de\/blog\/global\/migration\/\">Migration<\/a>, <!--more-->welche in unserer Gesellschaft haupts\u00e4chlich die <a title=\"Frauen\" href=\"https:\/\/www.freiburg-schwarzwald.de\/blog\/selbsthilfe\/frauen\/\">Frauen<\/a> und <a title=\"Maedchen\" href=\"https:\/\/www.freiburg-schwarzwald.de\/blog\/selbsthilfe\/kinder\/maedchen\/\">M\u00e4dchen<\/a> zu tragen haben.<br \/>\n<a title=\"Bewegungsfreiheit der Frauen\" href=\"https:\/\/www.freiburg-schwarzwald.de\/blog\/bewegungsfreiheit-der-frauen\/\">Frauen als Opfer<\/a> gewaltt\u00e4tiger Migranten im <a title=\"Oeffentlicher-Raum\" href=\"https:\/\/www.freiburg-schwarzwald.de\/blog\/kultur\/oeffentlicher-raum\/\">\u00f6ffentlichen Raum<\/a> &#8211; aber dar\u00fcber sprechen die da oben (Politik, Medien und NGOs) und die da unten (die &#8222;schweigende Mehrheit&#8220; der B\u00fcrger) kaum.<br \/>\n.<br \/>\nSeit der Grenz\u00f6ffnung <a title=\"Budapest-Dublin2015\" href=\"https:\/\/www.freiburg-schwarzwald.de\/blog\/global\/eu\/budapest-dublin2015\/\">Budapest 9\/2015<\/a> verfolgen Regierung mitsamt Mainstreammedien die Strategie, die sexuelle Gewalt, welche junge, alleinstehende M\u00e4nner aus <a title=\"Maghreb\" href=\"https:\/\/www.freiburg-schwarzwald.de\/blog\/global\/maghreb\/\">Maghreb<\/a>, Arabien und <a title=\"Afrika\" href=\"https:\/\/www.freiburg-schwarzwald.de\/blog\/global\/afrika\/\">Afrika<\/a> gegen &#8222;schon l\u00e4nger hier lebende&#8220; (Merkel) Frauen und M\u00e4dchen aus\u00fcben, mittels Political Correctness zu vertuschen bzw. zu verharmlosen. Die <a title=\"Freiheit der Frauen schwindet\" href=\"https:\/\/www.freiburg-schwarzwald.de\/blog\/freiheit-der-frauen-schwindet\/\">Freiheit von Frauen und M\u00e4dchen<\/a> im \u00f6ffentlichen Raum wird zunehmend <a title=\"Konformit\u00e4tsdruck \u2013 Freiheit\" href=\"https:\/\/www.freiburg-schwarzwald.de\/blog\/konformitaetsdruck-freiheit\/\">eingeschr\u00e4nkt<\/a>. <a title=\"Frauenproteste\" href=\"https:\/\/www.freiburg-schwarzwald.de\/blog\/selbsthilfe\/frauen\/frauenproteste\/\">Frauenproteste<\/a> blieben bis heute aus. Der jahrzehntelange Kampf von FrauenrechtlerInnen und FeministInnen f\u00fcr Freiheitsrechte bzw. Frauenrechte in Deutschland scheint mit der Willkommenskultur verloren zu sein.<br \/>\n.<br \/>\nAuch die aktuelle Untersuchung <a title=\"Frauenproteste\" href=\"https:\/\/www.freiburg-schwarzwald.de\/blog\/selbsthilfe\/frauen\/frauenproteste\/\">&#8222;Safe in the City?&#8220;<\/a> der <a title=\"Kinderschutzbund\" href=\"https:\/\/www.freiburg-schwarzwald.de\/blog\/selbsthilfe\/kinder\/kinderschutzbund\/\">Kinderschutzorganisation Plan<\/a> best\u00e4tigt dies.<br \/>\n<strong><em>&#8222;Unsere Umfrage zeigt, dass M\u00e4dchen und Frauen sich in ihrer Stadt nicht wirklich sicher und frei bewegen k\u00f6nnen. Jede vierte Frau hat sexuelle Bel\u00e4stigung erlebt und jede f\u00fcnfte wurde schon mal verfolgt, beschimpft und bedroht. Ein Ergebnis, das uns sehr zu denken gibt\u201c<\/em> <\/strong><br \/>\n&#8211; sagt Maike R\u00f6ttger, Gesch\u00e4ftsf\u00fchrerin von <a title=\"Frauenproteste\" href=\"https:\/\/www.freiburg-schwarzwald.de\/blog\/selbsthilfe\/frauen\/frauenproteste\/\">Plan International Deutschland<\/a>. <em>&#8220;<br \/>\nDer am h\u00e4ufigsten genannte Grund f\u00fcr ein unsicheres Gef\u00fchl bei M\u00e4dchen und Frauen sind angsteinfl\u00f6\u00dfende Personen und hier vor allem Menschen, die \u00f6ffentlich Drogen oder Alkohol konsumieren.&#8220;<\/em><br \/>\n<a href=\"https:\/\/www.plan.de\/news\/detail\/frauen-erleben-in-ihren-staedten-angst-belaestigung-und-gewalt.html\">https:\/\/www.plan.de\/news\/detail\/frauen-erleben-in-ihren-staedten-angst-belaestigung-und-gewalt.html<\/a><br \/>\n.<br \/>\nDiese schwammige Aussage zu &#8222;angsteinfl\u00f6\u00dfenden Personen&#8220; ist der <a title=\"Political-Correctness\" href=\"https:\/\/www.freiburg-schwarzwald.de\/blog\/kultur\/medien\/political-correctness\/\">Political Correctness<\/a> geschuldet, dient aber nicht der L\u00f6sung des Problems. Wenn Plan die Drogenkonsumenten und Alkoholkranke f\u00fcr den erschreckenden Anstieg an sexueller Gewalt gegen Frauen verantwortlich macht, dann ist dies nicht glaubhaft, sondern geradezu l\u00e4cherlich: Warum sollen sich deutsche junge M\u00e4nner ausgerechnet seit der <a title=\"Grenz\u00f6ffnung2015\" href=\"https:\/\/www.freiburg-schwarzwald.de\/blog\/global\/deutschland\/grenzoeffnung2015\/\">Grenz\u00f6ffnung<\/a> Budapest 9\/2015 pl\u00f6tzlich zu Frauenfeinden bis hin zu Vergewaltigern entwickelt haben? Falsch. Inzwischen weisen alle Kriminalstatistiken vor allem junge Migranten als T\u00e4terkreis aus.<br \/>\nDas Vorgehen von Plan, die <a title=\"Drogen\" href=\"https:\/\/www.freiburg-schwarzwald.de\/blog\/selbsthilfe\/sucht\/drogen\/\">Drogen<\/a>-\/<a title=\"Alkohol\" href=\"https:\/\/www.freiburg-schwarzwald.de\/blog\/selbsthilfe\/sucht\/alkohol\/\">Alkoholszene<\/a> f\u00fcr die Gewalt gegen Frauen verantwortlich zu machen, entspricht dem der <a title=\"Stuttgart16Mai2020LinkeGewalt\" href=\"https:\/\/www.freiburg-schwarzwald.de\/blog\/selbsthilfe\/krise\/gewalt\/linke-gewalt\/stuttgart16mai2020linkegewalt\/\">Stuttgarter Beh\u00f6rden<\/a>, die zun\u00e4chst der Party-\/Eventszene die <a title=\"Strassenschlacht\" href=\"https:\/\/www.freiburg-schwarzwald.de\/blog\/selbsthilfe\/krise\/gewalt\/strassenschlacht\/\">b\u00fcrgerkriegs\u00e4hnlichen Strassenschlachten in Stuttgart<\/a> in die Schuhe schoben. Damals wehrten sich die \u00f6rtlichen Bar-\/Diskobetreiber mitsamt ihrer Kundschaft gegend en Vorwurf, sich seit der <a title=\"Budapest-Dublin2015\" href=\"https:\/\/www.freiburg-schwarzwald.de\/blog\/global\/eu\/budapest-dublin2015\/\">Grenz\u00f6ffnung 2015<\/a> brutalisiert zu haben &#8211; erfolgreich. Nun\u00a0ist sogar von <a title=\"Palmer\" href=\"https:\/\/www.freiburg-schwarzwald.de\/blog\/vereine\/partei\/gruene\/palmer\/\">Boris Palmer<\/a> (Gr\u00fcne) zu h\u00f6ren und in den Mainstreammedien zu lesen: In Stuttgart waren gewaltbereite linksradikale sowie Migranten am Randalieren.<br \/>\n.<br \/>\nSolange das Problem nicht benannt wird, kann es auch nicht gel\u00f6st werden: Bis zu 80% der Migranten sind junge M\u00e4nner aus <a title=\"Migration-Bildung\" href=\"https:\/\/www.freiburg-schwarzwald.de\/blog\/global\/migration\/migration-bildung\/\">bildungsfernen Schichten<\/a>, also funktionale Analphabeten mit \u00fcberwiegend vom Islam gepr\u00e4gter <a title=\"Sozialisation\" href=\"https:\/\/www.freiburg-schwarzwald.de\/blog\/selbsthilfe\/jugend\/sozialisation\/\">Sozialisation<\/a>. Es finden sich kaum Frauen unter den Migranten, der Zugang zu Bordellen ist oft verwehrt. Zudem lastet auf den jungen M\u00e4nnern der Druck, \u00fcber <a title=\"Afrika: Tabu zwingt zu Polemik\" href=\"https:\/\/www.freiburg-schwarzwald.de\/blog\/afrika-tabu-zwingt-zu-polemik\/\">&#8222;Western Union&#8220;<\/a> Geld an die Familie zuhause oder an <a title=\"Schleuser\" href=\"https:\/\/www.freiburg-schwarzwald.de\/blog\/global\/eu\/schleuser\/\">Schlepper<\/a> zu \u00fcberweisen. Dieses Problem betrifft Hunderttausende junger M\u00e4nner, wahrscheinlich\u00a0\u00fcber zwei Millionen? Dieses Problem zeigt sich allabendlich und nachts auf den Strassen und Pl\u00e4tzen der Innenst\u00e4dte. Dieses Problem mu\u00df endlich offen und ehrlich diskutiert werden. Sonst wird sich die Bewegungsfreiheit von Frauen und M\u00e4dchen im \u00f6ffentlichen Raum noch mehr einengen.<br \/>\nZum Schlu\u00df eine aktuelle Zahl: Allein von M\u00e4rz bis Juli 2020 gab es 210 schwere <a title=\"Vergewaltigung\" href=\"https:\/\/www.freiburg-schwarzwald.de\/blog\/selbsthilfe\/krise\/sexuellermissbrauch\/vergewaltigung\/\">Vergewaltigungen<\/a> in Berlin, davon waren 50 mal unter 16-J\u00e4hrige M\u00e4dchen betroffen. Der Anteil ausl\u00e4ndischer T\u00e4ter und der Anteil deutscher T\u00e4ter mit Migrationshintergrund darf nur vage genannt werden: er mag zwischen zwei Drittel und drei Viertel liegen. Wer ihn exakt nennt, gilt als Rechts bis hin zu Nazi. Cui bono?<br \/>\n.<br \/>\nWir m\u00fcssen helfen: Den Opfern wie den T\u00e4tern. Den hiesigen Frauen genauso wie den jungen Migranten. Beide Seiten\u00a0k\u00f6nnen nicht verantwortlich\u00a0gemacht werden\u00a0f\u00fcr die verheerende <a title=\"Migrationspolitik\" href=\"https:\/\/www.freiburg-schwarzwald.de\/blog\/global\/migration\/migrationspolitik\/\">Migrationspolitik<\/a> der GroKo seit 9\/2015. Es hilft nicht weiter, den Frauen &#8222;eine Arml\u00e4nge Abstand&#8220; bzw. Selbstverteidigungskurse zu empfehlen. Es hilft nicht weiter, den jungen\u00a0M\u00e4nnern durch Wegschauen und niedrige Strafen das Unrechtsbewu\u00dftsein f\u00fcr &#8222;Gewalt gegen Frauen&#8220; zu nehmen.<br \/>\nF\u00fcr\u00a0die Bundesregierung ist &#8222;Migration&#8220; gro\u00dfenteils synonym zu &#8222;Migration junger M\u00e4nner&#8220;. Wenn die Regierung dies wei\u00df, w\u00fcnscht und tut, dann ist sie auch verpflichtet, diese M\u00e4nner zu integrieren &#8211; was immer auch die Regierung darunter versteht.<br \/>\n15.8.2020 .<\/p>\n<p>Mehr auch auf<br \/>\n<a title=\"Frauenproteste\" href=\"https:\/\/www.freiburg-schwarzwald.de\/blog\/selbsthilfe\/frauen\/frauenproteste\/\">Umfrage von Plan verschleiert sexuelle Gewalt von Migranten gegen M\u00e4dchen und Frauen<\/a> (13.8.2020)<br \/>\n.<\/p>\n<p><strong>Unsicherheit in St\u00e4dten: \u201eM\u00e4nner\u201c und \u201eUnterf\u00fchrungen\u201c sind schuld<\/strong><br \/>\nEine Untersuchung von \u201ePlan International\u201c kommt zu dem Schluss, dass viele Frauen sich in der \u00d6ffentlichkeit nicht sicher f\u00fchlen. Nur \u00fcber die Ursachen will die Chefin der Organisation <a title=\"Political-Correctness\" href=\"https:\/\/www.freiburg-schwarzwald.de\/blog\/kultur\/medien\/political-correctness\/\">nicht konkret<\/a> reden.<br \/>\n&#8230;.<br \/>\ndas Problem schrumpft \u2013 wie bei der Plan International-Umfrage \u2013 von vor herein auf nicht n\u00e4her genannte \u201eM\u00e4nner\u201c und \u201eUnterf\u00fchrungen\u201c zusammen. Eine Ausnahme stellt die neue Frauenbeauftragte von Neuk\u00f6lln G\u00fcner Balci dar. Sie geh\u00f6rt zu den wenigen, die sich nicht der Schleiersprache bedient. In dem Magazin \u201eEmma\u201c sagte Balci:<br \/>\n<a href=\"https:\/\/www.emma.de\/artikel\/und-die-musliminnen-333893\">https:\/\/www.emma.de\/artikel\/und-die-musliminnen-333893<\/a><br \/>\n\u201eIch kenne F\u00e4lle von arabischen M\u00fcttern, die selbst noch als Kinder verheiratet wurden, aber hier in Berlin ihren T\u00f6chtern erlaubt haben, frei zu leben. Sie mussten kein Kopftuch tragen, durften Abitur machen und so weiter. Auch die V\u00e4ter hatten eingesehen, dass sie ihren T\u00f6chtern mehr Freiheit erlauben sollten. Diese M\u00e4dchen haben sich noch bis vor kurzem v\u00f6llig frei bewegt. Und dann wurde in dem Viertel ein Fl\u00fcchtlingsheim in einem alten Warenhaus eingerichtet. Da wurden 300 M\u00e4nner untergebracht. Und schwuppdiwupp \u00e4ndert sich die gesamte Stimmung in diesem Viertel. Weil diese Typen die Frauen auf der Stra\u00dfe derbe anmachen, und zwar auf Arabisch. Denn in dem Moment, wo ein arabisches oder t\u00fcrkisches M\u00e4dchen sich \u201awie eine Deutsche\u2019 benimmt, ist die halt auch vogelfrei. Das bekommen die Eltern nat\u00fcrlich mit. Und das kennen sie aus ihren Herkunftsl\u00e4ndern: Wenn man sich als Frau nicht den moralischen Anstandsregeln entsprechend verh\u00e4lt, muss man sich nicht wundern, wenn man bel\u00e4stigt oder vergewaltigt wird. Die Frau ist ja in diesen L\u00e4ndern immer selber schuld, wenn ihr sowas passiert.\u201c<br \/>\n&#8230; Alles vom 18.8.220 bitte lesen auf<br \/>\n<a href=\"https:\/\/www.tichyseinblick.de\/daili-es-sentials\/unsicherheit-in-staedten-maenner-und-unterfuehrungen-sind-schuld\/\">https:\/\/www.tichyseinblick.de\/daili-es-sentials\/unsicherheit-in-staedten-maenner-und-unterfuehrungen-sind-schuld\/<\/a><\/p>\n","protected":false},"excerpt":{"rendered":"<p>Die Volkswirtschaftliche Gesamtrechnung der Bundesrepublik Deutschland weist seit 2015 f\u00fcr die Migration Kosten von 40 Mrd Euro pro Jahr aus &#8211; Fachleute wie die Professoren Bernd Raffelh\u00fcschen und Hans-Werner Sinn nennen deutlich h\u00f6here Euro-Betr\u00e4ge. Doch weit gravierender als diese pekuni\u00e4ren &hellip; <a href=\"https:\/\/www.freiburg-schwarzwald.de\/blog\/gewalt-gegen-frauen-nimmt-zu\/\">Weiterlesen <span class=\"meta-nav\">&rarr;<\/span><\/a><\/p>\n","protected":false},"author":2,"featured_media":0,"comment_status":"open","ping_status":"closed","sticky":false,"template":"","format":"standard","meta":{"footnotes":""},"categories":[59,210,14,155,60,61,13,80,157,19,65,172],"tags":[672,680,431,732,725,421,488,622],"class_list":["post-82968","post","type-post","status-publish","format-standard","hentry","category-frauen","category-gewalt","category-global","category-integration","category-jugend","category-kinder","category-kultur","category-medien","category-oeffentlicher-raum","category-religion","category-sexuellermissbrauch","category-zukunft","tag-fluechtling","tag-frauen-2","tag-gerecht","tag-gewalt","tag-integration","tag-islam","tag-child","tag-migration"],"_links":{"self":[{"href":"https:\/\/www.freiburg-schwarzwald.de\/blog\/wp-json\/wp\/v2\/posts\/82968","targetHints":{"allow":["GET"]}}],"collection":[{"href":"https:\/\/www.freiburg-schwarzwald.de\/blog\/wp-json\/wp\/v2\/posts"}],"about":[{"href":"https:\/\/www.freiburg-schwarzwald.de\/blog\/wp-json\/wp\/v2\/types\/post"}],"author":[{"embeddable":true,"href":"https:\/\/www.freiburg-schwarzwald.de\/blog\/wp-json\/wp\/v2\/users\/2"}],"replies":[{"embeddable":true,"href":"https:\/\/www.freiburg-schwarzwald.de\/blog\/wp-json\/wp\/v2\/comments?post=82968"}],"version-history":[{"count":0,"href":"https:\/\/www.freiburg-schwarzwald.de\/blog\/wp-json\/wp\/v2\/posts\/82968\/revisions"}],"wp:attachment":[{"href":"https:\/\/www.freiburg-schwarzwald.de\/blog\/wp-json\/wp\/v2\/media?parent=82968"}],"wp:term":[{"taxonomy":"category","embeddable":true,"href":"https:\/\/www.freiburg-schwarzwald.de\/blog\/wp-json\/wp\/v2\/categories?post=82968"},{"taxonomy":"post_tag","embeddable":true,"href":"https:\/\/www.freiburg-schwarzwald.de\/blog\/wp-json\/wp\/v2\/tags?post=82968"}],"curies":[{"name":"wp","href":"https:\/\/api.w.org\/{rel}","templated":true}]}}