{"id":82885,"date":"2020-08-07T10:05:18","date_gmt":"2020-08-07T08:05:18","guid":{"rendered":"https:\/\/www.freiburg-schwarzwald.de\/blog\/?p=82885"},"modified":"2020-08-12T10:15:23","modified_gmt":"2020-08-12T08:15:23","slug":"waghaeusel-migranten-bahnsteig","status":"publish","type":"post","link":"https:\/\/www.freiburg-schwarzwald.de\/blog\/waghaeusel-migranten-bahnsteig\/","title":{"rendered":"Wagh\u00e4usel: Migranten Bahnsteig"},"content":{"rendered":"<p>Zwei junge <a title=\"Syrien\" href=\"https:\/\/www.freiburg-schwarzwald.de\/blog\/global\/syrien\/\">Syrer<\/a> sto\u00dfen einen 54-J\u00e4hrigen im Bahnhof von Wagh\u00e4usel vom <a title=\"Bahnsteig\" href=\"https:\/\/www.freiburg-schwarzwald.de\/blog\/global\/deutschland\/bahnsteig\/\">Bahnsteig<\/a> und hindern ihn dann auch noch, aus dem Gleisbett hoch zu kommen. Er wird vom einfahrenden Zug erfa\u00dft und schwer verletzt. Kein <a title=\"Einzelfall\" href=\"https:\/\/www.freiburg-schwarzwald.de\/blog\/selbsthilfe\/soziales\/justiz\/einzelfall\/\">Einzelfall<\/a> &#8211; man erinnert sich an U-Bahnen in M oder B, oder an den <a title=\"Bahnsteig\" href=\"https:\/\/www.freiburg-schwarzwald.de\/blog\/global\/deutschland\/bahnsteig\/\">Jungen in Frankfurt<\/a>, der von einem Afrikaner vom Bahnsteig gesto\u00dfen wurde und vor den Augen seiner Mutter starb. <!--more-->Die regionale Presse verschweigt den Fall weitgehend &#8211; weil es sich hier um <a title=\"Fluechtlinge-Kriminalitaet\" href=\"https:\/\/www.freiburg-schwarzwald.de\/blog\/global\/integration\/fluechtlinge-kriminalitaet\/\">Migrantenkriminalit\u00e4t<\/a> handelt? Ist diese Form von <a title=\"Haltungsjournalismus\" href=\"https:\/\/www.freiburg-schwarzwald.de\/blog\/kultur\/medien\/journalismus\/haltungsjournalismus\/\">einseitiger<\/a> und selektiver Berichterstattung nicht im Grunde <a title=\"Rassismus\" href=\"https:\/\/www.freiburg-schwarzwald.de\/blog\/engagement\/rassismus\/\">rassistisch<\/a>? Man stelle sich das <a title=\"Kampf-gegen-Rechts\" href=\"https:\/\/www.freiburg-schwarzwald.de\/blog\/kultur\/medien\/kampf-gegen-rechts\/\">Medieninteresse<\/a> vor, wenn umgekehrt zwei Wagh\u00e4useler einen Migranten vom Bahnsteig gesto\u00dfen h\u00e4tten.<br \/>\n7.8.2020<br \/>\n.<\/p>\n<p>Wagh\u00e4usel: Mann (54) ins Gleisbett gesto\u00dfen<br \/>\n&#8222;Nach der versuchten T\u00f6tung am Bahnhof in Wagh\u00e4usel hat die Polizei zwei Tatverd\u00e4chtige festgenommen. Sie sollen einen 54-j\u00e4hrigen Mann am Dienstagabend auf die Gleise gesto\u00dfen haben. Die beiden Tatverd\u00e4chtigen wurden in einer Asylbewerber-Unterkunft festgenommen. Es handelt sich um zwei Br\u00fcder im Alter von 22 und 25 Jahren. Der \u00c4ltere soll den 54-J\u00e4hrigen am Bahnsteig in Wagh\u00e4usel (Landkreis Karlsruhe) angegriffen und in das Gleisbett gezogen haben. Anschlie\u00dfend habe er das Opfer daran gehindert, das Gleisbett wieder zu verlassen. Der j\u00fcngere Bruder soll w\u00e4hrenddessen den Tatort abgeschirmt haben. Das Opfer wurde von einem einfahrenden Zug schwer verletzt.&#8220; So zu lesen am 30.7.2020 auf https:\/\/www.swr.de\/swraktuell\/baden-wuerttemberg\/karlsruhe\/mann-vor-zug-gestossen-100.html<br \/>\n.<br \/>\nBei den Tatverd\u00e4chtigen handelt es sich um ein aus Syrien stammendes Bruderpaar im Alter von 22 und 25 Jahren. Der 25-J\u00e4hrige soll das 54-j\u00e4hrige Opfer k\u00f6rperlich angegriffen und in das Gleisbett gezogen sowie in der Folge am Versuch gehindert haben, das Gleisbett am Bahnhof Wagh\u00e4usel wieder zu verlassen. Der 22-J\u00e4hrige soll w\u00e4hrenddessen den Tatort abgesichert und die Tat auf diese Weise gef\u00f6rdert haben. &#8230; Nach Aussagen der Polizei hat der Mann angegeben, ohne erkennbaren Grund unvermittelt angegriffen worden zu sein.<br \/>\n&#8230; Alles vom 31.7.2020 bitte lesen auf<br \/>\n<a href=\"https:\/\/www.heidelberg24.de\/region\/waghaeusel-mann-gleis-zug-gestossen-polizei-fahndung-asyl-unterkunft-syrer-zeugen-karlsruhe-zr-90014271.html\">https:\/\/www.heidelberg24.de\/region\/waghaeusel-mann-gleis-zug-gestossen-polizei-fahndung-asyl-unterkunft-syrer-zeugen-karlsruhe-zr-90014271.html<br \/>\n<\/a>.<\/p>\n<p><strong>Wagh\u00e4usel: Wir lassen uns unsere Vielfalt nicht nehmen<\/strong><br \/>\nZwei Syrer aus dem \u00f6rtlichen Asylbewerberheim hatten dort unl\u00e4ngst einen 54-j\u00e4hrigen Mann ins Gleisbett gesto\u00dfen.<br \/>\n<a href=\"https:\/\/www.faz.net\/2.1844\/haftbefehl-gegen-zwei-verdaechtige-die-mann-vor-zug-gestossen-haben-sollen-16883320.html\">https:\/\/www.faz.net\/2.1844\/haftbefehl-gegen-zwei-verdaechtige-die-mann-vor-zug-gestossen-haben-sollen-16883320.html<\/a><br \/>\nDass es sich nicht um ein Versehen handelte, wurde auch daran deutlich, dass man den Mann anschlie\u00dfend daran hinderte, wieder auf den Bahnsteig zu klettern. Er wurde von einem einfahrenden Zug schwer verletzt, befindet sich inzwischen aber au\u00dfer Lebensgefahr. Die zun\u00e4chst fl\u00fcchtigen T\u00e4ter konnten von der Polizei in der \u00f6rtlichen Asylbewerberunterkunft gestellt werden.<br \/>\nDas Verbrechen vom Bahnhof mache \u201esprachlos und betroffen\u201c, hei\u00dft es auf der Seite der SPD Wagh\u00e4usel. Da man sich in Wagh\u00e4usel die gelebte \u201egelungene Integration\u201c jedoch nicht so einfach wegnehmen l\u00e4sst, m\u00fcssen s\u00e4mtliche Kritiker zun\u00e4chst einmal zu \u201eRechtsradikalen\u201c erkl\u00e4rt werden, die diese Tat f\u00fcr \u201eihre menschenverachtende Agenda instrumentalisieren\u201c. Es sei daher \u201ekeine Frage von links oder rechts\u201c, deutlich zu machen, \u201edass rechte Anti-Demokraten in Wagh\u00e4usel genauso wenig willkommen sind wie Straft\u00e4ter\u201c. \u201eEs ist eine Frage der demokratischen Haltung.\u201c<br \/>\n.<br \/>\n<strong>Schuld sind die B\u00fcrger<\/strong><br \/>\nNun mag es der eine oder andere B\u00fcrger, der noch ganz bei Trost ist und dessen Empathie f\u00fcr das Opfer nicht auf dem Altar der political correctness geopfert wurde, \u00e4hnlich wie beim Fall Daniel H. aus Chemnitz, als Affront empfinden, dass man mit solchen Aktionen den Eindruck erweckt, nicht Asylbewerber h\u00e4tten die Straftat begangen, sondern \u201erechte Hetzer\u201c. Es mag dar\u00fcber hinaus auf den einen oder anderen auch etwas geschmacklos wirken, dass man Menschen anderer politischer Gesinnung mit Straft\u00e4tern auf eine Stufe stellt, die ganz offensichtlich versucht haben, jemanden durch einen einfahrenden Zug zu t\u00f6ten. Und ja, irgendwie wei\u00df man auch nicht so ganz, ob die SPD Wagh\u00e4usel mit einem solchen \u201eZeichen\u201c ihrer \u201edemokratischen Haltung\u201c die richtigen Priorit\u00e4ten angesichts eines Opfers setzt, das bis vor kurzem noch im Krankenhaus um sein Leben k\u00e4mpfte, aber so braucht man sich bei der SPD wenigstens nicht wundern, dass man nicht mehr gew\u00e4hlt wird.<br \/>\nSchuld an dem Shitstorm auf der Facebookseite der SPD Wagh\u00e4usel ist jedenfalls nicht die eigene Instrumentalisierung der Tat im \u201eKampf gegen Rechts\u201c oder die fehlende Empathie gegen\u00fcber den Opfern einer v\u00f6llig aus dem Ruder gelaufenen Migration. Schuld sind die B\u00fcrger, \u00fcber die man sich in seiner Hilflosigkeit auf der eigenen Seite auch noch lustig macht, w\u00e4hrend man selbst jene, die angeben, diese Partei einmal gew\u00e4hlt zu haben, \u201erechten Kreisen\u201c zuordnet.<br \/>\nDas soll jedoch nicht dar\u00fcber hinwegt\u00e4uschen, dass es zuletzt auch erste Zeichen der Vers\u00f6hnung gab. Sollten wir (der rechte Mob) \u201eirgendwann wieder zur Vernunft\u201c kommen, reicht uns die SPD Wagh\u00e4usel (wenn Corona vorbei ist) gerne die Hand. Danke SPD.<br \/>\n&#8230; Alles vom 7..2020 von Anabel Schunke bitte lesen auf <a href=\"https:\/\/www.achgut.com\/artikel\/wir_lassen_uns_unsere_vielfalt_nicht_nehmen\">https:\/\/www.achgut.com\/artikel\/wir_lassen_uns_unsere_vielfalt_nicht_nehmen<\/a><br \/>\n.<br \/>\nEinige Kommentare:<br \/>\n<strong>Rechts ist schlimmer als kriminell<\/strong><br \/>\nEin Vorwurf oder der Verdacht rechts zu sein, wiegt im derzeitigen Deutschland schwerer als beispielsweise ein mutma\u00dflicher Gewaltt\u00e4ter zu sein. Wenn es sich um den \u201erichtigen\u201c Gewaltt\u00e4ter handelt, scheint alles halb so wild. Da muss man m\u00f6glicherweise Verst\u00e4ndnis zeigen. Aber Rechte? Nein, die machen wir fertig. Schlimmer geht nicht. F\u00fcr die gibt es kein Erbarmen. Auch wenn sie au\u00dfer demonstrieren, nichts tun.<br \/>\n7.8.2020, W.A.<br \/>\n.<br \/>\n<strong>\u201cAls Fl\u00fcchtling bin ich nicht verpflichtet zu arbeiten\u201d<\/strong><br \/>\nMit Ihrem Beitrag bin ich nun ganz nun gar nicht einverstanden. Sie verwechseln da zwei Dinge ganz gewaltig, wobei Sie gleichzeitig wieder Recht haben. Also Ihre Beispiele sind falsch, denn die \u00fcber uns hereingebrochene Migrantenflut, um die es hier in erster Linie geht, werden Sie weder beim Zerlegen von Schweinen noch auf irgendeiner Baustelle antreffen. Aussage in einem Fernsehinterview: \u201cAls Fl\u00fcchtling bin ich nicht verpflichtet zu arbeiten\u201d. Deshalb auch immer die gerne genommene Sprachvermischung Fl\u00fcchtling, Asylbewerber, Migrant. Andererseits haben Sie nat\u00fcrlich mit Ihren Argumenten Recht. So lange man es sich ohne weitere Begr\u00fcndung in Hartz-IV gem\u00fctlich eingerichtet hat, geht niemand freiwillig zu so einem Knochenjob. Gleichzeitig hat der Mindestlohn dazu beigetragen, dass dieser durch solche windigen Gesch\u00e4ftsmodelle unterlaufen wird. Und ohne die positiven Corona-Test k\u00f6nnte Herr T\u00f6nnies noch lange so weitermachen. Die Typen, die eine Matratze f\u00fcr 300 Euro im Monat vermietet haben, waren \u00fcberwiegend deren eigene Landsleute und andererseits waren auch viele der ausl\u00e4ndischen Arbeiter nicht an Luxus interessiert, sondern daran, m\u00f6glichst viel Geld nach Haus zu schicken. Was menschenw\u00fcrdig ist oder nicht, wurde ja auch erst durch die deutschen \u201cVorm\u00fcnder\u201d festgelegt. Aber wann hat man schon mal eine Gelegenheit, einen b\u00f6sen Kapitalisten so richtig fertig zu machen?<br \/>\n7.8.2020, R.G.<br \/>\n.<br \/>\n<strong>Vor gut einem Jahr starb der kleine Leo in Frankfurt.<\/strong><br \/>\nEr wurde von einem angeblich psychisch Kranken in das <a title=\"Bahnsteig\" href=\"https:\/\/www.freiburg-schwarzwald.de\/blog\/global\/deutschland\/bahnsteig\/\">Gleisbett<\/a> gesto\u00dfen. F\u00fcr mich steht diese Tat f\u00fcr eine tiefe menschenverachtend Grundhaltung vieler Migranten! Hier war ein Migrant der T\u00e4ter. Bei Alan Kurdi, waren die Eltern f\u00fcr den Tod ihres Sohnes verantwortlich. Sein Namen steht f\u00fcr sinnloses Sterben! Jeder der in Zukunft den Namen Alan Kurdi ausspricht, sollte gleichzeitig auch den Namen LEO, aussprechen! Leider werden in Deutschland Opfer von Verbrechen in gute und schlechte unterteilt!<br \/>\n7.8.2020, W.K.<br \/>\n.<br \/>\n<strong>Am Ende war das Opfer noch selber schuld (- was steht der auch auf dem Bahngleis herum -)<\/strong><br \/>\nund die T\u00e4ter psychisch gest\u00f6rt. Es ist einfach nur noch &#8211; mir fehlen die Worte, es auszudr\u00fccken, weil nichts ann\u00e4hernd die Kraft hat, meine geballte Wut, meinen Zorn, meine Trauer, meinen Ekel und meine Furcht auch nur ann\u00e4hernd zu beschreiben.<br \/>\n7.8.2020, E.A.<br \/>\n.<br \/>\n<strong>\u201eUnser Land wird sich \u00e4ndern, und zwar drastisch. Und ich freue mich darauf!\u201c.<\/strong><br \/>\nKnapp f\u00fcnf Jahre nach Ihrer hoffnungsfrohen Prognose hat sich das Land drastisch ver\u00e4ndert. Frau MdB Katrin Dagmar G\u00f6ring-Eckardt, geb. Eckardt ist in Praxis best\u00e4tigt. Jetzt w\u00e4re eine neue richtungsweisende Empfehlung der GR\u00dcNEN-Frontfrau f\u00e4llig. Erich Fromm war es, der einst sinngem\u00e4\u00df erkl\u00e4rt hat, dass wirklich gro\u00dfe Trag\u00f6dien im menschlichen Leben oft in einem unerf\u00fcllbarem und in einem erf\u00fcllter Wunsch gr\u00fcnden.<br \/>\n7.8.2020, K.N.<br \/>\n.<br \/>\n<strong>Ist eigentlich der Rattenf\u00e4nger von Hameln ein Verbrecher oder sind die Kinder, die er anlockt, selber schuld?<\/strong><br \/>\nSeit 2015 rei\u00dfen wir Hunderttausende von jungen M\u00e4nnern aus ihrem vertrauten Umfeld und locken sie mit der Aussicht auf leichtes Geld und schnellen Wohlstand. Das Ergebnis sind entwurzelte Menschen, die sich pl\u00f6tzlich in einer Welt wiederfinden, die mit der vertrauten Herkunftskultur und ihren Werten sehr wenig zu tun hat. \u2013 Wer dies \u00fcbersieht, \u00fcbersieht die soziale und kulturelle Dimension des Menschseins und reduziert es auf materielle Aspekte wie teure Smartphones und schnelle Autos. Au\u00dfer freilich diese jungen M\u00e4nner h\u00e4tten die Aufgabe, f\u00fcr die saturierten Kartoffeln die Rolle des S\u00fcndenbocks abzugeben. Hier, schaut, wir sind die besseren Menschen, und daf\u00fcr ist uns kein Opfer zu gro\u00df, das ihr bringt.<br \/>\n7.8.2020,W.K.<br \/>\n.<br \/>\n<strong>Ins Gleisbett sto\u00dfen &#8211; Mit Igel Fu\u00dfball splelen &#8230;<\/strong><br \/>\nDanke f\u00fcr den kritischen Bericht, Frau Schunke &#8211; Nicht unweit vom Tatort Wagh\u00e4usel, in Rastatt, spielten unl\u00e4ngst \u201cf\u00fcnf junge M\u00e4nner\u201d mit einem Igel Fu\u00dfball. Der Igel \u00fcberlebt es nicht, nach der \u201cGruppe\u201d der \u201cM\u00e4nner\u201d (Tierqu\u00e4ler) wird seitdem gefahndet. Seltsamerweise wird ohne jede Personenbeschreibung gefahndet. Woran das wohl liegen mag?<br \/>\n7.8.2020, H.G.<br \/>\n.<br \/>\n<strong>Bahngleissto\u00dfer in Franfurt und Wagh\u00e4usel<\/strong><br \/>\nAls letztes Jahr ein Migrant, wohnhaft in der Schweiz, im Frankfurter Bahnhof ein Kind und seine Mutter auf die Gleise gesto\u00dfen hatte und das Kind von einem Zug erfasst und \u00fcberrollt wurde und der Migrant auch noch versuchte eine dritte Person auf die Gleise zu sto\u00dfen, gab es sowohl auf Twitter wie auch auf Facebook zahlreiche Personen, die sich in der Folge lediglich in Kommentaren dar\u00fcber aufregten und emp\u00f6rten, dass Politiker von der AfD die Tat f\u00fcr sich instrumentalisieren t\u00e4ten und gegen Migranten hetzten, wie es hie\u00df.Dass mal jemand von denen sein Bedauern und Mitleid f\u00fcr das Kind und seine Mutter ausdr\u00fcckte, Fehlanzeige.Sind nicht nur Politiker und politische Parteien, bei denen bei solchen Taten, wenn die T\u00e4ter Migranten sind, die Verh\u00e4ltnism\u00e4\u00dfigkeiten verrutscht sind und das Gef\u00fchl f\u00fcr Anstand verlorengeht.<br \/>\n7.8.2020, K.V.<br \/>\n.<br \/>\nPresse schweigt zum Bahngleissto\u00dfer von Wagh\u00e4susel<br \/>\nDanke f\u00fcr die Information. Wer kommt auf die Idee, im \u201cwochenblatt-reporter\u201d oder auf \u201cheidelberg24\u201d nach Informationen zu suchen? ++ Wenn ich unter Google \u201cWagh\u00e4usel\u201d eingebe, sind dies auf den ersten 3 Seiten (weiter habe ich nicht mehr gesucht) die einzigen, die \u00fcber diesen Vorfall berichten. Kein Hinweis einer \u201cernsthaften\u201d Regionalzeitung. Nichts, nada, rien! Von \u00fcberregionalen ganz zu schweigen. &#8230;<br \/>\n7.8.2020, B.F.<br \/>\n.<br \/>\n<strong>Es sind Deutsche, die als Politiker f\u00fcr die Migration verantwortlich sind,<\/strong><br \/>\nes sind Deutsche, die ihre SPD &#8211; Ortsvereine bilden, es sind Deutsche Juristen, die mit Samthandschuhen vorgehen, es sind Deutsche, die das Maul nur verkniffen aufkriegen. Der Migrant ist nur das Werkzeug f\u00fcr innerdeutsche Probleme eines zur M\u00fcndigkeit unf\u00e4higen Volkes. Ich finde es inakzeptable die Migranten f\u00fcr die deutsche Doppelmoral verantwortlich zu machen, selbst die Kriminalit\u00e4t unter Migranten ist nur die Erscheinung, der Grund ist Deutsch. Diese Menschen sind hier auf der Grundlage eines deutschen, deutscher als deutschen politischen Willens einer nicht von Migranten gemachten Wirklichkeit einer Gesellschaft, die um es mit Macgregor zu halten eine \u201ckranke Mentalit\u00e4t\u201d aufweist.<br \/>\nDaf\u00fcr k\u00f6nnen die mutma\u00dflichen Straft\u00e4ter aus fernen L\u00e4ndern nichts. Und wenn man einen Fl\u00fcchtling in Container sperrt, als Kaninchen im Streichelzoo der deutschen Gutmenschen, dann braucht man sich nach einigen Wochen dieser Lagerhaltung ohne Intimit\u00e4t jenseits der Haager Landkriegsordnung nicht wundern, wenn diese Menschen irgendwann zur blanken Gewalt \u00fcbergehen. In der Schweiz l\u00e4uft das und um l\u00e4ngen konsequenter und besser, sowohl die Ausschaffung, als auch die Integration nach der Formel \u201cehrliche Arbeit und Mundart sind der T\u00fcr\u00f6ffner f\u00fcr die Gesellschaft\u201d.<br \/>\nDas ist aber auch eine offene Gesellschaft, und nicht das, was ein Migrant in Deutschland erwartet: \u00c4mter, Formulare und die Botschaft: \u201cArbeite, halte den Rand und nerv nicht\u201d. Wenn der Deutsche den Umgang mit Menschen nicht kann, erntet er nur, was er s\u00e4t.<br \/>\n7.8.2020, J.SCH.<\/p>\n","protected":false},"excerpt":{"rendered":"<p>Zwei junge Syrer sto\u00dfen einen 54-J\u00e4hrigen im Bahnhof von Wagh\u00e4usel vom Bahnsteig und hindern ihn dann auch noch, aus dem Gleisbett hoch zu kommen. Er wird vom einfahrenden Zug erfa\u00dft und schwer verletzt. Kein Einzelfall &#8211; man erinnert sich an &hellip; <a href=\"https:\/\/www.freiburg-schwarzwald.de\/blog\/waghaeusel-migranten-bahnsteig\/\">Weiterlesen <span class=\"meta-nav\">&rarr;<\/span><\/a><\/p>\n","protected":false},"author":2,"featured_media":0,"comment_status":"open","ping_status":"closed","sticky":false,"template":"","format":"standard","meta":{"footnotes":""},"categories":[210,155,60,157],"tags":[672,732,725,622],"class_list":["post-82885","post","type-post","status-publish","format-standard","hentry","category-gewalt","category-integration","category-jugend","category-oeffentlicher-raum","tag-fluechtling","tag-gewalt","tag-integration","tag-migration"],"_links":{"self":[{"href":"https:\/\/www.freiburg-schwarzwald.de\/blog\/wp-json\/wp\/v2\/posts\/82885","targetHints":{"allow":["GET"]}}],"collection":[{"href":"https:\/\/www.freiburg-schwarzwald.de\/blog\/wp-json\/wp\/v2\/posts"}],"about":[{"href":"https:\/\/www.freiburg-schwarzwald.de\/blog\/wp-json\/wp\/v2\/types\/post"}],"author":[{"embeddable":true,"href":"https:\/\/www.freiburg-schwarzwald.de\/blog\/wp-json\/wp\/v2\/users\/2"}],"replies":[{"embeddable":true,"href":"https:\/\/www.freiburg-schwarzwald.de\/blog\/wp-json\/wp\/v2\/comments?post=82885"}],"version-history":[{"count":0,"href":"https:\/\/www.freiburg-schwarzwald.de\/blog\/wp-json\/wp\/v2\/posts\/82885\/revisions"}],"wp:attachment":[{"href":"https:\/\/www.freiburg-schwarzwald.de\/blog\/wp-json\/wp\/v2\/media?parent=82885"}],"wp:term":[{"taxonomy":"category","embeddable":true,"href":"https:\/\/www.freiburg-schwarzwald.de\/blog\/wp-json\/wp\/v2\/categories?post=82885"},{"taxonomy":"post_tag","embeddable":true,"href":"https:\/\/www.freiburg-schwarzwald.de\/blog\/wp-json\/wp\/v2\/tags?post=82885"}],"curies":[{"name":"wp","href":"https:\/\/api.w.org\/{rel}","templated":true}]}}