{"id":82647,"date":"2020-08-06T12:37:59","date_gmt":"2020-08-06T10:37:59","guid":{"rendered":"https:\/\/www.freiburg-schwarzwald.de\/blog\/?p=82647"},"modified":"2020-08-07T06:51:00","modified_gmt":"2020-08-07T04:51:00","slug":"hanspeter-schweizer-nachruf","status":"publish","type":"post","link":"https:\/\/www.freiburg-schwarzwald.de\/blog\/hanspeter-schweizer-nachruf\/","title":{"rendered":"Hanspeter Schweizer &#8211; Nachruf"},"content":{"rendered":"<p>Am 26. Juli 2020 ist Hanspeter Schweizer, der Gru\u0308nder und langja\u0308hrige Herausgeber des <a title=\"Zeitung\" href=\"https:\/\/www.freiburg-schwarzwald.de\/blog\/kultur\/medien\/zeitung\/\">&#8222;Dreisamta\u0308ler\u201c<\/a>, im Alter von 63 Jahren verstorben.\u00a0Im Nachruf seiner Mitarbeiter auf <a href=\"https:\/\/www.dreisamtaeler.de\/nachruf-hanspeter-schweizer\/\">https:\/\/www.dreisamtaeler.de\/nachruf-hanspeter-schweizer\/<\/a>\u00a0wird\u00a0Hanspeter Schweizer treffend als &#8222;wunderbaren Chancengeber&#8220;\u00a0beschrieben.\u00a0Ich kenne Hanspeter Schweizer seit \u00fcber 30 Jahren und durfte ihn erleben als jemanden, <!--more-->der sich im Wissen um den Einflu\u00df und die Verantwortung der Medien stets den Interessen der Allgemeinheit und dem sog. &#8222;kleinen Mann&#8220; verpflichtet f\u00fchlte. Hierzu zwei Beispiele:<br \/>\n.<br \/>\n1) Als im Jahr 2008 der Kr\u00fcttweg als wohl \u00e4lteste Verbindung zwischen Zarten und Kappel\/Neuh\u00e4user zugunsten des Golfclubs gesperrt bzw. umgeleitet wurde, lie\u00df Hanspeter Schweizer zu, dass im &#8222;Dreisamt\u00e4ler&#8220; zahlreiche kritische Stimmen von aufgebrachten B\u00fcrgern als Leserbriefe wie auch als journalistische Beitr\u00e4ge (u.a. Dagmar Engesser) zu Wort kamen. <a href=\"https:\/\/www.freiburg-dreisamtal.de\/kruettweg.htm\">https:\/\/www.freiburg-dreisamtal.de\/kruettweg.htm<\/a><br \/>\nSchlie\u00dflich ging es darum, dass Georg Wilhelm von Oppen in Personalunion als Kirchzartener B\u00fcrgermeister und Golfclub-Vorsitzender durchsetzte, da\u00df den Dreisamt\u00e4ler B\u00fcrgern \u00f6ffentlicher Raum weggenommen und in Vereinsgel\u00e4nde \u00fcberf\u00fchrt wird. Dieser Proze\u00df setzt sich im Jahr 2020 leider fort, siehe &#8222;Kr\u00fcttweg zwischen Zarten und Neuh\u00e4user: Golfclub im Wortbruch (7.7.2020)&#8220; \u00fcber <a href=\"https:\/\/www.freiburg-schwarzwald.de\/blog\/zarten\">https:\/\/www.freiburg-schwarzwald.de\/blog\/zarten<\/a>.<br \/>\n.<br \/>\n2) Im Zuge der <a title=\"Corona-Virus\" href=\"https:\/\/www.freiburg-schwarzwald.de\/blog\/business\/gesund\/corona-virus\/\">Corona-Krise<\/a> lie\u00df Hanspeter Schweizer zu, da\u00df im &#8222;Dreisamt\u00e4ler&#8220; alle zugesandten Leserbriefe ver\u00f6ffentlicht wurden. Auch solche, die die Coronapolitik von RKI und GroKo kritisch hinterfragten. Auch solche, die zuvor von der Badischen Zeitung abgelehnt wurden, da sie zu kritisch seien (<a title=\"Kritik\" href=\"https:\/\/www.freiburg-schwarzwald.de\/blog\/kultur\/medien\/kritik\/\">Kritik<\/a> als Synonyme zu Verschw\u00f6rungstheorie bis hin zu Nazi?). In mehreren Telefonaten lie\u00df Hanspeter Schweizer erkennen, da\u00df er wegen der Ver\u00f6ffentlichung abweichender Meinungen massiv unter Druck gesetzt werde und gestresst sei.<br \/>\nZum Vorwurf, er publiziere vornehmlich einseitig kritische Leserbriefe, beteuerte er mir gegen\u00fcber, da\u00df dies nicht der Fall sei: Jeder Leserbrief, der nicht gegen die freiheitlich-demokratische Grundordnung verst\u00f6\u00dft, werde im &#8222;Dreisamt\u00e4ler&#8220; ver\u00f6ffentlicht. Da\u00df die kritischen die regierungs-konformen Stimmen bei weitem \u00fcbersteigen, habe nicht er zu vertreten. Hanspeter Schweizer publizierte im &#8222;Dreisamt\u00e4ler&#8220; auch seine pers\u00f6nliche Meinung, kennzeichnete diese als Kommentar, d.h. er trennte &#8211; wie von <a title=\"Nachricht Kommentar trennen\" href=\"https:\/\/www.freiburg-schwarzwald.de\/blog\/nachricht-kommentar-trennen\/\">Hans Joachim Friedrichs<\/a> gefordert &#8211; f\u00fcr den Leser erkennbar zwischen Kommentar und Nachricht.<br \/>\nSeinen vor seinem leider so fr\u00fchen Tode letzten Artikel &#8222;Senkung der Mehrwertsteuer zum 1. Juli 2020 bringt viel Stress und wenig Nutzen&#8220; vom 17.6.2020 finden Sie hier: <a href=\"https:\/\/www.freiburg-schwarzwald.de\/blog\/steuern\">https:\/\/www.freiburg-schwarzwald.de\/blog\/steuern<\/a>.<br \/>\nHerr Schweizer gestattete mir, die kritischen Stimmen seiner Zeitungsleser auf <a href=\"https:\/\/www.freiburg-schwarzwald.de\/blog\/corona\">https:\/\/www.freiburg-schwarzwald.de\/blog\/corona<\/a> zu dokumentieren.<br \/>\n.<br \/>\nAufgabe der &#8222;<a title=\"Medien\" href=\"https:\/\/www.freiburg-schwarzwald.de\/blog\/kultur\/medien\/\">Medien als 4. Macht<\/a>&#8220; (nach Legislative, Jurisdiktion und Exekutive) ist die Kontrolle der staatlichen Aktivit\u00e4ten. Ich werde Hanspeter Schweizer in Erinnerung behalten als einen Journalisten, der sich &#8211; vom <a title=\"Mainstream\" href=\"https:\/\/www.freiburg-schwarzwald.de\/blog\/kultur\/medien\/mainstream\/\">Mainstream<\/a> unbeeinflu\u00dft &#8211; dieser Kontrollaufgabe stets bewu\u00dft war. In meiner Schulzeit (ab 1951) wurde immer wieder vom &#8222;m\u00fcndigen B\u00fcrger&#8220; gesprochen, der eine <a title=\"Kritik und abweichende Meinung\" href=\"https:\/\/www.freiburg-schwarzwald.de\/blog\/kritik-und-abweichende-meinung\/\">abweichende Meinung<\/a> kund tun kann und mu\u00df. Hanspeter Schweizer war ein solcher &#8222;m\u00fcndiger B\u00fcrger&#8220;. Denn: \u201eHabe Mut, dich deines eigenen Verstandes zu bedienen!\u201c Diese Maxime von Immanuel Kant hat Hanspeter Schweizer als aufrichtiger und mutiger Zeitungsmann\u00a0jenseits von <a title=\"Political-Correctness\" href=\"https:\/\/www.freiburg-schwarzwald.de\/blog\/kultur\/medien\/political-correctness\/\">Political Correctness<\/a> und Zeitgeist geleitet. Unser Land braucht wieder eine ehrliche,offene Diskussionskultur, unser Land braucht viele Hanspeter Schweizer&#8217;s.<br \/>\n6.8.2020<\/p>\n<p><a href=\"https:\/\/www.facebook.com\/dreisamtaeler\/posts\/httpwwwdreisamtaelerde\/1127437817279441\/\">https:\/\/www.facebook.com\/dreisamtaeler\/posts\/httpwwwdreisamtaelerde\/1127437817279441\/<\/a><br \/>\n<a href=\"https:\/\/www.dreisamtaeler.de\">https:\/\/www.dreisamtaeler.de<\/a><br \/>\n.<br \/>\nDie 25j\u00e4hrige Geschichte vom Dreisamt\u00e4ler\u00a0&#8211; von Hanspeter Schweizer (8.6.2011)<br \/>\n<a href=\"https:\/\/www.freiburg-schwarzwald.de\/littenweiler\/zeitung1.htm#Die%2025j%C3%A4hrige%20Geschichte%20vom%20Dreisamt%C3%A4ler\">https:\/\/www.freiburg-schwarzwald.de\/littenweiler\/zeitung1.htm#Die%2025j%C3%A4hrige%20Geschichte%20vom%20Dreisamt%C3%A4ler<\/a><\/p>\n","protected":false},"excerpt":{"rendered":"<p>Am 26. Juli 2020 ist Hanspeter Schweizer, der Gru\u0308nder und langja\u0308hrige Herausgeber des &#8222;Dreisamta\u0308ler\u201c, im Alter von 63 Jahren verstorben.\u00a0Im Nachruf seiner Mitarbeiter auf https:\/\/www.dreisamtaeler.de\/nachruf-hanspeter-schweizer\/\u00a0wird\u00a0Hanspeter Schweizer treffend als &#8222;wunderbaren Chancengeber&#8220;\u00a0beschrieben.\u00a0Ich kenne Hanspeter Schweizer seit \u00fcber 30 Jahren und durfte ihn &hellip; <a href=\"https:\/\/www.freiburg-schwarzwald.de\/blog\/hanspeter-schweizer-nachruf\/\">Weiterlesen <span class=\"meta-nav\">&rarr;<\/span><\/a><\/p>\n","protected":false},"author":2,"featured_media":0,"comment_status":"open","ping_status":"closed","sticky":false,"template":"","format":"standard","meta":{"footnotes":""},"categories":[21,50,36,13,80,11],"tags":[587,552,720,525,432,438],"class_list":["post-82647","post","type-post","status-publish","format-standard","hentry","category-dienste","category-dreisamtal","category-engagement","category-kultur","category-medien","category-regio","tag-blackforest","tag-buch-2","tag-medien","tag-politik","tag-regional","tag-zeitung"],"_links":{"self":[{"href":"https:\/\/www.freiburg-schwarzwald.de\/blog\/wp-json\/wp\/v2\/posts\/82647","targetHints":{"allow":["GET"]}}],"collection":[{"href":"https:\/\/www.freiburg-schwarzwald.de\/blog\/wp-json\/wp\/v2\/posts"}],"about":[{"href":"https:\/\/www.freiburg-schwarzwald.de\/blog\/wp-json\/wp\/v2\/types\/post"}],"author":[{"embeddable":true,"href":"https:\/\/www.freiburg-schwarzwald.de\/blog\/wp-json\/wp\/v2\/users\/2"}],"replies":[{"embeddable":true,"href":"https:\/\/www.freiburg-schwarzwald.de\/blog\/wp-json\/wp\/v2\/comments?post=82647"}],"version-history":[{"count":0,"href":"https:\/\/www.freiburg-schwarzwald.de\/blog\/wp-json\/wp\/v2\/posts\/82647\/revisions"}],"wp:attachment":[{"href":"https:\/\/www.freiburg-schwarzwald.de\/blog\/wp-json\/wp\/v2\/media?parent=82647"}],"wp:term":[{"taxonomy":"category","embeddable":true,"href":"https:\/\/www.freiburg-schwarzwald.de\/blog\/wp-json\/wp\/v2\/categories?post=82647"},{"taxonomy":"post_tag","embeddable":true,"href":"https:\/\/www.freiburg-schwarzwald.de\/blog\/wp-json\/wp\/v2\/tags?post=82647"}],"curies":[{"name":"wp","href":"https:\/\/api.w.org\/{rel}","templated":true}]}}