{"id":82090,"date":"2020-07-14T09:40:28","date_gmt":"2020-07-14T07:40:28","guid":{"rendered":"https:\/\/www.freiburg-schwarzwald.de\/blog\/?p=82090"},"modified":"2020-07-14T10:05:10","modified_gmt":"2020-07-14T08:05:10","slug":"araber-in-israel-von-d-ignoriert","status":"publish","type":"post","link":"https:\/\/www.freiburg-schwarzwald.de\/blog\/araber-in-israel-von-d-ignoriert\/","title":{"rendered":"Araber in Israel: von D ignoriert"},"content":{"rendered":"<p>&#8222;Ich habe alle Rechte <a title=\"Israel Jud\u00e4a Samaria Bundestag\" href=\"https:\/\/www.freiburg-schwarzwald.de\/blog\/israel-judaea-samaria-bundestag\/\">in diesem Land<\/a> (<a title=\"Israel2020\" href=\"https:\/\/www.freiburg-schwarzwald.de\/blog\/global\/israel\/israel2020\/\">Israel<\/a>). Ich kann alles werden, sogar Politiker. Ich k\u00f6nnte verdammt nochmal sogar Premierminister werden. Alle meine Dokumente kann ich in vier verschiedenen Sprachen haben, einschlie\u00dflich <a title=\"Palaestina\" href=\"https:\/\/www.freiburg-schwarzwald.de\/blog\/global\/israel\/palaestina\/\">Arabisch<\/a>. Die Knesset und die Gerichtssprache sind Hebr\u00e4isch und Arabisch. Ich kann sogar an mehr Orte gehen als Juden, denn Juden d\u00fcrfen selbst in diesem <a title=\"Israel\" href=\"https:\/\/www.freiburg-schwarzwald.de\/blog\/global\/israel\/\">Land<\/a> nicht alle arabischen Stellen besuchen, <!--more-->aber die Araber d\u00fcrfen alle j\u00fcdischen Stellen besuchen. Ich kann w\u00e4hlen, ob ich zum Milit\u00e4r m\u00f6chte. Ich kann w\u00e4hlen, ob ich eine arabische oder eine hebr\u00e4ische Schule besuchen m\u00f6chte. &#8220;<br \/>\nDies sagt Ahmed Al-Jabari, ein arabischer Israeli mit pal\u00e4stinensischen Wurzeln. Auch ich hatte in Israel bei den vielen Kontakten zu arabischen Israeli (Drusen, Schiiten, Pal\u00e4stienser, ..) den Eindruck gewonnen, da\u00df diese sich nicht\u00a0<a title=\"Diskriminierung\" href=\"https:\/\/www.freiburg-schwarzwald.de\/blog\/kultur\/medien\/diskriminierung\/\">diskriminiert<\/a> f\u00fchlen und niemals im Westjordanland unter Abbas&#8216; Fatah oder Gaza unter Hamas leben wollten. Auch im Jordantal, um Bethlehem und Ramallah, habe ich viele Araber getroffen, die unzufrieden sind unter Fatah und Korruption. Aber all diese Pal\u00e4stinenser werden von der <a title=\"Israel Jud\u00e4a Samaria Bundestag\" href=\"https:\/\/www.freiburg-schwarzwald.de\/blog\/israel-judaea-samaria-bundestag\/\">deutschen Au\u00dfenpolitik<\/a> ignoriert.<br \/>\n.<br \/>\nEin F\u00fcnftel der Bev\u00f6lkerung von Israel sind arabischen Wurzeln. Deutsche Medien vermitteln den Eindruck, die arabischen Israeli w\u00fcrden diskriminiert. Auf die Frage eines SZ-Leser, warum die Diskriminierung arabischer Israelis und Nicht-Juden in Israel geleugnet w\u00fcrde, antwortete der pal\u00e4stinensisch-arabischer Israeli Al-Jabari Ahmed. Gerd Buurmann hat den sich anbahnenden Dialog ins Deutsche \u00fcbersetzt (s.u.). Ein eindrucksvoller Dialog, der in den deutschen Einheitsmedien nichtver\u00f6ffentlicht wird. Und der ein d\u00fcsteres Bild wirft auf die deutsche Au\u00dfenpolitik um <a title=\"Jerusalem\" href=\"https:\/\/www.freiburg-schwarzwald.de\/blog\/religion\/jerusalem\/\">Jerusalem<\/a>.. Reisen Sie doch selbst einmal nach Israel und Pal\u00e4stina und machen Sie sich selbst ein Bild. Und sprachen Sie mit den dort lebenden Menschen. Die reale Welt ist oft eine andere als die mediale Welt.<br \/>\n14.7.2020<\/p>\n<p><strong>Es tut mir leid, dass ich Ihr Bild zerst\u00f6ren muss, wei\u00dfer Mann<\/strong><br \/>\nSZ-Leser: Ich lehne den parteipolitischen j\u00fcdischen Nationalismus ab, der von Menschen wie Ihnen mit der israelischen Flagge als Profilbild gef\u00f6rdert wird. Diese Art von Aktivismus kenne ich sehr gut. Zu gut, f\u00fcrchte ich. Danke Ihnen!<br \/>\n.<br \/>\nAl-Jabari Ahmed: Ich bin Pal\u00e4stinenser, also bin ich mir ziemlich sicher, dass Sie einen Kehricht \u00fcber meine Art von Aktivismus wissen. Sie Ausl\u00e4nder sind nicht in der Lage, ein angeblich \u201eanti-arabisches\u201c Gesetz vor jemandem mit einer arabischen Identit\u00e4t zu kritisieren. Deshalb benutzen Sie mein Profilbild als Ausrede.<br \/>\n.<br \/>\nSZ-Leser: Nicht, dass ich Ihnen kein Wort glaube, aber wie w\u00e4re es, auf meine Argumentation zu antworten.<br \/>\n.<br \/>\nAl-Jabari Ahmed: Nat\u00fcrlich glauben Sie mir kein Wort. Ein Pal\u00e4stinenser, der sich f\u00fcr Israel ausspricht, ist gegen Ihre kleine Weltanschauung, in der die Menschen so sind, dass Sie alle st\u00e4ndig gegeneinander k\u00e4mpfen und keinen Kontakt miteinander haben. Willkommen in der Realit\u00e4t.<br \/>\n.<br \/>\nSZ-Leser: Es gibt keine Religionsgleichheit mehr in Israel. Lesen Sie mal das hier: Aljazeera<br \/>\n<a href=\"https:\/\/www.facebook.com\/ahmed.aljabari046\">https:\/\/www.facebook.com\/ahmed.aljabari046<\/a><br \/>\n<a href=\"https:\/\/www.aljazeera.com\/news\/2018\/07\/ways-israeli-law-discriminates-palestinians-180719120357886.html\">https:\/\/www.aljazeera.com\/news\/2018\/07\/ways-israeli-law-discriminates-palestinians-180719120357886.html<\/a><br \/>\n.<br \/>\nAl-Jabari Ahmed: Aljazeera? Warum teilen Sie nicht gleich etwas von der Fatah? Hat die gleiche Neutralit\u00e4t. Israel wurde als sicherer Staat unabh\u00e4ngig, als einziger Staat weltweit, in dem Juden offen j\u00fcdisch leben k\u00f6nnen, ohne diskriminiert zu werden. Wenn Sie das wegnehmen wollen, dann wollen Sie genau den gleichen Bullshit, der bei Hexenjagden gegen Juden endete. Wenn Menschen diese Werte nicht m\u00f6gen, k\u00f6nnen sie gerne woanders leben. Dies ist ein Einwanderungsland, niemand kam dort hin, ohne zu wissen, was ihn erwartet. Das ist, als w\u00fcrden Sie sich ein Haus neben einem Flughafen kaufen und sich dann wegen des L\u00e4rms beschweren.<br \/>\nIch habe alle Rechte in diesem Land. Ich kann alles werden, sogar Politiker. Ich k\u00f6nnte verdammt nochmal sogar Premierminister werden. Alle meine Dokumente kann ich in vier verschiedenen Sprachen haben, einschlie\u00dflich Arabisch. Die Knesset und die Gerichtssprache sind Hebr\u00e4isch und Arabisch. Ich kann sogar an mehr Orte gehen als Juden, denn Juden d\u00fcrfen selbst in diesem Land nicht alle arabischen Stellen besuchen, aber die Araber d\u00fcrfen alle j\u00fcdischen Stellen besuchen. Ich kann w\u00e4hlen, ob ich zum Milit\u00e4r m\u00f6chte. Ich kann w\u00e4hlen, ob ich eine arabische oder eine hebr\u00e4ische Schule besuchen m\u00f6chte.<br \/>\nIhr Artikel von Aljazeera spricht von Besetzung und vom R\u00fcckkehrrecht. Es gibt keine Besetzung. Pal\u00e4stinensische Zivilisten waren immer gegen die Definition des UNRWA-R\u00fcckkehrrechts.<br \/>\nWen interessiert es, was Nicht-Israelis denken? Israel macht das Gesetz f\u00fcr Israel. Die Pal\u00e4stinensische Autonomiebeh\u00f6rde macht das Gesetz f\u00fcr pal\u00e4stinensische Gebiete. Da beschweren Sie sich aber nicht. Wann h\u00e4tte ich das letzte Mal in meinem Leben dort w\u00e4hlen k\u00f6nnen? Lassen Sie mich nachdenken. Oh, stimmt ja, nie. Ich bin einfach zu jung. In Pal\u00e4stina gibt es seit \u00fcber f\u00fcnfzehn Jahren keine Wahlen mehr.<br \/>\n.<br \/>\nSZ- und Al-Jazeera-Leser: In den USA oder in der Apartheid in S\u00fcdafrika gab es immer Schwarze, die rassistische Gesetze verteidigten. Aber nat\u00fcrlich war es immer eine winzige Minderheit. Gleiches gilt hier f\u00fcr Sie als angeblicher Pal\u00e4stinenser zugunsten Israels.<br \/>\n.<br \/>\nAl-Jabari Ahmed: Sie wissen nicht mal wer ich bin. \u201eAngeblicher Pal\u00e4stinenser\u201c. Was kommt als n\u00e4chstes, Junge? Die pal\u00e4stinensische Arbeiterklasse ist f\u00fcr Israel. Ihre Meinung ist eine Meinung, die von Fatah und Hamas gest\u00fctzt wird. Ich bin \u00fcbrigens gegen Netanyahu und ich muss kein Fan von ihm sein. Es ist aber keine \u201eApartheid\u201c, wenn man das gleiche Stimmrecht hat, die selben Stra\u00dfen benutzt, in der selben Regierung ist, die selbe Sprache spricht und die gleichen Arbeitsbedingungen hat. Es tut mir leid, dass ich Ihr Bild zerst\u00f6ren muss, wei\u00dfer Mann.<br \/>\n.<br \/>\nDieses Gespr\u00e4ch bringt einiges auf den Punkt. Hier sehen wir die typische <a title=\"Groessenwahn\" href=\"https:\/\/www.freiburg-schwarzwald.de\/blog\/engagement\/zukunft\/groessenwahn\/\">Arroganz<\/a> eines Deutschen, der einem Pal\u00e4stinenser seine Identit\u00e4t abspricht, wenn er es wagt, sich nicht so zu verhalten, wie es von ihm erwartet wird, n\u00e4mlich als Israelkritiker.<br \/>\n<em><strong>In Deutschland gibt es sehr viele Menschen, die ein gro\u00dfes Interesse daran haben, Araber, Muslime, Pal\u00e4stinenser und Juden gegeneinander aufzubringen, selbst wenn sie alle vier in Frieden in Israel leben.<\/strong><\/em> Diese Deutschen befeuern den Streit und den Hass. Sie wollen keine Ann\u00e4herung und keinen Frieden. Darum versuchen sie, jene zum Schweigen zu bringen, die bereit sind, Frieden mit Israel zu schlie\u00dfen. Sie rufen sogar zu deren Boykott auf.<br \/>\n<a href=\"https:\/\/tapferimnirgendwo.com\/2016\/09\/18\/eine-kampagne-des-hasses\/\">https:\/\/tapferimnirgendwo.com\/2016\/09\/18\/eine-kampagne-des-hasses\/<\/a><br \/>\n.<br \/>\nWenn Sie mehr muslimische und arabische Menschen kennenlernen m\u00f6chten, die Frieden mit Israel geschlossen haben und dies gut begr\u00fcnden k\u00f6nnen, klicken Sie auf diesen Link: \u201eMuslime f\u00fcr Israel\u201c.<br \/>\n&#8230; Alles vom 4.7.2020 von Gerd Buurmann bitte lesen auf<br \/>\n<a href=\"https:\/\/tapferimnirgendwo.com\/2020\/07\/04\/es-tut-mir-leid-dass-ich-ihr-bild-zerstoeren-muss-weisser-mann\/\">https:\/\/tapferimnirgendwo.com\/2020\/07\/04\/es-tut-mir-leid-dass-ich-ihr-bild-zerstoeren-muss-weisser-mann\/<\/a><\/p>\n<p>Gerd Buurmann, geb. 1976 in Haren an der Ems, ist Autor, Schauspieler, Moderator und Regisseur.<br \/>\nWeiterf\u00fchrende Links:<br \/>\n<a href=\"https:\/\/www.buurmann.de\/\">https:\/\/www.buurmann.de\/<\/a><br \/>\n<a href=\"https:\/\/tapferimnirgendwo.com\/\">https:\/\/tapferimnirgendwo.com\/<\/a><br \/>\n<a href=\"https:\/\/de.wikipedia.org\/wiki\/Gerd_Buurmann\">https:\/\/de.wikipedia.org\/wiki\/Gerd_Buurmann<\/a><\/p>\n<p>&nbsp;<\/p>\n<p>Einige Kommentare:<br \/>\n<strong>Israel hat eine Idee<\/strong><br \/>\nBewundernswert, dass es noch kluge K\u00f6pfe gibt, die hart genug sind, um sich in den Kampf mit der Borniertheit und Dummheit zu begeben. Ich bringe das zumindest im Bereich Israel nicht mehr fertig. Mir geht es auch zu nah, muss ich gestehen, da die Last unserer Geschichte mich bei solchen Diskussion zus\u00e4tzlich noch niederdr\u00fcckt. Zugleich aber bewundere ich die Israelis, denen es gelungen ist, in einem feindseligen Umfeld einen so freien, demokratischen, aufgekl\u00e4rten Staat aufzubauen &#8211; und dies mit einer extrem heterogenen Gesellschaftsstruktur.<br \/>\nWarum kriegen das die Araber in ihren Staaten nicht hin? Vielleicht aus demselben Grund, warum wir allm\u00e4hlich unseren inneren Halt verlieren:<br \/>\nIsrael ist ein Projekt, eine Idee. Israel ist im Werden, \u00e4hnlich der USA. Das Unfertige, an dem alle bauen, das begeistert viele.<br \/>\nDie Araber haben keine Idee, nur den Hass auf andere (und wir die Besserwisserei). Ex negativo entsteht aber nur nichts.<br \/>\n.<br \/>\nWenn man die Statements auf der Website liest, wird einem das erst recht klar: Was die \u201carabischen\u201d Zionisten an Israel sch\u00e4tzen, ist, dass es dort eine Zukunft gibt. Sicherheit im Jetzt und Entwicklung zum Besseren. Frei von Ideologie. Denn eines ist doch klar: Gerade weil Israel ein \u201cj\u00fcdischer\u201d Staat ist, ist er vor Ideologien gefeiht. Gerade das rabbinische Judentum hat eine geistige Geschmeidigkeit entwickelt, die ihresgleichen auf der Welt sucht. So wurde auf dem kommunistisch gedachten Kibbuz dann doch etwas ganz Anderes, etwas \u201cIsraelisches\u201d. Und das es das \u201cIsraelische\u201d gibt, k\u00f6nnen auch die Hasser nicht mehr leugnen und rennen damit in ihr Verderben.<br \/>\n13.7.2020, A.R.<\/p>\n<p>.<br \/>\n<strong>Sehr gut Herr Buurmann, da\u00df sie diesen Dialog mal f\u00fcr die Leser hier transparent gemacht haben<br \/>\n<\/strong>Ich habe ebenfalls \u00fcber viele kleine Informationen immer mal wieder v\u00f6llig andere Stimmen vernommen von Pal\u00e4stinensern, die sich eben nicht von der Hamas mi\u00dfbrauchen lassen und ein ganz anderes Lebensbild haben und leben, als es die Mainstream-Medien gerne vermitteln. Und dieses Israel-Bild, da\u00df von der g\u00e4ngigen deutschen Politik im Zusammenschlu\u00df mit den Mainstream-Medien seit Jahren mit Vorsatz gef\u00fchrt wird, ist gef\u00e4hrlich und absolut unverzeihlich. Seit Jahrzehnten werden die Pal\u00e4stinenser nur instrumentalisiert von einer arabischen Politik, die sich f\u00fcr sie nie interessiert hat. Und Israel als demokratisches Erfolgsmodell ist nat\u00fcrlich der gro\u00dfe Stachel in einer Welt voller Unterdr\u00fccker. Nicht einen Nobelpreis hat diese arabische Welt hervorgebracht.<br \/>\n13.7.2020, M.R.<\/p>\n<p><strong>\u201cDiese Deutschen befeuern den Streit und den Hass.\u201d<\/strong><br \/>\nDas tun sie auch besonders gr\u00fcndlich bei den eigenen Landsleuten, meinen dann auch noch die \u201cGuten\u201d zu sein. Aktuelle Beispiele gibt es genug. Aus der Geschichte rein gar nichts gelernt, aber l\u00e4stige Fragen stellende Abweichler pauschal in die Naziecke stellen\u2026.<br \/>\n13.7.2020, R.K.<br \/>\n.<br \/>\n<strong>Die n\u00fctzlichen Idioten f\u00fcr den Islam, die linksverdrehten Weltverbesserer, sind leider so zahlreich geworden<\/strong><br \/>\nWas hat die verweichlichte, ideologisch verblendete, dumm und (Links-)staatsgl\u00e4ubige westliche Gesellschaft dem Islam noch entgegen zu setzen? Europa (West) ist bereits gefallen, traurig aber wahr. Die Verbl\u00f6dung der Deutschen ist schon bemerkenswert, wieder lassen sie sich aufstacheln zum Hass gegen\u00fcber Juden, pardon -Kritik an Israel-, und dieses mal sogar noch im Dienste einer Ideologie, welche sie (die Deutschen) selbst verachtet und zerst\u00f6ren wird.<br \/>\n13.7.2020, M.SCH<br \/>\n.<br \/>\n<strong>Gratulation, Herr Buurmann, zu diesem Exkurs in die Wirklichkeit<\/strong>.<br \/>\nAber so ist das mit den Deutschen: Wenn verreisen, dann zum Ballermann oder auf die Fidschiinseln. Zum Seelebaumelnlassen. Ist ja schlie\u00dflich Urlaub. Aber zu Hause die gro\u00dfe Klappe aufrei\u00dfen und sich Meinungen \u00fcber andere L\u00e4nder anma\u00dfen, die durch EIGENE Weltanschauung mitnichten gest\u00fctzt sind. Daf\u00fcr wird zu Hause vor der deutschen Politik gekatzbuckelt, was das Zeug h\u00e4lt. Diese Feigheit hatte schon immer ihren Preis. Freiheit des Denkens war hier in der Mehrheit nie eine ernstzunehmende W\u00e4hrung.<br \/>\n13.7.2020, R.D:<br \/>\n.<\/p>\n<p><strong>Dieser Typus SZ-Leser, begegnet mir leider auch unentwegt in vielerlei Diskussionen.<\/strong><br \/>\nEr ist selbstgef\u00e4llig, uninformiert, zu faul, sich ein unvoreingenommenes Bild zu machen. Eine Mixtur, die einfach unertr\u00e4glich ist und die sich leider auch in den Kreisen Regierender in unserer Berliner Republik reichlich findet und sich arrogant erfrecht, am laufenden Band Resolutionen gegen den Staat Israel zu unterst\u00fctzen, wo sie doch angeblich wegen Auschwitz in die Politik gegangen sind.<br \/>\nIch bin inzwischen der Meinung, dass sich diese Propagandisten antizionistisch nennen, in Wahrheit aber definitiv Antisemiten einer pseudointellektuellen Sonderklasse sind! Ich sch\u00e4me mich f\u00fcr diese Leute, f\u00fcr die nichts wichtiger ist, als Leute (Opfer!?!) zu unterst\u00fctzen, die es f\u00fcr angebracht halten, andere aus welchen Grund auch immer an Baukr\u00e4nen aufzuh\u00e4ngen und zu hoffen, dass es keiner merkt, oder die das Wasser des Mittelmeeres anpumpen, um dann zu behaupten, Israel lasse sie verdursten. In jeder Beziehung sch\u00e4bige Zeitgenossen, gegen deren fakes einfach kein Kraut gewachsen zu sein scheint.<br \/>\n13.7.2020, G.W.<br \/>\n.<br \/>\n<strong>\u201cEs tut mir leid, dass ich Ihr Bild zerst\u00f6ren muss, wei\u00dfer Mann.\u201d<\/strong><br \/>\nDies ist der Punkt, nicht nur in jenem speziellen Zusammenhang. Da gibt es ein bestimmtes, hochideologisiertes Klientel in Westeuropa und Nordamerika, welches sich ein solches Bild selbst konstruiert hat &#8211; ohne es jemals seri\u00f6s gegen die Realit\u00e4t zu testen. Im Gegenteil, jenes Bild wird mit allen Mitteln davor bewahrt, sich an der Wirklichkeit zu beweisen &#8211; es k\u00f6nnte sich ja als falsch herausstellen und damit die ideologische Grundlage jener Zeitgenossen samt deren Selbstbewusstsein mit ins Bodenlose reissen. Und so glaubt man sich in der rosarot\/gr\u00fcnen Blase weiter Seite an Seite mit \u201cSchutzsuchenden\u201d, \u201cPoC\u201d, \u201crassistisch verfolgten Muslimen\u201d, Klimabewegten, vermeintlichen Menschenrechtlern, sog. Antifaschisten, usw. usw. Das komplette Paket halt, friss alles oder stirb ideologisch. Drastisch, wenn dann die Realit\u00e4t es wagt, solche naiven Weltbildchen zu st\u00f6ren. Und dann noch als \u201cweisser Mann\u201d tituliert zu werden, von einem per definitionem \u201cedlen Wilden\u201d, da blutet das Herz des vermeintlich politisch hochkorrekten Zeitgenossen\u2026 Willkommen in der Realit\u00e4t!<br \/>\n13.7.2020, R.M.<br \/>\n.<br \/>\n<strong>Die politischen Positionen, die in Deutschland als Positionen eines engagierten, mutigen Bekennens gelten,<\/strong><br \/>\nsind allesamt linke Positionen. Teilweise uralte, linke Positionen. Sie werden heute meist ungepr\u00fcft \u00fcbernommen, mittlerweile von der Mehrheit der Bev\u00f6lkerung (au\u00dfer dem Teil der Bev\u00f6lkerung mit Migrationshintergrund, welcher nicht aus mehrheitlich islamisch gepr\u00e4gten L\u00e4ndern stammt). Bio-Deutsche jedoch \u00fcbernehmen linke Positionen kritiklos und halten sich dabei noch f\u00fcr ausgesprochen fortschrittlich und aufgeschlossen. Manche halten sich gar f\u00fcr kleine Widerst\u00e4ndler.<br \/>\nSie \u00fcbersehen jedoch, dass ihre Position inzwischen die Mainstream-Position ist. Zu sp\u00e4t gekommen, k\u00f6nnte man sagen. Ihr seid weder mutig, noch fortschrittlich, noch aufgeschlossen. Ihr seid einfach nur angepasst. Ihr plappert nach. Ihr seid obrigkeitsh\u00f6rig. Ihr seid unoriginell. Ihr habt wenig verstanden. Ihr rennt einem erschlafften Zeitgeist hinterher. Ihr solltet euch mehr M\u00fche geben. Selbst nachdenken. Euch vor Ort umschauen.<br \/>\nMut zu einer selbst gefassten Meinung haben. Genauso wie ihr vor noch nicht mal allzu langer Zeit diesen linken Positionen mit Unverst\u00e4ndnis und Skepsis begegnet seid, begegnet ihr nun den Kritikern dieser linken Positionen mit Unverst\u00e4ndnis und Skepsis. Ja, ihr lasst euch sogar Hass gegen diese einreden. Ihr seid bestrebt immer Mainstream zu sein und merkt es nicht einmal. Ihr haltet euch f\u00fcr freigeistig, f\u00fcr schlau, dabei seid ihr mindestens so engstirnig wie fr\u00fcher. Nur jetzt mit neuen Vorzeichen.<br \/>\n13.7.2020, W.A.<br \/>\n.<br \/>\n<strong>Al-Jazeera und SZ auf demselben journalistischen Niveau,<\/strong><br \/>\ndas bekommt sonst wohl kaum in solcher Klarheit vorgef\u00fchrt. Danke! Sich \u00fcberall einmischen, \u201eden Anderen\u201c den eigenen miesen Charakter unterstellen, eine fest einbetonierte Meinung haben aber von nullkommanullnullnichts eine Ahnung. Weil ihm die Realit\u00e4t nicht passt, unterstellt er dem israelischen Araber, er sei nicht das, was zu sein er behauptet. Pipi Langstrumpf halt. So typisch Kommunist\/Stalinist\/Maoist\u2014\u2014und folgerichtig Judenhasser\/RASSIST.<br \/>\n13.7.2020, I.G.<\/p>\n<p>.<\/p>\n<p><strong>Dieses Bild der Diskriminierung vermittelt die SZ von Israel<\/strong><br \/>\n&#8230; Alles vom 19.7.2018 bitte lesen auf<br \/>\n<a href=\"https:\/\/www.sueddeutsche.de\/politik\/israel-diskriminierung-per-gesetz-1.4061186\">https:\/\/www.sueddeutsche.de\/politik\/israel-diskriminierung-per-gesetz-1.4061186<\/a><\/p>\n","protected":false},"excerpt":{"rendered":"<p>&#8222;Ich habe alle Rechte in diesem Land (Israel). Ich kann alles werden, sogar Politiker. Ich k\u00f6nnte verdammt nochmal sogar Premierminister werden. Alle meine Dokumente kann ich in vier verschiedenen Sprachen haben, einschlie\u00dflich Arabisch. Die Knesset und die Gerichtssprache sind Hebr\u00e4isch &hellip; <a href=\"https:\/\/www.freiburg-schwarzwald.de\/blog\/araber-in-israel-von-d-ignoriert\/\">Weiterlesen <span class=\"meta-nav\">&rarr;<\/span><\/a><\/p>\n","protected":false},"author":2,"featured_media":0,"comment_status":"open","ping_status":"closed","sticky":false,"template":"","format":"standard","meta":{"footnotes":""},"categories":[36,195,14,155,13,172],"tags":[520,421,84,420,720],"class_list":["post-82090","post","type-post","status-publish","format-standard","hentry","category-engagement","category-eu","category-global","category-integration","category-kultur","category-zukunft","tag-frieden","tag-islam","tag-israel","tag-juden","tag-medien"],"_links":{"self":[{"href":"https:\/\/www.freiburg-schwarzwald.de\/blog\/wp-json\/wp\/v2\/posts\/82090","targetHints":{"allow":["GET"]}}],"collection":[{"href":"https:\/\/www.freiburg-schwarzwald.de\/blog\/wp-json\/wp\/v2\/posts"}],"about":[{"href":"https:\/\/www.freiburg-schwarzwald.de\/blog\/wp-json\/wp\/v2\/types\/post"}],"author":[{"embeddable":true,"href":"https:\/\/www.freiburg-schwarzwald.de\/blog\/wp-json\/wp\/v2\/users\/2"}],"replies":[{"embeddable":true,"href":"https:\/\/www.freiburg-schwarzwald.de\/blog\/wp-json\/wp\/v2\/comments?post=82090"}],"version-history":[{"count":0,"href":"https:\/\/www.freiburg-schwarzwald.de\/blog\/wp-json\/wp\/v2\/posts\/82090\/revisions"}],"wp:attachment":[{"href":"https:\/\/www.freiburg-schwarzwald.de\/blog\/wp-json\/wp\/v2\/media?parent=82090"}],"wp:term":[{"taxonomy":"category","embeddable":true,"href":"https:\/\/www.freiburg-schwarzwald.de\/blog\/wp-json\/wp\/v2\/categories?post=82090"},{"taxonomy":"post_tag","embeddable":true,"href":"https:\/\/www.freiburg-schwarzwald.de\/blog\/wp-json\/wp\/v2\/tags?post=82090"}],"curies":[{"name":"wp","href":"https:\/\/api.w.org\/{rel}","templated":true}]}}