{"id":82014,"date":"2020-07-11T19:13:55","date_gmt":"2020-07-11T17:13:55","guid":{"rendered":"https:\/\/www.freiburg-schwarzwald.de\/blog\/?p=82014"},"modified":"2020-07-11T19:19:35","modified_gmt":"2020-07-11T17:19:35","slug":"medien-und-demos-in-d-und-f","status":"publish","type":"post","link":"https:\/\/www.freiburg-schwarzwald.de\/blog\/medien-und-demos-in-d-und-f\/","title":{"rendered":"Medien und Demos &#8211; in D und F"},"content":{"rendered":"<p>In Bayonne\u00a0in <a title=\"France\" href=\"https:\/\/www.freiburg-schwarzwald.de\/blog\/global\/france\/\">S\u00fcdfrankreich<\/a> wurde ein Busfahrer am 6.7.20 von <a title=\"Migration\" href=\"https:\/\/www.freiburg-schwarzwald.de\/blog\/global\/migration\/\">Migranten<\/a>, deren fehlende Schutzmaske er monierte, zu Tode getreten. Nach f\u00fcnf Tagen Hirntod lie\u00df man den Vater dreier T\u00f6chter heute sterben. Am 9.7. fanden sich ganz spontan 6000 <a title=\"Demonstrationsrecht\" href=\"https:\/\/www.freiburg-schwarzwald.de\/blog\/engagement\/buergerinitiativen\/demonstrationsrecht\/\">Demonstranten<\/a> zu einem &#8222;Mache Blanche&#8220; ein &#8211; einem <a title=\"Demo\" href=\"https:\/\/www.freiburg-schwarzwald.de\/blog\/engagement\/buergerinitiativen\/demo\/\">Marsch ganz in Wei\u00df<\/a> durch die Stadt:<br \/>\n<a href=\"https:\/\/www.midilibre.fr\/2020\/07\/06\/bayonne-on-nous-a-detruits-confie-veronique-lepouse-du-chauffeur-de-bus-violemment-agresse-8966315.php\">https:\/\/www.midilibre.fr\/2020\/07\/06\/bayonne-on-nous-a-detruits-confie-veronique-lepouse-du-chauffeur-de-bus-violemment-agresse-8966315.php<\/a><br \/>\n<!--more--><\/p>\n<p>In Frankreich berichteten <a title=\"Polizei\" href=\"https:\/\/www.freiburg-schwarzwald.de\/blog\/selbsthilfe\/soziales\/justiz\/polizei\/\">Polizei<\/a> wie Presse von vier Tatverd\u00e4chtigen, die aus dem <a title=\"Maghreb\" href=\"https:\/\/www.freiburg-schwarzwald.de\/blog\/global\/maghreb\/\">Maghreb<\/a> stammen und Mohamed, Mohammed, Moussa und Selim hei\u00dfen. Der eindrucksvolle Trauerzug der ganz in Wei\u00df gekleideten konnte friedlich durch die Stra\u00dfen von Bayonne ziehen. das Schweigen wurde nur gelegentlich unterbrochen vom dem Anteilnahme bezeugenden Applaus\u00a0einzelner Zuschauer.<br \/>\n.<br \/>\nUnd wie ist es um Medien wie Demonstration in Deutschland bestellt anl\u00e4\u00dflich einer so schlimmen Gewalttat?<br \/>\nDa <a title=\"Fluechtlinge-Kriminalitaet\" href=\"https:\/\/www.freiburg-schwarzwald.de\/blog\/global\/integration\/fluechtlinge-kriminalitaet\/\">Migranten<\/a> als T\u00e4ter vermutet werden, verschweigen die deutschen Medien den Fall bzw. berichten der <a title=\"Political-Correctness\" href=\"https:\/\/www.freiburg-schwarzwald.de\/blog\/kultur\/medien\/political-correctness\/\">Political Correctness<\/a> gem\u00e4\u00df nur sp\u00e4rlich. So sind die T\u00e4ter &#8222;junge M\u00e4nner&#8220; oder &#8222;Masken-Verweigerer&#8220;:<\/p>\n<p><a href=\"https:\/\/www.freiburg-schwarzwald.de\/blog\/medien-und-demos-in-d-und-f\/bayonne-busfahrer-hirntot200706\/\" rel=\"attachment wp-att-82015\"><img loading=\"lazy\" decoding=\"async\" class=\"alignnone size-thumbnail wp-image-82015\" src=\"https:\/\/www.freiburg-schwarzwald.de\/blog\/wp-content\/uploads\/2020\/07\/bayonne-busfahrer-hirntot200706-118x180.jpg\" alt=\"bayonne-busfahrer-hirntot200706\" width=\"118\" height=\"180\" srcset=\"https:\/\/www.freiburg-schwarzwald.de\/blog\/wp-content\/uploads\/2020\/07\/bayonne-busfahrer-hirntot200706-118x180.jpg 118w, https:\/\/www.freiburg-schwarzwald.de\/blog\/wp-content\/uploads\/2020\/07\/bayonne-busfahrer-hirntot200706-421x640.jpg 421w, https:\/\/www.freiburg-schwarzwald.de\/blog\/wp-content\/uploads\/2020\/07\/bayonne-busfahrer-hirntot200706-673x1024.jpg 673w, https:\/\/www.freiburg-schwarzwald.de\/blog\/wp-content\/uploads\/2020\/07\/bayonne-busfahrer-hirntot200706.jpg 700w\" sizes=\"auto, (max-width: 118px) 100vw, 118px\" \/><\/a><br \/>\n.<br \/>\n&#8222;Bemerkenswert, wie unterschiedlich \u00fcber den tot-getretenen Busfahrer in #Frankreich berichtet wird:<br \/>\nLaut deutscher Medien sind die T\u00e4ter &#8222;Masken-Verweigerer&#8220;.<br \/>\nLaut franz\u00f6sischer Polizei waren es Mohamed, Mohammed, Moussa und Selim. #Bayonne&#8220;<br \/>\n.<br \/>\nEine friedliche Trauer-Demo wie die &#8222;Mache Blanche&#8220; ist in Deutschland undenkbar: Die Demonstranten werden von Antifa-Pfeifen ausgepfiffen und als &#8222;rechte Instrumentalisierer&#8220; \u00fcber AfD bis hin zu Nazi niedergebr\u00fcllt. Siehe Trauerzug f\u00fcr die erstochene <a title=\"Kandel-Bluttat27-12-2017\" href=\"https:\/\/www.freiburg-schwarzwald.de\/blog\/engagement\/zukunft\/demokratie\/kandel-bluttat27-12-2017\/\">Mia in Kandel<\/a>, <a title=\"Gruppenvergewaltigung\" href=\"https:\/\/www.freiburg-schwarzwald.de\/blog\/selbsthilfe\/krise\/sexuellermissbrauch\/gruppenvergewaltigung\/\">Gruppenvergewaltigte<\/a> in Freiburg, <a title=\"Migration-Maenner\" href=\"https:\/\/www.freiburg-schwarzwald.de\/blog\/global\/migration\/migration-maenner\/\">usw.<\/a> &#8230;<br \/>\n.<br \/>\nFazit: <a title=\"Mainstream\" href=\"https:\/\/www.freiburg-schwarzwald.de\/blog\/kultur\/medien\/mainstream\/\">Medien<\/a> als Vierte Gewalt (die unabh\u00e4ngig berichtet) und <a title=\"Demonstrationsrecht\" href=\"https:\/\/www.freiburg-schwarzwald.de\/blog\/engagement\/buergerinitiativen\/demonstrationsrecht\/\">Demonstrationsrecht<\/a> (das auch bei Migrantengewalt gew\u00e4hrleistet ist) scheinen in Frankreich zu funktionieren, in Deutschland hingegen nicht.<br \/>\n11.7.2020<br \/>\n.<br \/>\nAgression d&#8217;un conducteur de bus \u00e0 Bayonne : le chauffeur en \u00e9tat de mort c\u00e9r\u00e9brale, droit de retrait prolong\u00e9<br \/>\n<a href=\"https:\/\/www.francebleu.fr\/infos\/faits-divers-justice\/aucun-bus-ne-circule-sur-le-bab-apres-la-violente-agression-d-un-conducteur-a-bayonne-1594014080\">https:\/\/www.francebleu.fr\/infos\/faits-divers-justice\/aucun-bus-ne-circule-sur-le-bab-apres-la-violente-agression-d-un-conducteur-a-bayonne-1594014080<\/a><br \/>\n.<br \/>\nV\u00e9ronique Monguillot, 52 ans, est l\u2019\u00e9pouse de Philippe, le conducteur de bus mortellement agress\u00e9 dimanche soir \u00e0 l\u2019arr\u00eat de Tram\u2019bus \u00abBalishon\u00bb \u00e0 Bayonne. Elle se confie sur ce drame. \u00abJ\u2019ai l\u2019impression de vivre un cauchemar.\u00bb<br \/>\n<a href=\"https:\/\/www.leparisien.fr\/faits-divers\/on-nous-a-detruits-en-quelques-secondes-confie-l-epouse-du-chauffeur-de-bus-de-bayonne-06-07-2020-8348544.php\">https:\/\/www.leparisien.fr\/faits-divers\/on-nous-a-detruits-en-quelques-secondes-confie-l-epouse-du-chauffeur-de-bus-de-bayonne-06-07-2020-8348544.php<\/a><\/p>\n<p>Bayonne : 6 000 personnes \u00e0 la marche blanche pour Philippe, chauffeur de bus agress\u00e9 \u00e0 mort, 9.7.2020<br \/>\n<a href=\"https:\/\/www.midilibre.fr\/2020\/07\/06\/bayonne-on-nous-a-detruits-confie-veronique-lepouse-du-chauffeur-de-bus-violemment-agresse-8966315.php\">https:\/\/www.midilibre.fr\/2020\/07\/06\/bayonne-on-nous-a-detruits-confie-veronique-lepouse-du-chauffeur-de-bus-violemment-agresse-8966315.php<\/a><br \/>\n.<br \/>\nMarche Blanche a Bayonne &#8211; &#8220; Demonstration in Wei\u00df&#8220; in Bayonne:<br \/>\n<a href=\"blob:https:\/\/www.facebook.com\/24ad5686-5d6e-462e-8dc1-ea2f559310d6\">blob:https:\/\/www.facebook.com\/24ad5686-5d6e-462e-8dc1-ea2f559310d6<\/a><\/p>\n<p>&nbsp;<\/p>\n","protected":false},"excerpt":{"rendered":"<p>In Bayonne\u00a0in S\u00fcdfrankreich wurde ein Busfahrer am 6.7.20 von Migranten, deren fehlende Schutzmaske er monierte, zu Tode getreten. Nach f\u00fcnf Tagen Hirntod lie\u00df man den Vater dreier T\u00f6chter heute sterben. Am 9.7. fanden sich ganz spontan 6000 Demonstranten zu einem &hellip; <a href=\"https:\/\/www.freiburg-schwarzwald.de\/blog\/medien-und-demos-in-d-und-f\/\">Weiterlesen <span class=\"meta-nav\">&rarr;<\/span><\/a><\/p>\n","protected":false},"author":2,"featured_media":0,"comment_status":"open","ping_status":"closed","sticky":false,"template":"","format":"standard","meta":{"footnotes":""},"categories":[355,195,210,155,80,157],"tags":[325,672,732,301,720,622],"class_list":["post-82014","post","type-post","status-publish","format-standard","hentry","category-buergerinitiativen","category-eu","category-gewalt","category-integration","category-medien","category-oeffentlicher-raum","tag-demo","tag-fluechtling","tag-gewalt","tag-culture","tag-medien","tag-migration"],"_links":{"self":[{"href":"https:\/\/www.freiburg-schwarzwald.de\/blog\/wp-json\/wp\/v2\/posts\/82014","targetHints":{"allow":["GET"]}}],"collection":[{"href":"https:\/\/www.freiburg-schwarzwald.de\/blog\/wp-json\/wp\/v2\/posts"}],"about":[{"href":"https:\/\/www.freiburg-schwarzwald.de\/blog\/wp-json\/wp\/v2\/types\/post"}],"author":[{"embeddable":true,"href":"https:\/\/www.freiburg-schwarzwald.de\/blog\/wp-json\/wp\/v2\/users\/2"}],"replies":[{"embeddable":true,"href":"https:\/\/www.freiburg-schwarzwald.de\/blog\/wp-json\/wp\/v2\/comments?post=82014"}],"version-history":[{"count":0,"href":"https:\/\/www.freiburg-schwarzwald.de\/blog\/wp-json\/wp\/v2\/posts\/82014\/revisions"}],"wp:attachment":[{"href":"https:\/\/www.freiburg-schwarzwald.de\/blog\/wp-json\/wp\/v2\/media?parent=82014"}],"wp:term":[{"taxonomy":"category","embeddable":true,"href":"https:\/\/www.freiburg-schwarzwald.de\/blog\/wp-json\/wp\/v2\/categories?post=82014"},{"taxonomy":"post_tag","embeddable":true,"href":"https:\/\/www.freiburg-schwarzwald.de\/blog\/wp-json\/wp\/v2\/tags?post=82014"}],"curies":[{"name":"wp","href":"https:\/\/api.w.org\/{rel}","templated":true}]}}