{"id":81920,"date":"2020-07-03T07:02:15","date_gmt":"2020-07-03T05:02:15","guid":{"rendered":"https:\/\/www.freiburg-schwarzwald.de\/blog\/?p=81920"},"modified":"2020-07-04T07:11:31","modified_gmt":"2020-07-04T05:11:31","slug":"nein-zum-gender-deutsch","status":"publish","type":"post","link":"https:\/\/www.freiburg-schwarzwald.de\/blog\/nein-zum-gender-deutsch\/","title":{"rendered":"Nein zum Gender-Deutsch"},"content":{"rendered":"<p>Immer mehr Kommunen, <a title=\"Universitaet\" href=\"https:\/\/www.freiburg-schwarzwald.de\/blog\/bildung\/hochschulen\/universitaet\/\">Universit\u00e4ten<\/a>, <a title=\"Schulen\" href=\"https:\/\/www.freiburg-schwarzwald.de\/blog\/bildung\/schulen\/\">Schulen<\/a>, aber auch die <a title=\"Kirchen\" href=\"https:\/\/www.freiburg-schwarzwald.de\/blog\/religion\/kirchen\/\">Kirchen<\/a> gehen dazu \u00fcber, das <a title=\"Gender\" href=\"https:\/\/www.freiburg-schwarzwald.de\/blog\/selbsthilfe\/frauen\/gender\/\">\u201eGendern\u201c<\/a> der <a title=\"Deutsche-Kultur\" href=\"https:\/\/www.freiburg-schwarzwald.de\/blog\/global\/deutschland\/deutsche-kultur\/\">Sprache<\/a> in ihren Verlautbarungen verpflichtend zu erzwingen. Und dies ohne jede <a title=\"Demokratie\" href=\"https:\/\/www.freiburg-schwarzwald.de\/blog\/engagement\/zukunft\/demokratie\/\">demokratische<\/a> Legitimation, allein unter dem permanenten Druck linker Lobbygruppen.<br \/>\n<a href=\"https:\/\/petitionfuerdemokratie.de\/nein-zum-gender-deutsch\/\">https:\/\/petitionfuerdemokratie.de\/nein-zum-gender-deutsch\/<\/a><!--more--><\/p>\n<p>Wir fordern von den Redaktionen der \u00f6ffentlich-rechtlichen Sender, den Beh\u00f6rden, Bildungseinrichtungen und Kirchen, umgehend auf \u201e<a title=\"Gendersprache: zwei Petitionen\" href=\"https:\/\/www.freiburg-schwarzwald.de\/blog\/gendersprache-zwei-petitionen\/\">Gender-Sprech<\/a>\u201c zu verzichten und zum bew\u00e4hrten Deutsch zur\u00fcckzukehren!<br \/>\nDie Unterschriften der Petition werden wir an die Intendanten von ARD und ZDF, den Deutschen St\u00e4dtetag, die Bundesbildungsministerin, den Ratsvorsitzenden der EKD und den Vorsitzenden der Deutschen Bischofskonferenz weiterleiten.<br \/>\n<a href=\"https:\/\/petitionfuerdemokratie.de\/nein-zum-gender-deutsch\/\">https:\/\/petitionfuerdemokratie.de\/nein-zum-gender-deutsch\/<\/a><br \/>\n.<br \/>\nUnter dem Vorwand der \u201eGeschlechtergerechtigkeit\u201c setzen Medien, Beh\u00f6rden, Bildungseinrichtungen und Kirchen immer \u00f6fter \u201el\u00e4cherliche Sprachgebilde\u201c (Wolf Schneider, Autor von \u201eDeutsch f\u00fcr Profis\u201c) des <a title=\"Gender Mainstream \u2013 Familie\" href=\"https:\/\/www.freiburg-schwarzwald.de\/blog\/gender-mainstream-familie\/\">Gender-Sprechs<\/a> durch, mit dem ein ideologischer Umerziehungsauftrag verbunden ist. So begr\u00fc\u00dfte Anne Will j\u00fcngst in ihrer Gespr\u00e4chssendung in der ARD den Pr\u00e4sidenten des \u201eBundes der Steuerzahler (Pause) innen\u201c. Vorwurfsvoll fragte sie den Verbandsvertreter, weshalb er seinen Verein noch nicht \u201e<a title=\"Gender\" href=\"https:\/\/www.freiburg-schwarzwald.de\/blog\/selbsthilfe\/frauen\/gender\/\">gendergerecht<\/a>\u201c umbenannt habe.<br \/>\nBeim ZDF-\u201eheute journal\u201c wurden k\u00fcrzlich die Wehrbeauftragten der vergangenen Jahre abgebildet (alles M\u00e4nner) mit der Bildunterschrift \u201eWerbeauftragte*r\u201c. Moderator Claus Kleber sprach in seiner Sendung in einem Beitrag von \u201eK\u00fcnstler (Pause) innen\u201c \u2013 eine verbale Verneigung vor dem Gender-Sternchen.<br \/>\n.<br \/>\nDer Sprachwissenschaftler Prof. Peter Eisenberg kritisiert diese \u201egendersensiblen\u201c Formulierungen scharf als eine Gefahr f\u00fcr die deutsche Sprache.<br \/>\n<a href=\"https:\/\/petitionfuerdemokratie.de\/nein-zum-gender-deutsch\/\">https:\/\/petitionfuerdemokratie.de\/nein-zum-gender-deutsch\/<\/a><\/p>\n","protected":false},"excerpt":{"rendered":"<p>Immer mehr Kommunen, Universit\u00e4ten, Schulen, aber auch die Kirchen gehen dazu \u00fcber, das \u201eGendern\u201c der Sprache in ihren Verlautbarungen verpflichtend zu erzwingen. Und dies ohne jede demokratische Legitimation, allein unter dem permanenten Druck linker Lobbygruppen. https:\/\/petitionfuerdemokratie.de\/nein-zum-gender-deutsch\/<\/p>\n","protected":false},"author":2,"featured_media":0,"comment_status":"open","ping_status":"closed","sticky":false,"template":"","format":"standard","meta":{"footnotes":""},"categories":[18,100,355,96,13,98,80],"tags":[26,572,461,301,493,722,720,28,504],"class_list":["post-81920","post","type-post","status-publish","format-standard","hentry","category-bildung","category-buch","category-buergerinitiativen","category-dichter","category-kultur","category-literatur","category-medien","tag-deutsch","tag-dichter-2","tag-gender","tag-culture","tag-lesung","tag-literatur","tag-medien","tag-sprache","tag-weiterbildung"],"_links":{"self":[{"href":"https:\/\/www.freiburg-schwarzwald.de\/blog\/wp-json\/wp\/v2\/posts\/81920","targetHints":{"allow":["GET"]}}],"collection":[{"href":"https:\/\/www.freiburg-schwarzwald.de\/blog\/wp-json\/wp\/v2\/posts"}],"about":[{"href":"https:\/\/www.freiburg-schwarzwald.de\/blog\/wp-json\/wp\/v2\/types\/post"}],"author":[{"embeddable":true,"href":"https:\/\/www.freiburg-schwarzwald.de\/blog\/wp-json\/wp\/v2\/users\/2"}],"replies":[{"embeddable":true,"href":"https:\/\/www.freiburg-schwarzwald.de\/blog\/wp-json\/wp\/v2\/comments?post=81920"}],"version-history":[{"count":0,"href":"https:\/\/www.freiburg-schwarzwald.de\/blog\/wp-json\/wp\/v2\/posts\/81920\/revisions"}],"wp:attachment":[{"href":"https:\/\/www.freiburg-schwarzwald.de\/blog\/wp-json\/wp\/v2\/media?parent=81920"}],"wp:term":[{"taxonomy":"category","embeddable":true,"href":"https:\/\/www.freiburg-schwarzwald.de\/blog\/wp-json\/wp\/v2\/categories?post=81920"},{"taxonomy":"post_tag","embeddable":true,"href":"https:\/\/www.freiburg-schwarzwald.de\/blog\/wp-json\/wp\/v2\/tags?post=81920"}],"curies":[{"name":"wp","href":"https:\/\/api.w.org\/{rel}","templated":true}]}}