{"id":81201,"date":"2020-05-31T13:20:24","date_gmt":"2020-05-31T11:20:24","guid":{"rendered":"https:\/\/www.freiburg-schwarzwald.de\/blog\/?p=81201"},"modified":"2020-06-01T09:18:31","modified_gmt":"2020-06-01T07:18:31","slug":"tips-zur-nach-corona-zeit","status":"publish","type":"post","link":"https:\/\/www.freiburg-schwarzwald.de\/blog\/tips-zur-nach-corona-zeit\/","title":{"rendered":"Tips zur &#8222;Nach Corona&#8220;-Zeit"},"content":{"rendered":"<p>Stehen die <a title=\"Medien\" href=\"https:\/\/www.freiburg-schwarzwald.de\/blog\/kultur\/medien\/\">Medien<\/a> unter der \u00c4gide der <a title=\"GroKo\" href=\"https:\/\/www.freiburg-schwarzwald.de\/blog\/engagement\/zukunft\/demokratie\/groko\/\">Politik<\/a> oder ist es umgekehrt &#8211; es ist m\u00fc\u00dfig, dar\u00fcber zu sinnieren, denn beide verstehen sich &#8211; gest\u00fctzt von <a title=\"NGO\" href=\"https:\/\/www.freiburg-schwarzwald.de\/blog\/vereine\/ngo\/\">NGO&#8217;s<\/a> &#8211; pr\u00e4chtig. Die anbrechende Zeit <a title=\"Corona-Sozialismus\" href=\"https:\/\/www.freiburg-schwarzwald.de\/blog\/business\/rezession\/corona-sozialismus\/\">&#8222;Nach Corona&#8220;<\/a> wird gepr\u00e4gt sein durch eine tiefe und lang anhaltende <a title=\"Rezession\" href=\"https:\/\/www.freiburg-schwarzwald.de\/blog\/business\/rezession\/\">Rezession<\/a>, deren <a title=\"Crash\" href=\"https:\/\/www.freiburg-schwarzwald.de\/blog\/business\/rezession\/crash\/\">Ausbruch<\/a> das <a title=\"Corona-Virus\" href=\"https:\/\/www.freiburg-schwarzwald.de\/blog\/business\/gesund\/corona-virus\/\">Covid19-Viru<\/a>s nicht verursacht, wohl aber beschleunigt hat. Dass auch &#8222;Nach Corona&#8220; <a title=\"Nudging\" href=\"https:\/\/www.freiburg-schwarzwald.de\/blog\/engagement\/zukunft\/demokratie\/nudging\/\">Nudging<\/a>, <a title=\"Gesinnungsdiktatur\" href=\"https:\/\/www.freiburg-schwarzwald.de\/blog\/kultur\/medien\/gesinnungsdiktatur\/\">P\u00e4dagogisierung<\/a> und <a title=\"Bevormundung\" href=\"https:\/\/www.freiburg-schwarzwald.de\/blog\/engagement\/zukunft\/demokratie\/bevormundung\/\">Bevormundung<\/a> des <a title=\"Buerger\" href=\"https:\/\/www.freiburg-schwarzwald.de\/blog\/engagement\/buerger\/\">B\u00fcrgers<\/a> weiterhin angesagt sind, <!--more-->zeigen je ein Beispiel (1) aus dem Bereich der <a title=\"Medienvielfalt\" href=\"https:\/\/www.freiburg-schwarzwald.de\/blog\/kultur\/medien\/medienvielfalt\/\">Medien<\/a> (Rainald Becker, <a title=\"WDR\" href=\"https:\/\/www.freiburg-schwarzwald.de\/blog\/kultur\/medien\/wdr\/\">ARD<\/a>) und (2) der <a title=\"Parteienstaat\" href=\"https:\/\/www.freiburg-schwarzwald.de\/blog\/engagement\/zukunft\/demokratie\/parteienstaat\/\">Politik<\/a> (Renate K\u00fcnast, Gr\u00fcne):<br \/>\n.<br \/>\n<strong>(1) TV-Kommentar von Rainald Becker (ARD)<\/strong><\/p>\n<p><em><strong>\u201eMadonna, Robert De Niro und rund 200 andere K\u00fcnstler und Wissenschaftler<br \/>\nfordern zurecht, nach der Corona-Krise<br \/>\nLebensstil, Konsumverhalten und Wirtschaft grundlegend zu ver\u00e4ndern.\u201c<\/strong> <\/em><br \/>\nSelten sind die <a title=\"GEZ-Medien\" href=\"https:\/\/www.freiburg-schwarzwald.de\/blog\/kultur\/medien\/gez-medien\/\">GEZ<\/a>-zahlenden B\u00fcrger so beleidigt und <a title=\"Diffamierung\" href=\"https:\/\/www.freiburg-schwarzwald.de\/blog\/kultur\/medien\/diffamierung\/\">verh\u00f6hnt<\/a> worden wie durch diesen Tagesschau-Kommentar des Chefredakteurs Rainald Becker vom 6.5.2020. Es ist an <a title=\"Dummheit\" href=\"https:\/\/www.freiburg-schwarzwald.de\/blog\/engagement\/zukunft\/dummheit\/\">Irrsinn<\/a> kaum zu \u00fcberbieten: In den kommenden Jahren der tiefen Rezession sollen die deutschen B\u00fcrger ihr Leben nach dem Vorbild linker US-Million\u00e4re ausrichten &#8211; incl. GEZ-Zwangsgeb\u00fchren als Schmerzensgeld.<br \/>\nRobert De Niro als Vorbild? Er versprach, die US-amerikanische Staatsb\u00fcrgerschaft abzugeben und nach Kanada \u00fcberzusiedeln, falls Donald Trump Pr\u00e4sident wird. Und hat sein Versprechen nicht gehalten.<br \/>\nMadonna als Vorbild? Mit Skandalen provozieren, um Geld zu machen.<br \/>\n.<br \/>\nUnd Becker zeigt sich zudem als devoter Merkel-Untertan:<br \/>\n<em><strong>\u201eAll diesen Spinnern und Corona Kritikern sei gesagt: <\/strong><\/em><br \/>\n<em><strong>Es wird keine Normalit\u00e4t mehr geben, wie vorher.\u201c<\/strong> <\/em><br \/>\nDa fragt man sich: Sind <a title=\"Kritik\" href=\"https:\/\/www.freiburg-schwarzwald.de\/blog\/kultur\/medien\/kritik\/\">kritische B\u00fcrger<\/a>\u00a0in Deutschland allesamt &#8222;Spinner&#8220; und ist die &#8222;Normalit\u00e4t&#8220; der vollumf\u00e4nglich geltenden b\u00fcrgerlichen <a title=\"Corona-Grundrechte\" href=\"https:\/\/www.freiburg-schwarzwald.de\/blog\/business\/gesund\/corona-virus\/corona-grundrechte\/\">Grundrechte<\/a> ab nun pass\u00e9?<br \/>\nDer Bundestagsabgeordnete Martin Renner hat den ARD-Kommentar von Rainald Becker seziert und ein Video dazu gedreht: <a href=\"https:\/\/youtu.be\/wlZr4SuRyKA\">https:\/\/youtu.be\/wlZr4SuRyKA<br \/>\n<\/a>\u00a0.<a href=\"https:\/\/youtu.be\/wlZr4SuRyKA\"><br \/>\n<\/a>\u00a0.<br \/>\n<strong>(2) Tweet von Renate K\u00fcnast (Gr\u00fcne)<\/strong><\/p>\n<p><em><strong>@GrueneBundestag<\/strong><\/em><br \/>\n<em><strong>Ein Grund f\u00fcr diese Pandemie war die falsche Art &amp; Weise, wie wir unsere Nahrungsmittel produzieren, Landwirtschaft betreiben und dabei mit unserer Umwelt umgehen.<\/strong><\/em><br \/>\n<em><strong>Jetzt m\u00fcssen wir die Krise umgekehrt nutzen, um endlich die Ern\u00e4hrungswende auf den Weg zu bringen! <\/strong><\/em><br \/>\n<em><strong>&#8211; @RenateKuenast, 28.5.2020<\/strong><\/em><br \/>\nDas ist heftig.<br \/>\nMit diesem Tweet, den sich die <a title=\"Gruene\" href=\"https:\/\/www.freiburg-schwarzwald.de\/blog\/vereine\/partei\/gruene\/\">Gr\u00fcnen<\/a> zu eigen gemacht haben, macht Renate K\u00fcnast die <a title=\"Landwirt\" href=\"https:\/\/www.freiburg-schwarzwald.de\/blog\/natur\/landwirt\/\">Bauern<\/a> direkt und die <a title=\"Verbraucher\" href=\"https:\/\/www.freiburg-schwarzwald.de\/blog\/engagement\/verbraucher\/\">Verbraucher<\/a> (die diese Lebensmittel ja nachfragen und essen) indirekt mitverantwortlich f\u00fcr die Ausbreitung des <a title=\"Corona-Virus\" href=\"https:\/\/www.freiburg-schwarzwald.de\/blog\/business\/gesund\/corona-virus\/\">Corona-Virus<\/a>. Eine verbl\u00fcffende Logik: &#8222;Mehr bio und regional, und das Virus geht&#8220;. Aber eine <a title=\"Infantil\" href=\"https:\/\/www.freiburg-schwarzwald.de\/blog\/bildung\/infantil\/\">infantile<\/a>\u00a0(Un-)Logik,<br \/>\nDas Besorgniserregende dabei ist, da\u00df Renate K\u00fcnast diesen Kausalzusammenhang auch noch glaubt. Lesen Sie auch die Kommentare weiter unten.<br \/>\n31.5.2020<br \/>\n.<\/p>\n<p><strong>Einige Kommentare zu Rainald Becker:<\/strong><br \/>\n<strong>Million\u00e4re verlangen von uns Verzicht<\/strong><br \/>\nMit welchem Recht mischen sich amerikanische Multimillion\u00e4re aus der Showbranche in das Leben anderer Menschen ein? Wir brauchen bestimmt keine Ratschl\u00e4ge von Madonna und co., was unser Konsumverhalten und den Lebensstil bestrifft. Die Frau schwimmt im Geld und will von anderen Verzicht verlangen. Hoffentlich verzichten Viele auf den Besuch ihrer Konzerte .<br \/>\n30.5.2020, MaX<\/p>\n<p><strong>Beckers Kommentar ist wirklich zeitlos und ein zeitgeschichtliches Dokument<\/strong><br \/>\nf\u00fcr die Entwicklung unsere Staates (f\u00fcr nachfolgende Generationen). Er sollte regelm\u00e4\u00dfig wieder vorgeholt werden, wenn mal wieder neue Abgaben f\u00fcr die no border politik und Eurorettung der Regierung abgepresst werden sollen. Und nat\u00fcrlich die GEZ wieder ihre Zwangsgelder erh\u00f6ht.<br \/>\n31.5.2020, JOH<\/p>\n<p><strong>Rainald Becker ist ganz auf Merkel-Linie<\/strong><br \/>\n&#8222;Das sind nat\u00fcrlich Transformationen von gigantischem, historischem Ausma\u00df. Diese Transformation bedeutet im Grunde, die gesamte Art des Wirtschaftens und des Lebens, wie wir es uns im Industriezeitalter angew\u00f6hnt haben, in den n\u00e4chsten 30 Jahren zu verlassen \u2013 die ersten Schritte sind wir schon gegangen \u2013 und zu v\u00f6llig neuen Wertsch\u00f6pfungsformen zu kommen,\u2026\u201c<br \/>\n<a href=\"https:\/\/www.bundeskanzlerin.de\/bkin-de\/aktuelles\/rede-von-bundeskanzlerin-merkel-beim-50-jahrestreffen-des-weltwirtschaftsforums-am-23-januar-2020-in-davos-1715534\">https:\/\/www.bundeskanzlerin.de\/bkin-de\/aktuelles\/rede-von-bundeskanzlerin-merkel-beim-50-jahrestreffen-des-weltwirtschaftsforums-am-23-januar-2020-in-davos-1715534<\/a><br \/>\n30.5.2020, M-B.<br \/>\n.<br \/>\n<strong>Erschreckend ist doch, dass 75% der Bev\u00f6lkerung<\/strong><br \/>\nan den Lippen dieser \u201eWahrsager\u201c h\u00e4ngen. Nicht der Schwachfug, den diese Leute absondern, ist das Bemerkenswerte, sondern die begierige Aufnahme durch Millionen und Abermillionen von Menschen. Anders formuliert: die Savonarolas unserer Zeit sagen, dass die Menschen h\u00f6ren wollen. Der Plebs liebt es, sich in deren Absonderungen zu suhlen.<br \/>\nIch sehe zwei prinzipielle Fehleinsch\u00e4tzungen.<br \/>\n1. Die Medien reden der Regierung das Wort. Das ist falsch. Es verh\u00e4lt sich umgekehrt.<br \/>\n2. Die Medien manipulieren die Bev\u00f6lkerung. Nein, das tun sie nicht. Sie liefern das gew\u00fcnscht wird.<br \/>\nDer geistig einfache, in zentralbeheizter Wohnung, mit flie\u00dfend warm und Kaltwasser versorgte, krankenversicherte, leistungslos lebende, mit Wasserklosett versehene, Tiefk\u00fchlkost ern\u00e4hrte Plebs ben\u00f6tigt eine Rechtfertigung seiner Existenz.<br \/>\nEs kommt zusammen, das Zusammenkommen muss. F\u00fcnf, die nicht die Arbeit von einem hinbekommen. Virtue Signalling an allen Ecken und Enden. Die Kakophonie der Degeneration nimmt ihren Lauf.<br \/>\n30.5.2020, RAU<br \/>\n.<br \/>\n<strong>Andererseits\u2026.<\/strong><br \/>\nh\u00e4tte ich auch nichts dagegen, Madonnas Lebensstil anzunehmen\u2026<br \/>\n<a href=\"https:\/\/www.derstandard.de\/story\/2000085318889\/ehemaliges-haus-von-madonna-in-beverly-hills-zu-haben\">https:\/\/www.derstandard.de\/story\/2000085318889\/ehemaliges-haus-von-madonna-in-beverly-hills-zu-haben<\/a><\/p>\n<p><strong>Und Robert De Niro?<\/strong><br \/>\nNun, man sagt ihm als Schauspieler nach, dass er auch ein Schnitzel spielen k\u00f6nnte, aber was er nicht spielen kann, ist das Vorbild f\u00fcr einen bewusst ressourcenschonenden Lebensstil.<br \/>\n<a href=\"https:\/\/www.youtube.com\/watch?v=RATgtEEcGGo\">https:\/\/www.youtube.com\/watch?v=RATgtEEcGGo<\/a><br \/>\nAb Minute 2:40 wird`s sch\u00f6n.<br \/>\n30.5.2020, NDM<\/p>\n<p><strong>Ist ARD-Chefredakteur Rainald Becker ein Antisemit?<\/strong><br \/>\nMit einem israelkritischen Tweet hat ARD-Chefredakteur Rainald Becker eine lebhafte Diskussion ausgel\u00f6st. \u201eIsrael wird immer mehr zum B\u00fcttel der USA!\u201c, twitterte Becker am Donnerstagabend. In der Wortmeldung verlinkt war ein Artikel der \u201eS\u00fcddeutschen Zeitung\u201c, in dem es um die Entscheidung Israels ging, zwei Abgeordneten im US-Repr\u00e4sentantenhaus zun\u00e4chst die Einreise zu verweigern. Einige Twitter-Nutzer warfen Becker daraufhin Antisemitismus vor.<br \/>\n&#8230; Alles vom 19.8.2019 bitte lesen auf<br \/>\n<a href=\"https:\/\/www.newsroom.de\/news\/aktuelle-meldungen\/vermischtes-3\/ist-ard-chefredakteur-rainald-becker-ein-antisemit-897664\/\">https:\/\/www.newsroom.de\/news\/aktuelle-meldungen\/vermischtes-3\/ist-ard-chefredakteur-rainald-becker-ein-antisemit-897664\/<\/a><br \/>\n.<br \/>\n<strong>GEZ-Geb\u00fchrenerh\u00f6hung ist angesichts Rainald Becker also gerechtfertigt<\/strong><br \/>\nMit einem offenen Brief haben 32 Bundestagsabgeordnete von CDU und CSU deutlich gemacht, dass sie die Erh\u00f6hung der Rundfunkgeb\u00fchren unterst\u00fctzen. Diese sei gerechtfertigt \u2013 auch aufgrund der Berichterstattung \u00fcber die Corona-Pandemie.<br \/>\n<a href=\"https:\/\/www.welt.de\/politik\/deutschland\/article208610519\/Rundfunkbeitrag-Abgeordnete-von-CDU-und-CSU-schreiben-Unterstuetzerbrief.html\">https:\/\/www.welt.de\/politik\/deutschland\/article208610519\/Rundfunkbeitrag-Abgeordnete-von-CDU-und-CSU-schreiben-Unterstuetzerbrief.html<\/a><br \/>\nHackenknall!<br \/>\n30.5.2020, R.RB<br \/>\n.<br \/>\n<strong>Ausgerechnet die linken Hollywoodstars<\/strong><br \/>\nwollen dem Normalb\u00fcrger vorschreiben wie er zu leben hat. Einfach l\u00e4cherlich, diese \u201eStars\u201c sind Teil des linkssozialistischen Establishments und sorgen f\u00fcr die Propaganda in die gew\u00fcnschte linkssozialistische Richtung.<br \/>\nNichts anderes waren die Systemschauspieler im Dritten Reich, die sich verpflichteten, Propagandafilmchen f\u00fcr das Regime zu drehen und somit auf die Gottbegnadeten-Liste von Goebbels kamen. Nach dem Krieg wurde nat\u00fcrlich behauptet, die Schauspieler w\u00e4ren dazu gezwungen worden. Langsam versteht man wieso die ganzen deutschen linken<br \/>\nZ-Promis, so einfach in den USA ein Visum erhalten und dann nach Hollywood ziehen. Gleich und Gleich gesellt sich gern.<br \/>\n30.5.2020, AND<\/p>\n<p><strong>Also Leute, wenn das (von Becker) nicht abgekupfert ist<\/strong><br \/>\n<a href=\"https:\/\/m.youtube.com\/watch?v=JFDPMdejHlA&amp;list=PLkDzyi20TFt2f6V6YGOFpqc_p2xtceeeE&amp;index=30#menu\">https:\/\/m.youtube.com\/watch?v=JFDPMdejHlA&amp;list=PLkDzyi20TFt2f6V6YGOFpqc_p2xtceeeE&amp;index=30#menu<\/a><br \/>\nDie Mimik, die Wortwahl, diese bedingungslose Huldigung unserer F\u00fchrung und die Verachtung des politischen Gegners als Feind, das IST abgekupfert!<br \/>\n31.5.2020, ICH<br \/>\n.<br \/>\n<strong>Wenn luxusversessene und unglaublich verw\u00f6hnte Multimillion\u00e4re Bescheidenheit einfordern,<\/strong><br \/>\nbekomme ich regelm\u00e4\u00dfig einen dicken Hals. Ich f\u00fchle mich verspottet u. verh\u00f6hnt. Und nein, ich m\u00f6chte kein Million\u00e4r sein! Gerne h\u00e4tte ich das alte H\u00e4uschen<br \/>\nmit gro\u00dfem Garten gekauft, das mir die Stadt vor 6 oder 8 Jahren f\u00fcr 80.000 anbot. 40.000 h\u00e4tte ich hineinstecken m\u00fcssen und unter Denkmalschutz, einschl. Garten, steht es auch<br \/>\n\u2026<br \/>\nDas Wirtschaftsmagazin Forbes sch\u00e4tzt das Einkommen auf \u00fcber 75 Millionen US-Dollar pro Jahr. Madonna kommt so auf ein gesch\u00e4tztes Verm\u00f6gen von rund 765 Millionen Euro.<br \/>\n03.01.2020<br \/>\n<a href=\"https:\/\/www.vermoegenmagazin.de\/madonna-vermoegen\/\">https:\/\/www.vermoegenmagazin.de\/madonna-vermoegen\/<\/a><br \/>\n30.5.2020, Maria<\/p>\n<p><strong>Wir sind &#8222;Spinner&#8220; und &#8222;Wirrk\u00f6pfe&#8220;<\/strong><br \/>\nEs ist unerh\u00f6rt und treibt einem die Zornesr\u00f6te ins Gesicht, dass man sich als \u201eSpinner\u201c und \u201eWirrkopf\u201c beschimpfen lassen muss und daf\u00fcr auch noch GEZ-Geb\u00fchren zahlen und diese Journaille damit durchf\u00fcttern muss.<br \/>\n\u201eAll diesen Spinnern und Corona Kritikern sei gesagt:<br \/>\nEs wird keine Normalit\u00e4t mehr geben, wie vorher.\u201c (Zitat Rainald Becker)<br \/>\nDas ist sittenwidrig, aber damit begr\u00fcndete GEZ-Verweigerung vermutlich trotzdem juristisch chancenlos.<br \/>\n31.5.2020, GUT<br \/>\n.<br \/>\n<strong>Beleidigung der Zuschauer<\/strong><br \/>\nWohl noch nie in der Geschichte des Zwangsgeb\u00fchren-Fernsehens ist die Intelligenz der Zuschauer so sehr beleidigt worden, wie Anfang Mai in einem Tagesschau-Kommentar des Chefredakteurs Rainald Becker:\u2026<br \/>\nDie meisten Zuschauer sind nicht besonders Intelligent!<br \/>\nEher etwas d\u00e4mlich!<br \/>\n30.5.2020, EUL<\/p>\n<p><strong>Leute wie Madonna leben in einer Art Paralleluniversum.<\/strong><br \/>\nJe oller die werden, je schlimmer wird es, indem die sich f\u00fcr intellektuell halten und meinen, die k\u00f6nnen das Schicksal der Welt lenken und die Menschheit retten \u2013 wovor auch immer.<br \/>\nUnd speziell bei der ist einfach nur eine Schraube locker. Die ist nicht ganz knusper in der Waffel.<br \/>\n30.5.2020<br \/>\n.<br \/>\n.<\/p>\n<p><strong>Kommentare zu Kommentare zu Renate K\u00fcnast:<\/strong><\/p>\n<p><strong>K\u00fcnast: Nach Ern\u00e4hrungswende und weiteren gr\u00fcnen Wenden keine Viren mehr?<\/strong><br \/>\nWenn wir uns so ern\u00e4hren, wie Frau K\u00fcnast und andere Gr\u00fcne das w\u00fcnschen, sp\u00e4tertens nach der K\u00fcnast\u2019schen Ern\u00e4hrungswende gibt es also keine Viren wie Covid-19 mehr? Der gr\u00fcnen Abgeordneten Rede im Bundestag nach k\u00f6nnten dann wohl auch die l\u00e4stigen Grippeviren herk\u00f6mmlicher Art verschwinden und \u00fcberhaupt Leben, Luft und Liebe keimfrei verlaufen? Vielen Dank Frau K\u00fcnast f\u00fcr diese Pfingstbotschaft. Wie gut, dass die Natur ist, wie sie ist und auch bleibt.<br \/>\n&#8230;. Alles vom 29.5.2020 bitte lesen auf<br \/>\n<a href=\"https:\/\/www.tichyseinblick.de\/daili-es-sentials\/kuenast\/\">https:\/\/www.tichyseinblick.de\/daili-es-sentials\/kuenast\/<br \/>\n<\/a>.<\/p>\n<p><strong>K\u00fcnast: Landwirtschaft schuld an Coronapandemie<\/strong><br \/>\nEin Grund f\u00fcr die Coronakrise sei die falsche Art und Weise, wie wir Nahrungsmittel erzeugen, behauptet Renate K\u00fcnast. &#8230;.<br \/>\n\u201eWas f\u00fcr ein Schwachsinn. Hier wird auf dem R\u00fccken der Pandemie ideologische Bevormundungspolitik betrieben. Keine Partei ist so weit weg von der Landwirtschaft und den Landwirten wie die Gr\u00fcnen.\u201c<br \/>\nLandtagsabgeordneter Marco Mohrmann (CDU) schrieb:<br \/>\n\u201eDas ist der intellektuelle Tiefpunkt in dieser Debatte.\u201c Auf Anfrage der LAND &amp; FORST f\u00fcgte er hinzu, dass K\u00fcnasts Aussage besonders perfide sei: \u201eDenn damit werden die Landwirte und ihre Familien f\u00fcr die Pandemie mit allen gesellschaftlichen Nebenwirkungen verantwortlich gemacht. Diese Ungeheuerlichkeit werden wir auch politisch nicht dulden.&#8220;<br \/>\nAndere Nutzer bezeichnen die Aussagen als Verschw\u00f6rungstheorien oder sind der Ansicht, dass es sich hierbei nicht mehr um Politik, sondern Religion handele.<br \/>\n&#8230; Alles vom 29.5.2020 bitte lesn auf<br \/>\n<a href=\"https:\/\/www.landundforst.de\/landwirtschaft\/kuenast-landwirtschaft-schuld-coronapandemie-562199\">https:\/\/www.landundforst.de\/landwirtschaft\/kuenast-landwirtschaft-schuld-coronapandemie-562199<br \/>\n<\/a>\u00a0.<br \/>\n.<br \/>\n<strong>Verunglimpfung der Landwirtschaft unertr\u00e4glich<\/strong><br \/>\nAttacke der Gr\u00fcnen grenzt an Verleumdung<br \/>\n\u201eDie Landwirte in Deutschland sind von den Gr\u00fcnen einiges gewohnt. Die vermeintliche \u00d6kopartei macht unsere Bauern seit Jahren zu den S\u00fcndenb\u00f6cken der Nation. Die einseitigen verbalen Angriffe auf die H\u00f6fe haben Methode. Dabei reden die Gr\u00fcnen nicht mit den Bauern, sondern \u00fcber sie. So lassen sich Vorurteile trefflich pflegen.<br \/>\nDie Anti-Landwirtschafts-Kampagne von B\u00fcndnis 90\/Die Gr\u00fcnen hat jetzt eine neue Dimension erreicht: Die Landwirtschaft soll Grund f\u00fcr die Corona-Pandemie sein. Diese ungeheuerliche These von Renate K\u00fcnast hat sich die Bundestagsfraktion B\u00fcndnis 90\/Die Gr\u00fcnen per Twitter zu eigen gemacht.<br \/>\nDiese Theorie ist so unwissenschaftlich und faktenfrei, dass sie an Paranoia grenzt. COVID-19 kommt nicht aus einem Kuhstall, auch nicht von einem Acker. Gr\u00fcne Verschw\u00f6rungstheorien sind das eine, die Diffamierung unserer Landwirtschaft das andere. Diese Verunglimpfung ist unertr\u00e4glich. Das grenzt an Verleumdung.<br \/>\n&#8230; Alles vom 29.5.2020 bitte lesen auf<br \/>\n<a href=\"https:\/\/www.cducsu.de\/presse\/pressemitteilungen\/verunglimpfung-der-landwirtschaft-unertraeglich\">https:\/\/www.cducsu.de\/presse\/pressemitteilungen\/verunglimpfung-der-landwirtschaft-unertraeglich<\/a><\/p>\n<p><strong>K\u00fcnast hatte doch mal gefordert,<\/strong><br \/>\nPolizisten sollten vor einem Einsatz in islamischen Wohnungen die Schuhe ausziehen. Und als der irre Axtattent\u00e4ter im Zug erschossen wurde, fragte sie, ob es nicht m\u00f6glich gewesen w\u00e4re, diesem nur in die Beine zu schiessen. Seitdem hat sie den Spottnamen K\u00fcnaxt. Sprichw\u00f6rtlich wurde auch ihr Schlusswort: \u201eFragen!\u201c mit Ausrufezeichen \u2026 Und nicht zu vergessen (der Klassiker): ihr Foto \u201eIch und Washington in Washington\u201c, sie stand vor dem Lincoln-Denkmal \u2026 Gr\u00fcne: dumm geboren und nichts dazugelernt, oder: keine Ahnung, aber davon jede Menge!<br \/>\n30.5.2020, H.B.<\/p>\n<p><strong>Ern\u00e4hrungswende nach Corona?<\/strong><br \/>\nIch bin begeistert, wieviel \u201eWenden\u201c Deutschland so braucht. Nach der Energiewende, der Mobilit\u00e4tswende, der Klimawende, der Agrarwende brauchen wir jetzt auch noch die Ern\u00e4hrungswende. Leider sind die ganzen Wenden nur dazu da, dem Steuerzahler Geld aus der Tasche zu ziehen. Wirtschaftlich f\u00fchren sie Deutschland nur noch weiter bergab. \u201eWenden\u201c dienen in Deutschland nur dazu, den B\u00fcrger noch mehr zu g\u00e4ngeln und zu schr\u00f6pfen, immer nat\u00fcrlich \u201ealternativlos\u201c, um die Welt zu retten. Und die verbl\u00f6dete deutsche Gesellschaft f\u00fchlt sich auch noch moralisch verpflichtet.<br \/>\n29.5.2020, JWE<\/p>\n<p><strong>Das Problem mit unseren Abgeordneten und Politikern ist das Auswahlkriterium<\/strong><br \/>\nvon anfang an. Im Gegensatz zur Wirtschaft findet keine \u00dcberprufung hinsichtlich der Bef\u00e4higung statt und schon garnicht, wenn es in den Stufen der einzelnen Parlamente nach oben weitergeht.<br \/>\nDie einzigen Merkmale die z\u00e4hlen, sind Seilschaften, gro\u00dfes Mundwerk um zu beeindrucken, Vereinnahmung durch Interessensverb\u00e4nde und richtiges Katzbuckeln Richtung h\u00f6here Instanz und wer das gut beherrscht, kann ohne weiteres bis ins h\u00f6chste Amt gelangen, denn nirgendwo ist das Wolfsrudel so ausgepr\u00e4gt wie bei dieser Spezies und sind sie erst mal in Amt und W\u00fcrden, dann kommt in der Regel die Stunde der Bew\u00e4hrung und da stellt sich dann oft heraus, da\u00df sie nicht viel vorweisen k\u00f6nnen und in dieser Gemengenlage bestimmen sie dann die Geschicke eines Landes.<br \/>\nIm Prinzip sind nichts anderes als angelernte Verwalter und wenn man das Gl\u00fcck hat, dann zieht man im einen oder anderen Fall einen Gewinn, meistens aber sind es Nieten und die m\u00fcssen wir auch noch f\u00fcr teueres Geld abkaufen, was f\u00fcr ein Wahnsinn, der sich t\u00e4glich wiederholt und niemand auf die Idee kommt, auch hier mal neu zu organisieren um wenigsten ein Mindestma\u00df an Bef\u00e4higung zu erzielen, denn es ist ja auch bekannt, da\u00df Landes- und EU-Beschl\u00fcsse inhaltlich nicht bekannt sind und trotzdem zugestimmt oder abgelehnt wird und das vor aller Augen mit teils verheerenden Folgen f\u00fcr unser Gemeinwesen. Im \u00fcbrigen leiden darunter auch die vielen sachkundigen hohen Beamten, die mit solchen Ergebnissen leben m\u00fcssen, aber durch die Laienhaftigkeit der gesetzgebenden Versammlung stets behindert werden, wie man auch im Falle des Corona-Berichtes leibhaftig erleben durfte.<br \/>\nHinzu kommt noch der Hang ab einer bestimmten Position sich selbst zu \u00fcbersch\u00e4tzen und dabei den Boden der Verfassung unter den F\u00fcssen verliert und das alles zusammen ist schlecht f\u00fcr uns, denn Grundvoraussetzung w\u00e4re, da\u00df man die Materie kennt, die zu Beschl\u00fcssen f\u00fchren und dann handelt und zwar gemeinsam und nicht in selbstherrlicher Art, wobei hier ein Idealzustand beschrieben wird, der in den Niederungen des menschlichen Seins in der Regel nicht erreicht wird.<br \/>\n29.5.2020, Nib, TO<\/p>\n<p><strong>Gr\u00fcnlinke Ideologie \u00fcber devote Medien<\/strong><br \/>\nich danke Ihnen f\u00fcr Ihre sehr fundierten und sachlichen Beitr\u00e4ge, die ich stets sch\u00e4tze. Mir scheint, Sie verf\u00fcgen \u00fcber einen reichen Erfahrungsschatz und sind genauso entsetzt \u00fcber den dahind\u00e4mmernden Geisteszustand dieser Republik wie ich. Wie k\u00f6nnen wir die Medien wieder an ihre eigentliche Aufgabe erinnern? Denn dass die gr\u00fcnlinke Ideologie in unserem Land so m\u00e4chtig geworden ist, liegt viel an den devoten Medien und an der z. T. d\u00fcrftigen Allgemein-, vor allem aber politischen Bildung besonders der J\u00fcngeren. Ging es den Menschen viel zu lange zu gut, um eine konstruktiv-kritische Unterscheidungskraft zu entwickeln? Denk ich an Deutschland in der Nacht\u2026..<br \/>\n29.5.2020, Gund, TO<\/p>\n<p><strong>Alle denken, dass die Frau K\u00fcnast t\u00e4uscht und l\u00fcgt.<\/strong><br \/>\nAber vermutlich glaubt sie selbst, was sie so redet und twittert. Darin w\u00e4re sie ihrer Parteichefin Annalena nicht un\u00e4hnlich, die ja, so sieht es aus, ebenfalls nicht l\u00fcgt, sondern genauso unordentlich plappert, wie es in ihrem Kopf aussieht.<br \/>\nUnser Parteiensystem, also die Mechanismen, mit denen in den Parteien bestimmt wird, wer nach oben kommt, ist eben nur eines: kaputt, kaputt, kaputt. Entweder die Parteien m\u00fcssen intern v\u00f6llig umgestaltet oder sie m\u00fcssen von der Staatsmacht ferngehalten werden. Wenn nicht, wird es richtig dunkel in Deutschland.<br \/>\n29.5.2020, M.S.<\/p>\n<p><strong>Frau K\u00fcnast teilt mit mir den gleichen Jahrgang 1955,<\/strong><br \/>\naber das d\u00fcrften schon alle Gemeinsamkeiten sein. Wenn Gott gn\u00e4dig ist, beginnt der Mensch in reiferen Jahren an Weisheit zuzunehmen. Was man von den Gr\u00fcnen so h\u00f6rt, von den jungen Parteimitgliedern bis hin zu den reifen Pers\u00f6nlichkeiten, es kommen nur Verbote und Anordnungen wie wir besser unser Leben zu gestalten haben. Sie fangen langsam an Gott den Allm\u00e4chtigen von seinem Thron zu sto\u00dfen, weil sie \u2013 a l l e s \u2013 viel besser wissen! Selbst das Klima bzw. Wetter meinen diese Gr\u00fcnen incl. der Merkel-Regierung auf wenige Grad C. genau in der Zukunft bestimmen zu k\u00f6nnen. Auch hier stellen sie sich \u00fcber den Sch\u00f6pfer in seiner Allmacht.<br \/>\nWas ich esse und welches Auto ich fahre, geht nur mich etwas an, denn ich lebe immer noch in einer Demokratie, in der die Macht vom Volk ausgeht.<br \/>\nDa meine Landsleute zu einem hohen Anteil \u00fcberdurchschnittlich intelligent sind, m\u00fcsste sich das Problem dieser Tyrannen-Partei bei der n\u00e4chsten BT-Wahl von selbst l\u00f6sen.<\/p>\n<p><strong>Ich habe genug von diesen abgehobenen Tyrannen, die meinen sie h\u00e4tten die Weisheit mit L\u00f6ffeln gefressen.<\/strong><br \/>\nEs ist typisch, wenn ein Herr \u00d6zdemir die elektrische Leistung mit der Einheit Gigawatt (GW) mit der digitalen Speicherkapazit\u00e4t (GByte) verwechselt. Dann w\u00e4re es doch wunderbar einfach, den \u00fcbersch\u00fcssigen \u201eWindstrom\u201c auf Festplatten oder anderen Speichermedien abzulegen und bei Bedarf wieder freizugeben. Genau so ist deren Denke, fachlich keine Ahnung haben aber das ganze deutsche Stromnetz durch die sog. Energiewende auf den Stand eines Entwicklungslandes zu bringen mit rationierter Stromzuteilung.<br \/>\nDeutschland braucht keinen christlichen Glauben bzw. Kirchen mehr, wir haben doch die moralisch noch \u00fcber Gott stehenden Gr\u00fcnen und denen sollten wir folgen bis zum \u201eEndsieg\u201c \u00fcber alle Vernunft.<br \/>\n29.5.2020, h.G.<\/p>\n<p><strong>Sie s\u00e4en nicht &#8230;.<\/strong><br \/>\nWie hie\u00df es doch so wunderbar treffend auf den Bauernprotesten: \u201eSie s\u00e4en nicht, sie ernten nicht, aber sie wissen alles besser.\u201c<br \/>\n29.5.2020, PHI<\/p>\n","protected":false},"excerpt":{"rendered":"<p>Stehen die Medien unter der \u00c4gide der Politik oder ist es umgekehrt &#8211; es ist m\u00fc\u00dfig, dar\u00fcber zu sinnieren, denn beide verstehen sich &#8211; gest\u00fctzt von NGO&#8217;s &#8211; pr\u00e4chtig. Die anbrechende Zeit &#8222;Nach Corona&#8220; wird gepr\u00e4gt sein durch eine tiefe &hellip; <a href=\"https:\/\/www.freiburg-schwarzwald.de\/blog\/tips-zur-nach-corona-zeit\/\">Weiterlesen <span class=\"meta-nav\">&rarr;<\/span><\/a><\/p>\n","protected":false},"author":2,"featured_media":0,"comment_status":"open","ping_status":"closed","sticky":false,"template":"","format":"standard","meta":{"footnotes":""},"categories":[18,158,24,63,201,80,171,172],"tags":[700,515,720,626,525],"class_list":["post-81201","post","type-post","status-publish","format-standard","hentry","category-bildung","category-gesund","category-industrie","category-krise","category-landwirt","category-medien","category-verbraucher","category-zukunft","tag-corona","tag-konsum","tag-medien","tag-partei","tag-politik"],"_links":{"self":[{"href":"https:\/\/www.freiburg-schwarzwald.de\/blog\/wp-json\/wp\/v2\/posts\/81201","targetHints":{"allow":["GET"]}}],"collection":[{"href":"https:\/\/www.freiburg-schwarzwald.de\/blog\/wp-json\/wp\/v2\/posts"}],"about":[{"href":"https:\/\/www.freiburg-schwarzwald.de\/blog\/wp-json\/wp\/v2\/types\/post"}],"author":[{"embeddable":true,"href":"https:\/\/www.freiburg-schwarzwald.de\/blog\/wp-json\/wp\/v2\/users\/2"}],"replies":[{"embeddable":true,"href":"https:\/\/www.freiburg-schwarzwald.de\/blog\/wp-json\/wp\/v2\/comments?post=81201"}],"version-history":[{"count":0,"href":"https:\/\/www.freiburg-schwarzwald.de\/blog\/wp-json\/wp\/v2\/posts\/81201\/revisions"}],"wp:attachment":[{"href":"https:\/\/www.freiburg-schwarzwald.de\/blog\/wp-json\/wp\/v2\/media?parent=81201"}],"wp:term":[{"taxonomy":"category","embeddable":true,"href":"https:\/\/www.freiburg-schwarzwald.de\/blog\/wp-json\/wp\/v2\/categories?post=81201"},{"taxonomy":"post_tag","embeddable":true,"href":"https:\/\/www.freiburg-schwarzwald.de\/blog\/wp-json\/wp\/v2\/tags?post=81201"}],"curies":[{"name":"wp","href":"https:\/\/api.w.org\/{rel}","templated":true}]}}