{"id":8099,"date":"2012-07-30T22:54:24","date_gmt":"2012-07-30T20:54:24","guid":{"rendered":"https:\/\/www.freiburg-schwarzwald.de\/blog\/?p=8099"},"modified":"2012-08-01T08:16:47","modified_gmt":"2012-08-01T06:16:47","slug":"klarapfel-diese-sorte-wird-als-erste-schon-mitte-juli-reif","status":"publish","type":"post","link":"https:\/\/www.freiburg-schwarzwald.de\/blog\/klarapfel-diese-sorte-wird-als-erste-schon-mitte-juli-reif\/","title":{"rendered":"Klarapfel &#8211; diese Apfelsorte wird als erste schon Mitte Juli reif"},"content":{"rendered":"<p>Der <a title=\"Obstbau\" href=\"https:\/\/www.freiburg-schwarzwald.de\/blog\/natur\/landwirt\/obstbau\/\">Klarapfel<\/a> ist der erste unter den vielen Apfelsorten, bereits Mitte Juli wird er reif. Klar\u00e4pfel sind nicht lagerf\u00e4hig, also sofort essen.\u00a0Aber auf den richtigen Zeitpunkt kommt es an: Unreif gr\u00fcn sind sie sauer. \u00dcberreif gelb sind sie fade und mehlig. Dazwischen sind sie wei\u00df-gelb und\u00a0zwar nicht knackig, aber\u00a0fast sahnig\u00a0und sehr schmackhaft. Und wie erwischt man diesen Zeitpunkt? Den Klarapfelbaum im <a title=\"Garten\" href=\"https:\/\/www.freiburg-schwarzwald.de\/blog\/natur\/garten\/\">Garten<\/a> sachte sch\u00fctteln &#8211; oder vom Gewitter und WInd sch\u00fctteln lassen &#8211; und die Fr\u00fcchte von der Wiese auflesen.<!--more--><\/p>\n<div id='gallery-1' class='gallery galleryid-8099 gallery-columns-3 gallery-size-thumbnail'><dl class='gallery-item'>\n\t\t\t<dt class='gallery-icon landscape'>\n\t\t\t\t<a href='https:\/\/www.freiburg-schwarzwald.de\/blog\/klarapfel-diese-sorte-wird-als-erste-schon-mitte-juli-reif\/klarapfel1-120730\/'><img loading=\"lazy\" decoding=\"async\" width=\"180\" height=\"135\" src=\"https:\/\/www.freiburg-schwarzwald.de\/blog\/wp-content\/uploads\/2012\/07\/klarapfel1-120730-180x135.jpg\" class=\"attachment-thumbnail size-thumbnail\" alt=\"\" aria-describedby=\"gallery-1-8100\" srcset=\"https:\/\/www.freiburg-schwarzwald.de\/blog\/wp-content\/uploads\/2012\/07\/klarapfel1-120730-180x135.jpg 180w, https:\/\/www.freiburg-schwarzwald.de\/blog\/wp-content\/uploads\/2012\/07\/klarapfel1-120730.jpg 640w\" sizes=\"auto, (max-width: 180px) 100vw, 180px\" \/><\/a>\n\t\t\t<\/dt>\n\t\t\t\t<dd class='wp-caption-text gallery-caption' id='gallery-1-8100'>\n\t\t\t\tKlar\u00e4pfel am 30.7.2012 &#8211; dunkle Kerne\n\t\t\t\t<\/dd><\/dl><dl class='gallery-item'>\n\t\t\t<dt class='gallery-icon landscape'>\n\t\t\t\t<a href='https:\/\/www.freiburg-schwarzwald.de\/blog\/klarapfel-diese-sorte-wird-als-erste-schon-mitte-juli-reif\/klarapfel2-120730\/'><img loading=\"lazy\" decoding=\"async\" width=\"180\" height=\"135\" src=\"https:\/\/www.freiburg-schwarzwald.de\/blog\/wp-content\/uploads\/2012\/07\/klarapfel2-120730-180x135.jpg\" class=\"attachment-thumbnail size-thumbnail\" alt=\"\" aria-describedby=\"gallery-1-8101\" srcset=\"https:\/\/www.freiburg-schwarzwald.de\/blog\/wp-content\/uploads\/2012\/07\/klarapfel2-120730-180x135.jpg 180w, https:\/\/www.freiburg-schwarzwald.de\/blog\/wp-content\/uploads\/2012\/07\/klarapfel2-120730.jpg 640w\" sizes=\"auto, (max-width: 180px) 100vw, 180px\" \/><\/a>\n\t\t\t<\/dt>\n\t\t\t\t<dd class='wp-caption-text gallery-caption' id='gallery-1-8101'>\n\t\t\t\tKlar\u00e4pfel am 30.7.2012 \n\t\t\t\t<\/dd><\/dl><dl class='gallery-item'>\n\t\t\t<dt class='gallery-icon landscape'>\n\t\t\t\t<a href='https:\/\/www.freiburg-schwarzwald.de\/blog\/klarapfel-diese-sorte-wird-als-erste-schon-mitte-juli-reif\/klarapfel3-120730\/'><img loading=\"lazy\" decoding=\"async\" width=\"180\" height=\"141\" src=\"https:\/\/www.freiburg-schwarzwald.de\/blog\/wp-content\/uploads\/2012\/07\/klarapfel3-120730-180x141.jpg\" class=\"attachment-thumbnail size-thumbnail\" alt=\"\" aria-describedby=\"gallery-1-8102\" srcset=\"https:\/\/www.freiburg-schwarzwald.de\/blog\/wp-content\/uploads\/2012\/07\/klarapfel3-120730-180x141.jpg 180w, https:\/\/www.freiburg-schwarzwald.de\/blog\/wp-content\/uploads\/2012\/07\/klarapfel3-120730.jpg 638w\" sizes=\"auto, (max-width: 180px) 100vw, 180px\" \/><\/a>\n\t\t\t<\/dt>\n\t\t\t\t<dd class='wp-caption-text gallery-caption' id='gallery-1-8102'>\n\t\t\t\tKlar\u00e4pfel am 30.7.2012 &#8211; reif, da dunkle Kerne \n\t\t\t\t<\/dd><\/dl><br style=\"clear: both\" \/><dl class='gallery-item'>\n\t\t\t<dt class='gallery-icon landscape'>\n\t\t\t\t<a href='https:\/\/www.freiburg-schwarzwald.de\/blog\/klarapfel-diese-sorte-wird-als-erste-schon-mitte-juli-reif\/klarapfel4-120730\/'><img loading=\"lazy\" decoding=\"async\" width=\"180\" height=\"135\" src=\"https:\/\/www.freiburg-schwarzwald.de\/blog\/wp-content\/uploads\/2012\/07\/klarapfel4-120730-180x135.jpg\" class=\"attachment-thumbnail size-thumbnail\" alt=\"\" aria-describedby=\"gallery-1-8103\" srcset=\"https:\/\/www.freiburg-schwarzwald.de\/blog\/wp-content\/uploads\/2012\/07\/klarapfel4-120730-180x135.jpg 180w, https:\/\/www.freiburg-schwarzwald.de\/blog\/wp-content\/uploads\/2012\/07\/klarapfel4-120730.jpg 640w\" sizes=\"auto, (max-width: 180px) 100vw, 180px\" \/><\/a>\n\t\t\t<\/dt>\n\t\t\t\t<dd class='wp-caption-text gallery-caption' id='gallery-1-8103'>\n\t\t\t\tKlar\u00e4pfel am 30.7.2012 &#8211; gro\u00df und klein\n\t\t\t\t<\/dd><\/dl><dl class='gallery-item'>\n\t\t\t<dt class='gallery-icon landscape'>\n\t\t\t\t<a href='https:\/\/www.freiburg-schwarzwald.de\/blog\/klarapfel-diese-sorte-wird-als-erste-schon-mitte-juli-reif\/klarapfel5-120730\/'><img loading=\"lazy\" decoding=\"async\" width=\"180\" height=\"135\" src=\"https:\/\/www.freiburg-schwarzwald.de\/blog\/wp-content\/uploads\/2012\/07\/klarapfel5-120730-180x135.jpg\" class=\"attachment-thumbnail size-thumbnail\" alt=\"\" aria-describedby=\"gallery-1-8104\" srcset=\"https:\/\/www.freiburg-schwarzwald.de\/blog\/wp-content\/uploads\/2012\/07\/klarapfel5-120730-180x135.jpg 180w, https:\/\/www.freiburg-schwarzwald.de\/blog\/wp-content\/uploads\/2012\/07\/klarapfel5-120730.jpg 640w\" sizes=\"auto, (max-width: 180px) 100vw, 180px\" \/><\/a>\n\t\t\t<\/dt>\n\t\t\t\t<dd class='wp-caption-text gallery-caption' id='gallery-1-8104'>\n\t\t\t\tKlar\u00e4pfel am 30.7.2012 &#8211; frisch aufgelesen\n\t\t\t\t<\/dd><\/dl><dl class='gallery-item'>\n\t\t\t<dt class='gallery-icon landscape'>\n\t\t\t\t<a href='https:\/\/www.freiburg-schwarzwald.de\/blog\/klarapfel-diese-sorte-wird-als-erste-schon-mitte-juli-reif\/klarapfel120731\/'><img loading=\"lazy\" decoding=\"async\" width=\"180\" height=\"135\" src=\"https:\/\/www.freiburg-schwarzwald.de\/blog\/wp-content\/uploads\/2012\/07\/klarapfel120731-180x135.jpg\" class=\"attachment-thumbnail size-thumbnail\" alt=\"\" aria-describedby=\"gallery-1-8175\" srcset=\"https:\/\/www.freiburg-schwarzwald.de\/blog\/wp-content\/uploads\/2012\/07\/klarapfel120731-180x135.jpg 180w, https:\/\/www.freiburg-schwarzwald.de\/blog\/wp-content\/uploads\/2012\/07\/klarapfel120731.jpg 640w\" sizes=\"auto, (max-width: 180px) 100vw, 180px\" \/><\/a>\n\t\t\t<\/dt>\n\t\t\t\t<dd class='wp-caption-text gallery-caption' id='gallery-1-8175'>\n\t\t\t\tKlarapfelbaum am 31.7.2012 fr\u00fch morgens\n\t\t\t\t<\/dd><\/dl><br style=\"clear: both\" \/>\n\t\t<\/div>\n\n","protected":false},"excerpt":{"rendered":"<p>Der Klarapfel ist der erste unter den vielen Apfelsorten, bereits Mitte Juli wird er reif. Klar\u00e4pfel sind nicht lagerf\u00e4hig, also sofort essen.\u00a0Aber auf den richtigen Zeitpunkt kommt es an: Unreif gr\u00fcn sind sie sauer. \u00dcberreif gelb sind sie fade und &hellip; <a href=\"https:\/\/www.freiburg-schwarzwald.de\/blog\/klarapfel-diese-sorte-wird-als-erste-schon-mitte-juli-reif\/\">Weiterlesen <span class=\"meta-nav\">&rarr;<\/span><\/a><\/p>\n","protected":false},"author":4,"featured_media":0,"comment_status":"closed","ping_status":"closed","sticky":false,"template":"","format":"standard","meta":{"footnotes":""},"categories":[245],"tags":[],"class_list":["post-8099","post","type-post","status-publish","format-standard","hentry","category-obst"],"_links":{"self":[{"href":"https:\/\/www.freiburg-schwarzwald.de\/blog\/wp-json\/wp\/v2\/posts\/8099","targetHints":{"allow":["GET"]}}],"collection":[{"href":"https:\/\/www.freiburg-schwarzwald.de\/blog\/wp-json\/wp\/v2\/posts"}],"about":[{"href":"https:\/\/www.freiburg-schwarzwald.de\/blog\/wp-json\/wp\/v2\/types\/post"}],"author":[{"embeddable":true,"href":"https:\/\/www.freiburg-schwarzwald.de\/blog\/wp-json\/wp\/v2\/users\/4"}],"replies":[{"embeddable":true,"href":"https:\/\/www.freiburg-schwarzwald.de\/blog\/wp-json\/wp\/v2\/comments?post=8099"}],"version-history":[{"count":0,"href":"https:\/\/www.freiburg-schwarzwald.de\/blog\/wp-json\/wp\/v2\/posts\/8099\/revisions"}],"wp:attachment":[{"href":"https:\/\/www.freiburg-schwarzwald.de\/blog\/wp-json\/wp\/v2\/media?parent=8099"}],"wp:term":[{"taxonomy":"category","embeddable":true,"href":"https:\/\/www.freiburg-schwarzwald.de\/blog\/wp-json\/wp\/v2\/categories?post=8099"},{"taxonomy":"post_tag","embeddable":true,"href":"https:\/\/www.freiburg-schwarzwald.de\/blog\/wp-json\/wp\/v2\/tags?post=8099"}],"curies":[{"name":"wp","href":"https:\/\/api.w.org\/{rel}","templated":true}]}}