{"id":80767,"date":"2020-05-10T15:44:44","date_gmt":"2020-05-10T13:44:44","guid":{"rendered":"https:\/\/www.freiburg-schwarzwald.de\/blog\/?p=80767"},"modified":"2020-05-10T15:44:44","modified_gmt":"2020-05-10T13:44:44","slug":"10-hebeltag-als-corona-video","status":"publish","type":"post","link":"https:\/\/www.freiburg-schwarzwald.de\/blog\/10-hebeltag-als-corona-video\/","title":{"rendered":"10. Hebeltag als Corona-Video"},"content":{"rendered":"<p><a title=\"Hebel\" href=\"https:\/\/www.freiburg-schwarzwald.de\/blog\/kultur\/dichter\/hebel\/\">Johann Peter Hebel<\/a> &#8211; zum 10. Hebeltag: Liebe Hebelfreundinnen und Freunde, bitte &#8222;zelebriert&#8220; den Festtag des Dichters mit uns mit: <a href=\"https:\/\/youtu.be\/e2l3K1Xd3W8\">https:\/\/youtu.be\/e2l3K1Xd3W8<\/a>. In diesem Jahr wegen Corona nicht in Schopfheim, sondern online und <a title=\"Alemannisch\" href=\"https:\/\/www.freiburg-schwarzwald.de\/blog\/kultur\/alemannisch\/\">alemannisch<\/a> im Video.\u00a0Viel Vergn\u00fcgen. Herzliche Gr\u00fc\u00dfe aus dem Wiesental von Wernfried H\u00fcbschmann, Markus Manfred <a title=\"Mund-Art Literatur-Werkstatt\" href=\"https:\/\/www.freiburg-schwarzwald.de\/blog\/mund-art-literatur-werkstatt\/\">Jung<\/a>, Martin Klabund und Nicolai Kapitz.<!--more--><\/p>\n<p>Markus Manfred Jung und Wernfried H\u00fcbschmann haben sich in einem Zwiegespr\u00e4ch vor der Kamera mit Fragen zur Verg\u00e4nglichkeit, Trost, <a title=\"Corona\" href=\"https:\/\/www.freiburg-schwarzwald.de\/blog\/business\/gesund\/corona-virus\/corona\/\">Corona<\/a> und Hebel auseinandergesetzt.<br \/>\n&#8230; Mehr vom 9.5.2020 bitte lesen auf<br \/>\n<a href=\"https:\/\/www.badische-zeitung.de\/video-markus-manfred-jung-und-wernfried-huebschmann-ueber-corona-und-das-hebelfest\">https:\/\/www.badische-zeitung.de\/video-markus-manfred-jung-und-wernfried-huebschmann-ueber-corona-und-das-hebelfest<\/a><\/p>\n","protected":false},"excerpt":{"rendered":"<p>Johann Peter Hebel &#8211; zum 10. Hebeltag: Liebe Hebelfreundinnen und Freunde, bitte &#8222;zelebriert&#8220; den Festtag des Dichters mit uns mit: https:\/\/youtu.be\/e2l3K1Xd3W8. In diesem Jahr wegen Corona nicht in Schopfheim, sondern online und alemannisch im Video.\u00a0Viel Vergn\u00fcgen. Herzliche Gr\u00fc\u00dfe aus dem &hellip; <a href=\"https:\/\/www.freiburg-schwarzwald.de\/blog\/10-hebeltag-als-corona-video\/\">Weiterlesen <span class=\"meta-nav\">&rarr;<\/span><\/a><\/p>\n","protected":false},"author":2,"featured_media":0,"comment_status":"open","ping_status":"closed","sticky":false,"template":"","format":"standard","meta":{"footnotes":""},"categories":[96,54,36,235,139,180,13,179,80,11],"tags":[314,587,572,329,301],"class_list":["post-80767","post","type-post","status-publish","format-standard","hentry","category-dichter","category-ehrenamt","category-engagement","category-geschichte","category-heimat","category-hochschwarzwald","category-kultur","category-markgraeflerland","category-medien","category-regio","tag-alemannisch-2","tag-blackforest","tag-dichter-2","tag-jubilaeum","tag-culture"],"_links":{"self":[{"href":"https:\/\/www.freiburg-schwarzwald.de\/blog\/wp-json\/wp\/v2\/posts\/80767","targetHints":{"allow":["GET"]}}],"collection":[{"href":"https:\/\/www.freiburg-schwarzwald.de\/blog\/wp-json\/wp\/v2\/posts"}],"about":[{"href":"https:\/\/www.freiburg-schwarzwald.de\/blog\/wp-json\/wp\/v2\/types\/post"}],"author":[{"embeddable":true,"href":"https:\/\/www.freiburg-schwarzwald.de\/blog\/wp-json\/wp\/v2\/users\/2"}],"replies":[{"embeddable":true,"href":"https:\/\/www.freiburg-schwarzwald.de\/blog\/wp-json\/wp\/v2\/comments?post=80767"}],"version-history":[{"count":0,"href":"https:\/\/www.freiburg-schwarzwald.de\/blog\/wp-json\/wp\/v2\/posts\/80767\/revisions"}],"wp:attachment":[{"href":"https:\/\/www.freiburg-schwarzwald.de\/blog\/wp-json\/wp\/v2\/media?parent=80767"}],"wp:term":[{"taxonomy":"category","embeddable":true,"href":"https:\/\/www.freiburg-schwarzwald.de\/blog\/wp-json\/wp\/v2\/categories?post=80767"},{"taxonomy":"post_tag","embeddable":true,"href":"https:\/\/www.freiburg-schwarzwald.de\/blog\/wp-json\/wp\/v2\/tags?post=80767"}],"curies":[{"name":"wp","href":"https:\/\/api.w.org\/{rel}","templated":true}]}}