{"id":80540,"date":"2020-04-27T16:49:03","date_gmt":"2020-04-27T14:49:03","guid":{"rendered":"https:\/\/www.freiburg-schwarzwald.de\/blog\/?p=80540"},"modified":"2020-04-27T16:51:20","modified_gmt":"2020-04-27T14:51:20","slug":"widerstand2020-de-freiheit","status":"publish","type":"post","link":"https:\/\/www.freiburg-schwarzwald.de\/blog\/widerstand2020-de-freiheit\/","title":{"rendered":"Widerstand2020.de &#8211; Freiheit"},"content":{"rendered":"<p>Da ist eine <a title=\"Wissenschaft\" href=\"https:\/\/www.freiburg-schwarzwald.de\/blog\/bildung\/wissenschaft\/\">These<\/a> (eine Idee, eine Meinung, das Resum\u00e9e einer wissenschaftlichen Forschung, u.\u00e4..), eine <a title=\"Aufklaerung\" href=\"https:\/\/www.freiburg-schwarzwald.de\/blog\/kultur\/aufklaerung\/\">Antithese<\/a> (eine andere Idee, &#8230;) und eine <a title=\"Science\" href=\"https:\/\/www.freiburg-schwarzwald.de\/blog\/bildung\/science\/\">Synthese<\/a> (die beides zusammenbringt). Ohne dieses Trio gibts keine <a title=\"Diskussionskultur\" href=\"https:\/\/www.freiburg-schwarzwald.de\/blog\/kultur\/medien\/diskussionskultur\/\">Diskussionskultur<\/a>, <a title=\"Demokratie\" href=\"https:\/\/www.freiburg-schwarzwald.de\/blog\/engagement\/zukunft\/demokratie\/\">Demokratie<\/a> und <a title=\"Freiheit\" href=\"https:\/\/www.freiburg-schwarzwald.de\/blog\/engagement\/zukunft\/demokratie\/freiheit\/\">Freiheit<\/a>. Der neuen Parteiiitiative <a href=\"https:\/\/www.widerstand2020.de\">www.widerstand2020.de<\/a> ist weder <a title=\"Links\" href=\"https:\/\/www.freiburg-schwarzwald.de\/blog\/engagement\/zukunft\/demokratie\/links\/\">links<\/a> noch <a title=\"Politik-Ansichten\" href=\"https:\/\/www.freiburg-schwarzwald.de\/blog\/engagement\/zukunft\/demokratie\/politik-ansichten\/\">rechts<\/a>, oben noch unten, religi\u00f6s noch areligi\u00f6s &#8211; <!--more-->der Partei gehts um\u00a0<a title=\"Freiheit\" href=\"https:\/\/www.freiburg-schwarzwald.de\/blog\/engagement\/zukunft\/demokratie\/freiheit\/\">Freiheit<\/a>\u00a0(auch <a title=\"Meinungsfreiheit\" href=\"https:\/\/www.freiburg-schwarzwald.de\/blog\/kultur\/medien\/meinungsfreiheit\/\">Meinungsfreiheit<\/a>), Machtbegrenzung und den respektvollen Umgang miteinander.<br \/>\n.<br \/>\nMitbegr\u00fcnder ist\u00a0der Notfallmediziner und HNO-Facharzt Dr. Bodo Schiffmann aus Sinsheim bei Heidelberg, der durch seine <a title=\"Corona-Virus\" href=\"https:\/\/www.freiburg-schwarzwald.de\/blog\/business\/gesund\/corona-virus\/\">Corona<\/a>-Videos bekannt wurde:<br \/>\nCorona35 vom 23.4.2020 von Dr. Bodo Schiffmann:<br \/>\n<a href=\"https:\/\/www.youtube.com\/watch?v=Mf0JWeHXDf0\">https:\/\/www.youtube.com\/watch?v=Mf0JWeHXDf0<\/a><\/p>\n<p>Corona36 vom 24.4.2020 von Dr. Bodo Schiffmann: Hinterm Horizon gehts weiter<br \/>\n<a href=\"https:\/\/www.youtube.com\/watch?v=gTvbVernTKM\">https:\/\/www.youtube.com\/watch?v=gTvbVernTKM<\/a><\/p>\n<p>Dr. Bodo Schiffmann im Interview bei Nuovo Viso Talk am 26.4.2020:<br \/>\n<a href=\"https:\/\/www.youtube.com\/watch?v=WuJRZQ8z8wM\">https:\/\/www.youtube.com\/watch?v=WuJRZQ8z8wM<\/a><br \/>\n<a href=\"https:\/\/nuoviso.tv\/home\/talk\/widerstand-2020-dr-bodo-schiffmann-im-nuoviso-talk\/\">https:\/\/nuoviso.tv\/home\/talk\/widerstand-2020-dr-bodo-schiffmann-im-nuoviso-talk\/<br \/>\n<\/a><a href=\"https:\/\/www.widerstand2020.de\">https:\/\/www.widerstand2020.de<\/a><\/p>\n<p>Schwindelambulanz Sinsheim \/ Dr. Bodo Schiffmann<br \/>\n<a href=\"mailto:covid-19@schwindelambulanz-sinsheim.de\">covid-19@schwindelambulanz-sinsheim.de<\/a><br \/>\n<a href=\"https:\/\/www.youtube.com\/channel\/UCfPIdT5vkOwQyDAtyhxaFzw\/\">https:\/\/www.youtube.com\/channel\/UCfPIdT5vkOwQyDAtyhxaFzw\/<\/a><\/p>\n<p>27.4.2020<a href=\"https:\/\/www.youtube.com\/channel\/UCfPIdT5vkOwQyDAtyhxaFzw\/\"><br \/>\n<\/a>.<\/p>\n<p><strong>Covid-19 sch\u00e4rft das Bewusstsein,<\/strong><br \/>\ndass sich die Menschheit mit verschiedenen Risiken konfrontiert sieht, mit dem Klimawandel genauso wie mit Krankheiten und Krieg, dass es also v\u00f6llig kontraproduktiv ist, ein einziges Risiko zu verabsolutieren. Die Unbedingtheit, mit der die jungen Klimasch\u00fctzer auf dem Vorrang ihres Anliegens bestanden, wird k\u00fcnftig jedenfalls mehr Widerspruch erfahren.<br \/>\nUnd noch eine Erkenntnis d\u00fcrfte sich nach Corona durchsetzen: Auf existenzielle Krisen reagiert man am besten nicht in Panik, sondern mit ruhiger Entschlossenheit.<br \/>\n24.4.2020, Eric Gujer, NZZ, <a href=\"https:\/\/www.nzz.ch\">https:\/\/www.nzz.ch<\/a><\/p>\n","protected":false},"excerpt":{"rendered":"<p>Da ist eine These (eine Idee, eine Meinung, das Resum\u00e9e einer wissenschaftlichen Forschung, u.\u00e4..), eine Antithese (eine andere Idee, &#8230;) und eine Synthese (die beides zusammenbringt). Ohne dieses Trio gibts keine Diskussionskultur, Demokratie und Freiheit. Der neuen Parteiiitiative www.widerstand2020.de ist &hellip; <a href=\"https:\/\/www.freiburg-schwarzwald.de\/blog\/widerstand2020-de-freiheit\/\">Weiterlesen <span class=\"meta-nav\">&rarr;<\/span><\/a><\/p>\n","protected":false},"author":2,"featured_media":0,"comment_status":"open","ping_status":"closed","sticky":false,"template":"","format":"standard","meta":{"footnotes":""},"categories":[433,18,36,400,158,10,6],"tags":[740,700,633,682,348,626,525],"class_list":["post-80540","post","type-post","status-publish","format-standard","hentry","category-arzt","category-bildung","category-engagement","category-freiwillig","category-gesund","category-selbsthilfe","category-vereine","tag-arzt","tag-corona","tag-demokratie","tag-freiheit","tag-medizin","tag-partei","tag-politik"],"_links":{"self":[{"href":"https:\/\/www.freiburg-schwarzwald.de\/blog\/wp-json\/wp\/v2\/posts\/80540","targetHints":{"allow":["GET"]}}],"collection":[{"href":"https:\/\/www.freiburg-schwarzwald.de\/blog\/wp-json\/wp\/v2\/posts"}],"about":[{"href":"https:\/\/www.freiburg-schwarzwald.de\/blog\/wp-json\/wp\/v2\/types\/post"}],"author":[{"embeddable":true,"href":"https:\/\/www.freiburg-schwarzwald.de\/blog\/wp-json\/wp\/v2\/users\/2"}],"replies":[{"embeddable":true,"href":"https:\/\/www.freiburg-schwarzwald.de\/blog\/wp-json\/wp\/v2\/comments?post=80540"}],"version-history":[{"count":0,"href":"https:\/\/www.freiburg-schwarzwald.de\/blog\/wp-json\/wp\/v2\/posts\/80540\/revisions"}],"wp:attachment":[{"href":"https:\/\/www.freiburg-schwarzwald.de\/blog\/wp-json\/wp\/v2\/media?parent=80540"}],"wp:term":[{"taxonomy":"category","embeddable":true,"href":"https:\/\/www.freiburg-schwarzwald.de\/blog\/wp-json\/wp\/v2\/categories?post=80540"},{"taxonomy":"post_tag","embeddable":true,"href":"https:\/\/www.freiburg-schwarzwald.de\/blog\/wp-json\/wp\/v2\/tags?post=80540"}],"curies":[{"name":"wp","href":"https:\/\/api.w.org\/{rel}","templated":true}]}}