{"id":80190,"date":"2020-04-10T20:42:54","date_gmt":"2020-04-10T18:42:54","guid":{"rendered":"https:\/\/www.freiburg-schwarzwald.de\/blog\/?p=80190"},"modified":"2020-04-10T20:45:22","modified_gmt":"2020-04-10T18:45:22","slug":"covid-19-eine-zwischenbilanz","status":"publish","type":"post","link":"https:\/\/www.freiburg-schwarzwald.de\/blog\/covid-19-eine-zwischenbilanz\/","title":{"rendered":"COVID-19 &#8211; eine Zwischenbilanz"},"content":{"rendered":"<p><a title=\"Corona-Virus\" href=\"https:\/\/www.freiburg-schwarzwald.de\/blog\/business\/gesund\/corona-virus\/\">COVID-19<\/a> &#8211; eine Zwischenbilanz oder eine Analyse der Moral, der medizinischen Fakten, sowie der aktuellen und zuk\u00fcnftigen politischen Entscheidungen<br \/>\n\u00dcberlegungen eines besorgten <a title=\"Schweiz\" href=\"https:\/\/www.freiburg-schwarzwald.de\/blog\/global\/schweiz\/\">Schweizer<\/a> B\u00fcrgers<br \/>\nvon Prof. Dr. med. Dr. h.c. Paul Robert Vogt, Z\u00fcrich<!--more--><br \/>\n&#8230; Alles vom 7.4.2020 bitte lesen auf<br \/>\n<a href=\"https:\/\/www.mittellaendische.ch\/2020\/04\/07\/covid-19-eine-zwischenbilanz-oder-eine-analyse-der-moral-der-medizinischen-fakten-sowie-der-aktuellen-und-zuk%C3%BCnftigen-politischen-entscheidungen\/\">https:\/\/www.mittellaendische.ch\/2020\/04\/07\/covid-19-eine-zwischenbilanz-oder-eine-analyse-der-moral-der-medizinischen-fakten-sowie-der-aktuellen-und-zuk%C3%BCnftigen-politischen-entscheidungen\/<br \/>\n<\/a>\u00a0.<\/p>\n<p><em><strong>Prof. Dr. med. Dr. h.c. Paul R. Vogt<\/strong>\u00a0<\/em><br \/>\n<em>Facharzt FMH f\u00fcr allgemeine Chirurgie, Herz- und Gef\u00e4sschirurgie.<\/em><br \/>\n<em>Initiator und Pr\u00e4sident von \u201eEurAsia Heart \u2013 A Swiss Medical Foundation\u201c (<a href=\"https:\/\/www.eurasiaheart.com\">https:\/\/www.eurasiaheart.com<\/a>)<\/em><br \/>\n<em>Schweizerischer, Deutscher, Russischer und Ukrainischer Facharzt f\u00fcr Herz- und Gef\u00e4sschirurgie<\/em><br \/>\n<em>Consultant f\u00fcr Herz- und Gef\u00e4sschirurgie, Hirslanden-Gruppe, Klinik Im Park, Z\u00fcrich, Schweiz<\/em><br \/>\n<em>Senior Consultant, Klinik f\u00fcr Herz- und thorakale Gef\u00e4sschirurgie, Universit\u00e4tsSpital Z\u00fcrich, Schw<\/em>eiz<a href=\"https:\/\/www.mittellaendische.ch\/2020\/04\/07\/covid-19-eine-zwischenbilanz-oder-eine-analyse-der-moral-der-medizinischen-fakten-sowie-der-aktuellen-und-zuk%C3%BCnftigen-politischen-entscheidungen\/\"><br \/>\n<\/a>\u00a0.<\/p>\n<p><strong>COVID-19 &#8211; Eine Zwischenbilanz: 10 Fragen an Prof Paul R. Vogt, Z\u00fcrich<\/strong><br \/>\n<em>In den ersten beiden Tagen wurde der (o.a.) Artikel bereits \u00fcber 350&#8217;000 mal gelesen und tausendfach geteilt. Wir haben deshalb bei Prof. Dr. med. Dr. h.c. Paul Robert Vogt nachgefragt und 10 Fragen gestellt, die aktuell im Raum stehen.<\/em><br \/>\n.<br \/>\nDavid Aebischer (D.A.): Was hat der Artikel in der Mittell\u00e4ndischen ausgel\u00f6st, welche Reaktionen sind bis zu Ihnen pers\u00f6nlich vorgedrungen?<br \/>\nProf. Dr. med. Dr. h.c. Paul Robert Vogt: Seit der Publikation des Manuskriptes bei Ihnen bin ich mit Repliken \u00fcberflutet worden: per sms, Whatsapp, e-Mail oder per Telefon. Viele haben das Manuskript weiter verteilt. Bis jetzt habe ich keine negativen Kommentare erhalten.<br \/>\nDie Grundstimmung der Antworten: ein Aufatmen! Ich bin erstaunt, dass viele Leser schrieben, sie h\u00e4tten zum ersten Mal erfahren, was eigentlich die Fakten zu dieser Pandemie seien! Und nat\u00fcrlich erwarten die Leute Antworten von unserer Regierung: was wurde nach dem 31. Dezember veranlasst, als die chinesische Regierung die WHO informierte? Und was wurde nach dem 30. Januar veranlasst, als die WHO dieses Ereignis weltweit offiziell als \u00abpublic health emergency of international concern\u00bb bezeichnete und entsprechend warnte?<br \/>\nVielen sind die m\u00f6glichen \u00f6konomischen Konsequenzen dieses \u00abLock-down\u00bb eine grosse Sorge. Einerseits sind sie mit einer \u00ab\u00d6ffnung\u00bb, welche keine R\u00fccksicht auf m\u00f6glicherweise neue Krankheitsf\u00e4lle nimmt, nicht einverstanden; auf der anderen Seite f\u00fcrchten sie finanziellen Konsequenzen.<br \/>\n\u00dcberrascht hat mich, dass viele unsere Demokratie in Gefahr sehen \u2013 etwas, das wir \u00fcblicherweise anderen L\u00e4ndern vorwerfen, indem wir sie verd\u00e4chtigen, unter dem Deckmantel der Pandemie-Bek\u00e4mpfung die B\u00fcrgerrechte einzuschr\u00e4nken. Ein Leser wurde konkret, indem er schrieb: \u00abUnsere Regierung hat es geschafft, dass wir uns alle freiwillig einsperren. Nachrichten zur Krise werden jeden Abend von der t\u00e4glichen Pressekonferenz des Bundes vermittelt. Inhalt: diffus, nicht nachvollziehbar, kein Plan. Unverst\u00e4ndlich, dass unsere Presse einerseits unsere Regierung lobt, andererseits konstant andere L\u00e4nder kritisiert, welche niedrigere Infektionsraten haben als wir! Sollen wir dadurch abgelenkt werden?\u00bb. Die direkte Demokratie wurde quasi stillgelegt, meinten viele. Meine Antwort war: das war auch ein Zweck meines Vorstosses: unsere direkte Demokratie wieder anzustossen, die ich notabene sehr sch\u00e4tze.<br \/>\n.<br \/>\nD.A.: Was Sie zu diesem Bericht motiviert hat, haben Sie ausf\u00fchrlich erkl\u00e4rt. Hatten Sie beim Verfassen auch Angst, dass es Ihnen und Ihrem Ruf schaden k\u00f6nnte?<br \/>\nProf. Dr. med. Dr. h.c. Paul Robert Vogt: Nein. Ich f\u00fchle mich nicht meinem Ruf verpflichtet, sondern den Tatsachen. Zudem bin ich mir bei aller Kritik an der Schweiz bewusst, dass es hier, in meinem Heimatland m\u00f6glich ist, Dinge zu sagen, nicht popul\u00e4r sein m\u00f6gen, die aber gesagt werden m\u00fcssen.<br \/>\n.<br \/>\nD.A.: Der Artikel wird gr\u00f6sstenteils sehr positiv aufgenommen, nur wenige sprechen in den Kommentaren von Polemik und Emotionen in Ihrem Artikel. Was sagen Sie diesen Menschen?<br \/>\nProf. Dr. med. Dr. h.c. Paul Robert Vogt: Ich will hier als einerseits als Arzt und andererseits als B\u00fcrger antworten. Wenn ich angesichts der 2000 Hospitalisationen und 600 Toten alleine im Monat M\u00e4rz, angesichts so vieler Patienten, die auf der Intensivstation intubiert in Bauchlage um ihr Leben k\u00e4mpfen, keine Emotionen mehr versp\u00fcre, h\u00e4nge ich meinen Beruf umgehend an den Nagel. Was die Polemik betrifft: mit einem weichgesp\u00fclten Artikel, welcher nur von \u00abpolitical correctness trieft\u00bb und die Fakten verschleiert, erreicht man heutzutage gar nichts. Entweder will ich etwas erreichen und wenn nicht, brauch\u2019 ich auch nichts zu schreiben.<br \/>\n.<br \/>\nD.A.: Sicherlich sind bei Ihnen bereits Medienh\u00e4user vorstellig geworden, die nun auf Ihren Zug aufspringen wollen?<br \/>\nProf. Dr. med. Dr. h.c. Paul Robert Vogt: Nat\u00fcrlich. Aber keine Angst. Ich will \u2013 wie es schon der Deutsche Virologe Christian Drosten gesagt hat \u2013 kein Medien- oder Fernseh-Professor werden. Daf\u00fcr hab\u2019 ich meinen Beruf zu gern und der l\u00e4sst so was zeitlich auch nicht zu. Es war mir wichtig, etwas anzustossen.<br \/>\n.<br \/>\nD.A.: Die Entwicklung und die t\u00e4glichen Neuigkeiten rund um Covid-19 sorgen f\u00fcr rasantes Tempo und zwingen laufend auch zu Anpassungen von Aussagen. Gibt es in der Zwischenzeit bereits diverse Punkte aus Ihrem Bericht, die Sie anpassen oder erg\u00e4nzen m\u00fcssen?<br \/>\nProf. Dr. med. Dr. h.c. Paul Robert Vogt: Die Fragen, die bis anhin noch nicht beantwortet werden konnten, bleiben nach wie vor unklar. F\u00fcr pr\u00e4zise Angaben ist einfach zu wenig Zeit vergangen. Die Hoffnung bleibt, dass es doch nicht so schlimm kommt, wie viele bef\u00fcrchtet haben. Die dringlichste Fragen sind, wann eine medikament\u00f6se Therapie und eine Impfung zur Verf\u00fcgung stehen. Was allf\u00e4llige Medikamente betrifft, gibt es positive Nachrichten aus aller Welt \u2013 aber auch das wird Zeit ben\u00f6tigen. Schneller helfen k\u00f6nnte eine Antik\u00f6rper-Diagnostik, welche zumindest jene identifiziert, die nicht mehr ansteckend sind, aber auch nicht mehr angesteckt werden k\u00f6nnen.<br \/>\n.<br \/>\nD.A.: Einige Kommentare vermissen in Ihren Ausf\u00fchrungen auch Tipps im Umgang mit Covid19 und der Situation darum herum. Das Bed\u00fcrfnis f\u00fcr Empfehlungen war in der Bev\u00f6lkerung nie gr\u00f6sser. K\u00f6nnen Sie da Hand bieten?<br \/>\nProf. Dr. med. Dr. h.c. Paul Robert Vogt: Etwas pessimistisch gesagt: da es weder Impfung noch Medikamente gibt, gelten die Empfehlungen zur Zeit der Spanischen Grippe \u2013 was nat\u00fcrlich nachdenklich stimmt. Immerhin: mehrere Studien best\u00e4tigen \u00fcbereinstimmend, dass konsequentes H\u00e4nde-Waschen mit den entsprechenden Desinfektionsmitteln, die eigentlich der Bund endlich nennen sollte, und das Tragen von N95-Masken, medizinischen Masken und auch selbst-gebastelten Masken, wenn sie aus 4 Lagen Papier oder 1 Lage Stoff bestehen, 95% bis 99% der Viren auf Oberfl\u00e4chen oder in der Luft blockieren k\u00f6nnen. Als wirksame Desinfektionsmittel gelten laut dem \u00abJournal of Hospital Infection\u00bb vom 06. Februar 2020: Alkohol 62%ig bis 71%ig; Hydrogen Peroxid 0.5% oder Natrium Hypochlorite 0.1%. Ich denke, am einfachsten h\u00e4lt man sich an die Alkohol-Desinfektion. Und Abstandhalten gilt nach wie vor, wie zu Zeiten der Spanischen Grippe.<br \/>\n.<br \/>\nD.A.: Nun hat der Bundesrat mitgeteilt, dass er (wahrscheinlich vor allem unter dem Druck der Wirtschaft) bald Lockerungen des Lockdowns formulieren will. Wie sehen Sie das Vorgehen des Bundesrates in dieser Sache?<br \/>\nProf. Dr. med. Dr. h.c. Paul Robert Vogt: Man wird nicht um Lockerungen herumkommen, Wirtschaft hin oder her. Das Leben soll sich ja wieder normalisieren. Bei diesem Entscheid beneide ich den Bundesrat nicht. Mathematische Modelle rechnen damit, dass die Sache bis Ende Mai nicht ohne Risiko bleiben wird. Andere Studien, wie jene vom Imperial College London oder der U.S. Regierung (\u00abU.S.-Government COVID-19 Response Plan\u00bb) reden von bis zu 18 Monaten. Entscheiden kann ich das nicht. Sicher ist: jede Lockerung gleicht etwas einem Schritt ins Ungewisse, weshalb jeder Schritt mit einem exakten Monitoring verbunden sein muss. Entscheidend ist dabei, ob die Anzahl Hospitalisationen nach jedem Schritt wieder zunehmt, oder nicht. Die Anzahl positiv-getesteter Personen, welche keine Symptome haben, hilft uns in dieser Situation nicht weiter.<br \/>\n.<br \/>\nD.A.: Welche Empfehlungen geben Sie dem Bundesrat aktuell?<br \/>\nProf. Dr. med. Dr. h.c. Paul Robert Vogt: Exakte Informationen zu geben: wer muss sich wann mit was desinfizieren! Masken tragen ja oder nein, wann und wo! Formulierung eines klaren zeitlichen Plans: was wird konkret wann gemacht. Der Bundesrat kann sich ruhig vorbehalten, bei bestimmten Umst\u00e4nden, z.B. einer erneuten, pl\u00f6tzlichen, deutlichen Zunahme der Hospitalisationen, den Kurs zu \u00e4ndern. Aber die Leute, das haben mir die vielen Antworten gezeigt, erwarten einen konkreten Plan. Das Rad muss dabei nicht neu erfunden werden, man muss nur bereit sein, zu beobachten, was andere L\u00e4nder tun oder getan haben.<br \/>\n.<br \/>\nD.A.: Wie sehen Sie die Problematik des zivilen Ungehorsams bei doch noch sehr vielen Menschen in der Schweiz?<br \/>\nProf. Dr. med. Dr. h.c. Paul Robert Vogt: Ziviler Ungehorsam? Den sehe ich nicht, da sind wir weit davon entfernt. Die Leute werden wissen wollen, was passiert ist. Ob und wenn ja, was vers\u00e4umt worden ist. Das ist ihr gutes Recht. Und vielleicht werden sie wissen wollen, wie in Zukunft vorgesorgt wird. Drei biologische Jahrhundert-Ereignisse (SARS, MERS, COVID-19) in nur 17 Jahren sollten Anlass genug sein, \u00fcber die B\u00fccher zu gehen. Die n\u00e4chste Pandemie ist eine reale M\u00f6glichkeit. COVID-19 wurde im M\u00e4rz 2019 als \u00abbald\u00bb angek\u00fcndigt und 9 Monate sp\u00e4ter war sie da.<br \/>\n.<br \/>\nD.A.: Es kursieren weltweit Theorien und abstruse Verschw\u00f6rungstheorien rund um Covid-19. Wie ordnen Sie das Ph\u00e4nomen ein und wie gef\u00e4hrlich ist es f\u00fcr die Gesellschaft, wenn laufend mehr und immer wieder solche Theorien verbreitet werden? Ihr pers\u00f6nlicher Rat im Umgang damit?<br \/>\nProf. Dr. med. Dr. h.c. Paul Robert Vogt: Eine gute wissenschaftliche Arbeit ist jene von Kristian Andersen im \u00abNature Medicine\u00bb, die ich im Manuskript erw\u00e4hnt hatte. Sie beschreibt, wie diese Pandemie entstanden sein k\u00f6nnte. Diese Forschung muss international weiter vorangetrieben werden, denn neu entstehende Viren k\u00f6nnen uns echt bedrohen. Zudem muss die Bev\u00f6lkerung mehr Transparenz einfordern. Es kann nicht sein, dass Forschungsvorhaben laufen, welche die halbe Weltbev\u00f6lkerung ausrotten k\u00f6nnen \u2013 egal ob rein wissenschaftlich oder nicht \u2013 ohne dass diese transparent \u00f6ffentlich kontrolliert und reguliert werden.<br \/>\n.<br \/>\n&#8230; Alles vom 9.4.2020 bitte lesen auf<br \/>\n<a href=\"https:\/\/www.mittellaendische.ch\/2020\/04\/09\/covid-19-zwischenbilanz-oder-eine-analyse-der-moral-der-medizinischen-fakten-sowie-der-aktuellen-und-zuk%C3%BCnftigen-politischen-entscheidungen-das-interview\/\">https:\/\/www.mittellaendische.ch\/2020\/04\/09\/covid-19-zwischenbilanz-oder-eine-analyse-der-moral-der-medizinischen-fakten-sowie-der-aktuellen-und-zuk%C3%BCnftigen-politischen-entscheidungen-das-interview\/<br \/>\n<\/a>.<br \/>\n&#8230; Alles vom 7.4.2020 bitte lesen auf<br \/>\n<a href=\"https:\/\/www.mittellaendische.ch\/2020\/04\/07\/covid-19-eine-zwischenbilanz-oder-eine-analyse-der-moral-der-medizinischen-fakten-sowie-der-aktuellen-und-zuk%C3%BCnftigen-politischen-entscheidungen\/\">https:\/\/www.mittellaendische.ch\/2020\/04\/07\/covid-19-eine-zwischenbilanz-oder-eine-analyse-der-moral-der-medizinischen-fakten-sowie-der-aktuellen-und-zuk%C3%BCnftigen-politischen-entscheidungen\/<\/a><br \/>\n.<br \/>\n<em><strong>Prof. Dr. med. Dr. h.c. Paul R. Vogt<\/strong> <\/em><br \/>\n<em>Facharzt FMH f\u00fcr allgemeine Chirurgie, Herz- und Gef\u00e4sschirurgie.<\/em><br \/>\n<em>Initiator und Pr\u00e4sident von \u201eEurAsia Heart \u2013 A Swiss Medical Foundation\u201c (<a href=\"https:\/\/www.eurasiaheart.com\">https:\/\/www.eurasiaheart.com<\/a>)<\/em><br \/>\n<em>Schweizerischer, Deutscher, Russischer und Ukrainischer Facharzt f\u00fcr Herz- und Gef\u00e4sschirurgie<\/em><br \/>\n<em>Consultant f\u00fcr Herz- und Gef\u00e4sschirurgie, Hirslanden-Gruppe, Klinik Im Park, Z\u00fcrich, Schweiz<\/em><br \/>\n<em>Senior Consultant, Klinik f\u00fcr Herz- und thorakale Gef\u00e4sschirurgie, Universit\u00e4tsSpital Z\u00fcrich, Schw<\/em>eiz<\/p>\n","protected":false},"excerpt":{"rendered":"<p>COVID-19 &#8211; eine Zwischenbilanz oder eine Analyse der Moral, der medizinischen Fakten, sowie der aktuellen und zuk\u00fcnftigen politischen Entscheidungen \u00dcberlegungen eines besorgten Schweizer B\u00fcrgers von Prof. Dr. med. Dr. h.c. Paul Robert Vogt, Z\u00fcrich<\/p>\n","protected":false},"author":2,"featured_media":0,"comment_status":"open","ping_status":"closed","sticky":false,"template":"","format":"standard","meta":{"footnotes":""},"categories":[433,18,317,158,14,157],"tags":[740,700,719],"class_list":["post-80190","post","type-post","status-publish","format-standard","hentry","category-arzt","category-bildung","category-forschung","category-gesund","category-global","category-oeffentlicher-raum","tag-arzt","tag-corona","tag-umwelt"],"_links":{"self":[{"href":"https:\/\/www.freiburg-schwarzwald.de\/blog\/wp-json\/wp\/v2\/posts\/80190","targetHints":{"allow":["GET"]}}],"collection":[{"href":"https:\/\/www.freiburg-schwarzwald.de\/blog\/wp-json\/wp\/v2\/posts"}],"about":[{"href":"https:\/\/www.freiburg-schwarzwald.de\/blog\/wp-json\/wp\/v2\/types\/post"}],"author":[{"embeddable":true,"href":"https:\/\/www.freiburg-schwarzwald.de\/blog\/wp-json\/wp\/v2\/users\/2"}],"replies":[{"embeddable":true,"href":"https:\/\/www.freiburg-schwarzwald.de\/blog\/wp-json\/wp\/v2\/comments?post=80190"}],"version-history":[{"count":0,"href":"https:\/\/www.freiburg-schwarzwald.de\/blog\/wp-json\/wp\/v2\/posts\/80190\/revisions"}],"wp:attachment":[{"href":"https:\/\/www.freiburg-schwarzwald.de\/blog\/wp-json\/wp\/v2\/media?parent=80190"}],"wp:term":[{"taxonomy":"category","embeddable":true,"href":"https:\/\/www.freiburg-schwarzwald.de\/blog\/wp-json\/wp\/v2\/categories?post=80190"},{"taxonomy":"post_tag","embeddable":true,"href":"https:\/\/www.freiburg-schwarzwald.de\/blog\/wp-json\/wp\/v2\/tags?post=80190"}],"curies":[{"name":"wp","href":"https:\/\/api.w.org\/{rel}","templated":true}]}}