{"id":80115,"date":"2020-04-04T20:46:12","date_gmt":"2020-04-04T18:46:12","guid":{"rendered":"https:\/\/www.freiburg-schwarzwald.de\/blog\/?p=80115"},"modified":"2020-04-04T20:46:12","modified_gmt":"2020-04-04T18:46:12","slug":"italien-beschenken-statt-bonds","status":"publish","type":"post","link":"https:\/\/www.freiburg-schwarzwald.de\/blog\/italien-beschenken-statt-bonds\/","title":{"rendered":"Italien beschenken statt Bonds"},"content":{"rendered":"<p>&#8222;Um <a title=\"Italien\" href=\"https:\/\/www.freiburg-schwarzwald.de\/blog\/global\/italien\/\">Italien<\/a> zu st\u00fctzen, f\u00e4nde ich es besser, dem italienischen Staat und hier insbesondere seinen <a title=\"Helplessly hoping \u2013 aus Rom\" href=\"https:\/\/www.freiburg-schwarzwald.de\/blog\/helplessly-hoping-aus-rom\/\">Krankenh\u00e4usern<\/a> Geld zu schenken, damit sie sich das zur Behandlung n\u00f6tige Material in China und sonst wo kaufen k\u00f6nnen. Jeder einzelne <a title=\"Deutschland2020\" href=\"https:\/\/www.freiburg-schwarzwald.de\/blog\/global\/deutschland\/deutschland2020\/\">Deutsche<\/a> sollte spenden, wie er es vermag, und der deutsche Staat sollte in eigener und freier Entscheidung ohne Abstimmung mit anderen ein gro\u00dfz\u00fcgiges Geschenk f\u00fcr unsere <a title=\"Don Giuseppe Berardelli morto\" href=\"https:\/\/www.freiburg-schwarzwald.de\/blog\/don-giuseppe-berardelli-morto\/\">italienischen Landsleute<\/a> gew\u00e4hren.&#8220;<br \/>\n.<br \/>\n<!--more-->So deutlich setzt sich der fr\u00fchere Ifo-Pr\u00e4sident <a title=\"Sinn\" href=\"https:\/\/www.freiburg-schwarzwald.de\/blog\/global\/deutschland\/sinn\/\">Prof Hans-Werner Sinn<\/a> daf\u00fcr ein, dem von der <a title=\"Corona-Virus\" href=\"https:\/\/www.freiburg-schwarzwald.de\/blog\/business\/gesund\/corona-virus\/\">Coronavirusepidemie<\/a> leidenden Italien mit Geschenken zu helfen, nicht aber mit neuen EU-Krediten f\u00fcr die vornehmlich Deutsche zu <a title=\"EU-Gemeinschaftshaftung EZB\" href=\"https:\/\/www.freiburg-schwarzwald.de\/blog\/eu-gemeinschaftshaftung-ezb\/\">b\u00fcrgen<\/a> haben. <a title=\"Hans-Werner Sinn \u2013 Wahrheit\" href=\"https:\/\/www.freiburg-schwarzwald.de\/blog\/hans-werner-sinn-wahrheit\/\">Hans-Werner Sinn<\/a> weiter:<br \/>\n&#8222;Corona-Bonds st\u00fctzen in erster Linie nicht Italien, sondern die <a title=\"EU-Banken\" href=\"https:\/\/www.freiburg-schwarzwald.de\/blog\/global\/eu\/eu-banken\/\">franz\u00f6sischen Banken<\/a>, die besonders viele italienische Staatspapiere halten. Sie zerst\u00f6ren den europ\u00e4ischen Kapitalmarkt, weil sie den Zinsmechanismus au\u00dfer Kraft setzen. Und sie unterminieren die deutsche Bonit\u00e4t mit der Folge, dass unser Zinsvorteil gegen\u00fcber den USA schwindet. Das sieht man schon jetzt ganz deutlich am R\u00fcckgang der transatlantischen Spreads.<br \/>\nAuf Dauer f\u00fchren sie unweigerlich zu einer Verschuldungslawine, die nichts als Hass und Streit \u00fcbrig lassen wird wie einst die Vergemeinschaftung der Schulden durch Alexander Hamilton in den USA. Die Massenkonkurse der Einzelstaaten in den Jahren nach 1835 sind das direkte Ergebnis einer Politik der Schuldensozialisierung, mit der er begonnen hatte.&#8220;<br \/>\nDies sagt Sinn vor dem Hintergrund, da\u00df Deutschlands B\u00fcrger bereits f\u00fcr die auf \u00fcber eine Billion Euro aufgelaufenen <a title=\"Target\" href=\"https:\/\/www.freiburg-schwarzwald.de\/blog\/global\/eu\/target\/\">Target-Schulden<\/a> sowie Rettungsschirme (<a title=\"EU\" href=\"https:\/\/www.freiburg-schwarzwald.de\/blog\/global\/eu\/\">EU<\/a>, <a title=\"EZB\" href=\"https:\/\/www.freiburg-schwarzwald.de\/blog\/global\/eu\/ezb\/\">EZB<\/a>) haften.<br \/>\n4.4.2020<br \/>\n.<\/p>\n<p><strong>\u201eCoronabonds f\u00fchren zu einer Verschuldungslawine, die nichts als Hass und Streit \u00fcbrig lassen wird\u201c<\/strong><br \/>\nDer Top-\u00d6konom und ehemalige Ifo-Pr\u00e4sident Hans-Werner Sinn \u00fcber platzende Geldpolitik-Blasen und m\u00f6gliche Schuldenschnitte, warum der Euro nicht zu jedem Preis \u00fcberleben muss und es anstatt Coronabonds aufzulegen sinnvoller w\u00e4re Italiens Krankenh\u00e4usern Geldgeschenke zu machen.<br \/>\n&#8230;. Komplettes Interview vom 4.4.2020 mit Hans-Werner Sinn bitte lesen auf<br \/>\n<a href=\"https:\/\/www.theeuropean.de\/hans-werner-sinn\/interview-mit-hans-werner-sinn\/\">https:\/\/www.theeuropean.de\/hans-werner-sinn\/interview-mit-hans-werner-sinn\/<\/a><\/p>\n","protected":false},"excerpt":{"rendered":"<p>&#8222;Um Italien zu st\u00fctzen, f\u00e4nde ich es besser, dem italienischen Staat und hier insbesondere seinen Krankenh\u00e4usern Geld zu schenken, damit sie sich das zur Behandlung n\u00f6tige Material in China und sonst wo kaufen k\u00f6nnen. Jeder einzelne Deutsche sollte spenden, wie &hellip; <a href=\"https:\/\/www.freiburg-schwarzwald.de\/blog\/italien-beschenken-statt-bonds\/\">Weiterlesen <span class=\"meta-nav\">&rarr;<\/span><\/a><\/p>\n","protected":false},"author":2,"featured_media":0,"comment_status":"open","ping_status":"closed","sticky":false,"template":"","format":"standard","meta":{"footnotes":""},"categories":[433,4,195,186,158,63,161,172],"tags":[740,185,700,489,664],"class_list":["post-80115","post","type-post","status-publish","format-standard","hentry","category-arzt","category-branchen","category-eu","category-finanzsystem","category-gesund","category-krise","category-spende","category-zukunft","tag-arzt","tag-bad-bank","tag-corona","tag-european-union","tag-finanz"],"_links":{"self":[{"href":"https:\/\/www.freiburg-schwarzwald.de\/blog\/wp-json\/wp\/v2\/posts\/80115","targetHints":{"allow":["GET"]}}],"collection":[{"href":"https:\/\/www.freiburg-schwarzwald.de\/blog\/wp-json\/wp\/v2\/posts"}],"about":[{"href":"https:\/\/www.freiburg-schwarzwald.de\/blog\/wp-json\/wp\/v2\/types\/post"}],"author":[{"embeddable":true,"href":"https:\/\/www.freiburg-schwarzwald.de\/blog\/wp-json\/wp\/v2\/users\/2"}],"replies":[{"embeddable":true,"href":"https:\/\/www.freiburg-schwarzwald.de\/blog\/wp-json\/wp\/v2\/comments?post=80115"}],"version-history":[{"count":0,"href":"https:\/\/www.freiburg-schwarzwald.de\/blog\/wp-json\/wp\/v2\/posts\/80115\/revisions"}],"wp:attachment":[{"href":"https:\/\/www.freiburg-schwarzwald.de\/blog\/wp-json\/wp\/v2\/media?parent=80115"}],"wp:term":[{"taxonomy":"category","embeddable":true,"href":"https:\/\/www.freiburg-schwarzwald.de\/blog\/wp-json\/wp\/v2\/categories?post=80115"},{"taxonomy":"post_tag","embeddable":true,"href":"https:\/\/www.freiburg-schwarzwald.de\/blog\/wp-json\/wp\/v2\/tags?post=80115"}],"curies":[{"name":"wp","href":"https:\/\/api.w.org\/{rel}","templated":true}]}}