{"id":79903,"date":"2020-03-27T11:50:28","date_gmt":"2020-03-27T10:50:28","guid":{"rendered":"https:\/\/www.freiburg-schwarzwald.de\/blog\/?p=79903"},"modified":"2020-03-27T11:57:11","modified_gmt":"2020-03-27T10:57:11","slug":"freiburghaeltzusammen","status":"publish","type":"post","link":"https:\/\/www.freiburg-schwarzwald.de\/blog\/freiburghaeltzusammen\/","title":{"rendered":"#freiburgh\u00e4ltzusammen"},"content":{"rendered":"<p>Martin Horn: Regional <a title=\"Laden\" href=\"https:\/\/www.freiburg-schwarzwald.de\/blog\/business\/handel\/laden\/\">einkaufen<\/a> und #freiburgh\u00e4ltzusammen<br \/>\nSt\u00e4rken Sie unsere Wirtschaft vor Ort und kaufen Sie regional ein. Viele <a title=\"Freiburg\" href=\"https:\/\/www.freiburg-schwarzwald.de\/blog\/regio\/freiburg\/\">Freiburger<\/a> Betriebe bieten ihre Waren und Dienstleistungen bereits online an und liefern an die Haust\u00fcr. Bitte helfen Sie mit, die <a title=\"zFriburginderStadt\" href=\"https:\/\/www.freiburg-schwarzwald.de\/blog\/business\/handel\/zfriburginderstadt\/\">regionalen Unternehmen<\/a> und Arbeitspl\u00e4tze zu erhalten!<!--more--><br \/>\nMein drittes Anliegen betrifft unser Zusammenleben als Gemeinschaft. Gerade in schwierigen Zeiten muss man zusammenhalten. Die notwendige Beschr\u00e4nkung pers\u00f6nlicher Begegnungen darf nicht zu Isolation und Einsamkeit f\u00fchren. Ich sehe bereits viele Beispiele, die Mut machen: Zahlreiche Freiburgerinnen und Freiburger k\u00fcmmern sich um \u00e4ltere Mitmenschen, kaufen f\u00fcr andere ein, unterst\u00fctzen sozial benachteiligte Gruppen oder helfen sich auf vielf\u00e4ltige Art und Weise untereinander. Danke daf\u00fcr! Dieses gemeinschaftliche <a title=\"Engagement\" href=\"https:\/\/www.freiburg-schwarzwald.de\/blog\/engagement\/\">Engagement<\/a> wollen wir unterst\u00fctzen und vernetzen: .<\/p>\n<p>Mit unserem Team entwickeln wir gerade das Projekt #freiburgh\u00e4ltzusammen \u2013<br \/>\nerreichbar unter der E-Mail <a href=\"mailto:wirhelfen@stadt.freiburg.de\">wirhelfen@stadt.freiburg.de<\/a><br \/>\noder der Telefon hotline (0761) 201-3051 f\u00fcr b\u00fcrgerschaftliches Engagement (Mo\u2013Fr 9\u201318 Uhr).<\/p>\n<p>Keine Frage, unser <a title=\"Freiburg900\" href=\"https:\/\/www.freiburg-schwarzwald.de\/blog\/regio\/freiburg\/freiburg900\/\">Jubil\u00e4umsjahr<\/a> haben wir uns anders vorgestellt. Aber in 900 Jahren Geschichte hat unsere Stadt bereits zahlreiche Krisen bew\u00e4ltigt \u2013 lassen Sie uns auch diese gemeinsam meistern!<br \/>\n\u00dcber unsere Homepage <a href=\"https:\/\/www2020.freiburg.de\">https:\/\/www2020.freiburg.de<\/a> werden wir soziale, mutmachende oder auch einfach humorvolle Projekte vorstellen.<br \/>\nNeben den vielen traurigen Nachrichten birgt diese Krise auch die Chance, das, was Freiburg so besonders macht, weiter zu st\u00e4rken: unseren Zusammenhalt und unser soziales Miteinander.<br \/>\nHelfen Sie mit \u2013 und bleiben Sie gesund!<br \/>\nIhr Martin W. W. Horn, Oberb\u00fcrgermeister der Stadt Freiburg<br \/>\n&#8230; Alles vom 27.3.2020 bitte lesen auf <a href=\"https:\/\/www.freiburg.de\/amtsblatt\">https:\/\/www.freiburg.de\/amtsblatt <\/a><\/p>\n","protected":false},"excerpt":{"rendered":"<p>Martin Horn: Regional einkaufen und #freiburgh\u00e4ltzusammen St\u00e4rken Sie unsere Wirtschaft vor Ort und kaufen Sie regional ein. Viele Freiburger Betriebe bieten ihre Waren und Dienstleistungen bereits online an und liefern an die Haust\u00fcr. Bitte helfen Sie mit, die regionalen Unternehmen &hellip; <a href=\"https:\/\/www.freiburg-schwarzwald.de\/blog\/freiburghaeltzusammen\/\">Weiterlesen <span class=\"meta-nav\">&rarr;<\/span><\/a><\/p>\n","protected":false},"author":2,"featured_media":0,"comment_status":"open","ping_status":"closed","sticky":false,"template":"","format":"standard","meta":{"footnotes":""},"categories":[49,104,11,10,9],"tags":[582,717,724,432],"class_list":["post-79903","post","type-post","status-publish","format-standard","hentry","category-freiburg","category-hilfe","category-regio","category-selbsthilfe","category-soziales","tag-breisgau","tag-ehrenamt","tag-heimat","tag-regional"],"_links":{"self":[{"href":"https:\/\/www.freiburg-schwarzwald.de\/blog\/wp-json\/wp\/v2\/posts\/79903","targetHints":{"allow":["GET"]}}],"collection":[{"href":"https:\/\/www.freiburg-schwarzwald.de\/blog\/wp-json\/wp\/v2\/posts"}],"about":[{"href":"https:\/\/www.freiburg-schwarzwald.de\/blog\/wp-json\/wp\/v2\/types\/post"}],"author":[{"embeddable":true,"href":"https:\/\/www.freiburg-schwarzwald.de\/blog\/wp-json\/wp\/v2\/users\/2"}],"replies":[{"embeddable":true,"href":"https:\/\/www.freiburg-schwarzwald.de\/blog\/wp-json\/wp\/v2\/comments?post=79903"}],"version-history":[{"count":0,"href":"https:\/\/www.freiburg-schwarzwald.de\/blog\/wp-json\/wp\/v2\/posts\/79903\/revisions"}],"wp:attachment":[{"href":"https:\/\/www.freiburg-schwarzwald.de\/blog\/wp-json\/wp\/v2\/media?parent=79903"}],"wp:term":[{"taxonomy":"category","embeddable":true,"href":"https:\/\/www.freiburg-schwarzwald.de\/blog\/wp-json\/wp\/v2\/categories?post=79903"},{"taxonomy":"post_tag","embeddable":true,"href":"https:\/\/www.freiburg-schwarzwald.de\/blog\/wp-json\/wp\/v2\/tags?post=79903"}],"curies":[{"name":"wp","href":"https:\/\/api.w.org\/{rel}","templated":true}]}}